{"id":2077675,"date":"2026-08-04T16:29:00","date_gmt":"2026-08-04T13:29:00","guid":{"rendered":"https:\/\/analyse.optim.biz\/?p=2077675"},"modified":"2026-08-04T16:29:00","modified_gmt":"2026-08-04T13:29:00","slug":"luminile-orasului-va-fi-oprit-sau-nu-iluminatul-stradal","status":"publish","type":"post","link":"https:\/\/analyse.optim.biz\/?p=2077675","title":{"rendered":"Luminile ora\u0219ului. Va fi oprit sau nu iluminatul stradal?"},"content":{"rendered":"<p>[analyse_image type=&#8221;featured&#8221; src=&#8221;https:\/\/www.campusbuzau.ro\/wp-content\/uploads\/2026\/08\/RO_BZ_Primaria_Buzau_noaptea_01.jpghttps:\/\/www.campusbuzau.ro\/wp-content\/uploads\/2026\/08\/RO_BZ_Primaria_Buzau_noaptea_01.jpg&#8221;]<\/p>\n<div class=\"entry-content\">\n<p><strong><em>Criza energetic\u0103 \u00eencepe s\u0103-\u0219i fac\u0103 sim\u021bit\u0103 prezen\u021ba din ce \u00een ce mai pregnant. Autorit\u0103\u021bile locale \u00eendeamn\u0103 popula\u021bia s\u0103 fac\u0103 economii iar marii consumatori industriali \u00ee\u0219i vor reduce activitatea. Ora\u0219ele mari pot face economii \u00eenchiz\u00e2nd par\u021bial sau de tot iluminatul nocturn.<\/em><\/strong><\/p>\n<p>Seceta prelungit\u0103 din ultima perioad\u0103 de timp tinde s\u0103 transforme Dun\u0103rea din fluviu \u00een r\u00e2u \u0219i s\u0103 dea na\u0219tere unei crize energetice de mare amploare nu numai \u00een Rom\u00e2nia, da \u0219i \u00een alte \u021b\u0103ri riverane ori din Europa.<\/p>\n<p>Guvernul caut\u0103 solu\u021bii pentru a diminua c\u00e2t mai mult consumul industrial \u0219i casnic de electricitate pentru c\u0103 produc\u021bia intern\u0103 nu mai poate acoperi necesarul \u021b\u0103rii \u0219i este obligat s\u0103 importe.<\/p>\n<p>De asemenea \u0219i UAT-urile din toat\u0103 \u021bara \u00eencearc\u0103 s\u0103 aplice m\u0103suri de reducere a consumului de energie electric\u0103, \u00een special prin diminuarea sau \u00eentreruperea par\u021bial\u0103 sau total\u0103 a iluminatului nocturn din marile ora\u0219e.<\/p>\n<p>Buz\u0103ul a luat m\u0103suri de reducere a cheltuielilor ora\u0219ului pentru iluminatul nocturn \u00een avans, \u00eenc\u0103 de anul trecut, a\u0219a c\u0103 nu mai poate fi vorba dec\u00e2t de o ultim\u0103 m\u0103sur\u0103 \u0219i anume aceea a \u00eenchiderii totale a iluminatului stradal dup\u0103 ora 24.<\/p>\n<p>V\u00e2rful de sarcin\u0103 \u00een consumul de energie electric\u0103 apare din jurul orelor 18-19, p\u00e2n\u0103 la orele 22-23, perioade de timp \u00een care consumul ar trebui redus de toat\u0103 lumea.<\/p>\n<p>De asemenea \u0219i popula\u021bia poate economisi energie electric\u0103 \u0219i bani dac\u0103 folose\u0219te mai pu\u021bin instala\u021biile de aer condi\u021bionat \u0219i celelalte aparate electrocasnice, mai ales \u00een timpul v\u00e2rfului de sarcin\u0103 din perioada serii \u0219i a dimine\u021bii.<\/p>\n<figure class=\"wp-block-embed is-type-video is-provider-youtube wp-block-embed-youtube wp-embed-aspect-16-9 wp-has-aspect-ratio\">\n<div class=\"wp-block-embed__wrapper\">\n<iframe loading=\"lazy\" title=\"SE VA OPRI ILUMINATUL STRADAL \u015eI LA BUZ\u0102U ?\" width=\"500\" height=\"281\" src=\"https:\/\/www.youtube.com\/embed\/YgN-zF0Lmyw?feature=oembed\" frameborder allow=\"accelerometer; autoplay; clipboard-write; encrypted-media; gyroscope; picture-in-picture; web-share\" referrerpolicy=\"strict-origin-when-cross-origin\" allowfullscreen><\/iframe>\n<\/div>\n<\/figure>\n<\/div>\n<p>[analyse_source url=&#8221;https:\/\/www.campusbuzau.ro\/luminile-orasului-va-fi-oprit-sau-nu-iluminatul-stradal-2\/&#8221;]<\/p>\n","protected":false},"excerpt":{"rendered":"<p>[analyse_image type=&#8221;featured&#8221; src=&#8221;https:\/\/www.campusbuzau.ro\/wp-content\/uploads\/2026\/08\/RO_BZ_Primaria_Buzau_noaptea_01.jpghttps:\/\/www.campusbuzau.ro\/wp-content\/uploads\/2026\/08\/RO_BZ_Primaria_Buzau_noaptea_01.jpg&#8221;] Criza energetic\u0103 \u00eencepe s\u0103-\u0219i fac\u0103 sim\u021bit\u0103 prezen\u021ba din ce \u00een ce mai pregnant. Autorit\u0103\u021bile locale \u00eendeamn\u0103 popula\u021bia s\u0103 fac\u0103 economii iar marii consumatori industriali \u00ee\u0219i vor reduce activitatea. Ora\u0219ele mari pot face economii \u00eenchiz\u00e2nd par\u021bial sau de tot iluminatul nocturn. Seceta prelungit\u0103 din ultima perioad\u0103 de timp tinde s\u0103 transforme Dun\u0103rea din [&hellip;]<\/p>\n","protected":false},"author":1,"featured_media":0,"comment_status":"open","ping_status":"","sticky":false,"template":"","format":"standard","meta":{"footnotes":""},"categories":[2],"tags":[118,226],"class_list":["post-2077675","post","type-post","status-publish","format-standard","hentry","category-politics","tag-campusbuzau-ro","tag-crawlmanager"],"_links":{"self":[{"href":"https:\/\/analyse.optim.biz\/index.php?rest_route=\/wp\/v2\/posts\/2077675","targetHints":{"allow":["GET"]}}],"collection":[{"href":"https:\/\/analyse.optim.biz\/index.php?rest_route=\/wp\/v2\/posts"}],"about":[{"href":"https:\/\/analyse.optim.biz\/index.php?rest_route=\/wp\/v2\/types\/post"}],"author":[{"embeddable":true,"href":"https:\/\/analyse.optim.biz\/index.php?rest_route=\/wp\/v2\/users\/1"}],"replies":[{"embeddable":true,"href":"https:\/\/analyse.optim.biz\/index.php?rest_route=%2Fwp%2Fv2%2Fcomments&post=2077675"}],"version-history":[{"count":0,"href":"https:\/\/analyse.optim.biz\/index.php?rest_route=\/wp\/v2\/posts\/2077675\/revisions"}],"wp:attachment":[{"href":"https:\/\/analyse.optim.biz\/index.php?rest_route=%2Fwp%2Fv2%2Fmedia&parent=2077675"}],"wp:term":[{"taxonomy":"category","embeddable":true,"href":"https:\/\/analyse.optim.biz\/index.php?rest_route=%2Fwp%2Fv2%2Fcategories&post=2077675"},{"taxonomy":"post_tag","embeddable":true,"href":"https:\/\/analyse.optim.biz\/index.php?rest_route=%2Fwp%2Fv2%2Ftags&post=2077675"}],"curies":[{"name":"wp","href":"https:\/\/api.w.org\/{rel}","templated":true}]}}