{"id":2077607,"date":"2026-08-04T06:08:33","date_gmt":"2026-08-04T03:08:33","guid":{"rendered":"https:\/\/analyse.optim.biz\/?p=2077607"},"modified":"2026-08-04T06:08:33","modified_gmt":"2026-08-04T03:08:33","slug":"o-noua-expozitie-se-deschide-la-muzeul-apei-din-timisoara-sub-semnul-curgerii-intre-transparenta-si-permanenta","status":"publish","type":"post","link":"https:\/\/analyse.optim.biz\/?p=2077607","title":{"rendered":"O nou\u0103 expozi\u021bie se deschide la Muzeul Apei din Timi\u0219oara \u2013 \u201eSub semnul curgerii. \u00centre transparen\u021b\u0103 \u0219i permanen\u021b\u0103\u201d"},"content":{"rendered":"<p>[analyse_image type=&#8221;featured&#8221; src=&#8221;http:\/\/www.banatulmeu.ro\/wp-content\/uploads\/2023\/06\/Muzeul-Apei_bird-eye-scaled-e1686044176999.jpg&#8221;]<\/p>\n<div class=\"post-content-bd\">\n<p>Muzeul Apei din Timi\u0219oara g\u0103zduie\u0219te, \u00een perioada 4 august \u2013 12 septembrie, expozi\u021bia \u201eSub semnul curgerii. \u00centre transparen\u021b\u0103 \u0219i permanen\u021b\u0103\u201d, semnat\u0103 de artistul vizual Costin Br\u0103teanu \u0219i curatoriat\u0103 de scriitorul Robert \u0218erban. Vernisajul va avea loc mar\u021bi, 4 august, de la ora 18:00, la sediul muzeului de pe Calea Urseni nr. 26, \u00een prezen\u021ba artistului \u0219i a curatorului.<span class=\"Apple-converted-space\">\u00a0<\/span><\/p>\n<p>Realizat\u0103 cu sprijinul Funda\u021biei Aquatim, expozi\u021bia propune o incursiune \u00een universul plastic al lui Costin Br\u0103teanu, printr-o abordare centrat\u0103 pe teme precum timpul, transformarea, memoria \u0219i apa. \u00cen lucr\u0103rile expuse, apa este prezent\u0103 ca materie, reflexie sau simbol \u0219i devine un element esen\u021bial al discursului vizual, suger\u00e2nd at\u00e2t ideea de continuitate, c\u00e2t \u0219i pe cea de schimbare.<span class=\"Apple-converted-space\">\u00a0<\/span><\/p>\n<p>Lucr\u0103rile, realizate \u00een tehnic\u0103 mixt\u0103, au fost create \u00een cadrul unor simpozioane de crea\u021bie desf\u0103\u0219urate \u00een mai multe locuri din Europa, printre care Kusadasi, Vol\u010dji Grad, Beli Kamen, Kostolac, Isverna, Petrinzel, Banja Dvorovi, G\u00e2rnic \u0219i Colibi\u021ba. Aceste experien\u021be au contribuit la diversitatea tematic\u0103 \u0219i formal\u0103 a expozi\u021biei.<span class=\"Apple-converted-space\">\u00a0<\/span><\/p>\n<p>Pe l\u00e2ng\u0103 vizitarea expozi\u021biei, publicul este invitat \u0219i la un eveniment special programat \u00een 14 august. De la ora 17:00 va avea loc turul ghidat tematic \u201eMuzeul Apei: memorie \u0219i inspira\u021bie\u201d, sus\u021binut de Loredana Leordean, coordonator al programelor educa\u021bionale Aquatim, iar de la ora 18:00 artistul Costin Br\u0103teanu va sus\u021bine un atelier de crea\u021bie cu pigmen\u021bi indieni solubili \u00een ap\u0103.<\/p>\n<p>Participarea este gratuit\u0103, \u00eens\u0103 se face pe baz\u0103 de \u00eenscriere telefonic\u0103 la 0757087059 (recep\u021bia Muzeului Apei), \u00eencep\u00e2nd din 4 august, locurile fiind limitate.<span class=\"Apple-converted-space\">\u00a0<\/span><\/p>\n<\/div>\n<p>[analyse_source url=&#8221;https:\/\/www.banatulmeu.ro\/o-noua-expozitie-se-deschide-la-muzeul-apei-din-timisoara-sub-semnul-curgerii-intre-transparenta-si-permanenta\/&#8221;]<\/p>\n","protected":false},"excerpt":{"rendered":"<p>[analyse_image type=&#8221;featured&#8221; src=&#8221;http:\/\/www.banatulmeu.ro\/wp-content\/uploads\/2023\/06\/Muzeul-Apei_bird-eye-scaled-e1686044176999.jpg&#8221;] Muzeul Apei din Timi\u0219oara g\u0103zduie\u0219te, \u00een perioada 4 august \u2013 12 septembrie, expozi\u021bia \u201eSub semnul curgerii. \u00centre transparen\u021b\u0103 \u0219i permanen\u021b\u0103\u201d, semnat\u0103 de artistul vizual Costin Br\u0103teanu \u0219i curatoriat\u0103 de scriitorul Robert \u0218erban. Vernisajul va avea loc mar\u021bi, 4 august, de la ora 18:00, la sediul muzeului de pe Calea Urseni nr. 26, [&hellip;]<\/p>\n","protected":false},"author":1,"featured_media":0,"comment_status":"open","ping_status":"","sticky":false,"template":"","format":"standard","meta":{"footnotes":""},"categories":[89],"tags":[204,226],"class_list":["post-2077607","post","type-post","status-publish","format-standard","hentry","category-romania","tag-banatulmeu-ro","tag-crawlmanager"],"_links":{"self":[{"href":"https:\/\/analyse.optim.biz\/index.php?rest_route=\/wp\/v2\/posts\/2077607","targetHints":{"allow":["GET"]}}],"collection":[{"href":"https:\/\/analyse.optim.biz\/index.php?rest_route=\/wp\/v2\/posts"}],"about":[{"href":"https:\/\/analyse.optim.biz\/index.php?rest_route=\/wp\/v2\/types\/post"}],"author":[{"embeddable":true,"href":"https:\/\/analyse.optim.biz\/index.php?rest_route=\/wp\/v2\/users\/1"}],"replies":[{"embeddable":true,"href":"https:\/\/analyse.optim.biz\/index.php?rest_route=%2Fwp%2Fv2%2Fcomments&post=2077607"}],"version-history":[{"count":0,"href":"https:\/\/analyse.optim.biz\/index.php?rest_route=\/wp\/v2\/posts\/2077607\/revisions"}],"wp:attachment":[{"href":"https:\/\/analyse.optim.biz\/index.php?rest_route=%2Fwp%2Fv2%2Fmedia&parent=2077607"}],"wp:term":[{"taxonomy":"category","embeddable":true,"href":"https:\/\/analyse.optim.biz\/index.php?rest_route=%2Fwp%2Fv2%2Fcategories&post=2077607"},{"taxonomy":"post_tag","embeddable":true,"href":"https:\/\/analyse.optim.biz\/index.php?rest_route=%2Fwp%2Fv2%2Ftags&post=2077607"}],"curies":[{"name":"wp","href":"https:\/\/api.w.org\/{rel}","templated":true}]}}