{"id":2077606,"date":"2026-08-03T11:33:33","date_gmt":"2026-08-03T08:33:33","guid":{"rendered":"https:\/\/analyse.optim.biz\/?p=2077606"},"modified":"2026-08-03T11:33:33","modified_gmt":"2026-08-03T08:33:33","slug":"marija-serifovic-a-incheiat-seria-marilor-concerte-de-ziua-timisoarei-zeci-de-mii-de-oameni-in-centrul-orasului-foto","status":"publish","type":"post","link":"https:\/\/analyse.optim.biz\/?p=2077606","title":{"rendered":"Marija \u0160erifovi\u0107 a \u00eencheiat seria marilor concerte de Ziua Timi\u015foarei! Zeci de mii de oameni \u00een centrul ora\u015fului FOTO"},"content":{"rendered":"<p>[analyse_image type=&#8221;featured&#8221; src=&#8221;http:\/\/www.banatulmeu.ro\/wp-content\/uploads\/2026\/08\/761376592_1363589955244480_4471239624487136186_n-e1785758588343.jpg&#8221;]<\/p>\n<div class=\"post-content-bd\">\n<p>Marija \u0160erifovi\u0107 a \u00eencheiat, duminic\u0103 seara, seria marilor concerte de pe Bulevardul I.C. Br\u0103tianu dedicate Zilei Timi\u015foarei.<\/p>\n<p>Mai precis, cea de-a treia zi a evenimentului Ziua Timi\u0219oarei | Timi\u0219oara City Celebration 2026 a adus din nou zeci de mii de participan\u021bi \u00een centrul ora\u0219ului \u0219i \u00een cele peste 30 de loca\u021bii din program, \u00eentr-o zi \u00een care tradi\u021bia, muzica u\u0219oar\u0103 rom\u00e2neasc\u0103 \u0219i s\u00e2rbeasc\u0103 au adus \u00eempreun\u0103 comunit\u0103\u021bi diverse ale ora\u0219ului, unite de s\u0103rb\u0103toarea ora\u0219ului.<\/p>\n<p>Pe scena principal\u0103 de pe Bulevardul I.C. Br\u0103tianu, seara a \u00eenceput cu un spectacol dedicat folclorului rom\u00e2nesc, sus\u021binut de Ansamblul Timi\u0219ul, al\u0103turi de invita\u021bii Monica Anghel, Nico, Daniel Iord\u0103chioaie, Andreea Voica, Alexandru Br\u0103d\u0103\u021ban, Aurora \u0219i S\u0103ndel Mihai. Seara s-a \u00eencheiat cu un concert sus\u021binut, \u00een premier\u0103 la Timi\u0219oara, de Marija \u0160erifovi\u0107.<\/p>\n<p>Un moment surpriz\u0103 al serii a fost apari\u021bia pe scen\u0103 a lui Virgil Ian\u021bu, care a adresat publicului un mesaj emo\u021bionant despre Timi\u0219oara \u0219i despre spiritul comunit\u0103\u021bii care face acest ora\u0219 special. Tot duminic\u0103 seara, Pia\u021ba Victoriei a g\u0103zduit cea de-a doua reprezenta\u021bie a spectacolului acrobatic aerian Meraviglia, prezentat \u00een premier\u0103 la Timi\u0219oara.<\/p>\n<p>Ziua Timi\u0219oarei continu\u0103 luni cu programul evenimentelor oficiale dedicate celebr\u0103rii ora\u0219ului \u0219i cu evenimente desf\u0103\u0219urate \u00een cartiere \u0219i spa\u021bii culturale din Timi\u0219oara. Diminea\u021ba a \u00eenceput cu depunerea de coroane la monumentul colonelului Virgil Economu \u0219i ceremonialul militar-religios din Pia\u021ba Unirii, urmate de cercet\u0103ri comunitare, tururi ghidate \u0219i ziua por\u021bilor deschise la Casa Maghiar\u0103.<\/p>\n<p>Pe parcursul dup\u0103-amiezii \u0219i al serii, programul cultural al zilei propune o nou\u0103 serie de evenimente. Publicul este invitat la concertul de jazz Dixieland din Parcul Funda\u021biei Jecza, la Pop-up Caff\u00e8 \u0219i petrecerea comunitar\u0103 din Kuncz, la Vibe Guitar Day din Pia\u021ba Libert\u0103\u021bii, la tururi ghidate cu vaporetto, la spectacolul pentru copii \u201eLilu \u2013 Gluga Verde\u201d de la Teatrul Basca, la recitalul vocal cu oorg\u0103 din Biserica Romano-Catolic\u0103 din Elisabetin \u0219i la ultima reprezenta\u021bie a spectacolului de dans contemporan \u201eA N O N I M\u201d, creat de timi\u0219oreanca Bacz\u00f3 T\u00fcnde, pe muzica compozitorului C\u00e1ri Tibor, care aduce un final spectaculos edi\u021biei din acest an a Zilei Timi\u0219oarei | Timi\u0219oara City Celebration.<\/p>\n<div id=\"gallery-1\" class=\"gallery galleryid-188848 gallery-columns-3 gallery-size-thumbnail\">\n<figure class=\"gallery-item\">\n<div class=\"gallery-icon landscape\"><a href=\"https:\/\/www.banatulmeu.ro\/wp-content\/uploads\/2026\/08\/762660618_1355616929482637_3701063278663846324_n-e1785758530237.jpg\"><img loading=\"lazy\" decoding=\"async\" width=\"150\" height=\"150\" src=\"https:\/\/www.banatulmeu.ro\/wp-content\/uploads\/2026\/08\/762660618_1355616929482637_3701063278663846324_n-150x150.jpg\" class=\"attachment-thumbnail size-thumbnail\" alt><img loading=\"lazy\" decoding=\"async\" width=\"150\" height=\"150\" src=\"https:\/\/www.banatulmeu.ro\/wp-content\/uploads\/2026\/08\/762660618_1355616929482637_3701063278663846324_n-150x150.jpg\" class=\"attachment-thumbnail size-thumbnail\" alt><\/a><\/div>\n<\/figure>\n<figure class=\"gallery-item\">\n<div class=\"gallery-icon landscape\"><a href=\"https:\/\/www.banatulmeu.ro\/wp-content\/uploads\/2026\/08\/762166938_1470637248423554_2501547234518879664_n-e1785758474660.jpg\"><img loading=\"lazy\" decoding=\"async\" width=\"150\" height=\"150\" src=\"https:\/\/www.banatulmeu.ro\/wp-content\/uploads\/2026\/08\/762166938_1470637248423554_2501547234518879664_n-150x150.jpg\" class=\"attachment-thumbnail size-thumbnail\" alt><img loading=\"lazy\" decoding=\"async\" width=\"150\" height=\"150\" src=\"https:\/\/www.banatulmeu.ro\/wp-content\/uploads\/2026\/08\/762166938_1470637248423554_2501547234518879664_n-150x150.jpg\" class=\"attachment-thumbnail size-thumbnail\" alt><\/a><\/div>\n<\/figure>\n<figure class=\"gallery-item\">\n<div class=\"gallery-icon landscape\"><a href=\"https:\/\/www.banatulmeu.ro\/wp-content\/uploads\/2026\/08\/762944588_1026906203543431_1943441172203090029_n-e1785758419127.jpg\"><img loading=\"lazy\" decoding=\"async\" width=\"150\" height=\"150\" src=\"https:\/\/www.banatulmeu.ro\/wp-content\/uploads\/2026\/08\/762944588_1026906203543431_1943441172203090029_n-150x150.jpg\" class=\"attachment-thumbnail size-thumbnail\" alt><img decoding=\"async\" loading=\"lazy\" width=\"150\" height=\"150\" src=\"https:\/\/www.banatulmeu.ro\/wp-content\/uploads\/2026\/08\/762944588_1026906203543431_1943441172203090029_n-150x150.jpg\" class=\"attachment-thumbnail size-thumbnail\" alt><\/a><\/div>\n<\/figure>\n<figure class=\"gallery-item\">\n<div class=\"gallery-icon portrait\"><a href=\"https:\/\/www.banatulmeu.ro\/wp-content\/uploads\/2026\/08\/762998506_1470637735090172_5473254623452974307_n-e1785758395106.jpg\"><img loading=\"lazy\" decoding=\"async\" width=\"150\" height=\"150\" src=\"https:\/\/www.banatulmeu.ro\/wp-content\/uploads\/2026\/08\/762998506_1470637735090172_5473254623452974307_n-150x150.jpg\" class=\"attachment-thumbnail size-thumbnail\" alt><img decoding=\"async\" loading=\"lazy\" width=\"150\" height=\"150\" src=\"https:\/\/www.banatulmeu.ro\/wp-content\/uploads\/2026\/08\/762998506_1470637735090172_5473254623452974307_n-150x150.jpg\" class=\"attachment-thumbnail size-thumbnail\" alt><\/a><\/div>\n<\/figure>\n<\/div>\n<\/div>\n<p>[analyse_source url=&#8221;https:\/\/www.banatulmeu.ro\/marija-serifovic-a-incheiat-seria-marilor-concerte-de-ziua-timisoarei-zeci-de-mii-de-oameni-in-centrul-orasului-foto\/&#8221;]<\/p>\n","protected":false},"excerpt":{"rendered":"<p>[analyse_image type=&#8221;featured&#8221; src=&#8221;http:\/\/www.banatulmeu.ro\/wp-content\/uploads\/2026\/08\/761376592_1363589955244480_4471239624487136186_n-e1785758588343.jpg&#8221;] Marija \u0160erifovi\u0107 a \u00eencheiat, duminic\u0103 seara, seria marilor concerte de pe Bulevardul I.C. Br\u0103tianu dedicate Zilei Timi\u015foarei. Mai precis, cea de-a treia zi a evenimentului Ziua Timi\u0219oarei | Timi\u0219oara City Celebration 2026 a adus din nou zeci de mii de participan\u021bi \u00een centrul ora\u0219ului \u0219i \u00een cele peste 30 de loca\u021bii din [&hellip;]<\/p>\n","protected":false},"author":1,"featured_media":0,"comment_status":"open","ping_status":"","sticky":false,"template":"","format":"standard","meta":{"footnotes":""},"categories":[89],"tags":[204,226],"class_list":["post-2077606","post","type-post","status-publish","format-standard","hentry","category-romania","tag-banatulmeu-ro","tag-crawlmanager"],"_links":{"self":[{"href":"https:\/\/analyse.optim.biz\/index.php?rest_route=\/wp\/v2\/posts\/2077606","targetHints":{"allow":["GET"]}}],"collection":[{"href":"https:\/\/analyse.optim.biz\/index.php?rest_route=\/wp\/v2\/posts"}],"about":[{"href":"https:\/\/analyse.optim.biz\/index.php?rest_route=\/wp\/v2\/types\/post"}],"author":[{"embeddable":true,"href":"https:\/\/analyse.optim.biz\/index.php?rest_route=\/wp\/v2\/users\/1"}],"replies":[{"embeddable":true,"href":"https:\/\/analyse.optim.biz\/index.php?rest_route=%2Fwp%2Fv2%2Fcomments&post=2077606"}],"version-history":[{"count":0,"href":"https:\/\/analyse.optim.biz\/index.php?rest_route=\/wp\/v2\/posts\/2077606\/revisions"}],"wp:attachment":[{"href":"https:\/\/analyse.optim.biz\/index.php?rest_route=%2Fwp%2Fv2%2Fmedia&parent=2077606"}],"wp:term":[{"taxonomy":"category","embeddable":true,"href":"https:\/\/analyse.optim.biz\/index.php?rest_route=%2Fwp%2Fv2%2Fcategories&post=2077606"},{"taxonomy":"post_tag","embeddable":true,"href":"https:\/\/analyse.optim.biz\/index.php?rest_route=%2Fwp%2Fv2%2Ftags&post=2077606"}],"curies":[{"name":"wp","href":"https:\/\/api.w.org\/{rel}","templated":true}]}}