{"id":2077605,"date":"2026-08-04T13:40:37","date_gmt":"2026-08-04T10:40:37","guid":{"rendered":"https:\/\/analyse.optim.biz\/?p=2077605"},"modified":"2026-08-04T13:40:37","modified_gmt":"2026-08-04T10:40:37","slug":"timisoara-circulatie-deviata-pe-liniile-expres-1-expres-2-expres-3-5b-si-16-din-cauza-unor-lucrari-la-carosabil","status":"publish","type":"post","link":"https:\/\/analyse.optim.biz\/?p=2077605","title":{"rendered":"Timi\u0219oara: Circula\u021bie deviat\u0103 pe liniile Expres 1, Expres 2, Expres 3, 5B \u0219i 16, din cauza unor lucr\u0103ri la carosabil"},"content":{"rendered":"<p>[analyse_image type=&#8221;featured&#8221; src=&#8221;http:\/\/www.banatulmeu.ro\/wp-content\/uploads\/2023\/10\/autobuz-e1718875839578.jpg&#8221;]<\/p>\n<div class=\"post-content-bd\">\n<p>Societatea de Transport Public Timi\u0219oara (STPT) anun\u021b\u0103 modificarea temporar\u0103 a traseelor pentru linia de autobuz Expres 2 \u0219i linia 16 de firobuze, ca urmare a restric\u021bion\u0103rii traficului rutier \u00een intersec\u021bia str\u0103zii Arie\u0219 cu bulevardul Liviu Rebreanu, unde se desf\u0103\u0219oar\u0103 lucr\u0103ri la carosabil. M\u0103sura este valabil\u0103 p\u00e2n\u0103 \u00een 7 august, ora 24:00.<span class=\"Apple-converted-space\">\u00a0<\/span><\/p>\n<p>A\u0219adar, autobuzele de pe linia Expres 2, pe sensul de retur, vor circula deviat de pe strada Arie\u0219 pe bulevardul Sudului, apoi pe Calea Martirilor 1989, urm\u00e2nd traseul liniei de firobuz 15.<span class=\"Apple-converted-space\">\u00a0<\/span><\/p>\n<p>De asemenea, linia 16 de firobuze \u00ee\u0219i p\u0103streaz\u0103 traseul obi\u0219nuit p\u00e2n\u0103 la strada Arie\u0219, dup\u0103 care este deviat\u0103 pe bulevardul Sudului \u0219i Calea Martirilor 1989, urm\u00e2nd, de asemenea, traseul liniei de firobuz 15.<span class=\"Apple-converted-space\">\u00a0<\/span><\/p>\n<p>De asemenea, miercuri, 5 august, \u00een intervalul orar 07<sup>30<\/sup> \u2013 17<sup>00<\/sup>, circula\u021bia rutier\u0103 va fi restric\u021bionat\u0103 pe strada G\u0103rii \u0219i pe bulevardul Republicii, pe sensul de mers dinspre bulevardul General Ion Dragalina c\u0103tre strada Jiul, pentru executarea unor lucr\u0103ri la carosabil.<\/p>\n<p>\u00cen aceste condi\u021bii, ca urmare a \u00eenchiderii virajului la dreapta din intersec\u021bia bulevardul General Ion Dragalina \u2013 bulevardul Republicii, circula\u021bia unor linii de transport public va fi modificat\u0103 temporar astfel:<\/p>\n<p><strong>Linia Expres 1<\/strong><\/p>\n<p><strong>Traseu tur:<\/strong> Pod Calea \u0218agului \u2013 bulevardul 16 Decembrie 1989, apoi deviere prin Pia\u021ba Alexandru Mocioni \u2013 Splaiul Nicolae Titulescu (intrare pe sub Podul Maria) \u2013 strada Jiul, dup\u0103 care autobuzele revin pe traseul obi\u0219nuit.<\/p>\n<p><strong>Traseu retur:<\/strong> traseul obi\u0219nuit.<\/p>\n<p><strong>Linia Expres 3<\/strong><\/p>\n<p><strong>Traseu tur:<\/strong> traseul obi\u0219nuit.<\/p>\n<p><strong>Traseu retur:<\/strong> ELBA (Parcul Industrial Freidorf) \u2013 bulevardul 16 Decembrie 1989, apoi deviere prin Pia\u021ba Alexandru Mocioni \u2013 Splaiul Nicolae Titulescu (intrare pe sub Podul Maria) \u2013 strada Jiul, dup\u0103 care autobuzele revin pe traseul obi\u0219nuit.<\/p>\n<p><strong>Linia 5B<\/strong><\/p>\n<p><strong>Traseu tur:<\/strong> traseul obi\u0219nuit.<\/p>\n<p><strong>Traseu retur:<\/strong> bulevardul Regele Carol I \u2013 bulevardul 16 Decembrie 1989 \u2013 Pia\u021ba Alexandru Mocioni \u2013 Splaiul Nicolae Titulescu (intrare pe sub Podul Maria) \u2013 strada Jiul, dup\u0103 care autobuzele revin pe traseul obi\u0219nuit.<\/p>\n<\/div>\n<p>[analyse_source url=&#8221;https:\/\/www.banatulmeu.ro\/timisoara-circulatie-deviata-pe-liniile-expres-1-expres-2-expres-3-5b-si-16-din-cauza-unor-lucrari-la-carosabil\/&#8221;]<\/p>\n","protected":false},"excerpt":{"rendered":"<p>[analyse_image type=&#8221;featured&#8221; src=&#8221;http:\/\/www.banatulmeu.ro\/wp-content\/uploads\/2023\/10\/autobuz-e1718875839578.jpg&#8221;] Societatea de Transport Public Timi\u0219oara (STPT) anun\u021b\u0103 modificarea temporar\u0103 a traseelor pentru linia de autobuz Expres 2 \u0219i linia 16 de firobuze, ca urmare a restric\u021bion\u0103rii traficului rutier \u00een intersec\u021bia str\u0103zii Arie\u0219 cu bulevardul Liviu Rebreanu, unde se desf\u0103\u0219oar\u0103 lucr\u0103ri la carosabil. M\u0103sura este valabil\u0103 p\u00e2n\u0103 \u00een 7 august, ora 24:00.\u00a0 A\u0219adar, [&hellip;]<\/p>\n","protected":false},"author":1,"featured_media":0,"comment_status":"open","ping_status":"","sticky":false,"template":"","format":"standard","meta":{"footnotes":""},"categories":[89],"tags":[204,226],"class_list":["post-2077605","post","type-post","status-publish","format-standard","hentry","category-romania","tag-banatulmeu-ro","tag-crawlmanager"],"_links":{"self":[{"href":"https:\/\/analyse.optim.biz\/index.php?rest_route=\/wp\/v2\/posts\/2077605","targetHints":{"allow":["GET"]}}],"collection":[{"href":"https:\/\/analyse.optim.biz\/index.php?rest_route=\/wp\/v2\/posts"}],"about":[{"href":"https:\/\/analyse.optim.biz\/index.php?rest_route=\/wp\/v2\/types\/post"}],"author":[{"embeddable":true,"href":"https:\/\/analyse.optim.biz\/index.php?rest_route=\/wp\/v2\/users\/1"}],"replies":[{"embeddable":true,"href":"https:\/\/analyse.optim.biz\/index.php?rest_route=%2Fwp%2Fv2%2Fcomments&post=2077605"}],"version-history":[{"count":0,"href":"https:\/\/analyse.optim.biz\/index.php?rest_route=\/wp\/v2\/posts\/2077605\/revisions"}],"wp:attachment":[{"href":"https:\/\/analyse.optim.biz\/index.php?rest_route=%2Fwp%2Fv2%2Fmedia&parent=2077605"}],"wp:term":[{"taxonomy":"category","embeddable":true,"href":"https:\/\/analyse.optim.biz\/index.php?rest_route=%2Fwp%2Fv2%2Fcategories&post=2077605"},{"taxonomy":"post_tag","embeddable":true,"href":"https:\/\/analyse.optim.biz\/index.php?rest_route=%2Fwp%2Fv2%2Ftags&post=2077605"}],"curies":[{"name":"wp","href":"https:\/\/api.w.org\/{rel}","templated":true}]}}