{"id":2077599,"date":"2026-08-04T14:02:00","date_gmt":"2026-08-04T11:02:00","guid":{"rendered":"https:\/\/analyse.optim.biz\/?p=2077599"},"modified":"2026-08-04T14:02:00","modified_gmt":"2026-08-04T11:02:00","slug":"accident-la-serbanesti-femeie-lovita-in-plin-de-o-duba","status":"publish","type":"post","link":"https:\/\/analyse.optim.biz\/?p=2077599","title":{"rendered":"Accident la \u0218erb\u0103ne\u0219ti! Femeie lovit\u0103 \u00een plin de o dub\u0103"},"content":{"rendered":"<p>[analyse_image type=&#8221;featured&#8221; src=&#8221;https:\/\/lh3.googleusercontent.com\/blogger_img_proxy\/AEn0k_sKcdBgYXtpsLBcIpsBzcZYE4pKIF-ZGGIVHDy9Pb26YoLe5oU4PfoCo28uq4rtClbli99PGs9CKDNCE1fCi2nwxN-lmKSF7sU6PNVyp2uP2thWvD3ojYk8EfoOP9GyrDkeMMi8mSSXDxE6hdiaBWnhR9B448PqXukEEyYzMvk1OVKQC3QcFiWlUtfq=w1600&#8243;]<\/p>\n<div class=\"post-body entry-content\" id=\"post-body\">\n<div class=\"separator\"><a href=\"https:\/\/romania24.ro\/wp-content\/uploads\/2021\/10\/ambulanta-accident-general-1-e1617451283372-831x600.webp\"><img decoding=\"async\" alt=\"Accident la \u0218erb\u0103ne\u0219ti! Femeie lovit\u0103 \u00een plin de o dub\u0103\" border=\"0\" height=\"462\" loading=\"lazy\" src=\"https:\/\/romania24.ro\/wp-content\/uploads\/2021\/10\/ambulanta-accident-general-1-e1617451283372-831x600.webp\" title=\"Accident la \u0218erb\u0103ne\u0219ti! Femeie lovit\u0103 \u00een plin de o dub\u0103\" width=\"640\"><\/a><\/div>\n<p><strong>Un accident rutier soldat cu r\u0103nirea unei persoane a avut loc luni dup\u0103-amiaz\u0103, la data de 3 august 2026, pe Drumul Na\u021bional 29A. O femeie care se deplasa pe jos a fost surprins\u0103 \u0219i accidentat\u0103 de o autoutilitar\u0103, necesit\u00e2nd transportul de urgen\u021b\u0103 la spital.<\/strong><\/p>\n<p>Sesizarea a fost \u00eenregistrat\u0103 la ora 14:15, moment \u00een care ofi\u021berul de serviciu din cadrul Poli\u021biei Municipiului Suceava a direc\u021bionat un echipaj din cadrul Biroului Rutier la fa\u021ba locului pentru efectuarea primelor verific\u0103ri.<\/p>\n<p>Echipa deplasat\u0103 la fa\u021ba locului a stabilit c\u0103 evenimentul s-a produs \u00een jurul orei 14:12. Bogdan C., \u00een v\u00e2rst\u0103 de 47 de ani, domiciliat \u00een comuna Zvori\u0219tea, jude\u021bul Suceava, conducea o autoutilitar\u0103 marca Ford pe DN 29A, deplas\u00e2ndu-se din direc\u021bia localit\u0103\u021bii C\u0103lug\u0103reni c\u0103tre \u0218erb\u0103ne\u0219ti.<\/p>\n<p>\u00cen timpul deplas\u0103rii, \u0219oferul a surprins \u0219i accidentat o femeie pieton, identificat\u0103 \u00een persoana Simonei P., \u00een v\u00e2rst\u0103 de 34 de ani, din municipiul Dorohoi, jude\u021bul Boto\u0219ani. Aceasta se deplasa pe partea dreapt\u0103 a p\u0103r\u021bii carosabile, \u00een aceea\u0219i direc\u021bie de mers.<\/p>\n<p>\u00cen urma impactului, femeia a suferit leziuni corporale, fiind preluat\u0103 de un echipaj de ambulan\u021b\u0103 \u0219i transportat\u0103 la Spitalul Jude\u021bean de Urgen\u021b\u0103 \u201eSf\u00e2ntul Ioan cel Nou\u201d Suceava pentru investiga\u021bii \u0219i \u00eengrijiri medicale. \u00cen urma evalu\u0103rii medicale, aceasta a fost diagnosticat\u0103 cu excoria\u021bii la nivelul membrelor inferioare, cefalee \u0219i dureri abdominale.<\/p>\n<p>Conduc\u0103torul autoutilitarei a fost testat de poli\u021bi\u0219ti cu aparatul etilometru, rezultatul indicat fiind negativ (0,00 mg\/l alcool pur \u00een aerul expirat).<\/p>\n<p>Poli\u021bi\u0219tii din cadrul Biroului Rutier Suceava continu\u0103 cercet\u0103rile \u00een cauz\u0103 sub aspectul s\u0103v\u00e2r\u0219irii infrac\u021biunii de v\u0103t\u0103mare corporal\u0103 din culp\u0103, fapt\u0103 prev\u0103zut\u0103 \u0219i pedepsit\u0103 de art. 196 alin. (2) \u0219i (3) din Codul Penal, \u00een vederea stabilirii cu exactitate a tuturor circumstan\u021belor \u00een care s-a produs evenimentul rutier.<\/p>\n<\/div>\n<div class=\"post-body entry-content\" id=\"post-body\">\n<div class=\"separator\"><a href=\"https:\/\/romania24.ro\/wp-content\/uploads\/2021\/10\/ambulanta-accident-general-1-e1617451283372-831x600.webp\"><img decoding=\"async\" alt=\"Accident la \u0218erb\u0103ne\u0219ti! Femeie lovit\u0103 \u00een plin de o dub\u0103\" border=\"0\" height=\"462\" loading=\"lazy\" src=\"https:\/\/romania24.ro\/wp-content\/uploads\/2021\/10\/ambulanta-accident-general-1-e1617451283372-831x600.webp\" title=\"Accident la \u0218erb\u0103ne\u0219ti! Femeie lovit\u0103 \u00een plin de o dub\u0103\" width=\"640\"><\/a><\/div>\n<p><strong>Un accident rutier soldat cu r\u0103nirea unei persoane a avut loc luni dup\u0103-amiaz\u0103, la data de 3 august 2026, pe Drumul Na\u021bional 29A. O femeie care se deplasa pe jos a fost surprins\u0103 \u0219i accidentat\u0103 de o autoutilitar\u0103, necesit\u00e2nd transportul de urgen\u021b\u0103 la spital.<\/strong><\/p>\n<p>Sesizarea a fost \u00eenregistrat\u0103 la ora 14:15, moment \u00een care ofi\u021berul de serviciu din cadrul Poli\u021biei Municipiului Suceava a direc\u021bionat un echipaj din cadrul Biroului Rutier la fa\u021ba locului pentru efectuarea primelor verific\u0103ri.<\/p>\n<p>Echipa deplasat\u0103 la fa\u021ba locului a stabilit c\u0103 evenimentul s-a produs \u00een jurul orei 14:12. Bogdan C., \u00een v\u00e2rst\u0103 de 47 de ani, domiciliat \u00een comuna Zvori\u0219tea, jude\u021bul Suceava, conducea o autoutilitar\u0103 marca Ford pe DN 29A, deplas\u00e2ndu-se din direc\u021bia localit\u0103\u021bii C\u0103lug\u0103reni c\u0103tre \u0218erb\u0103ne\u0219ti.<\/p>\n<p>\u00cen timpul deplas\u0103rii, \u0219oferul a surprins \u0219i accidentat o femeie pieton, identificat\u0103 \u00een persoana Simonei P., \u00een v\u00e2rst\u0103 de 34 de ani, din municipiul Dorohoi, jude\u021bul Boto\u0219ani. Aceasta se deplasa pe partea dreapt\u0103 a p\u0103r\u021bii carosabile, \u00een aceea\u0219i direc\u021bie de mers.<\/p>\n<p>\u00cen urma impactului, femeia a suferit leziuni corporale, fiind preluat\u0103 de un echipaj de ambulan\u021b\u0103 \u0219i transportat\u0103 la Spitalul Jude\u021bean de Urgen\u021b\u0103 \u201eSf\u00e2ntul Ioan cel Nou\u201d Suceava pentru investiga\u021bii \u0219i \u00eengrijiri medicale. \u00cen urma evalu\u0103rii medicale, aceasta a fost diagnosticat\u0103 cu excoria\u021bii la nivelul membrelor inferioare, cefalee \u0219i dureri abdominale.<\/p>\n<p>Conduc\u0103torul autoutilitarei a fost testat de poli\u021bi\u0219ti cu aparatul etilometru, rezultatul indicat fiind negativ (0,00 mg\/l alcool pur \u00een aerul expirat).<\/p>\n<p>Poli\u021bi\u0219tii din cadrul Biroului Rutier Suceava continu\u0103 cercet\u0103rile \u00een cauz\u0103 sub aspectul s\u0103v\u00e2r\u0219irii infrac\u021biunii de v\u0103t\u0103mare corporal\u0103 din culp\u0103, fapt\u0103 prev\u0103zut\u0103 \u0219i pedepsit\u0103 de art. 196 alin. (2) \u0219i (3) din Codul Penal, \u00een vederea stabilirii cu exactitate a tuturor circumstan\u021belor \u00een care s-a produs evenimentul rutier.<\/p>\n<\/div>\n<p>[analyse_source url=&#8221;https:\/\/www.stirisuceava.net\/2026\/08\/accident-la-serbanesti-femeie-lovita-in.html&#8221;]<\/p>\n","protected":false},"excerpt":{"rendered":"<p>[analyse_image type=&#8221;featured&#8221; src=&#8221;https:\/\/lh3.googleusercontent.com\/blogger_img_proxy\/AEn0k_sKcdBgYXtpsLBcIpsBzcZYE4pKIF-ZGGIVHDy9Pb26YoLe5oU4PfoCo28uq4rtClbli99PGs9CKDNCE1fCi2nwxN-lmKSF7sU6PNVyp2uP2thWvD3ojYk8EfoOP9GyrDkeMMi8mSSXDxE6hdiaBWnhR9B448PqXukEEyYzMvk1OVKQC3QcFiWlUtfq=w1600&#8243;] Un accident rutier soldat cu r\u0103nirea unei persoane a avut loc luni dup\u0103-amiaz\u0103, la data de 3 august 2026, pe Drumul Na\u021bional 29A. O femeie care se deplasa pe jos a fost surprins\u0103 \u0219i accidentat\u0103 de o autoutilitar\u0103, necesit\u00e2nd transportul de urgen\u021b\u0103 la spital. Sesizarea a fost \u00eenregistrat\u0103 la ora 14:15, moment [&hellip;]<\/p>\n","protected":false},"author":1,"featured_media":0,"comment_status":"open","ping_status":"","sticky":false,"template":"","format":"standard","meta":{"footnotes":""},"categories":[89],"tags":[226,172],"class_list":["post-2077599","post","type-post","status-publish","format-standard","hentry","category-romania","tag-crawlmanager","tag-stirisuceava-net"],"_links":{"self":[{"href":"https:\/\/analyse.optim.biz\/index.php?rest_route=\/wp\/v2\/posts\/2077599","targetHints":{"allow":["GET"]}}],"collection":[{"href":"https:\/\/analyse.optim.biz\/index.php?rest_route=\/wp\/v2\/posts"}],"about":[{"href":"https:\/\/analyse.optim.biz\/index.php?rest_route=\/wp\/v2\/types\/post"}],"author":[{"embeddable":true,"href":"https:\/\/analyse.optim.biz\/index.php?rest_route=\/wp\/v2\/users\/1"}],"replies":[{"embeddable":true,"href":"https:\/\/analyse.optim.biz\/index.php?rest_route=%2Fwp%2Fv2%2Fcomments&post=2077599"}],"version-history":[{"count":0,"href":"https:\/\/analyse.optim.biz\/index.php?rest_route=\/wp\/v2\/posts\/2077599\/revisions"}],"wp:attachment":[{"href":"https:\/\/analyse.optim.biz\/index.php?rest_route=%2Fwp%2Fv2%2Fmedia&parent=2077599"}],"wp:term":[{"taxonomy":"category","embeddable":true,"href":"https:\/\/analyse.optim.biz\/index.php?rest_route=%2Fwp%2Fv2%2Fcategories&post=2077599"},{"taxonomy":"post_tag","embeddable":true,"href":"https:\/\/analyse.optim.biz\/index.php?rest_route=%2Fwp%2Fv2%2Ftags&post=2077599"}],"curies":[{"name":"wp","href":"https:\/\/api.w.org\/{rel}","templated":true}]}}