{"id":2077598,"date":"2026-08-02T12:07:50","date_gmt":"2026-08-02T09:07:50","guid":{"rendered":"https:\/\/analyse.optim.biz\/?p=2077598"},"modified":"2026-08-02T12:07:50","modified_gmt":"2026-08-02T09:07:50","slug":"canicula-centru-de-prim-ajutor-in-centrul-sucevei","status":"publish","type":"post","link":"https:\/\/analyse.optim.biz\/?p=2077598","title":{"rendered":"Canicul\u0103. Centru de prim ajutor, \u00een centrul Sucevei"},"content":{"rendered":"<p>[analyse_image type=&#8221;featured&#8221; src=&#8221;https:\/\/www.radiotop.ro\/img\/media\/2026\/06\/cort-prim-ajutor-pastrav-1.jpg&#8221;]<\/p>\n<div class=\"entry-content no-share\">\n<div class=\"content-inner \">\n<p>Din cauza temperaturilor foarte ridicate, \u00een centrul Sucevei va fi montat din nou un cort pentru acordarea primului ajutor. Centrul de prim ajutor gestionat de Inspectoratul pentru Situa\u021bii de Urgen\u021b\u0103 va func\u021biona pe esplanada din fa\u021ba Casei de Cultur\u0103. Prefectul Bogdan P\u0103str\u0103v a mai informat c\u0103 va fi trimis un echipaj de prim ajutor \u00een Vama Siret.<\/p>\n<p>\u00a0<\/p>\n<\/div>\n<\/div>\n<div class=\"content-inner \">\n<p>Din cauza temperaturilor foarte ridicate, \u00een centrul Sucevei va fi montat din nou un cort pentru acordarea primului ajutor. Centrul de prim ajutor gestionat de Inspectoratul pentru Situa\u021bii de Urgen\u021b\u0103 va func\u021biona pe esplanada din fa\u021ba Casei de Cultur\u0103. Prefectul Bogdan P\u0103str\u0103v a mai informat c\u0103 va fi trimis un echipaj de prim ajutor \u00een Vama Siret.<\/p>\n<p>\u00a0<\/p>\n<\/div>\n<p>[analyse_source url=&#8221;https:\/\/www.radiotop.ro\/actualitate\/canicula-centru-de-prim-ajutor-in-centrul-sucevei.html&#8221;]<\/p>\n","protected":false},"excerpt":{"rendered":"<p>[analyse_image type=&#8221;featured&#8221; src=&#8221;https:\/\/www.radiotop.ro\/img\/media\/2026\/06\/cort-prim-ajutor-pastrav-1.jpg&#8221;] Din cauza temperaturilor foarte ridicate, \u00een centrul Sucevei va fi montat din nou un cort pentru acordarea primului ajutor. Centrul de prim ajutor gestionat de Inspectoratul pentru Situa\u021bii de Urgen\u021b\u0103 va func\u021biona pe esplanada din fa\u021ba Casei de Cultur\u0103. Prefectul Bogdan P\u0103str\u0103v a mai informat c\u0103 va fi trimis un echipaj de [&hellip;]<\/p>\n","protected":false},"author":1,"featured_media":0,"comment_status":"open","ping_status":"","sticky":false,"template":"","format":"standard","meta":{"footnotes":""},"categories":[89],"tags":[226,163],"class_list":["post-2077598","post","type-post","status-publish","format-standard","hentry","category-romania","tag-crawlmanager","tag-radiotop-ro"],"_links":{"self":[{"href":"https:\/\/analyse.optim.biz\/index.php?rest_route=\/wp\/v2\/posts\/2077598","targetHints":{"allow":["GET"]}}],"collection":[{"href":"https:\/\/analyse.optim.biz\/index.php?rest_route=\/wp\/v2\/posts"}],"about":[{"href":"https:\/\/analyse.optim.biz\/index.php?rest_route=\/wp\/v2\/types\/post"}],"author":[{"embeddable":true,"href":"https:\/\/analyse.optim.biz\/index.php?rest_route=\/wp\/v2\/users\/1"}],"replies":[{"embeddable":true,"href":"https:\/\/analyse.optim.biz\/index.php?rest_route=%2Fwp%2Fv2%2Fcomments&post=2077598"}],"version-history":[{"count":0,"href":"https:\/\/analyse.optim.biz\/index.php?rest_route=\/wp\/v2\/posts\/2077598\/revisions"}],"wp:attachment":[{"href":"https:\/\/analyse.optim.biz\/index.php?rest_route=%2Fwp%2Fv2%2Fmedia&parent=2077598"}],"wp:term":[{"taxonomy":"category","embeddable":true,"href":"https:\/\/analyse.optim.biz\/index.php?rest_route=%2Fwp%2Fv2%2Fcategories&post=2077598"},{"taxonomy":"post_tag","embeddable":true,"href":"https:\/\/analyse.optim.biz\/index.php?rest_route=%2Fwp%2Fv2%2Ftags&post=2077598"}],"curies":[{"name":"wp","href":"https:\/\/api.w.org\/{rel}","templated":true}]}}