{"id":2077596,"date":"2026-08-04T13:07:46","date_gmt":"2026-08-04T10:07:46","guid":{"rendered":"https:\/\/analyse.optim.biz\/?p=2077596"},"modified":"2026-08-04T13:07:46","modified_gmt":"2026-08-04T10:07:46","slug":"da-un-alt-ritm-serilor-de-vara-la-iulius-mall-participa-la-activitatile-sportive-si-ai-sansa-de-a-castiga-un-city-break-la-milano","status":"publish","type":"post","link":"https:\/\/analyse.optim.biz\/?p=2077596","title":{"rendered":"D\u0103 un alt ritm serilor de var\u0103, la Iulius Mall: particip\u0103 la activit\u0103\u021bile sportive \u0219i ai \u0219ansa de a c\u00e2\u0219tiga un city break la Milano"},"content":{"rendered":"<p>[analyse_image type=&#8221;featured&#8221; src=&#8221;https:\/\/www.newsbucovina.ro\/wp-content\/uploads\/2026\/08\/Iulius-Mall-Suceava-01.jpeghttps:\/\/cdn.newsbucovina.ro\/wp-content\/uploads\/2026\/08\/Iulius-Mall-Suceava-01.jpeg&#8221;]<\/p>\n<div class=\"td-post-content tagdiv-type\">\n<div class=\"td-a-rec td-a-rec-id-content_top  tdi_3 td_block_template_1\"><strong>Intr\u0103 acum \u0219i \u00een grupul de <\/p>\n<div class=\"wp-block-button\"><a class=\"wp-block-button__link wp-element-button\" href=\"https:\/\/t.me\/+TH8wcfnp8fw5NWI0\">Telegram News Bucovina<\/a><\/div>\n<p><\/strong><\/div>\n<p class=\"wp-block-paragraph\"><strong><em>Unele seri sunt pentru mi\u0219care. Altele pentru un film bun, v\u0103zut sub cerul liber, al\u0103turi de familie \u0219i prieteni. La Iulius Mall Suceava, parcul continu\u0103 s\u0103 fie unul dintre cele mai vii locuri, unde fiecare zi aduce o experien\u021b\u0103 diferit\u0103, de la antrenamente \u00een aer liber \u0219i demonstra\u021bii de autoap\u0103rare, p\u00e2n\u0103 la proiec\u021bii pentru toate v\u00e2rstele. Iar cei care aleg s\u0103 participe la activit\u0103\u021bile sportive pot c\u00e2\u0219tiga un city break la Milano, \u00een valoare de 1.000 de euro. Participarea la evenimente este gratuit\u0103.<\/em><\/strong><\/p>\n<figure class=\"wp-block-gallery has-nested-images columns-default is-cropped wp-block-gallery-1 is-layout-flex wp-block-gallery-is-layout-flex\">\n<figure class=\"wp-block-image size-large\"><a href=\"https:\/\/cdn.newsbucovina.ro\/wp-content\/uploads\/2026\/08\/Iulius-Mall-Suceava-01.jpeg\"><img loading=\"lazy\" decoding=\"async\" width=\"1024\" height=\"768\" data-id=\"445637\" src=\"https:\/\/cdn.newsbucovina.ro\/wp-content\/uploads\/2026\/08\/Iulius-Mall-Suceava-01-1024x768.jpeg\" alt class=\"wp-image-445637\"><\/a><\/figure>\n<figure class=\"wp-block-image size-large\"><a href=\"https:\/\/cdn.newsbucovina.ro\/wp-content\/uploads\/2026\/08\/Iulius-Mall-Suceava-1.jpg\"><img loading=\"lazy\" decoding=\"async\" width=\"1024\" height=\"576\" data-id=\"445638\" src=\"https:\/\/cdn.newsbucovina.ro\/wp-content\/uploads\/2026\/08\/Iulius-Mall-Suceava-1-1024x576.jpg\" alt class=\"wp-image-445638\"><\/a><figcaption class=\"wp-element-caption\">DCIM100MEDIADJI_0821.JPG<\/figcaption><\/figure>\n<\/figure>\n<p class=\"wp-block-paragraph\">S\u0103pt\u0103m\u00e2na \u00eencepe \u00een ritm de\u00a0<strong>Pilates<\/strong>\u00a0la\u00a0<strong>Iulius Mall Suceava<\/strong>.\u00a0<strong>Mar\u021bi, 4 august<\/strong>, de la ora\u00a0<strong>19.00<\/strong>, parcul devine spa\u021biul ideal pentru o or\u0103 dedicat\u0103 echilibrului, mobilit\u0103\u021bii \u0219i st\u0103rii de bine.<\/p>\n<p class=\"wp-block-paragraph\">Miercuri,\u00a0<strong>5 august,<\/strong>\u00a0tot de la\u00a0<strong>ora 19.00<\/strong>, reflectorul se mut\u0103 pe marele ecran, unde po\u021bi viziona filmul\u00a0<strong>\u201eCreed II\u201d<\/strong>, continuarea pove\u0219tii lui Adonis Creed, interpretat de Michael B. Jordan. Antrenat de legendarul Rocky Balboa, acesta accept\u0103 provocarea celui mai important meci al carierei sale, \u00eempotriva lui Viktor Drago. Vino s\u0103 descoperi o poveste despre ambi\u021bie \u0219i dorin\u021ba de a-\u021bi dep\u0103\u0219i propriile limite.<\/p>\n<p class=\"wp-block-paragraph\">Seria activit\u0103\u021bilor sportive continu\u0103\u00a0<strong>joi, 6 august, de la ora 19.00,<\/strong>\u00a0cu o sear\u0103 de fitness \u00een aer liber, sus\u021binut\u0103 de antrenorul \u0218tefan Hunceac. Ai nevoie doar de echipamentul sportiv \u0219i dorin\u021ba de a face mi\u0219care. Seara continu\u0103 de la ora<strong>\u00a020.30<\/strong>, c\u00e2nd, pe ecranul din parc va fi difuzat unul dintre cele mai urm\u0103rite reality show-uri dedicate cuplurilor.<\/p>\n<p class=\"wp-block-paragraph\"><strong>Duminic\u0103, 9 august<\/strong>, programul \u00eencepe la ora\u00a0<strong>18.00<\/strong>\u00a0cu\u00a0<strong>Seara Siguran\u021bei<\/strong>, organizat\u0103 \u00eempreun\u0103 cu\u00a0<strong>Pro Gym Mironescu<\/strong>. Cei dornici vor putea \u00eenv\u0103\u021ba tehnici de baz\u0103 de autoap\u0103rare \u0219i vor descoperi sfaturi utile pentru gestionarea situa\u021biilor de risc. Iar de la ora\u00a0<strong>19.00<\/strong>, toat\u0103 familia este invitat\u0103 s\u0103 vizioneze filmul de anima\u021bie\u00a0<strong>\u201eLuca\u201d<\/strong>, ce urm\u0103re\u0219te povestea unui b\u0103ie\u021bel ce tr\u0103ie\u0219te o var\u0103 memorabil\u0103 pe riviera italian\u0103, \u00eentre plimb\u0103ri cu scuterul, prietenii nea\u0219teptate \u0219i un secret care \u00eei poate schimba via\u021ba.<\/p>\n<p class=\"wp-block-paragraph\">Dac\u0103 alegi activit\u0103\u021bile sportive \u00een\u00a0<strong>parcul<\/strong>\u00a0de la\u00a0<strong>Iulius Mall<\/strong>, trebuie s\u0103 \u0219tii c\u0103 fiecare participare \u00eenseamn\u0103 \u0219i o \u0219ans\u0103 la\u00a0<strong>un city break \u00een Milano<\/strong>. Dup\u0103 fiecare antrenament, ia cartona\u0219ul de la instructor, \u00eenscrie-te la Centrul Info \u0219i intri \u00een cursa pentru o vacan\u021b\u0103 \u00een\u00a0<strong>capitala modei, \u00een valoare de 1.000 de euro.<\/strong><\/p>\n<p class=\"wp-block-paragraph\"><strong>Serile de var\u0103 sunt mai frumoase c\u00e2nd le petreci \u00eempreun\u0103 cu cei dragi. Ne vedem \u00een parc, la Iulius Mall Suceava!<\/strong><\/p>\n<figure class=\"wp-block-embed is-type-video is-provider-youtube wp-block-embed-youtube wp-embed-aspect-16-9 wp-has-aspect-ratio\">\n<div class=\"wp-block-embed__wrapper\">\n<div class=\"youtube-embed\" data-video_id=\"H5LcMzGH100\"><iframe loading=\"lazy\" title=\"Cum transformi Bucuria-n...SC\u00c2RB\u0102? Te plimbi cu ma\u0219ina Prim\u0103riei ...f\u0103r\u0103 acte! POLI\u021aIA o cam scald\u0103!\" width=\"696\" height=\"392\" src=\"https:\/\/www.youtube.com\/embed\/H5LcMzGH100?feature=oembed&amp;enablejsapi=1\" frameborder allow=\"accelerometer; autoplay; clipboard-write; encrypted-media; gyroscope; picture-in-picture; web-share\" referrerpolicy=\"strict-origin-when-cross-origin\" allowfullscreen><\/iframe><\/div>\n<\/div>\n<\/figure>\n<div class=\"td-a-rec td-a-rec-id-content_bottom  tdi_4 td_block_template_1\"><strong>Intr\u0103 acum \u0219i \u00een grupul de <\/p>\n<div class=\"wp-block-button\"><a class=\"wp-block-button__link wp-element-button\" href=\"https:\/\/t.me\/+TH8wcfnp8fw5NWI0\">Telegram News Bucovina<\/a><\/div>\n<p><\/strong><\/div>\n<\/div>\n<div class=\"td-post-content tagdiv-type\">\n<div class=\"td-a-rec td-a-rec-id-content_top  tdi_3 td_block_template_1\"><strong>Intr\u0103 acum \u0219i \u00een grupul de <\/p>\n<div class=\"wp-block-button\"><a class=\"wp-block-button__link wp-element-button\" href=\"https:\/\/t.me\/+TH8wcfnp8fw5NWI0\">Telegram News Bucovina<\/a><\/div>\n<p><\/strong><\/div>\n<p class=\"wp-block-paragraph\"><strong><em>Unele seri sunt pentru mi\u0219care. Altele pentru un film bun, v\u0103zut sub cerul liber, al\u0103turi de familie \u0219i prieteni. La Iulius Mall Suceava, parcul continu\u0103 s\u0103 fie unul dintre cele mai vii locuri, unde fiecare zi aduce o experien\u021b\u0103 diferit\u0103, de la antrenamente \u00een aer liber \u0219i demonstra\u021bii de autoap\u0103rare, p\u00e2n\u0103 la proiec\u021bii pentru toate v\u00e2rstele. Iar cei care aleg s\u0103 participe la activit\u0103\u021bile sportive pot c\u00e2\u0219tiga un city break la Milano, \u00een valoare de 1.000 de euro. Participarea la evenimente este gratuit\u0103.<\/em><\/strong><\/p>\n<figure class=\"wp-block-gallery has-nested-images columns-default is-cropped wp-block-gallery-1 is-layout-flex wp-block-gallery-is-layout-flex\">\n<figure class=\"wp-block-image size-large\"><a href=\"https:\/\/cdn.newsbucovina.ro\/wp-content\/uploads\/2026\/08\/Iulius-Mall-Suceava-01.jpeg\"><img loading=\"lazy\" decoding=\"async\" width=\"1024\" height=\"768\" data-id=\"445637\" src=\"https:\/\/cdn.newsbucovina.ro\/wp-content\/uploads\/2026\/08\/Iulius-Mall-Suceava-01-1024x768.jpeg\" alt class=\"wp-image-445637\"><\/a><\/figure>\n<figure class=\"wp-block-image size-large\"><a href=\"https:\/\/cdn.newsbucovina.ro\/wp-content\/uploads\/2026\/08\/Iulius-Mall-Suceava-1.jpg\"><img loading=\"lazy\" decoding=\"async\" width=\"1024\" height=\"576\" data-id=\"445638\" src=\"https:\/\/cdn.newsbucovina.ro\/wp-content\/uploads\/2026\/08\/Iulius-Mall-Suceava-1-1024x576.jpg\" alt class=\"wp-image-445638\"><\/a><figcaption class=\"wp-element-caption\">DCIM100MEDIADJI_0821.JPG<\/figcaption><\/figure>\n<\/figure>\n<p class=\"wp-block-paragraph\">S\u0103pt\u0103m\u00e2na \u00eencepe \u00een ritm de\u00a0<strong>Pilates<\/strong>\u00a0la\u00a0<strong>Iulius Mall Suceava<\/strong>.\u00a0<strong>Mar\u021bi, 4 august<\/strong>, de la ora\u00a0<strong>19.00<\/strong>, parcul devine spa\u021biul ideal pentru o or\u0103 dedicat\u0103 echilibrului, mobilit\u0103\u021bii \u0219i st\u0103rii de bine.<\/p>\n<p class=\"wp-block-paragraph\">Miercuri,\u00a0<strong>5 august,<\/strong>\u00a0tot de la\u00a0<strong>ora 19.00<\/strong>, reflectorul se mut\u0103 pe marele ecran, unde po\u021bi viziona filmul\u00a0<strong>\u201eCreed II\u201d<\/strong>, continuarea pove\u0219tii lui Adonis Creed, interpretat de Michael B. Jordan. Antrenat de legendarul Rocky Balboa, acesta accept\u0103 provocarea celui mai important meci al carierei sale, \u00eempotriva lui Viktor Drago. Vino s\u0103 descoperi o poveste despre ambi\u021bie \u0219i dorin\u021ba de a-\u021bi dep\u0103\u0219i propriile limite.<\/p>\n<p class=\"wp-block-paragraph\">Seria activit\u0103\u021bilor sportive continu\u0103\u00a0<strong>joi, 6 august, de la ora 19.00,<\/strong>\u00a0cu o sear\u0103 de fitness \u00een aer liber, sus\u021binut\u0103 de antrenorul \u0218tefan Hunceac. Ai nevoie doar de echipamentul sportiv \u0219i dorin\u021ba de a face mi\u0219care. Seara continu\u0103 de la ora<strong>\u00a020.30<\/strong>, c\u00e2nd, pe ecranul din parc va fi difuzat unul dintre cele mai urm\u0103rite reality show-uri dedicate cuplurilor.<\/p>\n<p class=\"wp-block-paragraph\"><strong>Duminic\u0103, 9 august<\/strong>, programul \u00eencepe la ora\u00a0<strong>18.00<\/strong>\u00a0cu\u00a0<strong>Seara Siguran\u021bei<\/strong>, organizat\u0103 \u00eempreun\u0103 cu\u00a0<strong>Pro Gym Mironescu<\/strong>. Cei dornici vor putea \u00eenv\u0103\u021ba tehnici de baz\u0103 de autoap\u0103rare \u0219i vor descoperi sfaturi utile pentru gestionarea situa\u021biilor de risc. Iar de la ora\u00a0<strong>19.00<\/strong>, toat\u0103 familia este invitat\u0103 s\u0103 vizioneze filmul de anima\u021bie\u00a0<strong>\u201eLuca\u201d<\/strong>, ce urm\u0103re\u0219te povestea unui b\u0103ie\u021bel ce tr\u0103ie\u0219te o var\u0103 memorabil\u0103 pe riviera italian\u0103, \u00eentre plimb\u0103ri cu scuterul, prietenii nea\u0219teptate \u0219i un secret care \u00eei poate schimba via\u021ba.<\/p>\n<p class=\"wp-block-paragraph\">Dac\u0103 alegi activit\u0103\u021bile sportive \u00een\u00a0<strong>parcul<\/strong>\u00a0de la\u00a0<strong>Iulius Mall<\/strong>, trebuie s\u0103 \u0219tii c\u0103 fiecare participare \u00eenseamn\u0103 \u0219i o \u0219ans\u0103 la\u00a0<strong>un city break \u00een Milano<\/strong>. Dup\u0103 fiecare antrenament, ia cartona\u0219ul de la instructor, \u00eenscrie-te la Centrul Info \u0219i intri \u00een cursa pentru o vacan\u021b\u0103 \u00een\u00a0<strong>capitala modei, \u00een valoare de 1.000 de euro.<\/strong><\/p>\n<p class=\"wp-block-paragraph\"><strong>Serile de var\u0103 sunt mai frumoase c\u00e2nd le petreci \u00eempreun\u0103 cu cei dragi. Ne vedem \u00een parc, la Iulius Mall Suceava!<\/strong><\/p>\n<figure class=\"wp-block-embed is-type-video is-provider-youtube wp-block-embed-youtube wp-embed-aspect-16-9 wp-has-aspect-ratio\">\n<div class=\"wp-block-embed__wrapper\">\n<div class=\"youtube-embed\" data-video_id=\"H5LcMzGH100\"><iframe loading=\"lazy\" title=\"Cum transformi Bucuria-n...SC\u00c2RB\u0102? Te plimbi cu ma\u0219ina Prim\u0103riei ...f\u0103r\u0103 acte! POLI\u021aIA o cam scald\u0103!\" width=\"696\" height=\"392\" src=\"https:\/\/www.youtube.com\/embed\/H5LcMzGH100?feature=oembed&amp;enablejsapi=1\" frameborder allow=\"accelerometer; autoplay; clipboard-write; encrypted-media; gyroscope; picture-in-picture; web-share\" referrerpolicy=\"strict-origin-when-cross-origin\" allowfullscreen><\/iframe><\/div>\n<\/div>\n<\/figure>\n<div class=\"td-a-rec td-a-rec-id-content_bottom  tdi_4 td_block_template_1\"><strong>Intr\u0103 acum \u0219i \u00een grupul de <\/p>\n<div class=\"wp-block-button\"><a class=\"wp-block-button__link wp-element-button\" href=\"https:\/\/t.me\/+TH8wcfnp8fw5NWI0\">Telegram News Bucovina<\/a><\/div>\n<p><\/strong><\/div>\n<\/div>\n<p>[analyse_source url=&#8221;https:\/\/www.newsbucovina.ro\/evenimente\/445636\/da-un-alt-ritm-serilor-de-vara-la-iulius-mall-participa-la-activitatile-sportive-si-ai-sansa-de-a-castiga-un-city-break-la-milano&#8221;]<\/p>\n","protected":false},"excerpt":{"rendered":"<p>[analyse_image type=&#8221;featured&#8221; src=&#8221;https:\/\/www.newsbucovina.ro\/wp-content\/uploads\/2026\/08\/Iulius-Mall-Suceava-01.jpeghttps:\/\/cdn.newsbucovina.ro\/wp-content\/uploads\/2026\/08\/Iulius-Mall-Suceava-01.jpeg&#8221;] Intr\u0103 acum \u0219i \u00een grupul de Telegram News Bucovina Unele seri sunt pentru mi\u0219care. Altele pentru un film bun, v\u0103zut sub cerul liber, al\u0103turi de familie \u0219i prieteni. La Iulius Mall Suceava, parcul continu\u0103 s\u0103 fie unul dintre cele mai vii locuri, unde fiecare zi aduce o experien\u021b\u0103 diferit\u0103, de la antrenamente [&hellip;]<\/p>\n","protected":false},"author":1,"featured_media":0,"comment_status":"open","ping_status":"","sticky":false,"template":"","format":"standard","meta":{"footnotes":""},"categories":[89],"tags":[226,165],"class_list":["post-2077596","post","type-post","status-publish","format-standard","hentry","category-romania","tag-crawlmanager","tag-newsbucovina-ro"],"_links":{"self":[{"href":"https:\/\/analyse.optim.biz\/index.php?rest_route=\/wp\/v2\/posts\/2077596","targetHints":{"allow":["GET"]}}],"collection":[{"href":"https:\/\/analyse.optim.biz\/index.php?rest_route=\/wp\/v2\/posts"}],"about":[{"href":"https:\/\/analyse.optim.biz\/index.php?rest_route=\/wp\/v2\/types\/post"}],"author":[{"embeddable":true,"href":"https:\/\/analyse.optim.biz\/index.php?rest_route=\/wp\/v2\/users\/1"}],"replies":[{"embeddable":true,"href":"https:\/\/analyse.optim.biz\/index.php?rest_route=%2Fwp%2Fv2%2Fcomments&post=2077596"}],"version-history":[{"count":0,"href":"https:\/\/analyse.optim.biz\/index.php?rest_route=\/wp\/v2\/posts\/2077596\/revisions"}],"wp:attachment":[{"href":"https:\/\/analyse.optim.biz\/index.php?rest_route=%2Fwp%2Fv2%2Fmedia&parent=2077596"}],"wp:term":[{"taxonomy":"category","embeddable":true,"href":"https:\/\/analyse.optim.biz\/index.php?rest_route=%2Fwp%2Fv2%2Fcategories&post=2077596"},{"taxonomy":"post_tag","embeddable":true,"href":"https:\/\/analyse.optim.biz\/index.php?rest_route=%2Fwp%2Fv2%2Ftags&post=2077596"}],"curies":[{"name":"wp","href":"https:\/\/api.w.org\/{rel}","templated":true}]}}