{"id":2077595,"date":"2026-08-04T07:29:26","date_gmt":"2026-08-04T04:29:26","guid":{"rendered":"https:\/\/analyse.optim.biz\/?p=2077595"},"modified":"2026-08-04T07:29:26","modified_gmt":"2026-08-04T04:29:26","slug":"festivalul-de-toaca-rasuna-toaca-n-cer-ajunge-la-a-xv-a-editie-la-rotunda-liteni","status":"publish","type":"post","link":"https:\/\/analyse.optim.biz\/?p=2077595","title":{"rendered":"Festivalul de Toac\u0103 \u201eR\u0103sun\u0103 Toaca-n Cer\u201d ajunge la a XV-a edi\u021bie, la Rotunda\u2013Liteni"},"content":{"rendered":"<p>[analyse_image type=&#8221;featured&#8221; src=&#8221;https:\/\/www.newsbucovina.ro\/wp-content\/uploads\/2026\/08\/WhatsApp-Image-2026-08-04-at-10.18.57-1.jpeghttps:\/\/cdn.newsbucovina.ro\/wp-content\/uploads\/2026\/08\/WhatsApp-Image-2026-08-04-at-10.18.57-1.jpeg&#8221;]<\/p>\n<div class=\"td-post-content tagdiv-type\">\n<div class=\"td-a-rec td-a-rec-id-content_top  tdi_3 td_block_template_1\"><strong>Intr\u0103 acum \u0219i \u00een grupul de <\/p>\n<div class=\"wp-block-button\"><a class=\"wp-block-button__link wp-element-button\" href=\"https:\/\/t.me\/+TH8wcfnp8fw5NWI0\">Telegram News Bucovina<\/a><\/div>\n<p><\/strong><\/div>\n<p class=\"wp-block-paragraph\">Cea de-a XV-a edi\u021bie a Festivalului-Concurs de Toac\u0103 pentru Copii \u0219i Tineret \u201eR\u0103sun\u0103 Toaca-n Cer\u201d va avea loc joi, 6 august 2026, \u00eencep\u00e2nd cu ora 15:00, \u00een curtea Parohiei Ortodoxe \u201eAdormirea Maicii Domnului\u201d din Rotunda\u2013Liteni.<\/p>\n<figure class=\"wp-block-image size-large\"><a href=\"https:\/\/cdn.newsbucovina.ro\/wp-content\/uploads\/2026\/08\/WhatsApp-Image-2026-08-04-at-10.18.57.jpeg\"><img loading=\"lazy\" decoding=\"async\" width=\"724\" height=\"1024\" src=\"https:\/\/cdn.newsbucovina.ro\/wp-content\/uploads\/2026\/08\/WhatsApp-Image-2026-08-04-at-10.18.57-724x1024.jpeg\" alt class=\"wp-image-445583\"><\/a><\/figure>\n<p class=\"wp-block-paragraph\">Evenimentul este organizat de Consiliul Jude\u021bean Suceava, prin Centrul Cultural \u201eBucovina\u201d \u2013 Direc\u021bia Centrul pentru Conservarea \u0219i Promovarea Culturii Tradi\u021bionale, \u00een parteneriat cu Arhiepiscopia Sucevei \u0219i R\u0103d\u0103u\u021bilor, Parohia Ortodox\u0103 \u201eAdormirea Maicii Domnului\u201d Rotunda \u0219i cu sprijinul Prim\u0103riei \u0219i Consiliului Local Liteni.<\/p>\n<p class=\"wp-block-paragraph\">Festivalul promoveaz\u0103 p\u0103strarea \u0219i transmiterea artei interpret\u0103rii la toac\u0103 \u00een r\u00e2ndul noilor genera\u021bii. La concurs vor participa copii \u0219i tineri cu v\u00e2rste cuprinse \u00eentre 3 ani \u0219i nivelul studiilor universitare, \u00eemp\u0103r\u021bi\u021bi pe patru categorii: 3\u20136 ani, clasele I\u2013IV, clasele V\u2013VIII \u0219i liceu, \u0219coli profesionale \u0219i studen\u021bi.<\/p>\n<p class=\"wp-block-paragraph\">Evolu\u021biile vor fi evaluate de un juriu format din preo\u021bi, profesori de muzic\u0103 \u0219i muzicologi, speciali\u0219ti \u00een tradi\u021bia muzical\u0103 liturgic\u0103 ortodox\u0103. Ace\u0219tia vor aprecia acurate\u021bea interpret\u0103rii, diversitatea ritmic\u0103, structura, fidelitatea fa\u021b\u0103 de tradi\u021bie \u0219i \u021binuta scenic\u0103.<\/p>\n<p class=\"wp-block-paragraph\">Organizatorii invit\u0103 publicul s\u0103 participe la eveniment, pentru a-i sus\u021bine pe tinerii concuren\u021bi \u0219i a lua parte la o manifestare care valorific\u0103 o tradi\u021bie important\u0103 a spiritualit\u0103\u021bii ortodoxe.<\/p>\n<figure class=\"wp-block-embed is-type-video is-provider-youtube wp-block-embed-youtube wp-embed-aspect-16-9 wp-has-aspect-ratio\">\n<div class=\"wp-block-embed__wrapper\">\n<div class=\"youtube-embed\" data-video_id=\"H5LcMzGH100\"><iframe loading=\"lazy\" title=\"Cum transformi Bucuria-n...SC\u00c2RB\u0102? Te plimbi cu ma\u0219ina Prim\u0103riei ...f\u0103r\u0103 acte! POLI\u021aIA o cam scald\u0103!\" width=\"696\" height=\"392\" src=\"https:\/\/www.youtube.com\/embed\/H5LcMzGH100?feature=oembed&amp;enablejsapi=1\" frameborder allow=\"accelerometer; autoplay; clipboard-write; encrypted-media; gyroscope; picture-in-picture; web-share\" referrerpolicy=\"strict-origin-when-cross-origin\" allowfullscreen><\/iframe><\/div>\n<\/div>\n<\/figure>\n<div class=\"td-a-rec td-a-rec-id-content_bottom  tdi_4 td_block_template_1\"><strong>Intr\u0103 acum \u0219i \u00een grupul de <\/p>\n<div class=\"wp-block-button\"><a class=\"wp-block-button__link wp-element-button\" href=\"https:\/\/t.me\/+TH8wcfnp8fw5NWI0\">Telegram News Bucovina<\/a><\/div>\n<p><\/strong><\/div>\n<\/div>\n<div class=\"td-post-content tagdiv-type\">\n<div class=\"td-a-rec td-a-rec-id-content_top  tdi_3 td_block_template_1\"><strong>Intr\u0103 acum \u0219i \u00een grupul de <\/p>\n<div class=\"wp-block-button\"><a class=\"wp-block-button__link wp-element-button\" href=\"https:\/\/t.me\/+TH8wcfnp8fw5NWI0\">Telegram News Bucovina<\/a><\/div>\n<p><\/strong><\/div>\n<p class=\"wp-block-paragraph\">Cea de-a XV-a edi\u021bie a Festivalului-Concurs de Toac\u0103 pentru Copii \u0219i Tineret \u201eR\u0103sun\u0103 Toaca-n Cer\u201d va avea loc joi, 6 august 2026, \u00eencep\u00e2nd cu ora 15:00, \u00een curtea Parohiei Ortodoxe \u201eAdormirea Maicii Domnului\u201d din Rotunda\u2013Liteni.<\/p>\n<figure class=\"wp-block-image size-large\"><a href=\"https:\/\/cdn.newsbucovina.ro\/wp-content\/uploads\/2026\/08\/WhatsApp-Image-2026-08-04-at-10.18.57.jpeg\"><img loading=\"lazy\" decoding=\"async\" width=\"724\" height=\"1024\" src=\"https:\/\/cdn.newsbucovina.ro\/wp-content\/uploads\/2026\/08\/WhatsApp-Image-2026-08-04-at-10.18.57-724x1024.jpeg\" alt class=\"wp-image-445583\"><\/a><\/figure>\n<p class=\"wp-block-paragraph\">Evenimentul este organizat de Consiliul Jude\u021bean Suceava, prin Centrul Cultural \u201eBucovina\u201d \u2013 Direc\u021bia Centrul pentru Conservarea \u0219i Promovarea Culturii Tradi\u021bionale, \u00een parteneriat cu Arhiepiscopia Sucevei \u0219i R\u0103d\u0103u\u021bilor, Parohia Ortodox\u0103 \u201eAdormirea Maicii Domnului\u201d Rotunda \u0219i cu sprijinul Prim\u0103riei \u0219i Consiliului Local Liteni.<\/p>\n<p class=\"wp-block-paragraph\">Festivalul promoveaz\u0103 p\u0103strarea \u0219i transmiterea artei interpret\u0103rii la toac\u0103 \u00een r\u00e2ndul noilor genera\u021bii. La concurs vor participa copii \u0219i tineri cu v\u00e2rste cuprinse \u00eentre 3 ani \u0219i nivelul studiilor universitare, \u00eemp\u0103r\u021bi\u021bi pe patru categorii: 3\u20136 ani, clasele I\u2013IV, clasele V\u2013VIII \u0219i liceu, \u0219coli profesionale \u0219i studen\u021bi.<\/p>\n<p class=\"wp-block-paragraph\">Evolu\u021biile vor fi evaluate de un juriu format din preo\u021bi, profesori de muzic\u0103 \u0219i muzicologi, speciali\u0219ti \u00een tradi\u021bia muzical\u0103 liturgic\u0103 ortodox\u0103. Ace\u0219tia vor aprecia acurate\u021bea interpret\u0103rii, diversitatea ritmic\u0103, structura, fidelitatea fa\u021b\u0103 de tradi\u021bie \u0219i \u021binuta scenic\u0103.<\/p>\n<p class=\"wp-block-paragraph\">Organizatorii invit\u0103 publicul s\u0103 participe la eveniment, pentru a-i sus\u021bine pe tinerii concuren\u021bi \u0219i a lua parte la o manifestare care valorific\u0103 o tradi\u021bie important\u0103 a spiritualit\u0103\u021bii ortodoxe.<\/p>\n<figure class=\"wp-block-embed is-type-video is-provider-youtube wp-block-embed-youtube wp-embed-aspect-16-9 wp-has-aspect-ratio\">\n<div class=\"wp-block-embed__wrapper\">\n<div class=\"youtube-embed\" data-video_id=\"H5LcMzGH100\"><iframe loading=\"lazy\" title=\"Cum transformi Bucuria-n...SC\u00c2RB\u0102? Te plimbi cu ma\u0219ina Prim\u0103riei ...f\u0103r\u0103 acte! POLI\u021aIA o cam scald\u0103!\" width=\"696\" height=\"392\" src=\"https:\/\/www.youtube.com\/embed\/H5LcMzGH100?feature=oembed&amp;enablejsapi=1\" frameborder allow=\"accelerometer; autoplay; clipboard-write; encrypted-media; gyroscope; picture-in-picture; web-share\" referrerpolicy=\"strict-origin-when-cross-origin\" allowfullscreen><\/iframe><\/div>\n<\/div>\n<\/figure>\n<div class=\"td-a-rec td-a-rec-id-content_bottom  tdi_4 td_block_template_1\"><strong>Intr\u0103 acum \u0219i \u00een grupul de <\/p>\n<div class=\"wp-block-button\"><a class=\"wp-block-button__link wp-element-button\" href=\"https:\/\/t.me\/+TH8wcfnp8fw5NWI0\">Telegram News Bucovina<\/a><\/div>\n<p><\/strong><\/div>\n<\/div>\n<p>[analyse_source url=&#8221;https:\/\/www.newsbucovina.ro\/evenimente\/445582\/festivalul-de-toaca-rasuna-toaca-n-cer-ajunge-la-a-xv-a-editie-la-rotunda-liteni&#8221;]<\/p>\n","protected":false},"excerpt":{"rendered":"<p>[analyse_image type=&#8221;featured&#8221; src=&#8221;https:\/\/www.newsbucovina.ro\/wp-content\/uploads\/2026\/08\/WhatsApp-Image-2026-08-04-at-10.18.57-1.jpeghttps:\/\/cdn.newsbucovina.ro\/wp-content\/uploads\/2026\/08\/WhatsApp-Image-2026-08-04-at-10.18.57-1.jpeg&#8221;] Intr\u0103 acum \u0219i \u00een grupul de Telegram News Bucovina Cea de-a XV-a edi\u021bie a Festivalului-Concurs de Toac\u0103 pentru Copii \u0219i Tineret \u201eR\u0103sun\u0103 Toaca-n Cer\u201d va avea loc joi, 6 august 2026, \u00eencep\u00e2nd cu ora 15:00, \u00een curtea Parohiei Ortodoxe \u201eAdormirea Maicii Domnului\u201d din Rotunda\u2013Liteni. Evenimentul este organizat de Consiliul Jude\u021bean Suceava, prin [&hellip;]<\/p>\n","protected":false},"author":1,"featured_media":0,"comment_status":"open","ping_status":"","sticky":false,"template":"","format":"standard","meta":{"footnotes":""},"categories":[89],"tags":[226,165],"class_list":["post-2077595","post","type-post","status-publish","format-standard","hentry","category-romania","tag-crawlmanager","tag-newsbucovina-ro"],"_links":{"self":[{"href":"https:\/\/analyse.optim.biz\/index.php?rest_route=\/wp\/v2\/posts\/2077595","targetHints":{"allow":["GET"]}}],"collection":[{"href":"https:\/\/analyse.optim.biz\/index.php?rest_route=\/wp\/v2\/posts"}],"about":[{"href":"https:\/\/analyse.optim.biz\/index.php?rest_route=\/wp\/v2\/types\/post"}],"author":[{"embeddable":true,"href":"https:\/\/analyse.optim.biz\/index.php?rest_route=\/wp\/v2\/users\/1"}],"replies":[{"embeddable":true,"href":"https:\/\/analyse.optim.biz\/index.php?rest_route=%2Fwp%2Fv2%2Fcomments&post=2077595"}],"version-history":[{"count":0,"href":"https:\/\/analyse.optim.biz\/index.php?rest_route=\/wp\/v2\/posts\/2077595\/revisions"}],"wp:attachment":[{"href":"https:\/\/analyse.optim.biz\/index.php?rest_route=%2Fwp%2Fv2%2Fmedia&parent=2077595"}],"wp:term":[{"taxonomy":"category","embeddable":true,"href":"https:\/\/analyse.optim.biz\/index.php?rest_route=%2Fwp%2Fv2%2Fcategories&post=2077595"},{"taxonomy":"post_tag","embeddable":true,"href":"https:\/\/analyse.optim.biz\/index.php?rest_route=%2Fwp%2Fv2%2Ftags&post=2077595"}],"curies":[{"name":"wp","href":"https:\/\/api.w.org\/{rel}","templated":true}]}}