{"id":2077594,"date":"2026-08-04T14:43:30","date_gmt":"2026-08-04T11:43:30","guid":{"rendered":"https:\/\/analyse.optim.biz\/?p=2077594"},"modified":"2026-08-04T14:43:30","modified_gmt":"2026-08-04T11:43:30","slug":"angela-gheorghiu-pe-scena-simfonii-de-toamna-editie-aniversara-cu-o-legenda-a-operei-pe-esplanada-casei-de-cultura-din-suceava","status":"publish","type":"post","link":"https:\/\/analyse.optim.biz\/?p=2077594","title":{"rendered":"Angela Gheorghiu, pe scena \u201eSimfonii de Toamn\u0103\u201d. Edi\u021bie aniversar\u0103 cu o legend\u0103 a operei, pe Esplanada Casei de Cultur\u0103 din Suceava"},"content":{"rendered":"<p>[analyse_image type=&#8221;featured&#8221; src=&#8221;https:\/\/www.newsbucovina.ro\/wp-content\/uploads\/2026\/08\/1920&#215;1080.jpghttps:\/\/cdn.newsbucovina.ro\/wp-content\/uploads\/2026\/08\/1920&#215;1080.jpg&#8221;]<\/p>\n<div class=\"td-post-content tagdiv-type\">\n<div class=\"td-a-rec td-a-rec-id-content_top  tdi_3 td_block_template_1\"><strong>Intr\u0103 acum \u0219i \u00een grupul de <\/p>\n<div class=\"wp-block-button\"><a class=\"wp-block-button__link wp-element-button\" href=\"https:\/\/t.me\/+TH8wcfnp8fw5NWI0\">Telegram News Bucovina<\/a><\/div>\n<p><\/strong><\/div>\n<p class=\"wp-block-paragraph\">Festivalul \u201eSimfonii de Toamn\u0103\u201d ajunge la a XIII-a edi\u021bie \u0219i aduce, pe 4 septembrie 2026, pe Esplanada Casei de Cultur\u0103 din Suceava, una dintre cele mai a\u0219teptate prezen\u021be din cariera evenimentului: soprana Angela Gheorghiu. Organizat de Rotary Club Suceava-Bucovina \u0219i KIMARO Entertainment, festivalul se desf\u0103\u0219oar\u0103 anul acesta pentru prima dat\u0103 pe parcursul a dou\u0103 seri \u0219i confirm\u0103, \u00eenc\u0103 o dat\u0103, statutul de reper cultural al ora\u0219ului.<\/p>\n<figure class=\"wp-block-image size-large\"><a href=\"https:\/\/cdn.newsbucovina.ro\/wp-content\/uploads\/2026\/08\/COVER-FB-SIMFONII.jpg\"><img loading=\"lazy\" decoding=\"async\" width=\"1024\" height=\"390\" src=\"https:\/\/cdn.newsbucovina.ro\/wp-content\/uploads\/2026\/08\/COVER-FB-SIMFONII-1024x390.jpg\" alt class=\"wp-image-445663\"><\/a><\/figure>\n<p class=\"wp-block-paragraph\">\u00cen seara de 4 septembrie, publicul sucevean va avea ocazia rar\u0103 de a o asculta live pe artista care a cucerit scenele de la Covent Garden \u0219i Metropolitan Opera. Angela Gheorghiu, recunoscut\u0103 pentru vocea sa unic\u0103 \u0219i prezen\u021ba scenic\u0103 magnetic\u0103, \u0219i-a consolidat statutul de stea mondial\u0103 dup\u0103 debutul legendar din 1994 \u00een rolul Violettei din \u201eLa Traviata\u201d la Royal Opera House, spectacol transmis live de BBC. De-a lungul carierei, a c\u00e2ntat pe cele mai prestigioase scene ale lumii \u0219i a primit numeroase distinc\u021bii, printre care Gramophone Awards, Classical BRIT, Diapason d\u2019Or \u0219i Echo Klassik. A fost decorat\u0103 cu Ordinul \u201eSteaua Rom\u00e2niei\u201d \u0219i a primit titlul de Artist al P\u0103cii UNESCO.<\/p>\n<p class=\"wp-block-paragraph\">Organizatorii au preg\u0103tit o edi\u021bie special\u0103, g\u00e2ndit\u0103 ca un moment de excelen\u021b\u0103 artistic\u0103, care continu\u0103 tradi\u021bia de 13 ani a festivalului de a aduce la Suceava nume de greutate din lumea muzicii clasice. Biletele pentru locurile din zonele apropiate scenei sunt deja puse \u00een v\u00e2nzare, iar achizi\u021bionarea lor reprezint\u0103 o contribu\u021bie simbolic\u0103 la men\u021binerea standardelor ridicate ale evenimentului.<\/p>\n<p class=\"wp-block-paragraph\">Detalii complete despre program, bilete \u0219i actualiz\u0103ri pot fi g\u0103site pe site-ul oficial simfoniidetoamna.ro, precum \u0219i pe paginile de social media ale organizatorilor. Partenerii media ai edi\u021biei sunt Magic FM, Rock FM \u0219i Kiss FM.<\/p>\n<p class=\"wp-block-paragraph\">\u201eSimfonii de Toamn\u0103\u201d r\u0103m\u00e2ne, astfel, unul dintre cele mai vizibile proiecte culturale ale Rotary Club Suceava-Bucovina, un eveniment care, an de an, adun\u0103 mii de suceveni \u00een jurul muzicii de calitate \u0219i transform\u0103 inima ora\u0219ului \u00eentr-o scen\u0103 a rafinamentului artistic.<\/p>\n<div class=\"td-a-rec td-a-rec-id-content_bottom  tdi_4 td_block_template_1\"><strong>Intr\u0103 acum \u0219i \u00een grupul de <\/p>\n<div class=\"wp-block-button\"><a class=\"wp-block-button__link wp-element-button\" href=\"https:\/\/t.me\/+TH8wcfnp8fw5NWI0\">Telegram News Bucovina<\/a><\/div>\n<p><\/strong><\/div>\n<\/div>\n<div class=\"td-post-content tagdiv-type\">\n<div class=\"td-a-rec td-a-rec-id-content_top  tdi_3 td_block_template_1\"><strong>Intr\u0103 acum \u0219i \u00een grupul de <\/p>\n<div class=\"wp-block-button\"><a class=\"wp-block-button__link wp-element-button\" href=\"https:\/\/t.me\/+TH8wcfnp8fw5NWI0\">Telegram News Bucovina<\/a><\/div>\n<p><\/strong><\/div>\n<p class=\"wp-block-paragraph\">Festivalul \u201eSimfonii de Toamn\u0103\u201d ajunge la a XIII-a edi\u021bie \u0219i aduce, pe 4 septembrie 2026, pe Esplanada Casei de Cultur\u0103 din Suceava, una dintre cele mai a\u0219teptate prezen\u021be din cariera evenimentului: soprana Angela Gheorghiu. Organizat de Rotary Club Suceava-Bucovina \u0219i KIMARO Entertainment, festivalul se desf\u0103\u0219oar\u0103 anul acesta pentru prima dat\u0103 pe parcursul a dou\u0103 seri \u0219i confirm\u0103, \u00eenc\u0103 o dat\u0103, statutul de reper cultural al ora\u0219ului.<\/p>\n<figure class=\"wp-block-image size-large\"><a href=\"https:\/\/cdn.newsbucovina.ro\/wp-content\/uploads\/2026\/08\/COVER-FB-SIMFONII.jpg\"><img loading=\"lazy\" decoding=\"async\" width=\"1024\" height=\"390\" src=\"https:\/\/cdn.newsbucovina.ro\/wp-content\/uploads\/2026\/08\/COVER-FB-SIMFONII-1024x390.jpg\" alt class=\"wp-image-445663\"><\/a><\/figure>\n<p class=\"wp-block-paragraph\">\u00cen seara de 4 septembrie, publicul sucevean va avea ocazia rar\u0103 de a o asculta live pe artista care a cucerit scenele de la Covent Garden \u0219i Metropolitan Opera. Angela Gheorghiu, recunoscut\u0103 pentru vocea sa unic\u0103 \u0219i prezen\u021ba scenic\u0103 magnetic\u0103, \u0219i-a consolidat statutul de stea mondial\u0103 dup\u0103 debutul legendar din 1994 \u00een rolul Violettei din \u201eLa Traviata\u201d la Royal Opera House, spectacol transmis live de BBC. De-a lungul carierei, a c\u00e2ntat pe cele mai prestigioase scene ale lumii \u0219i a primit numeroase distinc\u021bii, printre care Gramophone Awards, Classical BRIT, Diapason d\u2019Or \u0219i Echo Klassik. A fost decorat\u0103 cu Ordinul \u201eSteaua Rom\u00e2niei\u201d \u0219i a primit titlul de Artist al P\u0103cii UNESCO.<\/p>\n<p class=\"wp-block-paragraph\">Organizatorii au preg\u0103tit o edi\u021bie special\u0103, g\u00e2ndit\u0103 ca un moment de excelen\u021b\u0103 artistic\u0103, care continu\u0103 tradi\u021bia de 13 ani a festivalului de a aduce la Suceava nume de greutate din lumea muzicii clasice. Biletele pentru locurile din zonele apropiate scenei sunt deja puse \u00een v\u00e2nzare, iar achizi\u021bionarea lor reprezint\u0103 o contribu\u021bie simbolic\u0103 la men\u021binerea standardelor ridicate ale evenimentului.<\/p>\n<p class=\"wp-block-paragraph\">Detalii complete despre program, bilete \u0219i actualiz\u0103ri pot fi g\u0103site pe site-ul oficial simfoniidetoamna.ro, precum \u0219i pe paginile de social media ale organizatorilor. Partenerii media ai edi\u021biei sunt Magic FM, Rock FM \u0219i Kiss FM.<\/p>\n<p class=\"wp-block-paragraph\">\u201eSimfonii de Toamn\u0103\u201d r\u0103m\u00e2ne, astfel, unul dintre cele mai vizibile proiecte culturale ale Rotary Club Suceava-Bucovina, un eveniment care, an de an, adun\u0103 mii de suceveni \u00een jurul muzicii de calitate \u0219i transform\u0103 inima ora\u0219ului \u00eentr-o scen\u0103 a rafinamentului artistic.<\/p>\n<div class=\"td-a-rec td-a-rec-id-content_bottom  tdi_4 td_block_template_1\"><strong>Intr\u0103 acum \u0219i \u00een grupul de <\/p>\n<div class=\"wp-block-button\"><a class=\"wp-block-button__link wp-element-button\" href=\"https:\/\/t.me\/+TH8wcfnp8fw5NWI0\">Telegram News Bucovina<\/a><\/div>\n<p><\/strong><\/div>\n<\/div>\n<p>[analyse_source url=&#8221;https:\/\/www.newsbucovina.ro\/evenimente\/445662\/angela-gheorghiu-pe-scena-simfonii-de-toamna-editie-aniversara-cu-o-legenda-a-operei-pe-esplanada-casei-de-cultura-din-suceava&#8221;]<\/p>\n","protected":false},"excerpt":{"rendered":"<p>[analyse_image type=&#8221;featured&#8221; src=&#8221;https:\/\/www.newsbucovina.ro\/wp-content\/uploads\/2026\/08\/1920&#215;1080.jpghttps:\/\/cdn.newsbucovina.ro\/wp-content\/uploads\/2026\/08\/1920&#215;1080.jpg&#8221;] Intr\u0103 acum \u0219i \u00een grupul de Telegram News Bucovina Festivalul \u201eSimfonii de Toamn\u0103\u201d ajunge la a XIII-a edi\u021bie \u0219i aduce, pe 4 septembrie 2026, pe Esplanada Casei de Cultur\u0103 din Suceava, una dintre cele mai a\u0219teptate prezen\u021be din cariera evenimentului: soprana Angela Gheorghiu. Organizat de Rotary Club Suceava-Bucovina \u0219i KIMARO Entertainment, festivalul [&hellip;]<\/p>\n","protected":false},"author":1,"featured_media":0,"comment_status":"open","ping_status":"","sticky":false,"template":"","format":"standard","meta":{"footnotes":""},"categories":[89],"tags":[226,165],"class_list":["post-2077594","post","type-post","status-publish","format-standard","hentry","category-romania","tag-crawlmanager","tag-newsbucovina-ro"],"_links":{"self":[{"href":"https:\/\/analyse.optim.biz\/index.php?rest_route=\/wp\/v2\/posts\/2077594","targetHints":{"allow":["GET"]}}],"collection":[{"href":"https:\/\/analyse.optim.biz\/index.php?rest_route=\/wp\/v2\/posts"}],"about":[{"href":"https:\/\/analyse.optim.biz\/index.php?rest_route=\/wp\/v2\/types\/post"}],"author":[{"embeddable":true,"href":"https:\/\/analyse.optim.biz\/index.php?rest_route=\/wp\/v2\/users\/1"}],"replies":[{"embeddable":true,"href":"https:\/\/analyse.optim.biz\/index.php?rest_route=%2Fwp%2Fv2%2Fcomments&post=2077594"}],"version-history":[{"count":0,"href":"https:\/\/analyse.optim.biz\/index.php?rest_route=\/wp\/v2\/posts\/2077594\/revisions"}],"wp:attachment":[{"href":"https:\/\/analyse.optim.biz\/index.php?rest_route=%2Fwp%2Fv2%2Fmedia&parent=2077594"}],"wp:term":[{"taxonomy":"category","embeddable":true,"href":"https:\/\/analyse.optim.biz\/index.php?rest_route=%2Fwp%2Fv2%2Fcategories&post=2077594"},{"taxonomy":"post_tag","embeddable":true,"href":"https:\/\/analyse.optim.biz\/index.php?rest_route=%2Fwp%2Fv2%2Ftags&post=2077594"}],"curies":[{"name":"wp","href":"https:\/\/api.w.org\/{rel}","templated":true}]}}