{"id":2077590,"date":"2026-08-04T19:57:11","date_gmt":"2026-08-04T16:57:11","guid":{"rendered":"https:\/\/analyse.optim.biz\/?p=2077590"},"modified":"2026-08-04T19:57:11","modified_gmt":"2026-08-04T16:57:11","slug":"strategia-biodiversitatii-adoptata-de-senat-dupa-amendamente-disputa-se-poarta-pe-tintele-de-30-si-10-din-teritoriu-exclus-activitatilor-economice","status":"publish","type":"post","link":"https:\/\/analyse.optim.biz\/?p=2077590","title":{"rendered":"Strategia biodiversit\u0103\u021bii, adoptat\u0103 de Senat dup\u0103 amendamente. Disputa se poart\u0103 pe \u021bintele de 30% \u0219i 10% din teritoriu exclus activit\u0103\u021bilor economice"},"content":{"rendered":"<p>[analyse_image type=&#8221;featured&#8221; src=&#8221;https:\/\/r3media.ro\/wp-content\/uploads\/2020\/09\/teren-agricol-economica.jpghttps:\/\/r3media.ro\/wp-content\/uploads\/2020\/09\/teren-agricol-economica.jpg&#8221;]<\/p>\n<article id=\"template-id-109\" class=\"post-109 tdb_templates type-tdb_templates status-publish post\">\n<div id=\"tdi_2\" class=\"tdc-zone\">\n<div class=\"tdc_zone tdi_3  wpb_row td-pb-row\">\n<div id=\"tdi_4\" class=\"tdc-row\">\n<div class=\"vc_row tdi_5  wpb_row td-pb-row\">\n<div class=\"vc_column tdi_7  wpb_column vc_column_container tdc-column td-pb-span8\">\n<div class=\"wpb_wrapper\">\n<div class=\"td_block_wrap tdb_breadcrumbs tdi_8 td-pb-border-top td_block_template_1 tdb-breadcrumbs \" data-td-block-uid=\"tdi_8\">\n<div class=\"tdb-block-inner td-fix-index\"><span><a title=\"Vede\u021bi toate articolele \u00een ECONOMIE\" class=\"tdb-entry-crumb\" href=\"https:\/\/r3media.ro\/category\/economie\/\">ECONOMIE<\/a><\/span><span><a title=\"Vede\u021bi toate articolele \u00een AGRICULTUR\u0102\" class=\"tdb-entry-crumb\" href=\"https:\/\/r3media.ro\/category\/economie\/agricultura\/\">AGRICULTUR\u0102<\/a><\/span><span class=\"tdb-bred-no-url-last\">Strategia biodiversit\u0103\u021bii, adoptat\u0103 de Senat dup\u0103 amendamente. Disputa se poart\u0103 pe \u021bintele&#8230;<\/span><\/div>\n<\/div>\n<div class=\"td_block_wrap tdb_single_categories tdi_9 td-pb-border-top td_block_template_1 \" data-td-block-uid=\"tdi_9\">\n<div class=\"tdb-category td-fix-index\"><a class=\"tdb-entry-category\" href=\"https:\/\/r3media.ro\/category\/economie\/\">ECONOMIE<\/a><a class=\"tdb-entry-category\" href=\"https:\/\/r3media.ro\/category\/economie\/agricultura\/\">AGRICULTUR\u0102<\/a><a class=\"tdb-entry-category\" href=\"https:\/\/r3media.ro\/category\/featured\/\">FEATURED<\/a><a class=\"tdb-entry-category\" href=\"https:\/\/r3media.ro\/category\/stiri\/\">\u0218TIRI<\/a><\/div>\n<\/div>\n<div class=\"td_block_wrap tdb_title tdi_10 tdb-single-title td-pb-border-top td_block_template_1\" data-td-block-uid=\"tdi_10\">\n<div class=\"tdb-block-inner td-fix-index\">\n<h1 class=\"tdb-title-text\">Strategia biodiversit\u0103\u021bii, adoptat\u0103 de Senat dup\u0103 amendamente. Disputa se poart\u0103 pe \u021bintele de 30% \u0219i 10% din teritoriu exclus activit\u0103\u021bilor economice<\/h1>\n<\/div>\n<\/div>\n<div class=\"vc_row_inner tdi_12  vc_row vc_inner wpb_row td-pb-row\">\n<div class=\"vc_column_inner tdi_14  wpb_column vc_column_container tdc-inner-column td-pb-span12\">\n<div class=\"vc_column-inner\">\n<div class=\"wpb_wrapper\">\n<div class=\"td_block_wrap tdb_single_author tdi_15 td-pb-border-top td_block_template_1 tdb-post-meta\" data-td-block-uid=\"tdi_15\">\n<div class=\"tdb-block-inner td-fix-index\">\n<div class=\"tdb-author-name-wrap\"><a class=\"tdb-author-name\" href=\"https:\/\/r3media.ro\/author\/teodor_stan\/\">Teodor Stan<\/a><\/div>\n<\/div>\n<\/div>\n<div class=\"td_block_wrap tdb_single_date tdi_16 td-pb-border-top td_block_template_1 tdb-post-meta\" data-td-block-uid=\"tdi_16\">\n<div class=\"tdb-block-inner td-fix-index\"><time class=\"entry-date updated td-module-date\" datetime=\"2026-08-04T22:57:11+03:00\">04\/08\/2026<\/time><\/div>\n<\/div>\n<\/div>\n<\/div>\n<\/div>\n<\/div>\n<div class=\"td_block_wrap tdb_single_content tdi_18 td-pb-border-top td_block_template_1 td-post-content tagdiv-type\" data-td-block-uid=\"tdi_18\">\n<div class=\"tdb-block-inner td-fix-index\">\n<p><strong>Senatul a adoptat mar\u021bi Strategia na\u021bional\u0103 \u0219i Planul de ac\u021biune pentru conservarea biodiversit\u0103\u021bii 2026\u20132030, jalon din Planul Na\u021bional de Redresare \u0219i Rezilien\u021b\u0103, dup\u0103 modificarea unor prevederi privind ariile protejate, proiectele de infrastructur\u0103 \u0219i utilizarea pesticidelor.<\/strong><\/p>\n<p>\u00cen centrul disputei politice se afl\u0103 dou\u0103 procente preluate din documentele europene: 30% din teritoriu inclus \u00een arii naturale protejate \u0219i 10% aflat sub regim de protec\u021bie strict\u0103, p\u00e2n\u0103 \u00een 2030.<\/p>\n<h2><strong>Ce prev\u0103d, de fapt, cele dou\u0103 \u021binte<\/strong><\/h2>\n<p>\u021ainta de 30% se refer\u0103 la includerea suprafe\u021belor \u00een re\u021beaua de arii naturale protejate, nu la interzicerea generalizat\u0103 a activit\u0103\u021bilor economice.<\/p>\n<p>\u00cen ariile protejate aflate sub regim de management activ, agricultura, silvicultura sau turismul r\u0103m\u00e2n permise, \u00een condi\u021biile stabilite prin planurile de management \u0219i prin procedurile de evaluare a impactului asupra mediului.<\/p>\n<p>Regimul restrictiv vizeaz\u0103 cota de 10% cu protec\u021bie strict\u0103, unde interven\u021bia uman\u0103 urmeaz\u0103 s\u0103 fie redus\u0103 la minimum.<\/p>\n<p>Potrivit organiza\u021biilor de mediu, acest obiectiv deriv\u0103 din Strategia UE privind biodiversitatea pentru 2030 \u0219i este legat de jalonul 13.2 din PNRR, viz\u00e2nd \u00een special zonele cu valoare ecologic\u0103 excep\u021bional\u0103, precum p\u0103durile primare \u0219i seculare.<\/p>\n<p>Rom\u00e2nia are deja aproape un sfert din teritoriu declarat arie natural\u0103 protejat\u0103, prin cele 13 parcuri na\u021bionale, 16 parcuri naturale, rezerva\u021biile naturale \u0219i siturile Natura 2000.<\/p>\n<h2><strong>Petri\u0219or Peiu (AUR): un act monstruos<\/strong><\/h2>\n<p>Liderul senatorilor AUR, Petri\u0219or Peiu, a acuzat dur actul normativ al coali\u021biei, pe care l-a numit \u201emonstruos\u201d.<\/p>\n<p>\u201eDe ce este acesta un act monstruos? Pentru c\u0103 adoptarea strategiilor de ramur\u0103 este apanajul strict al Guvernului, fiind un instrument de planificare pe termen mediu (mai mic de 5 ani). Ori, a\u0219a cum Guvernul este criticat pentru c\u0103 legifereaz\u0103 \u00een loc s\u0103 lase Parlamentul s\u0103 o fac\u0103, a\u0219a este \u0219i Parlamentul de criticat c\u00e2nd intr\u0103 peste atribu\u021biile Guvernului.<\/p>\n<p>Deci, o strategie adoptat\u0103 prin lege, nu prin hot\u0103r\u00e2re de Guvern, este o abomina\u021bie legislativ\u0103, remarcat\u0103 chiar \u0219i de Consiliul Legislativ.<\/p>\n<p>\u00cen al doilea r\u00e2nd, aceast\u0103 strategie nu este un act \u00eentocmit de autorul proiectului de lege (deputata Diana Buzoianu), ci un studiu \u00eentocmit de trei firme: PRO BIODIVERSITAS S.R.L., Societatea Ornitologic\u0103 Rom\u00e2n\u0103 \u0219i M&amp;S ECOPROJECT S.R.L.<\/p>\n<p>Ar fi pentru prima dat\u0103 \u00een istorie c\u00e2nd un parlament na\u021bional adopt\u0103, prin lege, un studiu f\u0103cut de ni\u0219te firme private.<\/p>\n<p>Dar haide\u021bi s\u0103 vedem \u0219i ce con\u021bine respectiva strategie \u0219i de ce este de neadmis:<\/p>\n<p>* strategia identific\u0103 agricultura ca reprezent\u00e2nd principalul pericol la adresa biodiversit\u0103\u021bii, o mistificare periculoas\u0103 prin consecin\u021bele sale;<br \/>\n* strategia impune cre\u0219terea cu 16% a suprafe\u021belor protejate, adic\u0103 a zonelor unde nu se pot realiza lucr\u0103ri energetice sau de infrastructur\u0103;<br \/>\n* practic, dup\u0103 adoptarea strategiei, 30% din teritoriul \u021b\u0103rii va fi interzis pentru activit\u0103\u021bi economice;<br \/>\n* strategia mai impune \u0219i interzicerea hidrocentralelor, a acumul\u0103rilor \u0219i a re\u021belelor de linii electrice \u00een zone \u00eenc\u0103 nespecificate;<br \/>\n* strategia va face extrem de dificil\u0103, dac\u0103 nu imposibil\u0103, amplasarea de turbine eoliene \u00een Marea Neagr\u0103.\u201d<\/p>\n<h2><strong>Pozi\u021bia PSD: \u021binta ar fi global\u0103, nu na\u021bional\u0103<\/strong><\/h2>\n<p>Liderul senatorilor PSD, Daniel Zamfir, a sus\u021binut c\u0103 amendamentele au reechilibrat documentul \u00eentre obiectivele de mediu \u0219i proiectele de infrastructur\u0103, invoc\u00e2nd dificult\u0103\u021bile \u00eent\u00e2mpinate \u00een construc\u021bia hidrocentralelor.<\/p>\n<p>El a afirmat c\u0103 \u021binta de 30% arii protejate p\u00e2n\u0103 \u00een 2030, la fel ca cea privind restaurarea ecosistemelor degradate, este una global\u0103, iar Rom\u00e2nia nu trebuie s\u0103 o ating\u0103 individual.<\/p>\n<p>Zamfir s-a opus \u0219i transform\u0103rii a circa 75% din suprafa\u021ba unor parcuri na\u021bionale \u00een zone de protec\u021bie strict\u0103, ar\u0103t\u00e2nd c\u0103 \u00een perimetrele ariilor protejate figureaz\u0103 inclusiv zone locuite.<\/p>\n<p>Pozi\u021bia sa a fost c\u0103 \u201eprioritar este ca Rom\u00e2nia s\u0103 se dezvolte\u201d.<\/p>\n<p>Senatorii PSD, care contestaser\u0103 ini\u021bial documentul, au votat forma amendat\u0103 al\u0103turi de cei ai USR, PNL \u0219i UDMR.<\/p>\n<h2><strong>Ministerul Mediului: amendamente \u201eabsolut aberante\u201d<\/strong><\/h2>\n<p>Ministrul interimar al mediului, Diana Buzoianu, a calificat drept \u201eabsolut aberante\u201d o parte dintre amendamentele adoptate, sus\u021bin\u00e2nd c\u0103 modific\u0103 angajamente asumate de Rom\u00e2nia la nivel european.<\/p>\n<p>Ea a precizat c\u0103 peste 100 de amendamente au fost depuse de AUR \u0219i PSD cu pu\u021bin timp \u00eenaintea dezbaterii \u00een comisii.<\/p>\n<p>Buzoianu a ar\u0103tat c\u0103 nu exist\u0103 sanc\u021biuni directe pentru ne\u00eendeplinirea \u021bintei, dar a avertizat c\u0103 modific\u0103rile pot pune \u00een pericol tran\u0219a de aproximativ un miliard de euro din PNRR condi\u021bionat\u0103 de acest jalon.<\/p>\n<p>Ministra a criticat \u0219i eliminarea prevederii privind auditul modului \u00een care au fost administrate parcurile na\u021bionale \u0219i rezerva\u021biile, anun\u021b\u00e2nd c\u0103 USR va \u00eencerca modificarea textului la Camera Deputa\u021bilor.<\/p>\n<div class=\"crp_related     crp-masonry\">\n<h2>\u00ceN CONTEXT<\/h2>\n<ul>\n<li><a href=\"https:\/\/r3media.ro\/fara-tine-in-google-r3media-dispare-iata-ce-poti-face-in-10-secunde\/\" class=\"crp_link post-119031\"><span class=\"crp_title\">F\u0103r\u0103 tine \u00een Google, R3media dispare. Iat\u0103 ce po\u021bi face \u00een 10 secunde<\/span><\/a><\/li>\n<li><a href=\"https:\/\/r3media.ro\/puterea-mitologica-instalata-a-romaniei\/\" class=\"crp_link post-120710\"><span class=\"crp_title\">Puterea mitologic\u0103 instalat\u0103 a Rom\u00e2niei<\/span><\/a><\/li>\n<li><a href=\"https:\/\/r3media.ro\/orwell-era-mic-copil-statul-roman-implementeaza-un-sistem-prin-care-va-va-urmari-masina-din-momentul-in-care-pleaca-din-fata-casei\/\" class=\"crp_link post-112432\"><span class=\"crp_title\">Orwell era mic copil: statul rom\u00e2n implementeaz\u0103 un sistem prin care v\u0103 va urm\u0103ri ma\u0219ina din\u2026<\/span><\/a><\/li>\n<li><a href=\"https:\/\/r3media.ro\/incendiu-puternic-cernobil-ucraina-nor-de-fum-nu-afecteaza-romania-transmit-autoritatile\/\" class=\"crp_link post-116082\"><span class=\"crp_title\">Incendiu puternic la Cernob\u00eel: Norul de fum nu afecteaz\u0103 Rom\u00e2nia, transmit autorit\u0103\u021bile<\/span><\/a><\/li>\n<li><a href=\"https:\/\/r3media.ro\/dan-sucu-tun-bani-romani-vandut-suprapret-mobilier-scoli-pnrr-spaima-oameni-calin-georgescu\/\" class=\"crp_link post-112561\"><span class=\"crp_title\">Dan \u0218ucu a dat un tun din banii rom\u00e2nilor: Omul de afaceri a primit un contract prin PNRR \u0219i\u2026<\/span><\/a><\/li>\n<li><a href=\"https:\/\/r3media.ro\/primaria-sectorului-5-icoane-pnrr-secularism\/\" class=\"crp_link post-118276\"><span class=\"crp_title\">Prim\u0103ria Sectorului 5 a achizi\u021bionat 60 de icoane prin PNRR, acuz\u0103 seculari\u0219tii<\/span><\/a><\/li>\n<li><a href=\"https:\/\/r3media.ro\/jurnalist-imprumut-safe-autostrazi-moldova-ucraina-spitale-neterminate\/\" class=\"crp_link post-116968\"><span class=\"crp_title\">Jurnalist: Vor s\u0103 ne \u00eemprumut\u0103m prin SAFE pentru autostr\u0103zile spre Moldova \u0219i Ucraina, dar\u2026<\/span><\/a><\/li>\n<li><a href=\"https:\/\/r3media.ro\/ionut-popescu-guvern-masuri\/\" class=\"crp_link post-119627\"><span class=\"crp_title\">Ionu\u021b Popescu: Orice guvern va veni, \u00een orice formul\u0103 de partide, va trebui s\u0103 ia m\u0103suri\u2026<\/span><\/a><\/li>\n<\/ul>\n<\/div>\n<\/div>\n<\/div>\n<div class=\"td_block_wrap tdb_single_tags tdi_19 td-pb-border-top td_block_template_1\" data-td-block-uid=\"tdi_19\">\n<div class=\"tdb-block-inner td-fix-index\">\n<ul class=\"tdb-tags\">\n<li><span>SUBIECTE FIERBIN\u021aI<\/span><\/li>\n<li><a href=\"https:\/\/r3media.ro\/tag\/mediu\/\">mediu<\/a><\/li>\n<li><a href=\"https:\/\/r3media.ro\/tag\/ministerul-mediului\/\">ministerul mediului<\/a><\/li>\n<li><a href=\"https:\/\/r3media.ro\/tag\/planul-national-de-redresare-si-rezilienta-pnrr\/\">Planul Na\u0163ional de Redresare \u015fi Rezilien\u0163\u0103 (PNRR)<\/a><\/li>\n<li><a href=\"https:\/\/r3media.ro\/tag\/strategia-biodiversitatii\/\">strategia biodiversitatii<\/a><\/li>\n<\/ul>\n<\/div>\n<\/div>\n<div class=\"td_block_wrap td_block_9 tdi_20 td_with_ajax_pagination td-pb-border-top td_block_template_1 td-column-2 td_block_padding td_block_bot_line\" data-td-block-uid=\"tdi_20\">\n<div class=\"td-block-title-wrap\">\n<h4 class=\"block-title td-block-title\"><span class=\"td-pulldown-size\">CITE\u0218TE MAI MULT<\/span><\/h4>\n<\/div>\n<div id=\"tdi_20\" class=\"td_block_inner\">\n<div class=\"td-block-row\">\n<div class=\"td-block-span6\">\n<div class=\"td_module_8 td_module_wrap\">\n<div class=\"item-details\">\n<h3 class=\"entry-title td-module-title\"><a href=\"https:\/\/r3media.ro\/cand-incepe-scoala-in-2026-structura-an-nou-scolar\/\" rel=\"bookmark\" title=\"C\u00e2nd \u00eencepe \u0219coala \u00een 2026: Structura noului an \u0219colar, vacan\u021bele \u0219i zilele libere\">C\u00e2nd \u00eencepe \u0219coala \u00een 2026: Structura noului an \u0219colar, vacan\u021bele \u0219i zilele libere<\/a><\/h3>\n<div class=\"td-module-meta-info\"><a href=\"https:\/\/r3media.ro\/category\/actualitate\/\" class=\"td-post-category\">ACTUALITATE<\/a><span class=\"td-post-author-name\"><a href=\"https:\/\/r3media.ro\/author\/oana\/\">Oana Ivan<\/a><span>&#8211;<\/span><\/span><span class=\"td-post-date\"><time class=\"entry-date updated td-module-date\" datetime=\"2026-08-03T22:23:20+03:00\">03\/08\/2026<\/time><\/span><\/div>\n<\/div>\n<\/div>\n<\/div>\n<div class=\"td-block-span6\">\n<div class=\"td_module_8 td_module_wrap\">\n<div class=\"item-details\">\n<h3 class=\"entry-title td-module-title\"><a href=\"https:\/\/r3media.ro\/tara-europa-norvegia-masini-electrice-inmatriculate-cota-ridicata\/\" rel=\"bookmark\" title=\"\u021aara din Europa unde aproape toate ma\u0219inile \u00eenmatriculate sune electrice. Cota a ajuns la 97,6% \u00een iulie\">\u021aara din Europa unde aproape toate ma\u0219inile \u00eenmatriculate sune electrice. Cota a ajuns la&#8230;<\/a><\/h3>\n<div class=\"td-module-meta-info\"><a href=\"https:\/\/r3media.ro\/category\/actualitate\/\" class=\"td-post-category\">ACTUALITATE<\/a><span class=\"td-post-author-name\"><a href=\"https:\/\/r3media.ro\/author\/oana\/\">Oana Ivan<\/a><span>&#8211;<\/span><\/span><span class=\"td-post-date\"><time class=\"entry-date updated td-module-date\" datetime=\"2026-08-03T17:01:21+03:00\">03\/08\/2026<\/time><\/span><\/div>\n<\/div>\n<\/div>\n<\/div>\n<\/div>\n<div class=\"td-block-row\">\n<div class=\"td-block-span6\">\n<div class=\"td_module_8 td_module_wrap\">\n<div class=\"item-details\">\n<h3 class=\"entry-title td-module-title\"><a href=\"https:\/\/r3media.ro\/puterea-mitologica-instalata-a-romaniei\/\" rel=\"bookmark\" title=\"Puterea mitologic\u0103 instalat\u0103 a Rom\u00e2niei\">Puterea mitologic\u0103 instalat\u0103 a Rom\u00e2niei<\/a><\/h3>\n<div class=\"td-module-meta-info\"><a href=\"https:\/\/r3media.ro\/category\/opinii\/\" class=\"td-post-category\">OPINII<\/a><span class=\"td-post-author-name\"><a href=\"https:\/\/r3media.ro\/author\/tru\/\">TRU (Traian Ungureanu)<\/a><span>&#8211;<\/span><\/span><span class=\"td-post-date\"><time class=\"entry-date updated td-module-date\" datetime=\"2026-08-02T22:08:04+03:00\">02\/08\/2026<\/time><\/span><\/div>\n<\/div>\n<\/div>\n<\/div>\n<div class=\"td-block-span6\">\n<div class=\"td_module_8 td_module_wrap\">\n<div class=\"item-details\">\n<h3 class=\"entry-title td-module-title\"><a href=\"https:\/\/r3media.ro\/hyundai-recheama-service-masini-electrice-inster-risc-incendiu\/\" rel=\"bookmark\" title=\"Hyundai recheam\u0103 \u00een service zeci de mii de ma\u0219ini electrice din cauza riscului de incendiu\">Hyundai recheam\u0103 \u00een service zeci de mii de ma\u0219ini electrice din cauza riscului de&#8230;<\/a><\/h3>\n<div class=\"td-module-meta-info\"><a href=\"https:\/\/r3media.ro\/category\/actualitate\/\" class=\"td-post-category\">ACTUALITATE<\/a><span class=\"td-post-author-name\"><a href=\"https:\/\/r3media.ro\/author\/oana\/\">Oana Ivan<\/a><span>&#8211;<\/span><\/span><span class=\"td-post-date\"><time class=\"entry-date updated td-module-date\" datetime=\"2026-08-02T08:34:05+03:00\">02\/08\/2026<\/time><\/span><\/div>\n<\/div>\n<\/div>\n<\/div>\n<\/div>\n<div class=\"td-block-row\">\n<div class=\"td-block-span6\">\n<div class=\"td_module_8 td_module_wrap\">\n<div class=\"item-details\">\n<h3 class=\"entry-title td-module-title\"><a href=\"https:\/\/r3media.ro\/dragostea-care-transcende-epoci-descult-in-parc-1967\/\" rel=\"bookmark\" title=\"Dragostea care transcende epoci \u2014 Descul\u021b \u00een parc (1967)\">Dragostea care transcende epoci \u2014 Descul\u021b \u00een parc (1967)<\/a><\/h3>\n<div class=\"td-module-meta-info\"><a href=\"https:\/\/r3media.ro\/category\/opinii\/\" class=\"td-post-category\">OPINII<\/a><span class=\"td-post-author-name\"><a href=\"https:\/\/r3media.ro\/author\/costi_balasoiu\/\">Constantin B\u0103l\u0103\u0219oiu<\/a><span>&#8211;<\/span><\/span><span class=\"td-post-date\"><time class=\"entry-date updated td-module-date\" datetime=\"2026-08-01T13:45:14+03:00\">01\/08\/2026<\/time><\/span><\/div>\n<\/div>\n<\/div>\n<\/div>\n<div class=\"td-block-span6\">\n<div class=\"td_module_8 td_module_wrap\">\n<div class=\"item-details\">\n<h3 class=\"entry-title td-module-title\"><a href=\"https:\/\/r3media.ro\/masina-electrica-foc-turcia-incarcat-vehicul-explozie-pompieri-stingere-incendiu-video\/\" rel=\"bookmark\" title=\"VIDEO | O ma\u0219in\u0103 electric\u0103 a luat foc \u00een timp ce se afla la \u00eenc\u0103rcat. Vehiculul a explodat chiar c\u00e2nd pompierii \u00eencercau s\u0103 sting\u0103 incendiul folosind o p\u0103tur\u0103 ignifug\u0103\">VIDEO | O ma\u0219in\u0103 electric\u0103 a luat foc \u00een timp ce se afla la&#8230;<\/a><\/h3>\n<div class=\"td-module-meta-info\"><a href=\"https:\/\/r3media.ro\/category\/actualitate\/\" class=\"td-post-category\">ACTUALITATE<\/a><span class=\"td-post-author-name\"><a href=\"https:\/\/r3media.ro\/author\/oana\/\">Oana Ivan<\/a><span>&#8211;<\/span><\/span><span class=\"td-post-date\"><time class=\"entry-date updated td-module-date\" datetime=\"2026-07-31T13:33:48+03:00\">31\/07\/2026<\/time><\/span><\/div>\n<\/div>\n<\/div>\n<\/div>\n<\/div>\n<div class=\"td-block-row\">\n<div class=\"td-block-span6\">\n<div class=\"td_module_8 td_module_wrap\">\n<div class=\"item-details\">\n<h3 class=\"entry-title td-module-title\"><a href=\"https:\/\/r3media.ro\/spania-asediu-migranti-exclava-ceuta-africa-madrid-trupe-securitate-video\/\" rel=\"bookmark\" title=\"VIDEO | Spania se afl\u0103 sub asediu: Mii de migran\u021bi au luat cu asalt exclava Ceuta din Africa. Madridul a trimis trupe pentru a consolida securitatea\">VIDEO | Spania se afl\u0103 sub asediu: Mii de migran\u021bi au luat cu asalt&#8230;<\/a><\/h3>\n<div class=\"td-module-meta-info\"><a href=\"https:\/\/r3media.ro\/category\/actualitate\/\" class=\"td-post-category\">ACTUALITATE<\/a><span class=\"td-post-author-name\"><a href=\"https:\/\/r3media.ro\/author\/oana\/\">Oana Ivan<\/a><span>&#8211;<\/span><\/span><span class=\"td-post-date\"><time class=\"entry-date updated td-module-date\" datetime=\"2026-07-31T12:39:57+03:00\">31\/07\/2026<\/time><\/span><\/div>\n<\/div>\n<\/div>\n<\/div>\n<div class=\"td-block-span6\">\n<div class=\"td_module_8 td_module_wrap\">\n<div class=\"item-details\">\n<h3 class=\"entry-title td-module-title\"><a href=\"https:\/\/r3media.ro\/expert-ucraina-faliment-agricultura-romaneasca-tehnologii-ue\/\" rel=\"bookmark\" title=\"Un expert explic\u0103 felul \u00een care concuren\u021ba din Ucraina bag\u0103 \u00een faliment agricultura rom\u00e2neasc\u0103: Folosesc tehnologii interzise \u00een UE\">Un expert explic\u0103 felul \u00een care concuren\u021ba din Ucraina bag\u0103 \u00een faliment agricultura rom\u00e2neasc\u0103:&#8230;<\/a><\/h3>\n<div class=\"td-module-meta-info\"><a href=\"https:\/\/r3media.ro\/category\/actualitate\/\" class=\"td-post-category\">ACTUALITATE<\/a><span class=\"td-post-author-name\"><a href=\"https:\/\/r3media.ro\/author\/radu_ursan\/\">Radu Ursan<\/a><span>&#8211;<\/span><\/span><span class=\"td-post-date\"><time class=\"entry-date updated td-module-date\" datetime=\"2026-07-30T09:51:48+03:00\">30\/07\/2026<\/time><\/span><\/div>\n<\/div>\n<\/div>\n<\/div>\n<\/div>\n<div class=\"td-block-row\">\n<div class=\"td-block-span6\">\n<div class=\"td_module_8 td_module_wrap\">\n<div class=\"item-details\">\n<h3 class=\"entry-title td-module-title\"><a href=\"https:\/\/r3media.ro\/cornel-nistorescu-drone-razboi-ucraina\/\" rel=\"bookmark\" title=\"Cornel Nistorescu, dup\u0103 incidentele cu drone: Adie a aer de r\u0103zboi. De mirare c\u0103 dronele ucrainene nu au st\u00e2rnit at\u00e2ta t\u0103r\u0103boi\">Cornel Nistorescu, dup\u0103 incidentele cu drone: Adie a aer de r\u0103zboi. De mirare c\u0103&#8230;<\/a><\/h3>\n<div class=\"td-module-meta-info\"><a href=\"https:\/\/r3media.ro\/category\/actualitate\/\" class=\"td-post-category\">ACTUALITATE<\/a><span class=\"td-post-author-name\"><a href=\"https:\/\/r3media.ro\/author\/radu_ursan\/\">Radu Ursan<\/a><span>&#8211;<\/span><\/span><span class=\"td-post-date\"><time class=\"entry-date updated td-module-date\" datetime=\"2026-07-28T10:21:51+03:00\">28\/07\/2026<\/time><\/span><\/div>\n<\/div>\n<\/div>\n<\/div>\n<div class=\"td-block-span6\">\n<div class=\"td_module_8 td_module_wrap\">\n<div class=\"item-details\">\n<h3 class=\"entry-title td-module-title\"><a href=\"https:\/\/r3media.ro\/bnr-recomanda-romani-rezerve-de-cash-atacuri-cibernetice-numerar-relevant-criza\/\" rel=\"bookmark\" title=\"BNR le recomand\u0103 rom\u00e2nilor s\u0103 p\u0103streze rezerve de cash: Numerarul se poate dovedi relevant \u00een criz\u0103\">BNR le recomand\u0103 rom\u00e2nilor s\u0103 p\u0103streze rezerve de cash: Numerarul se poate dovedi relevant&#8230;<\/a><\/h3>\n<div class=\"td-module-meta-info\"><a href=\"https:\/\/r3media.ro\/category\/actualitate\/\" class=\"td-post-category\">ACTUALITATE<\/a><span class=\"td-post-author-name\"><a href=\"https:\/\/r3media.ro\/author\/oana\/\">Oana Ivan<\/a><span>&#8211;<\/span><\/span><span class=\"td-post-date\"><time class=\"entry-date updated td-module-date\" datetime=\"2026-07-27T13:11:47+03:00\">27\/07\/2026<\/time><\/span><\/div>\n<\/div>\n<\/div>\n<\/div>\n<\/div>\n<div class=\"td-block-row\">\n<div class=\"td-block-span6\">\n<div class=\"td_module_8 td_module_wrap\">\n<div class=\"item-details\">\n<h3 class=\"entry-title td-module-title\"><a href=\"https:\/\/r3media.ro\/statul-roman-a-semnat-actul-propriei-disparitii\/\" rel=\"bookmark\" title=\"Statul rom\u00e2n a semnat actul propriei dispari\u021bii?\">Statul rom\u00e2n a semnat actul propriei dispari\u021bii?<\/a><\/h3>\n<div class=\"td-module-meta-info\"><a href=\"https:\/\/r3media.ro\/category\/opinii\/\" class=\"td-post-category\">OPINII<\/a><span class=\"td-post-author-name\"><a href=\"https:\/\/r3media.ro\/author\/gabipopa\/\">Gabriel Popa<\/a><span>&#8211;<\/span><\/span><span class=\"td-post-date\"><time class=\"entry-date updated td-module-date\" datetime=\"2026-07-27T15:07:05+03:00\">27\/07\/2026<\/time><\/span><\/div>\n<\/div>\n<\/div>\n<\/div>\n<div class=\"td-block-span6\">\n<div class=\"td_module_8 td_module_wrap\">\n<div class=\"item-details\">\n<h3 class=\"entry-title td-module-title\"><a href=\"https:\/\/r3media.ro\/prima-oara-istorie-presedintia-document-primplan-patriotism-european\/\" rel=\"bookmark\" title=\"Pentru prima oar\u0103 \u00een istorie, Pre\u0219edin\u021bia Rom\u00e2niei emite un document care pune pe primul plan o alt\u0103 entitate dec\u00e2t \u021bara noastr\u0103: patriotismul european\">Pentru prima oar\u0103 \u00een istorie, Pre\u0219edin\u021bia Rom\u00e2niei emite un document care pune pe primul&#8230;<\/a><\/h3>\n<div class=\"td-module-meta-info\"><a href=\"https:\/\/r3media.ro\/category\/actualitate\/\" class=\"td-post-category\">ACTUALITATE<\/a><span class=\"td-post-author-name\"><a href=\"https:\/\/r3media.ro\/author\/teodor_stan\/\">Teodor Stan<\/a><span>&#8211;<\/span><\/span><span class=\"td-post-date\"><time class=\"entry-date updated td-module-date\" datetime=\"2026-07-26T11:44:31+03:00\">26\/07\/2026<\/time><\/span><\/div>\n<\/div>\n<\/div>\n<\/div>\n<\/div>\n<\/div>\n<div class=\"td-load-more-wrap td-load-more-infinite-wrap\" id=\"infinite-lm-tdi_20\"><a href=\"https:\/\/r3media.ro\/strategia-biodiversitatii-adoptata-30-teritoriu-activitati-economice\/\" class=\"td_ajax_load_more td_ajax_load_more_js\" aria-label=\"\u00cenc\u0103rca\u021bi mai multe\" id=\"next-page-tdi_20\" data-td_block_id=\"tdi_20\">\u00cenc\u0103rca\u021bi mai multe<\/a><\/div>\n<\/div>\n<div class=\"td_block_wrap tdb_single_comments tdi_21 tdb-comm-layout2 td-pb-border-top td_block_template_1\" data-td-block-uid=\"tdi_21\">\n<div class=\"tdb-block-inner td-fix-index\">\n<div class=\"comments\" id=\"comments\">\n<div id=\"respond\" class=\"comment-respond\">\n<h3 id=\"reply-title\" class=\"comment-reply-title\">AI CEVA DE SPUS? <small><a rel=\"nofollow\" id=\"cancel-comment-reply-link\" href=\"https:\/\/r3media.ro\/strategia-biodiversitatii-adoptata-30-teritoriu-activitati-economice\/#respond\">Renun\u021ba\u021bi la r\u0103spuns<\/a><\/small><\/h3>\n<div class=\"comment-form-input-wrap td-form-comment\">\n<div class=\"td-warning-comment\">V\u0103 rug\u0103m s\u0103 introduce\u021bi comentariul dvs.!<\/div>\n<\/div>\n<div class=\"comment-form-input-wrap td-form-author\">\n<div class=\"td-warning-author\">Introduce\u021bi aici numele dvs.<\/div>\n<\/div>\n<div class=\"comment-form-input-wrap td-form-email\">\n<div class=\"td-warning-email-error\">A\u021bi introdus o adres\u0103 de e-mail incorect\u0103!<\/div>\n<div class=\"td-warning-email\">V\u0103 rug\u0103m s\u0103 introduce\u021bi adresa dvs. de e-mail aici<\/div>\n<\/div>\n<\/div>\n<\/div>\n<\/div>\n<\/div>\n<\/div>\n<\/div>\n<div class=\"vc_column tdi_23  wpb_column vc_column_container tdc-column td-pb-span4 td-is-sticky\">\n<div class=\"wpb_wrapper\" data-sticky-enabled-on=\"W3RydWUsdHJ1ZSx0cnVlLHRydWVd\" data-sticky-offset=\"20\" data-sticky-is-width-auto=\"W2ZhbHNlLGZhbHNlLGZhbHNlLGZhbHNlXQ==\">\n<div class=\"wpb_wrapper td_block_wrap vc_widget_sidebar tdi_25 \">\n<div class=\"td_block_wrap td_block_7 td_block_widget tdi_26 td-pb-border-top td_block_template_1 td-column-1 td_block_padding\" data-td-block-uid=\"tdi_26\">\n<div class=\"td-block-title-wrap\">\n<h4 class=\"block-title td-block-title\"><span class=\"td-pulldown-size\">Articole RELA\u021aIONATE<\/span><\/h4>\n<\/div>\n<div id=\"tdi_26\" class=\"td_block_inner\">\n<div class=\"td-block-span12\">\n<div class=\"td_module_6 td_module_wrap td-animation-stack\">\n<div class=\"td-module-thumb\"><a href=\"https:\/\/r3media.ro\/la-mihail-kogalniceanu-apa-segarcea-restrictii\/\" rel=\"bookmark\" class=\"td-image-wrap \" title=\"La Mihail Kog\u0103lniceanu se opre\u0219te apa \u00een timpul nop\u021bii. La Segarcea, restric\u021biile sunt valabile \u0219i ziua\"><img loading=\"lazy\" decoding=\"async\" class=\"entry-thumb\" src=\"https:\/\/r3media.ro\/wp-content\/uploads\/2026\/08\/restrictii-apa-100x70.png\" alt title=\"La Mihail Kog\u0103lniceanu se opre\u0219te apa \u00een timpul nop\u021bii. La Segarcea, restric\u021biile sunt valabile \u0219i ziua\" width=\"100\" height=\"70\"><\/a><\/div>\n<div class=\"item-details\">\n<h3 class=\"entry-title td-module-title\"><a href=\"https:\/\/r3media.ro\/la-mihail-kogalniceanu-apa-segarcea-restrictii\/\" rel=\"bookmark\" title=\"La Mihail Kog\u0103lniceanu se opre\u0219te apa \u00een timpul nop\u021bii. La Segarcea, restric\u021biile sunt valabile \u0219i ziua\">La Mihail Kog\u0103lniceanu se opre\u0219te apa \u00een timpul nop\u021bii. La Segarcea,&#8230;<\/a><\/h3>\n<div class=\"td-module-meta-info\"><span class=\"td-post-date\"><time class=\"entry-date updated td-module-date\" datetime=\"2026-08-04T22:43:07+03:00\">04\/08\/2026<\/time><\/span><\/div>\n<\/div>\n<\/div>\n<\/div>\n<div class=\"td-block-span12\">\n<div class=\"td_module_6 td_module_wrap td-animation-stack\">\n<div class=\"td-module-thumb\"><a href=\"https:\/\/r3media.ro\/5-august-sf-ioan-iacob-hozevitul-de-la-neamt\/\" rel=\"bookmark\" class=\"td-image-wrap \" title=\"Calendarul zilei 5 august: Sf. Ioan Iacob Hozevitul (de la Neam\u021b)\"><img loading=\"lazy\" decoding=\"async\" class=\"entry-thumb\" src=\"https:\/\/r3media.ro\/wp-content\/uploads\/2022\/08\/sf-ioan-iacob-hozevitul-neamt-100x70.jpg\" alt title=\"Calendarul zilei 5 august: Sf. Ioan Iacob Hozevitul (de la Neam\u021b)\" width=\"100\" height=\"70\"><\/a><\/div>\n<div class=\"item-details\">\n<h3 class=\"entry-title td-module-title\"><a href=\"https:\/\/r3media.ro\/5-august-sf-ioan-iacob-hozevitul-de-la-neamt\/\" rel=\"bookmark\" title=\"Calendarul zilei 5 august: Sf. Ioan Iacob Hozevitul (de la Neam\u021b)\">Calendarul zilei 5 august: Sf. Ioan Iacob Hozevitul (de la Neam\u021b)<\/a><\/h3>\n<div class=\"td-module-meta-info\"><span class=\"td-post-date\"><time class=\"entry-date updated td-module-date\" datetime=\"2026-08-04T22:00:04+03:00\">04\/08\/2026<\/time><\/span><\/div>\n<\/div>\n<\/div>\n<\/div>\n<div class=\"td-block-span12\">\n<div class=\"td_module_6 td_module_wrap td-animation-stack\">\n<div class=\"td-module-thumb\"><a href=\"https:\/\/r3media.ro\/show-iluzie-si-realitate-de-la-the-truman-show-la-son-of-a-rich\/\" rel=\"bookmark\" class=\"td-image-wrap \" title=\"Show, iluzie \u0219i realitate: de la The Truman Show la Son of a Rich\"><img loading=\"lazy\" decoding=\"async\" class=\"entry-thumb\" src=\"https:\/\/r3media.ro\/wp-content\/uploads\/2026\/08\/the-truman-show-jim-carrey-100x70.webp\" alt title=\"Show, iluzie \u0219i realitate: de la The Truman Show la Son of a Rich\" width=\"100\" height=\"70\"><\/a><\/div>\n<div class=\"item-details\">\n<h3 class=\"entry-title td-module-title\"><a href=\"https:\/\/r3media.ro\/show-iluzie-si-realitate-de-la-the-truman-show-la-son-of-a-rich\/\" rel=\"bookmark\" title=\"Show, iluzie \u0219i realitate: de la The Truman Show la Son of a Rich\">Show, iluzie \u0219i realitate: de la The Truman Show la Son&#8230;<\/a><\/h3>\n<div class=\"td-module-meta-info\"><span class=\"td-post-date\"><time class=\"entry-date updated td-module-date\" datetime=\"2026-08-04T21:41:25+03:00\">04\/08\/2026<\/time><\/span><\/div>\n<\/div>\n<\/div>\n<\/div>\n<div class=\"td-block-span12\">\n<div class=\"td_module_6 td_module_wrap td-animation-stack\">\n<div class=\"td-module-thumb\"><a href=\"https:\/\/r3media.ro\/uber-introduce-plata-cash-noua-zeelanda-proiect-pilot-companie-acceptare-numerar-clienti\/\" rel=\"bookmark\" class=\"td-image-wrap \" title=\"Uber introduce plata cash \u00een Noua Zeeland\u0103. Un proiect-pilot a ar\u0103tat companiei c\u0103 acceptarea numerarului a adus mai mul\u021bi clien\u021bi\"><img loading=\"lazy\" decoding=\"async\" class=\"entry-thumb\" src=\"https:\/\/r3media.ro\/wp-content\/uploads\/2026\/08\/interior-masina-uber-100x70.jpg\" alt title=\"Uber introduce plata cash \u00een Noua Zeeland\u0103. Un proiect-pilot a ar\u0103tat companiei c\u0103 acceptarea numerarului a adus mai mul\u021bi clien\u021bi\" width=\"100\" height=\"70\"><\/a><\/div>\n<div class=\"item-details\">\n<h3 class=\"entry-title td-module-title\"><a href=\"https:\/\/r3media.ro\/uber-introduce-plata-cash-noua-zeelanda-proiect-pilot-companie-acceptare-numerar-clienti\/\" rel=\"bookmark\" title=\"Uber introduce plata cash \u00een Noua Zeeland\u0103. Un proiect-pilot a ar\u0103tat companiei c\u0103 acceptarea numerarului a adus mai mul\u021bi clien\u021bi\">Uber introduce plata cash \u00een Noua Zeeland\u0103. Un proiect-pilot a ar\u0103tat&#8230;<\/a><\/h3>\n<div class=\"td-module-meta-info\"><span class=\"td-post-date\"><time class=\"entry-date updated td-module-date\" datetime=\"2026-08-04T17:17:05+03:00\">04\/08\/2026<\/time><\/span><\/div>\n<\/div>\n<\/div>\n<\/div>\n<div class=\"td-block-span12\">\n<div class=\"td_module_6 td_module_wrap td-animation-stack\">\n<div class=\"td-module-thumb\"><a href=\"https:\/\/r3media.ro\/ilie-bolojan-dacia-ford-suspendare-productie-economie-energie\/\" rel=\"bookmark\" class=\"td-image-wrap \" title=\"Controvers\u0103: Dacia \u0219i Ford \u00ee\u0219i suspend\u0103 produc\u021bia pentru a face economie la energie sau nu?\"><img loading=\"lazy\" decoding=\"async\" class=\"entry-thumb\" src=\"https:\/\/r3media.ro\/wp-content\/uploads\/2024\/11\/Ilie-Bolojan-100x70.avif\" alt title=\"Controvers\u0103: Dacia \u0219i Ford \u00ee\u0219i suspend\u0103 produc\u021bia pentru a face economie la energie sau nu?\" width=\"100\" height=\"70\"><\/a><\/div>\n<div class=\"item-details\">\n<h3 class=\"entry-title td-module-title\"><a href=\"https:\/\/r3media.ro\/ilie-bolojan-dacia-ford-suspendare-productie-economie-energie\/\" rel=\"bookmark\" title=\"Controvers\u0103: Dacia \u0219i Ford \u00ee\u0219i suspend\u0103 produc\u021bia pentru a face economie la energie sau nu?\">Controvers\u0103: Dacia \u0219i Ford \u00ee\u0219i suspend\u0103 produc\u021bia pentru a face economie&#8230;<\/a><\/h3>\n<div class=\"td-module-meta-info\"><span class=\"td-post-date\"><time class=\"entry-date updated td-module-date\" datetime=\"2026-08-04T16:29:07+03:00\">04\/08\/2026<\/time><\/span><\/div>\n<\/div>\n<\/div>\n<\/div>\n<div class=\"td-block-span12\">\n<div class=\"td_module_6 td_module_wrap td-animation-stack\">\n<div class=\"td-module-thumb\"><a href=\"https:\/\/r3media.ro\/trotinetele-electrice-ravagii-republica-moldova-accidente-conducatori-bauti\/\" rel=\"bookmark\" class=\"td-image-wrap \" title=\"Trotinetele electrice fac ravagii \u00een Republica Moldova: Peste 70 de accidente \u00een 2026 \u0219i sute de conduc\u0103tori prin\u0219i b\u0103u\u021bi\"><img loading=\"lazy\" decoding=\"async\" class=\"entry-thumb\" src=\"https:\/\/r3media.ro\/wp-content\/uploads\/2025\/09\/control-judiciar-trotinetist-100x70.png\" alt title=\"Trotinetele electrice fac ravagii \u00een Republica Moldova: Peste 70 de accidente \u00een 2026 \u0219i sute de conduc\u0103tori prin\u0219i b\u0103u\u021bi\" width=\"100\" height=\"70\"><\/a><\/div>\n<div class=\"item-details\">\n<h3 class=\"entry-title td-module-title\"><a href=\"https:\/\/r3media.ro\/trotinetele-electrice-ravagii-republica-moldova-accidente-conducatori-bauti\/\" rel=\"bookmark\" title=\"Trotinetele electrice fac ravagii \u00een Republica Moldova: Peste 70 de accidente \u00een 2026 \u0219i sute de conduc\u0103tori prin\u0219i b\u0103u\u021bi\">Trotinetele electrice fac ravagii \u00een Republica Moldova: Peste 70 de accidente&#8230;<\/a><\/h3>\n<div class=\"td-module-meta-info\"><span class=\"td-post-date\"><time class=\"entry-date updated td-module-date\" datetime=\"2026-08-04T16:10:50+03:00\">04\/08\/2026<\/time><\/span><\/div>\n<\/div>\n<\/div>\n<\/div>\n<div class=\"td-block-span12\">\n<div class=\"td_module_6 td_module_wrap td-animation-stack\">\n<div class=\"td-module-thumb\"><a href=\"https:\/\/r3media.ro\/romania-consum-energie-electrica-locuitor-ue\/\" rel=\"bookmark\" class=\"td-image-wrap \" title=\"Rom\u00e2nia are cel mai mic consum de energie electric\u0103 pe cap locuitor din Uniunea European\u0103. Influencer: Cum s\u0103 mai economisim, din ce?\"><img loading=\"lazy\" decoding=\"async\" class=\"entry-thumb\" src=\"https:\/\/r3media.ro\/wp-content\/uploads\/2022\/09\/casa-cu-un-bec-100x70.jpg\" alt title=\"Rom\u00e2nia are cel mai mic consum de energie electric\u0103 pe cap locuitor din Uniunea European\u0103. Influencer: Cum s\u0103 mai economisim, din ce?\" width=\"100\" height=\"70\"><\/a><\/div>\n<div class=\"item-details\">\n<h3 class=\"entry-title td-module-title\"><a href=\"https:\/\/r3media.ro\/romania-consum-energie-electrica-locuitor-ue\/\" rel=\"bookmark\" title=\"Rom\u00e2nia are cel mai mic consum de energie electric\u0103 pe cap locuitor din Uniunea European\u0103. Influencer: Cum s\u0103 mai economisim, din ce?\">Rom\u00e2nia are cel mai mic consum de energie electric\u0103 pe cap&#8230;<\/a><\/h3>\n<div class=\"td-module-meta-info\"><span class=\"td-post-date\"><time class=\"entry-date updated td-module-date\" datetime=\"2026-08-04T15:07:49+03:00\">04\/08\/2026<\/time><\/span><\/div>\n<\/div>\n<\/div>\n<\/div>\n<\/div>\n<\/div>\n<aside class=\"td_block_template_1 widget widget_recent_comments\">\n<h4 class=\"block-title\"><span>INTR\u0102 \u00ceN DISCU\u021aIE!<\/span><\/h4>\n<ul id=\"recentcomments\">\n<li class=\"recentcomments\"><span class=\"comment-author-link\">Cristian<\/span> la <a href=\"https:\/\/r3media.ro\/4-august-1919-armata-romana-budapesta\/#comment-40349\">Calendarul zilei: 4 august 1919, cucerirea Budapestei de c\u0103tre Armata Rom\u00e2n\u0103<\/a><\/li>\n<li class=\"recentcomments\"><span class=\"comment-author-link\">Nicu<\/span> la <a href=\"https:\/\/r3media.ro\/ministr-securitate-energetica-marea-britanie-subventii-net-zero-umfla-facturi-cetateni-energie\/#comment-40348\">Ministrul Securit\u0103\u021bii Energetice din Marea Britanie neag\u0103 faptul c\u0103 subven\u021biile Net Zero umfl\u0103 facturile cet\u0103\u021benilor la energie<\/a><\/li>\n<li class=\"recentcomments\"><span class=\"comment-author-link\">Nicu<\/span> la <a href=\"https:\/\/r3media.ro\/sursa-crizei-energetice-radu-miruta-romania-capacitati-carbune-seceta\/#comment-40347\">Sursa crizei energetice. Ministrul Radu Miru\u021b\u0103: Rom\u00e2nia a \u00eenchis capacit\u0103\u021bi de produc\u021bie pe carbune f\u0103r\u0103 s\u0103 pun\u0103 nimic \u00een loc. Nu te po\u021bi ascunde \u00een spatele secetei<\/a><\/li>\n<li class=\"recentcomments\"><span class=\"comment-author-link\">Gavril\u0103 Moldovan<\/span> la <a href=\"https:\/\/r3media.ro\/prima-oara-istorie-presedintia-document-primplan-patriotism-european\/#comment-40346\">Pentru prima oar\u0103 \u00een istorie, Pre\u0219edin\u021bia Rom\u00e2niei emite un document care pune pe primul plan o alt\u0103 entitate dec\u00e2t \u021bara noastr\u0103: patriotismul european<\/a><\/li>\n<li class=\"recentcomments\"><span class=\"comment-author-link\">Redac\u021bia<\/span> la <a href=\"https:\/\/r3media.ro\/statul-roman-a-semnat-actul-propriei-disparitii\/#comment-40345\">Statul rom\u00e2n a semnat actul propriei dispari\u021bii?<\/a><\/li>\n<li class=\"recentcomments\"><span class=\"comment-author-link\">Cet\u0103\u021bean<\/span> la <a href=\"https:\/\/r3media.ro\/sursa-crizei-energetice-radu-miruta-romania-capacitati-carbune-seceta\/#comment-40344\">Sursa crizei energetice. Ministrul Radu Miru\u021b\u0103: Rom\u00e2nia a \u00eenchis capacit\u0103\u021bi de produc\u021bie pe carbune f\u0103r\u0103 s\u0103 pun\u0103 nimic \u00een loc. Nu te po\u021bi ascunde \u00een spatele secetei<\/a><\/li>\n<li class=\"recentcomments\"><span class=\"comment-author-link\"><a href=\"https:\/\/r3media.ro\/statul-roman-a-semnat-actul-propriei-disparitii\/\" class=\"url\" rel=\"ugc\">Stalin<\/a><\/span> la <a href=\"https:\/\/r3media.ro\/statul-roman-a-semnat-actul-propriei-disparitii\/#comment-40343\">Statul rom\u00e2n a semnat actul propriei dispari\u021bii?<\/a><\/li>\n<\/ul>\n<\/aside>\n<aside class=\"td_block_template_1 widget widget_search\">\n<h4 class=\"block-title\"><span>CAUT\u0102 \u0218I VEI G\u0102SI<\/span><\/h4>\n<\/aside>\n<\/div>\n<\/div>\n<\/div>\n<\/div>\n<\/div>\n<\/div>\n<\/div>\n<p><span class=\"td-page-meta\"><\/span><span class=\"td-page-meta\"><span class=\"td-page-meta\"><\/span><\/span><span class=\"td-page-meta\"><\/span><\/article>\n<\/p>\n<div class=\"td_block_wrap tdb_single_content tdi_18 td-pb-border-top td_block_template_1 td-post-content tagdiv-type\" data-td-block-uid=\"tdi_18\">\n<div class=\"tdb-block-inner td-fix-index\">\n<p><strong>Senatul a adoptat mar\u021bi Strategia na\u021bional\u0103 \u0219i Planul de ac\u021biune pentru conservarea biodiversit\u0103\u021bii 2026\u20132030, jalon din Planul Na\u021bional de Redresare \u0219i Rezilien\u021b\u0103, dup\u0103 modificarea unor prevederi privind ariile protejate, proiectele de infrastructur\u0103 \u0219i utilizarea pesticidelor.<\/strong><\/p>\n<p>\u00cen centrul disputei politice se afl\u0103 dou\u0103 procente preluate din documentele europene: 30% din teritoriu inclus \u00een arii naturale protejate \u0219i 10% aflat sub regim de protec\u021bie strict\u0103, p\u00e2n\u0103 \u00een 2030.<\/p>\n<h2><strong>Ce prev\u0103d, de fapt, cele dou\u0103 \u021binte<\/strong><\/h2>\n<p>\u021ainta de 30% se refer\u0103 la includerea suprafe\u021belor \u00een re\u021beaua de arii naturale protejate, nu la interzicerea generalizat\u0103 a activit\u0103\u021bilor economice.<\/p>\n<p>\u00cen ariile protejate aflate sub regim de management activ, agricultura, silvicultura sau turismul r\u0103m\u00e2n permise, \u00een condi\u021biile stabilite prin planurile de management \u0219i prin procedurile de evaluare a impactului asupra mediului.<\/p>\n<p>Regimul restrictiv vizeaz\u0103 cota de 10% cu protec\u021bie strict\u0103, unde interven\u021bia uman\u0103 urmeaz\u0103 s\u0103 fie redus\u0103 la minimum.<\/p>\n<p>Potrivit organiza\u021biilor de mediu, acest obiectiv deriv\u0103 din Strategia UE privind biodiversitatea pentru 2030 \u0219i este legat de jalonul 13.2 din PNRR, viz\u00e2nd \u00een special zonele cu valoare ecologic\u0103 excep\u021bional\u0103, precum p\u0103durile primare \u0219i seculare.<\/p>\n<p>Rom\u00e2nia are deja aproape un sfert din teritoriu declarat arie natural\u0103 protejat\u0103, prin cele 13 parcuri na\u021bionale, 16 parcuri naturale, rezerva\u021biile naturale \u0219i siturile Natura 2000.<\/p>\n<h2><strong>Petri\u0219or Peiu (AUR): un act monstruos<\/strong><\/h2>\n<p>Liderul senatorilor AUR, Petri\u0219or Peiu, a acuzat dur actul normativ al coali\u021biei, pe care l-a numit \u201emonstruos\u201d.<\/p>\n<p>\u201eDe ce este acesta un act monstruos? Pentru c\u0103 adoptarea strategiilor de ramur\u0103 este apanajul strict al Guvernului, fiind un instrument de planificare pe termen mediu (mai mic de 5 ani). Ori, a\u0219a cum Guvernul este criticat pentru c\u0103 legifereaz\u0103 \u00een loc s\u0103 lase Parlamentul s\u0103 o fac\u0103, a\u0219a este \u0219i Parlamentul de criticat c\u00e2nd intr\u0103 peste atribu\u021biile Guvernului.<\/p>\n<p>Deci, o strategie adoptat\u0103 prin lege, nu prin hot\u0103r\u00e2re de Guvern, este o abomina\u021bie legislativ\u0103, remarcat\u0103 chiar \u0219i de Consiliul Legislativ.<\/p>\n<p>\u00cen al doilea r\u00e2nd, aceast\u0103 strategie nu este un act \u00eentocmit de autorul proiectului de lege (deputata Diana Buzoianu), ci un studiu \u00eentocmit de trei firme: PRO BIODIVERSITAS S.R.L., Societatea Ornitologic\u0103 Rom\u00e2n\u0103 \u0219i M&amp;S ECOPROJECT S.R.L.<\/p>\n<p>Ar fi pentru prima dat\u0103 \u00een istorie c\u00e2nd un parlament na\u021bional adopt\u0103, prin lege, un studiu f\u0103cut de ni\u0219te firme private.<\/p>\n<p>Dar haide\u021bi s\u0103 vedem \u0219i ce con\u021bine respectiva strategie \u0219i de ce este de neadmis:<\/p>\n<p>* strategia identific\u0103 agricultura ca reprezent\u00e2nd principalul pericol la adresa biodiversit\u0103\u021bii, o mistificare periculoas\u0103 prin consecin\u021bele sale;<br \/>\n* strategia impune cre\u0219terea cu 16% a suprafe\u021belor protejate, adic\u0103 a zonelor unde nu se pot realiza lucr\u0103ri energetice sau de infrastructur\u0103;<br \/>\n* practic, dup\u0103 adoptarea strategiei, 30% din teritoriul \u021b\u0103rii va fi interzis pentru activit\u0103\u021bi economice;<br \/>\n* strategia mai impune \u0219i interzicerea hidrocentralelor, a acumul\u0103rilor \u0219i a re\u021belelor de linii electrice \u00een zone \u00eenc\u0103 nespecificate;<br \/>\n* strategia va face extrem de dificil\u0103, dac\u0103 nu imposibil\u0103, amplasarea de turbine eoliene \u00een Marea Neagr\u0103.\u201d<\/p>\n<h2><strong>Pozi\u021bia PSD: \u021binta ar fi global\u0103, nu na\u021bional\u0103<\/strong><\/h2>\n<p>Liderul senatorilor PSD, Daniel Zamfir, a sus\u021binut c\u0103 amendamentele au reechilibrat documentul \u00eentre obiectivele de mediu \u0219i proiectele de infrastructur\u0103, invoc\u00e2nd dificult\u0103\u021bile \u00eent\u00e2mpinate \u00een construc\u021bia hidrocentralelor.<\/p>\n<p>El a afirmat c\u0103 \u021binta de 30% arii protejate p\u00e2n\u0103 \u00een 2030, la fel ca cea privind restaurarea ecosistemelor degradate, este una global\u0103, iar Rom\u00e2nia nu trebuie s\u0103 o ating\u0103 individual.<\/p>\n<p>Zamfir s-a opus \u0219i transform\u0103rii a circa 75% din suprafa\u021ba unor parcuri na\u021bionale \u00een zone de protec\u021bie strict\u0103, ar\u0103t\u00e2nd c\u0103 \u00een perimetrele ariilor protejate figureaz\u0103 inclusiv zone locuite.<\/p>\n<p>Pozi\u021bia sa a fost c\u0103 \u201eprioritar este ca Rom\u00e2nia s\u0103 se dezvolte\u201d.<\/p>\n<p>Senatorii PSD, care contestaser\u0103 ini\u021bial documentul, au votat forma amendat\u0103 al\u0103turi de cei ai USR, PNL \u0219i UDMR.<\/p>\n<h2><strong>Ministerul Mediului: amendamente \u201eabsolut aberante\u201d<\/strong><\/h2>\n<p>Ministrul interimar al mediului, Diana Buzoianu, a calificat drept \u201eabsolut aberante\u201d o parte dintre amendamentele adoptate, sus\u021bin\u00e2nd c\u0103 modific\u0103 angajamente asumate de Rom\u00e2nia la nivel european.<\/p>\n<p>Ea a precizat c\u0103 peste 100 de amendamente au fost depuse de AUR \u0219i PSD cu pu\u021bin timp \u00eenaintea dezbaterii \u00een comisii.<\/p>\n<p>Buzoianu a ar\u0103tat c\u0103 nu exist\u0103 sanc\u021biuni directe pentru ne\u00eendeplinirea \u021bintei, dar a avertizat c\u0103 modific\u0103rile pot pune \u00een pericol tran\u0219a de aproximativ un miliard de euro din PNRR condi\u021bionat\u0103 de acest jalon.<\/p>\n<p>Ministra a criticat \u0219i eliminarea prevederii privind auditul modului \u00een care au fost administrate parcurile na\u021bionale \u0219i rezerva\u021biile, anun\u021b\u00e2nd c\u0103 USR va \u00eencerca modificarea textului la Camera Deputa\u021bilor.<\/p>\n<div class=\"crp_related     crp-masonry\">\n<h2>\u00ceN CONTEXT<\/h2>\n<ul>\n<li><a href=\"https:\/\/r3media.ro\/fara-tine-in-google-r3media-dispare-iata-ce-poti-face-in-10-secunde\/\" class=\"crp_link post-119031\"><span class=\"crp_title\">F\u0103r\u0103 tine \u00een Google, R3media dispare. Iat\u0103 ce po\u021bi face \u00een 10 secunde<\/span><\/a><\/li>\n<li><a href=\"https:\/\/r3media.ro\/puterea-mitologica-instalata-a-romaniei\/\" class=\"crp_link post-120710\"><span class=\"crp_title\">Puterea mitologic\u0103 instalat\u0103 a Rom\u00e2niei<\/span><\/a><\/li>\n<li><a href=\"https:\/\/r3media.ro\/orwell-era-mic-copil-statul-roman-implementeaza-un-sistem-prin-care-va-va-urmari-masina-din-momentul-in-care-pleaca-din-fata-casei\/\" class=\"crp_link post-112432\"><span class=\"crp_title\">Orwell era mic copil: statul rom\u00e2n implementeaz\u0103 un sistem prin care v\u0103 va urm\u0103ri ma\u0219ina din\u2026<\/span><\/a><\/li>\n<li><a href=\"https:\/\/r3media.ro\/incendiu-puternic-cernobil-ucraina-nor-de-fum-nu-afecteaza-romania-transmit-autoritatile\/\" class=\"crp_link post-116082\"><span class=\"crp_title\">Incendiu puternic la Cernob\u00eel: Norul de fum nu afecteaz\u0103 Rom\u00e2nia, transmit autorit\u0103\u021bile<\/span><\/a><\/li>\n<li><a href=\"https:\/\/r3media.ro\/dan-sucu-tun-bani-romani-vandut-suprapret-mobilier-scoli-pnrr-spaima-oameni-calin-georgescu\/\" class=\"crp_link post-112561\"><span class=\"crp_title\">Dan \u0218ucu a dat un tun din banii rom\u00e2nilor: Omul de afaceri a primit un contract prin PNRR \u0219i\u2026<\/span><\/a><\/li>\n<li><a href=\"https:\/\/r3media.ro\/primaria-sectorului-5-icoane-pnrr-secularism\/\" class=\"crp_link post-118276\"><span class=\"crp_title\">Prim\u0103ria Sectorului 5 a achizi\u021bionat 60 de icoane prin PNRR, acuz\u0103 seculari\u0219tii<\/span><\/a><\/li>\n<li><a href=\"https:\/\/r3media.ro\/jurnalist-imprumut-safe-autostrazi-moldova-ucraina-spitale-neterminate\/\" class=\"crp_link post-116968\"><span class=\"crp_title\">Jurnalist: Vor s\u0103 ne \u00eemprumut\u0103m prin SAFE pentru autostr\u0103zile spre Moldova \u0219i Ucraina, dar\u2026<\/span><\/a><\/li>\n<li><a href=\"https:\/\/r3media.ro\/ionut-popescu-guvern-masuri\/\" class=\"crp_link post-119627\"><span class=\"crp_title\">Ionu\u021b Popescu: Orice guvern va veni, \u00een orice formul\u0103 de partide, va trebui s\u0103 ia m\u0103suri\u2026<\/span><\/a><\/li>\n<\/ul>\n<\/div>\n<\/div>\n<\/div>\n<p>[analyse_source url=&#8221;https:\/\/r3media.ro\/strategia-biodiversitatii-adoptata-30-teritoriu-activitati-economice\/&#8221;]<\/p>\n","protected":false},"excerpt":{"rendered":"<p>[analyse_image type=&#8221;featured&#8221; src=&#8221;https:\/\/r3media.ro\/wp-content\/uploads\/2020\/09\/teren-agricol-economica.jpghttps:\/\/r3media.ro\/wp-content\/uploads\/2020\/09\/teren-agricol-economica.jpg&#8221;] ECONOMIEAGRICULTUR\u0102Strategia biodiversit\u0103\u021bii, adoptat\u0103 de Senat dup\u0103 amendamente. Disputa se poart\u0103 pe \u021bintele&#8230; ECONOMIEAGRICULTUR\u0102FEATURED\u0218TIRI Strategia biodiversit\u0103\u021bii, adoptat\u0103 de Senat dup\u0103 amendamente. Disputa se poart\u0103 pe \u021bintele de 30% \u0219i 10% din teritoriu exclus activit\u0103\u021bilor economice Teodor Stan 04\/08\/2026 Senatul a adoptat mar\u021bi Strategia na\u021bional\u0103 \u0219i Planul de ac\u021biune pentru conservarea biodiversit\u0103\u021bii 2026\u20132030, jalon [&hellip;]<\/p>\n","protected":false},"author":1,"featured_media":0,"comment_status":"open","ping_status":"","sticky":false,"template":"","format":"standard","meta":{"footnotes":""},"categories":[89],"tags":[226,93],"class_list":["post-2077590","post","type-post","status-publish","format-standard","hentry","category-romania","tag-crawlmanager","tag-r3media-ro"],"_links":{"self":[{"href":"https:\/\/analyse.optim.biz\/index.php?rest_route=\/wp\/v2\/posts\/2077590","targetHints":{"allow":["GET"]}}],"collection":[{"href":"https:\/\/analyse.optim.biz\/index.php?rest_route=\/wp\/v2\/posts"}],"about":[{"href":"https:\/\/analyse.optim.biz\/index.php?rest_route=\/wp\/v2\/types\/post"}],"author":[{"embeddable":true,"href":"https:\/\/analyse.optim.biz\/index.php?rest_route=\/wp\/v2\/users\/1"}],"replies":[{"embeddable":true,"href":"https:\/\/analyse.optim.biz\/index.php?rest_route=%2Fwp%2Fv2%2Fcomments&post=2077590"}],"version-history":[{"count":0,"href":"https:\/\/analyse.optim.biz\/index.php?rest_route=\/wp\/v2\/posts\/2077590\/revisions"}],"wp:attachment":[{"href":"https:\/\/analyse.optim.biz\/index.php?rest_route=%2Fwp%2Fv2%2Fmedia&parent=2077590"}],"wp:term":[{"taxonomy":"category","embeddable":true,"href":"https:\/\/analyse.optim.biz\/index.php?rest_route=%2Fwp%2Fv2%2Fcategories&post=2077590"},{"taxonomy":"post_tag","embeddable":true,"href":"https:\/\/analyse.optim.biz\/index.php?rest_route=%2Fwp%2Fv2%2Ftags&post=2077590"}],"curies":[{"name":"wp","href":"https:\/\/api.w.org\/{rel}","templated":true}]}}