{"id":2077575,"date":"2026-08-04T10:27:11","date_gmt":"2026-08-04T07:27:11","guid":{"rendered":"https:\/\/analyse.optim.biz\/?p=2077575"},"modified":"2026-08-04T10:27:11","modified_gmt":"2026-08-04T07:27:11","slug":"romeo-lungu-propune-solutii-in-fata-riscurilor-energetice-nu-inchidem-nicio-capacitate-care-inca-poate-produce","status":"publish","type":"post","link":"https:\/\/analyse.optim.biz\/?p=2077575","title":{"rendered":"Romeo Lungu propune solu\u021bii \u00een fa\u021ba riscurilor energetice: \u201eNu \u00eenchidem nicio capacitate care \u00eenc\u0103 poate produce\u201d"},"content":{"rendered":"<p>[analyse_image type=&#8221;featured&#8221; src=&#8221;https:\/\/gazetabuzoiana.ro\/wp-content\/uploads\/2026\/03\/romeo.jpg&#8221;]<\/p>\n<div class=\"entry-content entry clearfix\">\n<p class=\"wp-block-paragraph\">Pre\u0219edintele PSD Buz\u0103u, Romeo Lungu, atrage aten\u021bia asupra situa\u021biei energetice a Rom\u00e2niei \u0219i sus\u021bine c\u0103, \u00een actualul context, autorit\u0103\u021bile trebuie s\u0103 p\u0103streze disponibile toate capacit\u0103\u021bile de produc\u021bie care pot contribui la func\u021bionarea sistemului, p\u00e2n\u0103 c\u00e2nd noile investi\u021bii energetice vor deveni opera\u021bionale.<\/p>\n<p class=\"wp-block-paragraph\">\u00centr-o postare publicat\u0103 pe Facebook, Romeo Lungu invoc\u0103 debitul foarte sc\u0103zut al Dun\u0103rii \u0219i efectele acestuia asupra produc\u021biei hidro, avertiz\u00e2nd c\u0103 situa\u021bia ar putea crea dificult\u0103\u021bi inclusiv \u00een ceea ce prive\u0219te func\u021bionarea Centralei Nuclearoelectrice de la Cernavod\u0103.<\/p>\n<p class=\"wp-block-paragraph\">\u00cen opinia liderului PSD Buz\u0103u, este nevoie de identificarea urgent\u0103 a unor solu\u021bii tehnice prin care debitul disponibil s\u0103 poat\u0103 fi utilizat la maximum, \u00een condi\u021bii de siguran\u021b\u0103, concomitent cu valorificarea tuturor capacit\u0103\u021bilor care pot produce energie.<\/p>\n<p class=\"wp-block-paragraph\"><strong><mark class=\"has-inline-color has-vivid-red-color\">\u201eRom\u00e2nia este \u00eentr-o situa\u021bie periculoas\u0103 din punct de vedere energetic. Debitul Dun\u0103rii este foarte sc\u0103zut. Produc\u021bia hidro este afectat\u0103, iar problemele pot ajunge \u0219i la Cernavod\u0103\u201d<\/mark><\/strong>, afirm\u0103 Romeo Lungu.<\/p>\n<h3 class=\"wp-block-heading\">Romeo Lungu: Capacit\u0103\u021bile existente nu trebuie \u00eenchise \u00eenainte ca noile investi\u021bii s\u0103 fie gata<\/h3>\n<p class=\"wp-block-paragraph\">Principala solu\u021bie indicat\u0103 de liderul PSD Buz\u0103u este men\u021binerea capacit\u0103\u021bilor energetice existente at\u00e2t timp c\u00e2t acestea mai pot produce, cel pu\u021bin p\u00e2n\u0103 c\u00e2nd investi\u021biile care ar urma s\u0103 le \u00eenlocuiasc\u0103 vor deveni func\u021bionale.<\/p>\n<p class=\"wp-block-paragraph\">\u00cen acest context, Romeo Lungu vorbe\u0219te explicit despre grupurile energetice de la Turceni \u0219i Rovinari, despre care spune c\u0103 trebuie p\u0103strate \u0219i, dac\u0103 situa\u021bia sistemului energetic o va impune, repornite.<\/p>\n<p class=\"wp-block-paragraph\"><strong><mark class=\"has-inline-color has-vivid-red-color\">\u201eSolu\u021bia este clar\u0103. Nu \u00eenchidem nicio capacitate care \u00eenc\u0103 poate produce p\u00e2n\u0103 c\u00e2nd noile investi\u021bii nu sunt gata. Grupurile de la Turceni \u0219i Rovinari trebuie p\u0103strate \u0219i repornite dac\u0103 situa\u021bia o cere\u201d<\/mark><\/strong>, sus\u021bine pre\u0219edintele PSD Buz\u0103u.<\/p>\n<h1 class=\"wp-block-heading\">Critici la adresa USR<\/h1>\n<p class=\"wp-block-paragraph\">\u00cen aceea\u0219i postare, Romeo Lungu critic\u0103 politica sus\u021binut\u0103 \u00een ultimii ani de USR \u00een domeniul energetic. Liderul social-democrat acuz\u0103 partidul c\u0103 a sus\u021binut \u00eenchiderea centralelor pe c\u0103rbune \u0219i c\u0103 s-a opus unor proiecte energetice pe care acesta le consider\u0103 utile, inclusiv unor investi\u021bii din jude\u021bul Buz\u0103u.<\/p>\n<p class=\"wp-block-paragraph\"><strong><mark class=\"has-inline-color has-vivid-red-color\">\u201eAu vrut s\u0103 \u00eenchid\u0103 \u0219i s\u0103 opreasc\u0103 tot, f\u0103r\u0103 s\u0103 se \u00eentrebe ce punem \u00een loc\u201d<\/mark><\/strong>, afirm\u0103 Romeo Lungu.<\/p>\n<p class=\"wp-block-paragraph\">Liderul PSD Buz\u0103u leag\u0103 actualele dificult\u0103\u021bi de necesitatea p\u0103str\u0103rii unui echilibru \u00eentre tranzi\u021bia c\u0103tre noi surse de energie \u0219i siguran\u021ba sistemului na\u021bional. \u00cen opinia sa, Rom\u00e2nia nu ar trebui s\u0103 renun\u021be la capacit\u0103\u021bi de produc\u021bie \u00eenainte de a avea alternative func\u021bionale care s\u0103 le poat\u0103 \u00eenlocui.<\/p>\n<p class=\"wp-block-paragraph\">Romeo Lungu avertizeaz\u0103 inclusiv asupra posibilit\u0103\u021bii ca, \u00een cazul agrav\u0103rii situa\u021biei, s\u0103 reapar\u0103 discu\u021biile despre reducerea consumului \u0219i stingerea iluminatului.<\/p>\n<p class=\"wp-block-paragraph\"><strong><mark class=\"has-inline-color has-vivid-red-color\">\u201eIat\u0103 unde am ajuns: risc\u0103m s\u0103 vorbim din nou despre stingerea luminilor, ca \u00een vremuri de mult apuse\u201d<\/mark><\/strong>, transmite acesta.<\/p>\n<p class=\"wp-block-paragraph\">Pre\u0219edintele PSD Buz\u0103u sus\u021bine, \u00een final, c\u0103 deciziile privind produc\u021bia de energie trebuie fundamentate \u00een primul r\u00e2nd pe necesitatea asigur\u0103rii stabilit\u0103\u021bii sistemului \u0219i a aliment\u0103rii popula\u021biei.<\/p>\n<p class=\"wp-block-paragraph\"><strong><mark class=\"has-inline-color has-vivid-red-color\">\u201eSistemul energetic al unei \u021b\u0103ri nu poate fi pus \u00een pericol de lozinci, improviza\u021bii \u0219i activism. Deciziile trebuie luate responsabil, cu g\u00e2ndul la siguran\u021ba rom\u00e2nilor\u201d<\/mark><\/strong>, concluzioneaz\u0103 Romeo Lungu.<\/p>\n<div class=\"post-bottom-meta post-bottom-tags post-tags-modern\">\n<div class=\"post-bottom-meta-title\"> Etichete<\/div>\n<p><span class=\"tagcloud\"><a href=\"https:\/\/gazetabuzoiana.ro\/tag\/capacitati-energetice\/\" rel=\"tag\">capacit\u0103\u021bi energetice<\/a><a href=\"https:\/\/gazetabuzoiana.ro\/tag\/centrala-cernavoda\/\" rel=\"tag\">centrala Cernavod\u0103<\/a><a href=\"https:\/\/gazetabuzoiana.ro\/tag\/centrale-pe-carbune\/\" rel=\"tag\">centrale pe c\u0103rbune<\/a><a href=\"https:\/\/gazetabuzoiana.ro\/tag\/cernavoda\/\" rel=\"tag\">Cernavod\u0103<\/a><a href=\"https:\/\/gazetabuzoiana.ro\/tag\/criza-energetica\/\" rel=\"tag\">criz\u0103 energetic\u0103<\/a><a href=\"https:\/\/gazetabuzoiana.ro\/tag\/debitul-dunarii\/\" rel=\"tag\">debitul Dun\u0103rii<\/a><a href=\"https:\/\/gazetabuzoiana.ro\/tag\/energie-romania\/\" rel=\"tag\">energie Rom\u00e2nia<\/a><a href=\"https:\/\/gazetabuzoiana.ro\/tag\/hidroenergie\/\" rel=\"tag\">hidroenergie<\/a><a href=\"https:\/\/gazetabuzoiana.ro\/tag\/productie-hidro\/\" rel=\"tag\">produc\u021bie hidro<\/a><a href=\"https:\/\/gazetabuzoiana.ro\/tag\/psd-buzau\/\" rel=\"tag\">psd buz\u0103u<\/a><a href=\"https:\/\/gazetabuzoiana.ro\/tag\/romeo-lungu\/\" rel=\"tag\">romeo lungu<\/a><a href=\"https:\/\/gazetabuzoiana.ro\/tag\/rovinari\/\" rel=\"tag\">Rovinari<\/a><a href=\"https:\/\/gazetabuzoiana.ro\/tag\/securitate-energetica\/\" rel=\"tag\">securitate energetic\u0103<\/a><a href=\"https:\/\/gazetabuzoiana.ro\/tag\/sistem-energetic\/\" rel=\"tag\">sistem energetic<\/a><a href=\"https:\/\/gazetabuzoiana.ro\/tag\/turceni\/\" rel=\"tag\">Turceni<\/a><a href=\"https:\/\/gazetabuzoiana.ro\/tag\/usr\/\" rel=\"tag\">USR<\/a><\/span><\/div>\n<\/div>\n<p>[analyse_source url=&#8221;https:\/\/gazetabuzoiana.ro\/2026\/08\/04\/romeo-lungu-propune-solutii-in-fata-riscurilor-energetice-nu-inchidem-nicio-capacitate-care-inca-poate-produce\/&#8221;]<\/p>\n","protected":false},"excerpt":{"rendered":"<p>[analyse_image type=&#8221;featured&#8221; src=&#8221;https:\/\/gazetabuzoiana.ro\/wp-content\/uploads\/2026\/03\/romeo.jpg&#8221;] Pre\u0219edintele PSD Buz\u0103u, Romeo Lungu, atrage aten\u021bia asupra situa\u021biei energetice a Rom\u00e2niei \u0219i sus\u021bine c\u0103, \u00een actualul context, autorit\u0103\u021bile trebuie s\u0103 p\u0103streze disponibile toate capacit\u0103\u021bile de produc\u021bie care pot contribui la func\u021bionarea sistemului, p\u00e2n\u0103 c\u00e2nd noile investi\u021bii energetice vor deveni opera\u021bionale. \u00centr-o postare publicat\u0103 pe Facebook, Romeo Lungu invoc\u0103 debitul foarte sc\u0103zut [&hellip;]<\/p>\n","protected":false},"author":1,"featured_media":0,"comment_status":"open","ping_status":"","sticky":false,"template":"","format":"standard","meta":{"footnotes":""},"categories":[2],"tags":[226,38],"class_list":["post-2077575","post","type-post","status-publish","format-standard","hentry","category-politics","tag-crawlmanager","tag-gazetabuzoiana-ro"],"_links":{"self":[{"href":"https:\/\/analyse.optim.biz\/index.php?rest_route=\/wp\/v2\/posts\/2077575","targetHints":{"allow":["GET"]}}],"collection":[{"href":"https:\/\/analyse.optim.biz\/index.php?rest_route=\/wp\/v2\/posts"}],"about":[{"href":"https:\/\/analyse.optim.biz\/index.php?rest_route=\/wp\/v2\/types\/post"}],"author":[{"embeddable":true,"href":"https:\/\/analyse.optim.biz\/index.php?rest_route=\/wp\/v2\/users\/1"}],"replies":[{"embeddable":true,"href":"https:\/\/analyse.optim.biz\/index.php?rest_route=%2Fwp%2Fv2%2Fcomments&post=2077575"}],"version-history":[{"count":0,"href":"https:\/\/analyse.optim.biz\/index.php?rest_route=\/wp\/v2\/posts\/2077575\/revisions"}],"wp:attachment":[{"href":"https:\/\/analyse.optim.biz\/index.php?rest_route=%2Fwp%2Fv2%2Fmedia&parent=2077575"}],"wp:term":[{"taxonomy":"category","embeddable":true,"href":"https:\/\/analyse.optim.biz\/index.php?rest_route=%2Fwp%2Fv2%2Fcategories&post=2077575"},{"taxonomy":"post_tag","embeddable":true,"href":"https:\/\/analyse.optim.biz\/index.php?rest_route=%2Fwp%2Fv2%2Ftags&post=2077575"}],"curies":[{"name":"wp","href":"https:\/\/api.w.org\/{rel}","templated":true}]}}