{"id":2077477,"date":"2026-08-04T16:55:41","date_gmt":"2026-08-04T13:55:41","guid":{"rendered":"https:\/\/analyse.optim.biz\/?p=2077477"},"modified":"2026-08-04T16:55:41","modified_gmt":"2026-08-04T13:55:41","slug":"o-gura-de-aer-pentru-cet-govora-senatul-a-votat-continuarea-productiei-pana-la-aparitia-unei-alternative","status":"publish","type":"post","link":"https:\/\/analyse.optim.biz\/?p=2077477","title":{"rendered":"O gur\u0103 de aer pentru CET Govora: Senatul a votat continuarea produc\u021biei p\u00e2n\u0103 la apari\u021bia unei alternative"},"content":{"rendered":"<p>[analyse_image type=&#8221;featured&#8221; src=&#8221;https:\/\/www.impactreal.ro\/wp-content\/uploads\/2026\/08\/ANDRA-BICA-a4a9f2645afa.jpg&#8221;]<\/p>\n<div class=\"single-news-content\">\n<div class=\"news-image\"><img loading=\"lazy\" decoding=\"async\" width=\"2048\" height=\"1783\" src=\"https:\/\/www.impactreal.ro\/wp-content\/uploads\/2026\/08\/ANDRA-BICA-a4a9f2645afa.jpg\" class=\"img-responsive wp-post-image\" alt=\"O gur\u0103 de aer pentru CET Govora: Senatul a votat continuarea produc\u021biei p\u00e2n\u0103 la apari\u021bia unei alternative\"><\/div>\n<div class=\"news-detail clearfix\">\n<div class=\"entry-meta\"><span class=\"posted-date\"><a href=\"https:\/\/www.impactreal.ro\/2026\/08\/04\/o-gura-de-aer-pentru-cet-govora-senatul-a-votat-continuarea-productiei-pana-la-aparitia-unei-alternative\/\" rel=\"bookmark\"><time class=\"entry-date published\" datetime=\"2026-08-04T19:55:41+03:00\">4 august 2026<\/time><time class=\"updated\" datetime=\"2026-08-04T19:58:39+03:00\">4 august 2026<\/time><\/a><\/span><span class=\"author vcard\"><a href=\"https:\/\/www.impactreal.ro\/author\/claudia-schiopu\/\">Claudia Schiopu<\/a><\/span><span class=\"cat-links\"><a href=\"https:\/\/www.impactreal.ro\/category\/1slider\/\" rel=\"category tag\">1Slider<\/a><a href=\"https:\/\/www.impactreal.ro\/category\/actualitate\/\" rel=\"category tag\">Actual<\/a><a href=\"https:\/\/www.impactreal.ro\/category\/local\/\" rel=\"category tag\">Local<\/a><\/span><\/div>\n<div class=\"news-content editor-content-entry\">\n<p>CET Govora nu ar mai trebui oprit\u0103 \u00eenainte ca o nou\u0103 capacitate s\u0103 poat\u0103 prelua produc\u021bia de energie electric\u0103 \u0219i termic\u0103. Prevederea face parte din proiectul adoptat mar\u021bi, 4 august, de Senat. Actul nu este \u00eenc\u0103 \u00een vigoare \u0219i urmeaz\u0103 s\u0103 fie dezb\u0103tut din nou de Camera Deputa\u021bilor.<\/p>\n<p><strong>Vot pentru continuarea activit\u0103\u021bii<\/strong><\/p>\n<p>Senatul a adoptat proiectul L324\/2026, care modific\u0103 Ordonan\u021ba de Urgen\u021b\u0103 nr. 108\/2022 privind decarbonizarea sectorului energetic. Noua form\u0103 prevede c\u0103 grupurile pe c\u0103rbune pot fi scoase din func\u021biune numai dup\u0103 construirea \u0219i pornirea unor capacit\u0103\u021bi care s\u0103 le \u00eenlocuiasc\u0103.<\/p>\n<p>Pentru centralele care produc \u0219i energie termic\u0103, alternativa trebuie s\u0103 poat\u0103 asigura f\u0103r\u0103 \u00eentreruperi c\u0103ldura furnizat\u0103 prin sistemul centralizat. Sunt luate \u00een calcul \u0219i nevoile consumatorilor industriali.<\/p>\n<p>Proiectul a primit 73 de voturi pentru, niciun vot \u00eempotriv\u0103 \u0219i 41 de ab\u021bineri. Senatorii PSD \u0219i AUR au votat pentru, al\u0103turi de reprezentan\u021bii PIR \u0219i mai mul\u021bi senatori neafilia\u021bi. PNL \u0219i USR s-au ab\u021binut. Din grupul UDMR, un senator s-a ab\u021binut, ceilal\u021bi opt prezen\u021bi nu au votat. Rezultatul complet poate fi consultat pe site-ul Senatului.<\/p>\n<p><strong><u>Andra Bic\u0103 anun\u021b\u0103 rezultatul<\/u><\/strong><\/p>\n<p>Senatorul PSD de V\u00e2lcea Andra Bic\u0103 a anun\u021bat mar\u021bi, pe pagina sa de Facebook, c\u0103 votul ofer\u0103 CET Govora posibilitatea de a func\u021biona p\u00e2n\u0103 c\u00e2nd va exista o alternativ\u0103 real\u0103.<\/p>\n<p>Aceasta a legat rezultatul de demersurile f\u0103cute de pre\u0219edintele Consiliului Jude\u021bean V\u00e2lcea, Constantin R\u0103dulescu, pentru continuarea activit\u0103\u021bii centralei.<\/p>\n<p>\u201e<strong><em>Acest rezultat este rodul demersurilor sus\u021binute f\u0103cute de pre\u0219edintele Consiliului Jude\u021bean V\u00e2lcea, Constantin R\u0103dulescu, care a ap\u0103rat constant interesele jude\u021bului \u0219i a sus\u021binut salvarea CET Govora<\/em><\/strong>\u201d, a transmis Andra Bic\u0103.<\/p>\n<p>Potrivit senatorului, miza o reprezint\u0103 p\u0103strarea locurilor de munc\u0103, activitatea carierelor de la Berbe\u0219ti \u0219i Alunu \u0219i protejarea economiei jude\u021bului.<\/p>\n<p><strong>R\u0103dulescu a cerut men\u021binerea centralelor<\/strong><\/p>\n<p>Constantin R\u0103dulescu s-a opus public opririi CET Govora la 31 august 2026, \u00eenainte ca noua central\u0103 pe gaz s\u0103 poat\u0103 prelua produc\u021bia necesar\u0103 jude\u021bului.<\/p>\n<p>\u201e<strong><em><u>P\u0103i \u0219i de ce \u00eenchide\u021bi industria de c\u0103rbune?!<\/u><\/em><\/strong><\/p>\n<p><strong><em><u>CET-urile nu asigur\u0103 cumva aproximativ 30% din energia electric\u0103 a \u021b\u0103rii?!<\/u><\/em><\/strong><\/p>\n<p><strong><em><u>Ce e mai important?! Ni\u0219te euro de la UE sau siguran\u021ba energetic\u0103 a \u021b\u0103rii?!<\/u><\/em><\/strong><\/p>\n<p><strong><em><u>Oamenii trebuie proteja\u021bi! Dar\u2026 cine s\u0103 ne aud\u0103<\/u><\/em><\/strong>?!\u201d, a transmis Constantin R\u0103dulescu pe Facebook.<\/p>\n<p>Pre\u0219edintele Consiliului Jude\u021bean sus\u021bine c\u0103 oprirea gr\u0103bit\u0103 a centralelor poate duce la importuri de energie mai scumpe, pl\u0103tite din bani publici. Pentru V\u00e2lcea, \u00eenchiderea CET Govora \u00eenainte de finalizarea alternativei ar afecta angaja\u021bii, minerii \u0219i furnizarea c\u0103ldurii \u00een R\u00e2mnicu V\u00e2lcea.<\/p>\n<p><strong><u>Proiectul nu este \u00eenc\u0103 lege<\/u><\/strong><\/p>\n<p class=\"PDq2pG_selectionAnchorContainer\" data-start=\"170\" data-end=\"399\">Ini\u021biativa L324\/2026 a fost adoptat\u0103 de Senat pe 4 august, \u00eens\u0103 procedura parlamentar\u0103 nu s-a \u00eencheiat. Documentul a fost trimis Camerei Deputa\u021bilor pentru analizarea prevederilor asupra c\u0103rora aceasta are competen\u021b\u0103 decizional\u0103.<\/p>\n<p data-start=\"401\" data-end=\"615\">Legea va putea fi aplicat\u0103 numai dup\u0103 \u00eencheierea procedurii parlamentare, promulgarea de c\u0103tre pre\u0219edintele Rom\u00e2niei \u0219i publicarea \u00een Monitorul Oficial. P\u00e2n\u0103 atunci, modific\u0103rile votate de Senat nu sunt \u00een vigoare.<\/p>\n<p data-start=\"617\" data-end=\"738\">Parcursul ini\u021biativei poate fi urm\u0103rit pe <a class=\"decorated-link\" href=\"https:\/\/www.senat.ro\/Legis\/Lista.aspx?cod=27729&amp;utm_source=chatgpt.com\" target=\"_new\" rel=\"noopener\" data-start=\"659\" data-end=\"737\">pagina oficial\u0103 a Senatului \u00a0<\/a>:\u00a0 https:\/\/www.senat.ro\/Legis\/Lista.aspx?cod=27729&amp;utm_source=chatgpt.com<\/p>\n<p>\u00a0<\/p>\n<p>\u00a0<\/p>\n<\/div>\n<\/div>\n<\/div>\n<div class=\"news-content editor-content-entry\">\n<p>CET Govora nu ar mai trebui oprit\u0103 \u00eenainte ca o nou\u0103 capacitate s\u0103 poat\u0103 prelua produc\u021bia de energie electric\u0103 \u0219i termic\u0103. Prevederea face parte din proiectul adoptat mar\u021bi, 4 august, de Senat. Actul nu este \u00eenc\u0103 \u00een vigoare \u0219i urmeaz\u0103 s\u0103 fie dezb\u0103tut din nou de Camera Deputa\u021bilor.<\/p>\n<p><strong>Vot pentru continuarea activit\u0103\u021bii<\/strong><\/p>\n<p>Senatul a adoptat proiectul L324\/2026, care modific\u0103 Ordonan\u021ba de Urgen\u021b\u0103 nr. 108\/2022 privind decarbonizarea sectorului energetic. Noua form\u0103 prevede c\u0103 grupurile pe c\u0103rbune pot fi scoase din func\u021biune numai dup\u0103 construirea \u0219i pornirea unor capacit\u0103\u021bi care s\u0103 le \u00eenlocuiasc\u0103.<\/p>\n<p>Pentru centralele care produc \u0219i energie termic\u0103, alternativa trebuie s\u0103 poat\u0103 asigura f\u0103r\u0103 \u00eentreruperi c\u0103ldura furnizat\u0103 prin sistemul centralizat. Sunt luate \u00een calcul \u0219i nevoile consumatorilor industriali.<\/p>\n<p>Proiectul a primit 73 de voturi pentru, niciun vot \u00eempotriv\u0103 \u0219i 41 de ab\u021bineri. Senatorii PSD \u0219i AUR au votat pentru, al\u0103turi de reprezentan\u021bii PIR \u0219i mai mul\u021bi senatori neafilia\u021bi. PNL \u0219i USR s-au ab\u021binut. Din grupul UDMR, un senator s-a ab\u021binut, ceilal\u021bi opt prezen\u021bi nu au votat. Rezultatul complet poate fi consultat pe site-ul Senatului.<\/p>\n<p><strong><u>Andra Bic\u0103 anun\u021b\u0103 rezultatul<\/u><\/strong><\/p>\n<p>Senatorul PSD de V\u00e2lcea Andra Bic\u0103 a anun\u021bat mar\u021bi, pe pagina sa de Facebook, c\u0103 votul ofer\u0103 CET Govora posibilitatea de a func\u021biona p\u00e2n\u0103 c\u00e2nd va exista o alternativ\u0103 real\u0103.<\/p>\n<p>Aceasta a legat rezultatul de demersurile f\u0103cute de pre\u0219edintele Consiliului Jude\u021bean V\u00e2lcea, Constantin R\u0103dulescu, pentru continuarea activit\u0103\u021bii centralei.<\/p>\n<p>\u201e<strong><em>Acest rezultat este rodul demersurilor sus\u021binute f\u0103cute de pre\u0219edintele Consiliului Jude\u021bean V\u00e2lcea, Constantin R\u0103dulescu, care a ap\u0103rat constant interesele jude\u021bului \u0219i a sus\u021binut salvarea CET Govora<\/em><\/strong>\u201d, a transmis Andra Bic\u0103.<\/p>\n<p>Potrivit senatorului, miza o reprezint\u0103 p\u0103strarea locurilor de munc\u0103, activitatea carierelor de la Berbe\u0219ti \u0219i Alunu \u0219i protejarea economiei jude\u021bului.<\/p>\n<p><strong>R\u0103dulescu a cerut men\u021binerea centralelor<\/strong><\/p>\n<p>Constantin R\u0103dulescu s-a opus public opririi CET Govora la 31 august 2026, \u00eenainte ca noua central\u0103 pe gaz s\u0103 poat\u0103 prelua produc\u021bia necesar\u0103 jude\u021bului.<\/p>\n<p>\u201e<strong><em><u>P\u0103i \u0219i de ce \u00eenchide\u021bi industria de c\u0103rbune?!<\/u><\/em><\/strong><\/p>\n<p><strong><em><u>CET-urile nu asigur\u0103 cumva aproximativ 30% din energia electric\u0103 a \u021b\u0103rii?!<\/u><\/em><\/strong><\/p>\n<p><strong><em><u>Ce e mai important?! Ni\u0219te euro de la UE sau siguran\u021ba energetic\u0103 a \u021b\u0103rii?!<\/u><\/em><\/strong><\/p>\n<p><strong><em><u>Oamenii trebuie proteja\u021bi! Dar\u2026 cine s\u0103 ne aud\u0103<\/u><\/em><\/strong>?!\u201d, a transmis Constantin R\u0103dulescu pe Facebook.<\/p>\n<p>Pre\u0219edintele Consiliului Jude\u021bean sus\u021bine c\u0103 oprirea gr\u0103bit\u0103 a centralelor poate duce la importuri de energie mai scumpe, pl\u0103tite din bani publici. Pentru V\u00e2lcea, \u00eenchiderea CET Govora \u00eenainte de finalizarea alternativei ar afecta angaja\u021bii, minerii \u0219i furnizarea c\u0103ldurii \u00een R\u00e2mnicu V\u00e2lcea.<\/p>\n<p><strong><u>Proiectul nu este \u00eenc\u0103 lege<\/u><\/strong><\/p>\n<p class=\"PDq2pG_selectionAnchorContainer\" data-start=\"170\" data-end=\"399\">Ini\u021biativa L324\/2026 a fost adoptat\u0103 de Senat pe 4 august, \u00eens\u0103 procedura parlamentar\u0103 nu s-a \u00eencheiat. Documentul a fost trimis Camerei Deputa\u021bilor pentru analizarea prevederilor asupra c\u0103rora aceasta are competen\u021b\u0103 decizional\u0103.<\/p>\n<p data-start=\"401\" data-end=\"615\">Legea va putea fi aplicat\u0103 numai dup\u0103 \u00eencheierea procedurii parlamentare, promulgarea de c\u0103tre pre\u0219edintele Rom\u00e2niei \u0219i publicarea \u00een Monitorul Oficial. P\u00e2n\u0103 atunci, modific\u0103rile votate de Senat nu sunt \u00een vigoare.<\/p>\n<p data-start=\"617\" data-end=\"738\">Parcursul ini\u021biativei poate fi urm\u0103rit pe <a class=\"decorated-link\" href=\"https:\/\/www.senat.ro\/Legis\/Lista.aspx?cod=27729&amp;utm_source=chatgpt.com\" target=\"_new\" rel=\"noopener\" data-start=\"659\" data-end=\"737\">pagina oficial\u0103 a Senatului \u00a0<\/a>:\u00a0 https:\/\/www.senat.ro\/Legis\/Lista.aspx?cod=27729&amp;utm_source=chatgpt.com<\/p>\n<p>\u00a0<\/p>\n<p>\u00a0<\/p>\n<\/div>\n<div class=\"news-content editor-content-entry\">\n<p>CET Govora nu ar mai trebui oprit\u0103 \u00eenainte ca o nou\u0103 capacitate s\u0103 poat\u0103 prelua produc\u021bia de energie electric\u0103 \u0219i termic\u0103. Prevederea face parte din proiectul adoptat mar\u021bi, 4 august, de Senat. Actul nu este \u00eenc\u0103 \u00een vigoare \u0219i urmeaz\u0103 s\u0103 fie dezb\u0103tut din nou de Camera Deputa\u021bilor.<\/p>\n<p><strong>Vot pentru continuarea activit\u0103\u021bii<\/strong><\/p>\n<p>Senatul a adoptat proiectul L324\/2026, care modific\u0103 Ordonan\u021ba de Urgen\u021b\u0103 nr. 108\/2022 privind decarbonizarea sectorului energetic. Noua form\u0103 prevede c\u0103 grupurile pe c\u0103rbune pot fi scoase din func\u021biune numai dup\u0103 construirea \u0219i pornirea unor capacit\u0103\u021bi care s\u0103 le \u00eenlocuiasc\u0103.<\/p>\n<p>Pentru centralele care produc \u0219i energie termic\u0103, alternativa trebuie s\u0103 poat\u0103 asigura f\u0103r\u0103 \u00eentreruperi c\u0103ldura furnizat\u0103 prin sistemul centralizat. Sunt luate \u00een calcul \u0219i nevoile consumatorilor industriali.<\/p>\n<p>Proiectul a primit 73 de voturi pentru, niciun vot \u00eempotriv\u0103 \u0219i 41 de ab\u021bineri. Senatorii PSD \u0219i AUR au votat pentru, al\u0103turi de reprezentan\u021bii PIR \u0219i mai mul\u021bi senatori neafilia\u021bi. PNL \u0219i USR s-au ab\u021binut. Din grupul UDMR, un senator s-a ab\u021binut, ceilal\u021bi opt prezen\u021bi nu au votat. Rezultatul complet poate fi consultat pe site-ul Senatului.<\/p>\n<p><strong><u>Andra Bic\u0103 anun\u021b\u0103 rezultatul<\/u><\/strong><\/p>\n<p>Senatorul PSD de V\u00e2lcea Andra Bic\u0103 a anun\u021bat mar\u021bi, pe pagina sa de Facebook, c\u0103 votul ofer\u0103 CET Govora posibilitatea de a func\u021biona p\u00e2n\u0103 c\u00e2nd va exista o alternativ\u0103 real\u0103.<\/p>\n<p>Aceasta a legat rezultatul de demersurile f\u0103cute de pre\u0219edintele Consiliului Jude\u021bean V\u00e2lcea, Constantin R\u0103dulescu, pentru continuarea activit\u0103\u021bii centralei.<\/p>\n<p>\u201e<strong><em>Acest rezultat este rodul demersurilor sus\u021binute f\u0103cute de pre\u0219edintele Consiliului Jude\u021bean V\u00e2lcea, Constantin R\u0103dulescu, care a ap\u0103rat constant interesele jude\u021bului \u0219i a sus\u021binut salvarea CET Govora<\/em><\/strong>\u201d, a transmis Andra Bic\u0103.<\/p>\n<p>Potrivit senatorului, miza o reprezint\u0103 p\u0103strarea locurilor de munc\u0103, activitatea carierelor de la Berbe\u0219ti \u0219i Alunu \u0219i protejarea economiei jude\u021bului.<\/p>\n<p><strong>R\u0103dulescu a cerut men\u021binerea centralelor<\/strong><\/p>\n<p>Constantin R\u0103dulescu s-a opus public opririi CET Govora la 31 august 2026, \u00eenainte ca noua central\u0103 pe gaz s\u0103 poat\u0103 prelua produc\u021bia necesar\u0103 jude\u021bului.<\/p>\n<p>\u201e<strong><em><u>P\u0103i \u0219i de ce \u00eenchide\u021bi industria de c\u0103rbune?!<\/u><\/em><\/strong><\/p>\n<p><strong><em><u>CET-urile nu asigur\u0103 cumva aproximativ 30% din energia electric\u0103 a \u021b\u0103rii?!<\/u><\/em><\/strong><\/p>\n<p><strong><em><u>Ce e mai important?! Ni\u0219te euro de la UE sau siguran\u021ba energetic\u0103 a \u021b\u0103rii?!<\/u><\/em><\/strong><\/p>\n<p><strong><em><u>Oamenii trebuie proteja\u021bi! Dar\u2026 cine s\u0103 ne aud\u0103<\/u><\/em><\/strong>?!\u201d, a transmis Constantin R\u0103dulescu pe Facebook.<\/p>\n<p>Pre\u0219edintele Consiliului Jude\u021bean sus\u021bine c\u0103 oprirea gr\u0103bit\u0103 a centralelor poate duce la importuri de energie mai scumpe, pl\u0103tite din bani publici. Pentru V\u00e2lcea, \u00eenchiderea CET Govora \u00eenainte de finalizarea alternativei ar afecta angaja\u021bii, minerii \u0219i furnizarea c\u0103ldurii \u00een R\u00e2mnicu V\u00e2lcea.<\/p>\n<p><strong><u>Proiectul nu este \u00eenc\u0103 lege<\/u><\/strong><\/p>\n<p class=\"PDq2pG_selectionAnchorContainer\" data-start=\"170\" data-end=\"399\">Ini\u021biativa L324\/2026 a fost adoptat\u0103 de Senat pe 4 august, \u00eens\u0103 procedura parlamentar\u0103 nu s-a \u00eencheiat. Documentul a fost trimis Camerei Deputa\u021bilor pentru analizarea prevederilor asupra c\u0103rora aceasta are competen\u021b\u0103 decizional\u0103.<\/p>\n<p data-start=\"401\" data-end=\"615\">Legea va putea fi aplicat\u0103 numai dup\u0103 \u00eencheierea procedurii parlamentare, promulgarea de c\u0103tre pre\u0219edintele Rom\u00e2niei \u0219i publicarea \u00een Monitorul Oficial. P\u00e2n\u0103 atunci, modific\u0103rile votate de Senat nu sunt \u00een vigoare.<\/p>\n<p data-start=\"617\" data-end=\"738\">Parcursul ini\u021biativei poate fi urm\u0103rit pe <a class=\"decorated-link\" href=\"https:\/\/www.senat.ro\/Legis\/Lista.aspx?cod=27729&amp;utm_source=chatgpt.com\" target=\"_new\" rel=\"noopener\" data-start=\"659\" data-end=\"737\">pagina oficial\u0103 a Senatului \u00a0<\/a>:\u00a0 https:\/\/www.senat.ro\/Legis\/Lista.aspx?cod=27729&amp;utm_source=chatgpt.com<\/p>\n<p>\u00a0<\/p>\n<p>\u00a0<\/p>\n<\/div>\n<p>[analyse_source url=&#8221;https:\/\/www.impactreal.ro\/2026\/08\/04\/o-gura-de-aer-pentru-cet-govora-senatul-a-votat-continuarea-productiei-pana-la-aparitia-unei-alternative\/&#8221;]<\/p>\n","protected":false},"excerpt":{"rendered":"<p>[analyse_image type=&#8221;featured&#8221; src=&#8221;https:\/\/www.impactreal.ro\/wp-content\/uploads\/2026\/08\/ANDRA-BICA-a4a9f2645afa.jpg&#8221;] 4 august 20264 august 2026Claudia Schiopu1SliderActualLocal CET Govora nu ar mai trebui oprit\u0103 \u00eenainte ca o nou\u0103 capacitate s\u0103 poat\u0103 prelua produc\u021bia de energie electric\u0103 \u0219i termic\u0103. Prevederea face parte din proiectul adoptat mar\u021bi, 4 august, de Senat. Actul nu este \u00eenc\u0103 \u00een vigoare \u0219i urmeaz\u0103 s\u0103 fie dezb\u0103tut din nou de [&hellip;]<\/p>\n","protected":false},"author":1,"featured_media":0,"comment_status":"open","ping_status":"","sticky":false,"template":"","format":"standard","meta":{"footnotes":""},"categories":[89],"tags":[226,212],"class_list":["post-2077477","post","type-post","status-publish","format-standard","hentry","category-romania","tag-crawlmanager","tag-impactreal-ro"],"_links":{"self":[{"href":"https:\/\/analyse.optim.biz\/index.php?rest_route=\/wp\/v2\/posts\/2077477","targetHints":{"allow":["GET"]}}],"collection":[{"href":"https:\/\/analyse.optim.biz\/index.php?rest_route=\/wp\/v2\/posts"}],"about":[{"href":"https:\/\/analyse.optim.biz\/index.php?rest_route=\/wp\/v2\/types\/post"}],"author":[{"embeddable":true,"href":"https:\/\/analyse.optim.biz\/index.php?rest_route=\/wp\/v2\/users\/1"}],"replies":[{"embeddable":true,"href":"https:\/\/analyse.optim.biz\/index.php?rest_route=%2Fwp%2Fv2%2Fcomments&post=2077477"}],"version-history":[{"count":0,"href":"https:\/\/analyse.optim.biz\/index.php?rest_route=\/wp\/v2\/posts\/2077477\/revisions"}],"wp:attachment":[{"href":"https:\/\/analyse.optim.biz\/index.php?rest_route=%2Fwp%2Fv2%2Fmedia&parent=2077477"}],"wp:term":[{"taxonomy":"category","embeddable":true,"href":"https:\/\/analyse.optim.biz\/index.php?rest_route=%2Fwp%2Fv2%2Fcategories&post=2077477"},{"taxonomy":"post_tag","embeddable":true,"href":"https:\/\/analyse.optim.biz\/index.php?rest_route=%2Fwp%2Fv2%2Ftags&post=2077477"}],"curies":[{"name":"wp","href":"https:\/\/api.w.org\/{rel}","templated":true}]}}