{"id":2077463,"date":"2026-08-04T13:11:48","date_gmt":"2026-08-04T10:11:48","guid":{"rendered":"https:\/\/analyse.optim.biz\/?p=2077463"},"modified":"2026-08-04T13:11:48","modified_gmt":"2026-08-04T10:11:48","slug":"diaconu-mihai-aquaman-de-timisoara-prezent-la-miss-romania-the-crown-2026","status":"publish","type":"post","link":"https:\/\/analyse.optim.biz\/?p=2077463","title":{"rendered":"Diaconu Mihai, \u201eAquaman\u201d de Timi\u0219oara, prezent la Miss Rom\u00e2nia The Crown 2026"},"content":{"rendered":"<p>[analyse_image type=&#8221;featured&#8221; src=&#8221;https:\/\/orasul-timisoara.ro\/wp-content\/uploads\/2026\/08\/diaconu-mihai.jpg&#8221;]<\/p>\n<article id=\"post-40014\" class=\"td-post-template-7 post-40014 post type-post status-publish format-standard has-post-thumbnail category-evenimente-in-timisoara category-featured category-stiri-timisoara tag-aquaman tag-catalin-botezatu-2 tag-concurs-de-frumusete tag-diaconu-mihai tag-evenimente-timisoara-2 tag-fitness tag-hannelore-ulrich tag-miss-romania-the-crown-2026 tag-preselectii tag-timisoara-2 td-container-wrap\">\n<div class=\"td-full-screen-header-image-wrap\">\n<div class=\"td-container td-post-header\">\n<div class=\"td-crumb-container\">\n<div class=\"entry-crumbs\"><span><a title=\"Vede\u021bi toate articolele \u00een Evenimente in Timisoara\" class=\"entry-crumb\" href=\"https:\/\/orasul-timisoara.ro\/local-category\/evenimente-in-timisoara\/\">Evenimente in Timisoara<\/a><\/span><span class=\"td-bred-no-url-last\">Diaconu Mihai, \u201eAquaman\u201d de Timi\u0219oara, prezent la Miss Rom\u00e2nia The Crown 2026<\/span><\/div>\n<\/div>\n<div class=\"td-post-header-holder\">\n<div class=\"td-parallax-header\">\n<header class=\"td-post-title\">\n<ul class=\"td-category\">\n<li class=\"entry-category\"><a href=\"https:\/\/orasul-timisoara.ro\/local-category\/evenimente-in-timisoara\/\">Evenimente in Timisoara<\/a><\/li>\n<li class=\"entry-category\"><a href=\"https:\/\/orasul-timisoara.ro\/local-category\/stiri-timisoara\/\">\u0218tiri Locale<\/a><\/li>\n<\/ul>\n<h1 class=\"entry-title\">Diaconu Mihai, \u201eAquaman\u201d de Timi\u0219oara, prezent la Miss Rom\u00e2nia The Crown 2026<\/h1>\n<div class=\"td-module-meta-info\">\n<div class=\"td-post-author-name\">\n<div class=\"td-author-by\">De c\u0103tre<\/div>\n<p><a href=\"https:\/\/orasul-timisoara.ro\/author\/timisoara\/\">redactia<\/a><\/p>\n<div class=\"td-author-line\"> &#8211; <\/div>\n<\/div>\n<p><span class=\"td-post-date\"><time class=\"entry-date updated td-module-date\" datetime=\"2026-08-04T16:11:48+03:00\">04\/08\/2026<\/time><\/span><\/div>\n<\/header>\n<\/div>\n<\/div>\n<\/div>\n<div id=\"td-full-screen-header-image\" class=\"td-image-gradient-style7\"><img decoding=\"async\" class=\"td-backstretch\" src=\"https:\/\/orasul-timisoara.ro\/wp-content\/uploads\/2026\/08\/diaconu-mihai.jpg\"><\/div>\n<\/div>\n<div class=\"td-container\">\n<div class=\"td-pb-row\">\n<div class=\"td-pb-span8 td-main-content\" role=\"main\">\n<div class=\"td-ss-main-content\">\n<div class=\"td-post-sharing-top\">\n<div class=\"td-post-sharing-classic\"><iframe title=\"topFacebookLike\" frameborder src=\"https:\/\/www.facebook.com\/plugins\/like.php?href=https:\/\/orasul-timisoara.ro\/local-40014\/&amp;layout=button_count&amp;show_faces=false&amp;width=105&amp;action=like&amp;colorscheme=light&amp;height=21\"><\/iframe><\/div>\n<div id=\"td_social_sharing_article_top\" class=\"td-post-sharing td-ps-bg td-ps-notext td-post-sharing-style1 \">\n<div class=\"td-post-sharing-visible\"><a class=\"td-social-sharing-button td-social-sharing-button-js td-social-network td-social-facebook\" href=\"https:\/\/www.facebook.com\/sharer.php?u=https%3A%2F%2Forasul-timisoara.ro%2Flocal-40014%2F\" title=\"Facebook\"><\/p>\n<div class=\"td-social-but-text\">Facebook<\/div>\n<p><\/a><a class=\"td-social-sharing-button td-social-sharing-button-js td-social-network td-social-twitter\" href=\"https:\/\/twitter.com\/intent\/tweet?text=Diaconu+Mihai%2C+%E2%80%9EAquaman%E2%80%9D+de+Timi%C8%99oara%2C+prezent+la+Miss+Rom%C3%A2nia+The+Crown+2026&amp;url=https%3A%2F%2Forasul-timisoara.ro%2Flocal-40014%2F&amp;via=orasultm\" title=\"Twitter\"><\/p>\n<div class=\"td-social-but-text\">Twitter<\/div>\n<p><\/a><a class=\"td-social-sharing-button td-social-sharing-button-js td-social-network td-social-whatsapp\" href=\"https:\/\/api.whatsapp.com\/send?text=Diaconu+Mihai%2C+%E2%80%9EAquaman%E2%80%9D+de+Timi%C8%99oara%2C+prezent+la+Miss+Rom%C3%A2nia+The+Crown+2026%20%0A%0A%20https:\/\/orasul-timisoara.ro\/local-40014\/\" title=\"WhatsApp\"><\/p>\n<div class=\"td-social-but-text\">WhatsApp<\/div>\n<p><\/a><a class=\"td-social-sharing-button td-social-sharing-button-js td-social-network td-social-linkedin\" href=\"https:\/\/www.linkedin.com\/shareArticle?mini=true&amp;url=https:\/\/orasul-timisoara.ro\/local-40014\/&amp;title=Diaconu+Mihai%2C+%E2%80%9EAquaman%E2%80%9D+de+Timi%C8%99oara%2C+prezent+la+Miss+Rom%C3%A2nia+The+Crown+2026\" title=\"Linkedin\"><\/p>\n<div class=\"td-social-but-text\">Linkedin<\/div>\n<p><\/a><a class=\"td-social-sharing-button td-social-sharing-button-js td-social-network td-social-reddit\" href=\"https:\/\/reddit.com\/submit?url=https:\/\/orasul-timisoara.ro\/local-40014\/&amp;title=Diaconu+Mihai%2C+%E2%80%9EAquaman%E2%80%9D+de+Timi%C8%99oara%2C+prezent+la+Miss+Rom%C3%A2nia+The+Crown+2026\" title=\"ReddIt\"><\/p>\n<div class=\"td-social-but-text\">ReddIt<\/div>\n<p><\/a><a class=\"td-social-sharing-button td-social-sharing-button-js td-social-network td-social-mail\" href=\"mailto:?subject=Diaconu%20Mihai,%20%E2%80%9EAquaman%E2%80%9D%20de%20Timi%C8%99oara,%20prezent%20la%20Miss%20Rom%C3%A2nia%20The%20Crown%202026&amp;body=https:\/\/orasul-timisoara.ro\/local-40014\/\" title=\"Email\"><\/p>\n<div class=\"td-social-but-text\">Email<\/div>\n<p><\/a><a class=\"td-social-sharing-button td-social-sharing-button-js td-social-network td-social-print\" href=\"https:\/\/orasul-timisoara.ro\/local-40014\/\" title=\"Imprimare\"><\/p>\n<div class=\"td-social-but-text\">Imprimare<\/div>\n<p><\/a><\/div>\n<\/div>\n<\/div>\n<div class=\"td-post-content tagdiv-type\">\n<p class=\"wp-block-paragraph\">Timi\u0219oara va g\u0103zdui, pe 5 septembrie, o nou\u0103 preselec\u021bie pentru competi\u021bia Miss Rom\u00e2nia The Crown 2026, eveniment care promite s\u0103 aduc\u0103 \u00een prim-plan frumuse\u021bea, elegan\u021ba \u0219i dezvoltarea personal\u0103. Printre invita\u021bii speciali se va num\u0103ra \u0219i Diaconu Mihai, cunoscut \u00een mediul online drept \u201eAquaman\u201d de Timi\u0219oara.<\/p>\n<p class=\"wp-block-paragraph\">Cunoscut pentru activitatea sa ca antrenor de fitness, Diaconu Mihai \u00eei motiveaz\u0103 zilnic pe cei care aleg un stil de via\u021b\u0103 activ \u0219i s\u0103n\u0103tos, iar \u00een cadrul evenimentului le va \u00eent\u00e2mpina pe tinerele care \u00ee\u0219i doresc s\u0103 participe la una dintre cele mai importante competi\u021bii de frumuse\u021be din Rom\u00e2nia.<\/p>\n<h2 class=\"wp-block-heading\">Diaconu Mihai, prezent la preselec\u021biile Miss Rom\u00e2nia The Crown 2026 din Timisoara<\/h2>\n<p class=\"wp-block-paragraph\">Organizatorii anun\u021b\u0103 c\u0103 Diaconu Mihai va fi unul dintre invita\u021bii speciali ai preselec\u021biei care va avea loc la Timi\u0219oara.<\/p>\n<p class=\"wp-block-paragraph\">Antrenorul de fitness este apreciat pentru disciplina \u0219i energia pe care le transmite celor care \u00eei trec pragul s\u0103lii de sport, iar prezen\u021ba sa completeaz\u0103 seria surprizelor preg\u0103tite pentru edi\u021bia din acest an.<\/p>\n<h2 class=\"wp-block-heading\">Preselec\u021bia este programat\u0103 la Iulius Mall Timi\u0219oara<\/h2>\n<p class=\"wp-block-paragraph\">Prima etap\u0103 a selec\u021biei pentru Miss Rom\u00e2nia The Crown 2026 va avea loc \u00een data de 5 septembrie, de la ora 18:00, la Iulius Mall Timi\u0219oara.<\/p>\n<p class=\"wp-block-paragraph\">Evenimentul este dedicat tinerelor care \u00ee\u0219i doresc s\u0103 participe la competi\u021bie \u0219i s\u0103 beneficieze de oportunit\u0103\u021bile oferite de acest proiect. \u00censcrierile pentru preselectie se pot face online pe <a href=\"https:\/\/www.facebook.com\/profile.php?id=61559358350123\" target=\"_blank\" rel=\"noopener\">Miss Romanai the Crown<\/a> sau telefonic la numarul +40 727 004 252.<\/p>\n<h2 class=\"wp-block-heading\">C\u0103t\u0103lin Botezatu revine \u00een rolul de pre\u0219edinte al juriului<\/h2>\n<p class=\"wp-block-paragraph\">Organizatorii au anun\u021bat c\u0103 \u0219i \u00een acest an designerul C\u0103t\u0103lin Botezatu va ocupa func\u021bia de pre\u0219edinte al juriului \u0219i partener oficial al competi\u021biei.<\/p>\n<p class=\"wp-block-paragraph\">Prezen\u021ba sa este considerat\u0103 un element important al concursului, edi\u021bia 2026 urm\u00e2nd s\u0103 p\u0103streze standardele de elegan\u021b\u0103 \u0219i profesionalism care au consacrat evenimentul.<\/p>\n<p class=\"wp-block-paragraph\">Competi\u021bia Miss Rom\u00e2nia The Crown este organizat\u0103 de Hannelore Ulrich, fondatoarea proiectului. Potrivit organizatorilor, conceptul urm\u0103re\u0219te s\u0103 descopere \u0219i s\u0103 promoveze tinere cu poten\u021bial, oferindu-le oportunit\u0103\u021bi de dezvoltare personal\u0103 \u0219i profesional\u0103 \u00eentr-un cadru organizat la standarde ridicate.<\/p>\n<p class=\"wp-block-paragraph\">Miss Rom\u00e2nia The Crown 2026 \u00ee\u0219i propune s\u0103 ofere at\u00e2t concurentelor, c\u00e2t \u0219i publicului, o experien\u021b\u0103 complet\u0103, cu invita\u021bi speciali \u0219i momente dedicate promov\u0103rii elegan\u021bei \u0219i stilului de via\u021b\u0103 activ.<\/p>\n<p class=\"wp-block-paragraph\">Tinerelor care viseaz\u0103 s\u0103 urce pe podium \u0219i s\u0103 fac\u0103 parte din competi\u021bie li se recomand\u0103 s\u0103 participe la preselec\u021bia din 5 septembrie, organizat\u0103 la Iulius Mall Timi\u0219oara, unde vor avea ocazia s\u0103 descopere atmosfera concursului \u0219i s\u0103 \u00eei \u00eent\u00e2lneasc\u0103 pe invita\u021bii edi\u021biei din acest an.<\/p>\n<\/div>\n<footer>\n<div class=\"td-post-source-tags\">\n<ul class=\"td-tags td-post-small-box clearfix\">\n<li><span>ETICHETE<\/span><\/li>\n<li><a href=\"https:\/\/orasul-timisoara.ro\/local-tag\/aquaman\/\">Aquaman<\/a><\/li>\n<li><a href=\"https:\/\/orasul-timisoara.ro\/local-tag\/catalin-botezatu-2\/\">C\u0103t\u0103lin Botezatu<\/a><\/li>\n<li><a href=\"https:\/\/orasul-timisoara.ro\/local-tag\/concurs-de-frumusete\/\">concurs de frumuse\u021be<\/a><\/li>\n<li><a href=\"https:\/\/orasul-timisoara.ro\/local-tag\/diaconu-mihai\/\">Diaconu Mihai<\/a><\/li>\n<li><a href=\"https:\/\/orasul-timisoara.ro\/local-tag\/evenimente-timisoara-2\/\">evenimente Timi\u0219oara<\/a><\/li>\n<li><a href=\"https:\/\/orasul-timisoara.ro\/local-tag\/fitness\/\">fitness<\/a><\/li>\n<li><a href=\"https:\/\/orasul-timisoara.ro\/local-tag\/hannelore-ulrich\/\">Hannelore Ulrich<\/a><\/li>\n<li><a href=\"https:\/\/orasul-timisoara.ro\/local-tag\/iulius-mall-timisoara-2\/\">Iulius Mall Timi\u0219oara<\/a><\/li>\n<li><a href=\"https:\/\/orasul-timisoara.ro\/local-tag\/miss-romania-the-crown-2\/\">Miss Rom\u00e2nia The Crown<\/a><\/li>\n<li><a href=\"https:\/\/orasul-timisoara.ro\/local-tag\/miss-romania-the-crown-2026\/\">Miss Rom\u00e2nia The Crown 2026<\/a><\/li>\n<li><a href=\"https:\/\/orasul-timisoara.ro\/local-tag\/preselectii\/\">preselec\u021bii<\/a><\/li>\n<li><a href=\"https:\/\/orasul-timisoara.ro\/local-tag\/timisoara-2\/\">timi\u0219oara<\/a><\/li>\n<\/ul>\n<\/div>\n<div class=\"td-post-sharing-bottom\">\n<div class=\"td-post-sharing-classic\"><iframe title=\"bottomFacebookLike\" frameborder src=\"https:\/\/www.facebook.com\/plugins\/like.php?href=https:\/\/orasul-timisoara.ro\/local-40014\/&amp;layout=button_count&amp;show_faces=false&amp;width=105&amp;action=like&amp;colorscheme=light&amp;height=21\"><\/iframe><\/div>\n<div id=\"td_social_sharing_article_bottom\" class=\"td-post-sharing td-ps-bg td-ps-notext td-post-sharing-style1 \">\n<div class=\"td-post-sharing-visible\"><a class=\"td-social-sharing-button td-social-sharing-button-js td-social-network td-social-facebook\" href=\"https:\/\/www.facebook.com\/sharer.php?u=https%3A%2F%2Forasul-timisoara.ro%2Flocal-40014%2F\" title=\"Facebook\"><\/p>\n<div class=\"td-social-but-text\">Facebook<\/div>\n<p><\/a><a class=\"td-social-sharing-button td-social-sharing-button-js td-social-network td-social-twitter\" href=\"https:\/\/twitter.com\/intent\/tweet?text=Diaconu+Mihai%2C+%E2%80%9EAquaman%E2%80%9D+de+Timi%C8%99oara%2C+prezent+la+Miss+Rom%C3%A2nia+The+Crown+2026&amp;url=https%3A%2F%2Forasul-timisoara.ro%2Flocal-40014%2F&amp;via=orasultm\" title=\"Twitter\"><\/p>\n<div class=\"td-social-but-text\">Twitter<\/div>\n<p><\/a><a class=\"td-social-sharing-button td-social-sharing-button-js td-social-network td-social-whatsapp\" href=\"https:\/\/api.whatsapp.com\/send?text=Diaconu+Mihai%2C+%E2%80%9EAquaman%E2%80%9D+de+Timi%C8%99oara%2C+prezent+la+Miss+Rom%C3%A2nia+The+Crown+2026%20%0A%0A%20https:\/\/orasul-timisoara.ro\/local-40014\/\" title=\"WhatsApp\"><\/p>\n<div class=\"td-social-but-text\">WhatsApp<\/div>\n<p><\/a><a class=\"td-social-sharing-button td-social-sharing-button-js td-social-network td-social-linkedin\" href=\"https:\/\/www.linkedin.com\/shareArticle?mini=true&amp;url=https:\/\/orasul-timisoara.ro\/local-40014\/&amp;title=Diaconu+Mihai%2C+%E2%80%9EAquaman%E2%80%9D+de+Timi%C8%99oara%2C+prezent+la+Miss+Rom%C3%A2nia+The+Crown+2026\" title=\"Linkedin\"><\/p>\n<div class=\"td-social-but-text\">Linkedin<\/div>\n<p><\/a><a class=\"td-social-sharing-button td-social-sharing-button-js td-social-network td-social-reddit\" href=\"https:\/\/reddit.com\/submit?url=https:\/\/orasul-timisoara.ro\/local-40014\/&amp;title=Diaconu+Mihai%2C+%E2%80%9EAquaman%E2%80%9D+de+Timi%C8%99oara%2C+prezent+la+Miss+Rom%C3%A2nia+The+Crown+2026\" title=\"ReddIt\"><\/p>\n<div class=\"td-social-but-text\">ReddIt<\/div>\n<p><\/a><a class=\"td-social-sharing-button td-social-sharing-button-js td-social-network td-social-mail\" href=\"mailto:?subject=Diaconu%20Mihai,%20%E2%80%9EAquaman%E2%80%9D%20de%20Timi%C8%99oara,%20prezent%20la%20Miss%20Rom%C3%A2nia%20The%20Crown%202026&amp;body=https:\/\/orasul-timisoara.ro\/local-40014\/\" title=\"Email\"><\/p>\n<div class=\"td-social-but-text\">Email<\/div>\n<p><\/a><a class=\"td-social-sharing-button td-social-sharing-button-js td-social-network td-social-print\" href=\"https:\/\/orasul-timisoara.ro\/local-40014\/\" title=\"Imprimare\"><\/p>\n<div class=\"td-social-but-text\">Imprimare<\/div>\n<p><\/a><\/div>\n<\/div>\n<\/div>\n<div class=\"td-block-row td-post-next-prev\">\n<div class=\"td-block-span6 td-post-prev-post\">\n<div class=\"td-post-next-prev-content\"><span>Articolul precedent<\/span><a href=\"https:\/\/orasul-timisoara.ro\/local-40011\/\">Prefectul de Timi\u0219: Dominic Fritz r\u0103m\u00e2ne primar, dar prime\u0219te o sanc\u021biune salarial\u0103<\/a><\/div>\n<\/div>\n<div class=\"td-block-span6 td-post-next-post\">\n<div class=\"td-post-next-prev-content\"><span>Articolul urm\u0103tor<\/span><a href=\"https:\/\/orasul-timisoara.ro\/local-40017\/\">\u00centrerupere programat\u0103 a apei \u00een Herende\u0219ti pentru lucr\u0103ri de mentenan\u021b\u0103<\/a><\/div>\n<\/div>\n<\/div>\n<div class=\"td-author-name vcard author\"><span class=\"fn\"><a href=\"https:\/\/orasul-timisoara.ro\/author\/timisoara\/\">redactia<\/a><\/span><\/div>\n<p><span class=\"td-page-meta\"><\/span><span class=\"td-page-meta\"><span class=\"td-page-meta\"><\/span><\/span><span class=\"td-page-meta\"><\/span><\/footer>\n<div class=\"td_block_wrap td_block_related_posts tdi_3 td_with_ajax_pagination td-pb-border-top td_block_template_8\" data-td-block-uid=\"tdi_3\">\n<h4 class=\"td-related-title td-block-title\"><a id=\"tdi_4\" class=\"td-related-left td-cur-simple-item\" data-td_filter_value data-td_block_id=\"tdi_3\" href=\"https:\/\/orasul-timisoara.ro\/local-40014\/\">ARTICOLE SIMILARE<\/a><a id=\"tdi_5\" class=\"td-related-right\" data-td_filter_value=\"td_related_more_from_author\" data-td_block_id=\"tdi_3\" href=\"https:\/\/orasul-timisoara.ro\/local-40014\/\">DE LA ACELA\u0218I AUTOR<\/a><\/h4>\n<div id=\"tdi_3\" class=\"td_block_inner\">\n<div class=\"td-related-row\">\n<div class=\"td-related-span4\">\n<div class=\"td_module_related_posts td-animation-stack td_mod_related_posts\">\n<div class=\"td-module-image\">\n<div class=\"td-module-thumb\"><a href=\"https:\/\/orasul-timisoara.ro\/local-39975\/\" rel=\"bookmark\" class=\"td-image-wrap \" title=\"Dominic Fritz, de Ziua Timi\u0219oarei: \u201eNu a\u0219 vrea s\u0103 locuiesc niciunde altundeva \u00een lume\u201d\"><img loading=\"lazy\" decoding=\"async\" class=\"entry-thumb\" src=\"https:\/\/orasul-timisoara.ro\/wp-content\/uploads\/2026\/08\/dominic-fritz-piata-victoriei-436x300.jpg\" alt title=\"Dominic Fritz, de Ziua Timi\u0219oarei: \u201eNu a\u0219 vrea s\u0103 locuiesc niciunde altundeva \u00een lume\u201d\" width=\"218\" height=\"150\"><\/a><\/div>\n<\/div>\n<div class=\"item-details\">\n<h3 class=\"entry-title td-module-title\"><a href=\"https:\/\/orasul-timisoara.ro\/local-39975\/\" rel=\"bookmark\" title=\"Dominic Fritz, de Ziua Timi\u0219oarei: \u201eNu a\u0219 vrea s\u0103 locuiesc niciunde altundeva \u00een lume\u201d\">Dominic Fritz, de Ziua Timi\u0219oarei: \u201eNu a\u0219 vrea s\u0103 locuiesc niciunde altundeva \u00een lume\u201d<\/a><\/h3>\n<\/div>\n<\/div>\n<\/div>\n<div class=\"td-related-span4\">\n<div class=\"td_module_related_posts td-animation-stack td_mod_related_posts\">\n<div class=\"td-module-image\">\n<div class=\"td-module-thumb\"><a href=\"https:\/\/orasul-timisoara.ro\/local-39364\/\" rel=\"bookmark\" class=\"td-image-wrap \" title=\"Gastronomie, muzic\u0103 \u0219i tradi\u021bii din Sri Lanka la Poson Poya 2026, \u00een Timi\u0219oara\"><img loading=\"lazy\" decoding=\"async\" class=\"entry-thumb\" src=\"https:\/\/orasul-timisoara.ro\/wp-content\/uploads\/2026\/06\/Poson-Poya-436x300.jpg\" alt title=\"Gastronomie, muzic\u0103 \u0219i tradi\u021bii din Sri Lanka la Poson Poya 2026, \u00een Timi\u0219oara\" width=\"218\" height=\"150\"><\/a><\/div>\n<\/div>\n<div class=\"item-details\">\n<h3 class=\"entry-title td-module-title\"><a href=\"https:\/\/orasul-timisoara.ro\/local-39364\/\" rel=\"bookmark\" title=\"Gastronomie, muzic\u0103 \u0219i tradi\u021bii din Sri Lanka la Poson Poya 2026, \u00een Timi\u0219oara\">Gastronomie, muzic\u0103 \u0219i tradi\u021bii din Sri Lanka la Poson Poya 2026, \u00een Timi\u0219oara<\/a><\/h3>\n<\/div>\n<\/div>\n<\/div>\n<div class=\"td-related-span4\">\n<div class=\"td_module_related_posts td-animation-stack td_mod_related_posts\">\n<div class=\"td-module-image\">\n<div class=\"td-module-thumb\"><a href=\"https:\/\/orasul-timisoara.ro\/local-39340\/\" rel=\"bookmark\" class=\"td-image-wrap \" title=\"Festivalul \u00cenghe\u021batei Bune 2026 aduce trei zile de distrac\u021bie \u0219i solidaritate la Timi\u0219oara\"><img loading=\"lazy\" decoding=\"async\" class=\"entry-thumb\" src=\"https:\/\/orasul-timisoara.ro\/wp-content\/uploads\/2026\/06\/WhatsApp-Image-2026-06-25-at-11.19.33-1-436x300.jpg\" alt title=\"Festivalul \u00cenghe\u021batei Bune 2026 aduce trei zile de distrac\u021bie \u0219i solidaritate la Timi\u0219oara\" width=\"218\" height=\"150\"><\/a><\/div>\n<\/div>\n<div class=\"item-details\">\n<h3 class=\"entry-title td-module-title\"><a href=\"https:\/\/orasul-timisoara.ro\/local-39340\/\" rel=\"bookmark\" title=\"Festivalul \u00cenghe\u021batei Bune 2026 aduce trei zile de distrac\u021bie \u0219i solidaritate la Timi\u0219oara\">Festivalul \u00cenghe\u021batei Bune 2026 aduce trei zile de distrac\u021bie \u0219i solidaritate la Timi\u0219oara<\/a><\/h3>\n<\/div>\n<\/div>\n<\/div>\n<\/div>\n<\/div>\n<\/div>\n<div class=\"comments\" id=\"comments\">\n<div id=\"respond\" class=\"comment-respond\">\n<h3 id=\"reply-title\" class=\"comment-reply-title\">L\u0102SA\u021aI UN MESAJ<\/h3>\n<div class=\"comment-form-input-wrap td-form-comment\">\n<div class=\"td-warning-comment\">V\u0103 rug\u0103m s\u0103 introduce\u021bi comentariul dvs.!<\/div>\n<\/div>\n<div class=\"comment-form-input-wrap td-form-author\">\n<div class=\"td-warning-author\">Introduce\u021bi aici numele dvs.<\/div>\n<\/div>\n<div class=\"comment-form-input-wrap td-form-email\">\n<div class=\"td-warning-email-error\">A\u021bi introdus o adres\u0103 de e-mail incorect\u0103!<\/div>\n<div class=\"td-warning-email\">V\u0103 rug\u0103m s\u0103 introduce\u021bi adresa dvs. de e-mail aici<\/div>\n<\/div>\n<\/div>\n<p class=\"akismet_comment_form_privacy_notice\">Acest site folose\u0219te Akismet pentru a reduce spamul. <a href=\"https:\/\/akismet.com\/privacy\/\" target=\"_blank\" rel=\"nofollow noopener\">Afl\u0103 cum sunt procesate datele comentariilor tale<\/a>.<\/p>\n<\/div>\n<\/div>\n<\/div>\n<div class=\"td-pb-span4 td-main-sidebar\" role=\"complementary\">\n<div class=\"td-ss-main-sidebar\">\n<aside id=\"block-4\" class=\"td_block_template_8 widget block-4 widget_block widget_media_image\">\n<figure class=\"wp-block-image size-full\"><img loading=\"lazy\" decoding=\"async\" width=\"336\" height=\"280\" src=\"https:\/\/orasul-timisoara.ro\/wp-content\/uploads\/2024\/11\/ReTIM-Abonamentul-Verde-Google-Ads-336x280px.gif\" alt class=\"wp-image-29257\"><\/figure>\n<\/aside>\n<div class=\"td_block_wrap td_block_social_counter td_block_widget tdi_6 td-social-style5 td-social-boxed td-pb-border-top td_block_template_8\">\n<div class=\"td-block-title-wrap\">\n<h4 class=\"td-block-title\"><span>Urm\u0103re\u0219te-ne pe Social Media<\/span><\/h4>\n<\/div>\n<div class=\"td-social-list\">\n<div class=\"td_social_type td-pb-margin-side td_social_facebook\">\n<div class=\"td-social-box\"><span class=\"td_social_info td_social_info_counter\">344,595<\/span><span class=\"td_social_info td_social_info_name\">Fani<\/span><span class=\"td_social_button\"><a href=\"https:\/\/www.facebook.com\/247timisoara\" target=\"_blank\" rel=\"nofollow\">\u00cemi place<\/a><\/span><\/div>\n<\/div>\n<div class=\"td_social_type td-pb-margin-side td_social_instagram\">\n<div class=\"td-social-box\"><span class=\"td_social_info td_social_info_counter\">4,416<\/span><span class=\"td_social_info td_social_info_name\">Cititori<\/span><span class=\"td_social_button\"><a href=\"https:\/\/instagram.com\/orasultimisoararo\/\" target=\"_blank\" rel=\"nofollow\">Conecta\u021bi-v\u0103<\/a><\/span><\/div>\n<\/div>\n<div class=\"td_social_type td-pb-margin-side td_social_rss\">\n<div class=\"td-social-box\"><span class=\"td_social_info td_social_info_counter\">12,506<\/span><span class=\"td_social_info td_social_info_name\">Cititori<\/span><span class=\"td_social_button\"><a href=\"https:\/\/orasul-timisoara.ro\/feed\/\" target=\"_blank\" rel=\"nofollow\">Conecta\u021bi-v\u0103<\/a><\/span><\/div>\n<\/div>\n<div class=\"td_social_type td-pb-margin-side td_social_tiktok\">\n<div class=\"td-social-box\"><span class=\"td_social_info td_social_info_counter\">1,500<\/span><span class=\"td_social_info td_social_info_name\">Cititori<\/span><span class=\"td_social_button\"><a href=\"https:\/\/www.tiktok.com\/@orasultimisoara\" target=\"_blank\" rel=\"nofollow\">Conecta\u021bi-v\u0103<\/a><\/span><\/div>\n<\/div>\n<div class=\"td_social_type td-pb-margin-side td_social_twitter\">\n<div class=\"td-social-box\"><span class=\"td_social_info td_social_info_counter\">1,595<\/span><span class=\"td_social_info td_social_info_name\">Cititori<\/span><span class=\"td_social_button\"><a href=\"https:\/\/twitter.com\/orasultm\" target=\"_blank\" rel=\"nofollow\">Conecta\u021bi-v\u0103<\/a><\/span><\/div>\n<\/div>\n<div class=\"td_social_type td-pb-margin-side td_social_youtube\">\n<div class=\"td-social-box\"><span class=\"td_social_info td_social_info_counter\">3,506<\/span><span class=\"td_social_info td_social_info_name\">Abona\u021bi<\/span><span class=\"td_social_button\"><a href=\"https:\/\/www.youtube.com\/channel\/UCQNsQvs2XCSIm1Z-AHRturw?sub_confirmation=1\" target=\"_blank\" rel=\"nofollow\">Abona\u021bi-v\u0103<\/a><\/span><\/div>\n<\/div>\n<\/div>\n<\/div>\n<aside id=\"text-7\" class=\"td_block_template_8 widget text-7 widget_text\">\n<h4 class=\"td-block-title\"><span>C\u0103ut\u0103ri populare pe OTM<\/span><\/h4>\n<div class=\"textwidget\"><a href=\"https:\/\/orasul-timisoara.ro\/?s=timisoara\"><span>Timisoara<\/span><\/a><a href=\"https:\/\/orasul-timisoara.ro\/?s=calin+dobra\"><span>Calin Dobra<\/span><\/a><a href=\"https:\/\/orasul-timisoara.ro\/?s=primaria+timisoara\"><span>Primaria Timisoara<\/span><\/a><a href=\"https:\/\/orasul-timisoara.ro\/?s=dominic+fritz\"><span>Dominic Fritz<\/span><\/a><a href=\"https:\/\/orasul-timisoara.ro\/?s=nicolae+robu\"><span>Nicolae Robu<\/span><\/a><a href=\"https:\/\/orasul-timisoara.ro\/?s=consiliul+local+timisoara\">Consiliul Local Timisoara<\/a><a href=\"https:\/\/orasul-timisoara.ro\/?s=consiliul+judetean+timis\"><span>Consiliul Judetean Timis<\/span><\/a><a href=\"https:\/\/orasul-timisoara.ro\/?s=cjt\"><span>CJT<\/span><\/a><a href=\"https:\/\/orasul-timisoara.ro\/?s=Alfred+Simonis\"><span>Alfred Simonis<\/span><\/a><a href=\"https:\/\/orasul-timisoara.ro\/?s=PNL\"><span>PNL<\/span><\/a><a href=\"https:\/\/orasul-timisoara.ro\/?s=coronavirus\"><span>coronavirus<\/span><\/a><a href=\"https:\/\/orasul-timisoara.ro\/?s=teatru+timisoara\">teatru Timisoara<\/a><a href=\"https:\/\/orasul-timisoara.ro\/?s=restaurante\"><span>restaurante Timisoara<\/span><\/a><a href=\"https:\/\/orasul-timisoara.ro\/?s=diskoteka\"><span>Diskoteka<\/span><\/a><a href=\"https:\/\/orasul-timisoara.ro\/?s=iulius+town\"><span>Iulius Town<\/span><\/a><a href=\"https:\/\/orasul-timisoara.ro\/?s=iulius+mall\"><span>Iulius Mall<\/span><\/a><a href=\"https:\/\/orasul-timisoara.ro\/?s=stpt\"><span>STPT<\/span><\/a><a href=\"https:\/\/orasul-timisoara.ro\/?s=alin+nica\"><span>Alin Nica<\/span><\/a><a href=\"https:\/\/orasul-timisoara.ro\/?s=psd\"><span>PSD<\/span><\/a><a href=\"https:\/\/orasul-timisoara.ro\/?s=aeroport\"><span>Aeroportul International Timisoara<\/span><\/a><a href=\"https:\/\/orasul-timisoara.ro\/?s=babes\"><span>Spitalul Victor Babes Timisoara<\/span><\/a><a href=\"https:\/\/orasul-timisoara.ro\/?s=poli\"><span>Poli Timi\u0219oara<\/span><\/a><a href=\"https:\/\/orasul-timisoara.ro\/?s=carantina\"><span>carantina<\/span><\/a><a href=\"https:\/\/orasul-timisoara.ro\/?s=aquatim\"><span>Aquatim<\/span><\/a><a href=\"https:\/\/orasul-timisoara.ro\/local-category\/stiri-timisoara\/\"><span>Stiri Timisoara<\/span><\/a><a href=\"https:\/\/orasul-timisoara.ro\/local-category\/investitii-in-timisoara\/\"><span>Investi\u021bii in Timi\u0219oara<\/span><\/a><a href=\"https:\/\/orasul-timisoara.ro\/local-9463\/\"><span>shaorma<\/span><\/a><a href=\"https:\/\/orasul-timisoara.ro\/?s=trafic\"><span>trafic rutier<\/span><\/a><a href=\"https:\/\/orasul-timisoara.ro\/?s=politia\"><span>politia locala timisoara<\/span><\/a><a href=\"https:\/\/orasul-timisoara.ro\/?s=roxana\"><span>Roxana Iliescu<\/span><\/a><a href=\"https:\/\/orasul-timisoara.ro\/?s=colterm\"><span>Colterm<\/span><\/a><a href=\"https:\/\/orasul-timisoara.ro\/?s=latcau\"><span>Ruben La\u021bc\u0103u<\/span><\/a><a href=\"https:\/\/orasul-timisoara.ro\/?s=timis\"><span>\u0218tiri din Timi\u0219<\/span><\/a><a href=\"https:\/\/orasul-timisoara.ro\/?s=spital\"><span>Spitale din Timi\u0219oara<\/span><\/a><a href=\"https:\/\/orasul-timisoara.ro\/?s=tabara\"><span>Cosmin Tab\u0103r\u0103<\/span><\/a><\/div>\n<\/aside>\n<aside id=\"rss-2\" class=\"td_block_template_8 widget rss-2 widget_rss\">\n<h4 class=\"td-block-title\"><span><a class=\"rsswidget rss-widget-feed\" href=\"https:\/\/fashionfridays.ro\/feed\"><img decoding=\"async\" class=\"rss-widget-icon\" width=\"14\" height=\"14\" src=\"https:\/\/orasul-timisoara.ro\/wp-includes\/images\/rss.png\" alt=\"RSS\" loading=\"lazy\"><\/a><a class=\"rsswidget rss-widget-title\" href=\"https:\/\/fashionfridays.ro\/\">Fashion Fridays<\/a><\/span><\/h4>\n<ul>\n<li><a class=\"rsswidget\" href=\"https:\/\/fashionfridays.ro\/romania-devine-a-29-a-piata-vogue-o-noua-era-pentru-industria-locala-de-moda\/\">Rom\u00e2nia devine a 29-a pia\u021b\u0103 Vogue: o nou\u0103 er\u0103 pentru industria local\u0103 de mod\u0103<\/a>\n<div class=\"rssSummary\">Revista Vogue \u00ee\u0219i extinde prezen\u021ba global\u0103 \u0219i va fi lansat\u0103 oficial \u00een Rom\u00e2nia \u00een prim\u0103vara anului 2027, marc\u00e2nd intrarea pe cea de-a 29-a pia\u021b\u0103 interna\u021bional\u0103. Proiectul este realizat \u00een parteneriat cu AEMME Publishing, o companie media recent \u00eenfiin\u021bat\u0103, care va publica edi\u021bia local\u0103 sub licen\u021b\u0103. Noua edi\u021bie, Vogue Rom\u00e2nia, \u00ee\u0219i propune s\u0103 combine autoritatea global\u0103 [\u2026]<\/div>\n<\/li>\n<\/ul>\n<\/aside>\n<aside id=\"rss-4\" class=\"td_block_template_8 widget rss-4 widget_rss\">\n<h4 class=\"td-block-title\"><span><a class=\"rsswidget rss-widget-feed\" href=\"https:\/\/emasini.ro\/feed\"><img decoding=\"async\" class=\"rss-widget-icon\" width=\"14\" height=\"14\" src=\"https:\/\/orasul-timisoara.ro\/wp-includes\/images\/rss.png\" alt=\"RSS\" loading=\"lazy\"><\/a><a class=\"rsswidget rss-widget-title\" href=\"https:\/\/emasini.ro\/\">eMasini<\/a><\/span><\/h4>\n<ul>\n<li><a class=\"rsswidget\" href=\"https:\/\/emasini.ro\/bmw-testeaza-noul-i4-convertible-primul-cabrio-electric-accesibil-al-marcii\/\">BMW testeaz\u0103 noul i4 Convertible, primul cabrio electric accesibil al m\u0103rcii<\/a>\n<div class=\"rssSummary\">BMW accelereaz\u0103 dezvoltarea noii genera\u021bii de modele electrice bazate pe platforma Neue Klasse, iar unul dintre cele mai interesante proiecte aflate \u00een teste este viitorul BMW i4 Convertible. Prototipul camuflat a fost surprins pe \u0219osele, confirm\u00e2nd c\u0103 produc\u0103torul german preg\u0103te\u0219te o decapotabil\u0103 electric\u0103 destinat\u0103 unui segment \u00een care oferta este, \u00een prezent, extrem de limitat\u0103. [\u2026]<\/div>\n<\/li>\n<\/ul>\n<\/aside>\n<\/div>\n<\/div>\n<\/div>\n<\/div>\n<\/article>\n<div class=\"td-post-content tagdiv-type\">\n<p class=\"wp-block-paragraph\">Timi\u0219oara va g\u0103zdui, pe 5 septembrie, o nou\u0103 preselec\u021bie pentru competi\u021bia Miss Rom\u00e2nia The Crown 2026, eveniment care promite s\u0103 aduc\u0103 \u00een prim-plan frumuse\u021bea, elegan\u021ba \u0219i dezvoltarea personal\u0103. Printre invita\u021bii speciali se va num\u0103ra \u0219i Diaconu Mihai, cunoscut \u00een mediul online drept \u201eAquaman\u201d de Timi\u0219oara.<\/p>\n<p class=\"wp-block-paragraph\">Cunoscut pentru activitatea sa ca antrenor de fitness, Diaconu Mihai \u00eei motiveaz\u0103 zilnic pe cei care aleg un stil de via\u021b\u0103 activ \u0219i s\u0103n\u0103tos, iar \u00een cadrul evenimentului le va \u00eent\u00e2mpina pe tinerele care \u00ee\u0219i doresc s\u0103 participe la una dintre cele mai importante competi\u021bii de frumuse\u021be din Rom\u00e2nia.<\/p>\n<h2 class=\"wp-block-heading\">Diaconu Mihai, prezent la preselec\u021biile Miss Rom\u00e2nia The Crown 2026 din Timisoara<\/h2>\n<p class=\"wp-block-paragraph\">Organizatorii anun\u021b\u0103 c\u0103 Diaconu Mihai va fi unul dintre invita\u021bii speciali ai preselec\u021biei care va avea loc la Timi\u0219oara.<\/p>\n<p class=\"wp-block-paragraph\">Antrenorul de fitness este apreciat pentru disciplina \u0219i energia pe care le transmite celor care \u00eei trec pragul s\u0103lii de sport, iar prezen\u021ba sa completeaz\u0103 seria surprizelor preg\u0103tite pentru edi\u021bia din acest an.<\/p>\n<h2 class=\"wp-block-heading\">Preselec\u021bia este programat\u0103 la Iulius Mall Timi\u0219oara<\/h2>\n<p class=\"wp-block-paragraph\">Prima etap\u0103 a selec\u021biei pentru Miss Rom\u00e2nia The Crown 2026 va avea loc \u00een data de 5 septembrie, de la ora 18:00, la Iulius Mall Timi\u0219oara.<\/p>\n<p class=\"wp-block-paragraph\">Evenimentul este dedicat tinerelor care \u00ee\u0219i doresc s\u0103 participe la competi\u021bie \u0219i s\u0103 beneficieze de oportunit\u0103\u021bile oferite de acest proiect. \u00censcrierile pentru preselectie se pot face online pe <a href=\"https:\/\/www.facebook.com\/profile.php?id=61559358350123\" target=\"_blank\" rel=\"noopener\">Miss Romanai the Crown<\/a> sau telefonic la numarul +40 727 004 252.<\/p>\n<h2 class=\"wp-block-heading\">C\u0103t\u0103lin Botezatu revine \u00een rolul de pre\u0219edinte al juriului<\/h2>\n<p class=\"wp-block-paragraph\">Organizatorii au anun\u021bat c\u0103 \u0219i \u00een acest an designerul C\u0103t\u0103lin Botezatu va ocupa func\u021bia de pre\u0219edinte al juriului \u0219i partener oficial al competi\u021biei.<\/p>\n<p class=\"wp-block-paragraph\">Prezen\u021ba sa este considerat\u0103 un element important al concursului, edi\u021bia 2026 urm\u00e2nd s\u0103 p\u0103streze standardele de elegan\u021b\u0103 \u0219i profesionalism care au consacrat evenimentul.<\/p>\n<p class=\"wp-block-paragraph\">Competi\u021bia Miss Rom\u00e2nia The Crown este organizat\u0103 de Hannelore Ulrich, fondatoarea proiectului. Potrivit organizatorilor, conceptul urm\u0103re\u0219te s\u0103 descopere \u0219i s\u0103 promoveze tinere cu poten\u021bial, oferindu-le oportunit\u0103\u021bi de dezvoltare personal\u0103 \u0219i profesional\u0103 \u00eentr-un cadru organizat la standarde ridicate.<\/p>\n<p class=\"wp-block-paragraph\">Miss Rom\u00e2nia The Crown 2026 \u00ee\u0219i propune s\u0103 ofere at\u00e2t concurentelor, c\u00e2t \u0219i publicului, o experien\u021b\u0103 complet\u0103, cu invita\u021bi speciali \u0219i momente dedicate promov\u0103rii elegan\u021bei \u0219i stilului de via\u021b\u0103 activ.<\/p>\n<p class=\"wp-block-paragraph\">Tinerelor care viseaz\u0103 s\u0103 urce pe podium \u0219i s\u0103 fac\u0103 parte din competi\u021bie li se recomand\u0103 s\u0103 participe la preselec\u021bia din 5 septembrie, organizat\u0103 la Iulius Mall Timi\u0219oara, unde vor avea ocazia s\u0103 descopere atmosfera concursului \u0219i s\u0103 \u00eei \u00eent\u00e2lneasc\u0103 pe invita\u021bii edi\u021biei din acest an.<\/p>\n<\/div>\n<p>[analyse_source url=&#8221;https:\/\/orasul-timisoara.ro\/local-40014\/&#8221;]<\/p>\n","protected":false},"excerpt":{"rendered":"<p>[analyse_image type=&#8221;featured&#8221; src=&#8221;https:\/\/orasul-timisoara.ro\/wp-content\/uploads\/2026\/08\/diaconu-mihai.jpg&#8221;] Evenimente in TimisoaraDiaconu Mihai, \u201eAquaman\u201d de Timi\u0219oara, prezent la Miss Rom\u00e2nia The Crown 2026 Evenimente in Timisoara \u0218tiri Locale Diaconu Mihai, \u201eAquaman\u201d de Timi\u0219oara, prezent la Miss Rom\u00e2nia The Crown 2026 De c\u0103tre redactia &#8211; 04\/08\/2026 Facebook Twitter WhatsApp Linkedin ReddIt Email Imprimare Timi\u0219oara va g\u0103zdui, pe 5 septembrie, o nou\u0103 preselec\u021bie [&hellip;]<\/p>\n","protected":false},"author":1,"featured_media":0,"comment_status":"open","ping_status":"","sticky":false,"template":"","format":"standard","meta":{"footnotes":""},"categories":[89],"tags":[226,189],"class_list":["post-2077463","post","type-post","status-publish","format-standard","hentry","category-romania","tag-crawlmanager","tag-orasul-timisoara-ro"],"_links":{"self":[{"href":"https:\/\/analyse.optim.biz\/index.php?rest_route=\/wp\/v2\/posts\/2077463","targetHints":{"allow":["GET"]}}],"collection":[{"href":"https:\/\/analyse.optim.biz\/index.php?rest_route=\/wp\/v2\/posts"}],"about":[{"href":"https:\/\/analyse.optim.biz\/index.php?rest_route=\/wp\/v2\/types\/post"}],"author":[{"embeddable":true,"href":"https:\/\/analyse.optim.biz\/index.php?rest_route=\/wp\/v2\/users\/1"}],"replies":[{"embeddable":true,"href":"https:\/\/analyse.optim.biz\/index.php?rest_route=%2Fwp%2Fv2%2Fcomments&post=2077463"}],"version-history":[{"count":0,"href":"https:\/\/analyse.optim.biz\/index.php?rest_route=\/wp\/v2\/posts\/2077463\/revisions"}],"wp:attachment":[{"href":"https:\/\/analyse.optim.biz\/index.php?rest_route=%2Fwp%2Fv2%2Fmedia&parent=2077463"}],"wp:term":[{"taxonomy":"category","embeddable":true,"href":"https:\/\/analyse.optim.biz\/index.php?rest_route=%2Fwp%2Fv2%2Fcategories&post=2077463"},{"taxonomy":"post_tag","embeddable":true,"href":"https:\/\/analyse.optim.biz\/index.php?rest_route=%2Fwp%2Fv2%2Ftags&post=2077463"}],"curies":[{"name":"wp","href":"https:\/\/api.w.org\/{rel}","templated":true}]}}