{"id":2077458,"date":"2026-08-03T16:50:41","date_gmt":"2026-08-03T13:50:41","guid":{"rendered":"https:\/\/analyse.optim.biz\/?p=2077458"},"modified":"2026-08-03T16:50:41","modified_gmt":"2026-08-03T13:50:41","slug":"criza-energetica-tpl-suceava-limiteaza-programul-de-alimentare-a-autobzelor-electrice-graficul-de-circulatie-al-autobuzelor-nu-va-fi-afectat-programul-curselor-ramine-neschimbat","status":"publish","type":"post","link":"https:\/\/analyse.optim.biz\/?p=2077458","title":{"rendered":"Criz\u0103 energetic\u0103. TPL Suceava limiteaz\u0103 programul de alimentare a autobzelor electrice. \u201dGraficul de circula\u021bie al autobuzelor nu va fi afectat. Programul curselor r\u0103m\u00eene neschimbat\u201d"},"content":{"rendered":"<p>[analyse_image type=&#8221;featured&#8221; src=&#8221;https:\/\/www.radiotop.ro\/img\/media\/2026\/08\/autobuz-incarcare.jpg&#8221;]<\/p>\n<div class=\"entry-content no-share\">\n<div class=\"content-inner \">\n<p>Societatea de transport public local Suceava, TPL, anun\u021b\u0103 luarea unor m\u0103suri \u00een contextul situa\u021biei energetice complicate, \u00eens\u0103 f\u0103r\u0103 ca acestea s\u0103 aib\u0103 consecin\u021be asupra c\u0103l\u0103torilor.<\/p>\n<p>Societatea TPL Suceava anun\u021b\u0103 implementarea unor m\u0103suri imediate pentru reducerea presiunii asupra Sistemului Energetic Na\u021bional \u2013 SEN, \u00een contextul deficitului de energie la nivel na\u021bional. Conform unui comunicat al TPL, companie al c\u0103rei ac\u021bionar este Consiliul Local Suceava, \u201dpentru protejarea re\u021belei electrice \u00een perioadele de consum maxim, procesul de \u00eenc\u0103rcare a autobuzelor electrice \u00een autobaze va fi suspendat \u00een urm\u0103toarele intervale orare: 07:00 \u2013 10:00\u00a0\u2013 v\u00e2rful de consum de diminea\u021b\u0103; 16:00 \u2013 23:00\u00a0\u2013 v\u00e2rful de consum de sear\u0103. Alimentarea autobuzelor electrice va fi realizat\u0103 exclusiv \u00een intervalele cu consum redus \u0219i produc\u021bie energetic\u0103 optim\u0103: intervalul de noapte\u00a0\u2013 \u00eenc\u0103rcarea principal\u0103 a flotei; intervalul 10:00 \u2013 16:00\u00a0\u2013 \u00eenc\u0103rcarea secundar\u0103. \u00cen aceast\u0103 perioad\u0103, produc\u021bia ridicat\u0103 de energie din surse fotovoltaice contribuie la stabilizarea Sistemului Energetic Na\u021bional\u201d.<\/p>\n<p>Conducerea TPL Suceava subliniaz\u0103 c\u0103 \u201dgraficul de circula\u021bie al autobuzelor nu va fi afectat. Programul curselor r\u0103m\u00e2ne neschimbat\u201d.<\/p>\n<p>Totodat\u0103, TPL face apel la solidaritate: \u201dPe aceast\u0103 cale, adres\u0103m un apel tuturor sucevenilor s\u0103 dea dovad\u0103 de solidaritate \u0219i responsabilitate civic\u0103. \u00cei rug\u0103m ca, \u00een m\u0103sura posibilit\u0103\u021bilor, s\u0103 reduc\u0103 sau s\u0103 am\u00e2ne consumul de energie electric\u0103 \u00een locuin\u021be \u00een acelea\u0219i intervale critice: 07:00 \u2013 10:00 \u0219i 16:00 \u2013 23:00.<\/p>\n<p>Prin evitarea utiliz\u0103rii electrocasnicelor cu consum ridicat (ma\u0219ini de sp\u0103lat, usc\u0103toare de rufe, boilere electrice etc.) \u00een aceste intervale \u0219i mutarea consumului c\u0103tre orele de pr\u00e2nz sau pe timpul nop\u021bii, fiecare dintre noi poate contribui la reducerea \u00eenc\u0103rc\u0103rii re\u021belei \u0219i la prevenirea unor avarii \u00een sistemul energetic. V\u0103 mul\u021bumim pentru \u00een\u021belegere, sprijin \u0219i spirit civic!\u201d.<\/p>\n<p>\u00centreaga flot\u0103 de autobuze a TPL Suceava este format\u0103 din autobuze electrice.<\/p>\n<\/div>\n<\/div>\n<div class=\"content-inner \">\n<p>Societatea de transport public local Suceava, TPL, anun\u021b\u0103 luarea unor m\u0103suri \u00een contextul situa\u021biei energetice complicate, \u00eens\u0103 f\u0103r\u0103 ca acestea s\u0103 aib\u0103 consecin\u021be asupra c\u0103l\u0103torilor.<\/p>\n<p>Societatea TPL Suceava anun\u021b\u0103 implementarea unor m\u0103suri imediate pentru reducerea presiunii asupra Sistemului Energetic Na\u021bional \u2013 SEN, \u00een contextul deficitului de energie la nivel na\u021bional. Conform unui comunicat al TPL, companie al c\u0103rei ac\u021bionar este Consiliul Local Suceava, \u201dpentru protejarea re\u021belei electrice \u00een perioadele de consum maxim, procesul de \u00eenc\u0103rcare a autobuzelor electrice \u00een autobaze va fi suspendat \u00een urm\u0103toarele intervale orare: 07:00 \u2013 10:00\u00a0\u2013 v\u00e2rful de consum de diminea\u021b\u0103; 16:00 \u2013 23:00\u00a0\u2013 v\u00e2rful de consum de sear\u0103. Alimentarea autobuzelor electrice va fi realizat\u0103 exclusiv \u00een intervalele cu consum redus \u0219i produc\u021bie energetic\u0103 optim\u0103: intervalul de noapte\u00a0\u2013 \u00eenc\u0103rcarea principal\u0103 a flotei; intervalul 10:00 \u2013 16:00\u00a0\u2013 \u00eenc\u0103rcarea secundar\u0103. \u00cen aceast\u0103 perioad\u0103, produc\u021bia ridicat\u0103 de energie din surse fotovoltaice contribuie la stabilizarea Sistemului Energetic Na\u021bional\u201d.<\/p>\n<p>Conducerea TPL Suceava subliniaz\u0103 c\u0103 \u201dgraficul de circula\u021bie al autobuzelor nu va fi afectat. Programul curselor r\u0103m\u00e2ne neschimbat\u201d.<\/p>\n<p>Totodat\u0103, TPL face apel la solidaritate: \u201dPe aceast\u0103 cale, adres\u0103m un apel tuturor sucevenilor s\u0103 dea dovad\u0103 de solidaritate \u0219i responsabilitate civic\u0103. \u00cei rug\u0103m ca, \u00een m\u0103sura posibilit\u0103\u021bilor, s\u0103 reduc\u0103 sau s\u0103 am\u00e2ne consumul de energie electric\u0103 \u00een locuin\u021be \u00een acelea\u0219i intervale critice: 07:00 \u2013 10:00 \u0219i 16:00 \u2013 23:00.<\/p>\n<p>Prin evitarea utiliz\u0103rii electrocasnicelor cu consum ridicat (ma\u0219ini de sp\u0103lat, usc\u0103toare de rufe, boilere electrice etc.) \u00een aceste intervale \u0219i mutarea consumului c\u0103tre orele de pr\u00e2nz sau pe timpul nop\u021bii, fiecare dintre noi poate contribui la reducerea \u00eenc\u0103rc\u0103rii re\u021belei \u0219i la prevenirea unor avarii \u00een sistemul energetic. V\u0103 mul\u021bumim pentru \u00een\u021belegere, sprijin \u0219i spirit civic!\u201d.<\/p>\n<p>\u00centreaga flot\u0103 de autobuze a TPL Suceava este format\u0103 din autobuze electrice.<\/p>\n<\/div>\n<p>[analyse_source url=&#8221;https:\/\/www.radiotop.ro\/actualitate\/criza-energetica-tpl-suceava-limiteaza-programul-de-alimentare-a-autobzelor-electrice-graficul-de-circulatie-al-autobuzelor-nu-va-fi-afectat-programul-curselor-ramine-neschimbat.html&#8221;]<\/p>\n","protected":false},"excerpt":{"rendered":"<p>[analyse_image type=&#8221;featured&#8221; src=&#8221;https:\/\/www.radiotop.ro\/img\/media\/2026\/08\/autobuz-incarcare.jpg&#8221;] Societatea de transport public local Suceava, TPL, anun\u021b\u0103 luarea unor m\u0103suri \u00een contextul situa\u021biei energetice complicate, \u00eens\u0103 f\u0103r\u0103 ca acestea s\u0103 aib\u0103 consecin\u021be asupra c\u0103l\u0103torilor. Societatea TPL Suceava anun\u021b\u0103 implementarea unor m\u0103suri imediate pentru reducerea presiunii asupra Sistemului Energetic Na\u021bional \u2013 SEN, \u00een contextul deficitului de energie la nivel na\u021bional. Conform unui [&hellip;]<\/p>\n","protected":false},"author":1,"featured_media":0,"comment_status":"open","ping_status":"","sticky":false,"template":"","format":"standard","meta":{"footnotes":""},"categories":[89],"tags":[226,163],"class_list":["post-2077458","post","type-post","status-publish","format-standard","hentry","category-romania","tag-crawlmanager","tag-radiotop-ro"],"_links":{"self":[{"href":"https:\/\/analyse.optim.biz\/index.php?rest_route=\/wp\/v2\/posts\/2077458","targetHints":{"allow":["GET"]}}],"collection":[{"href":"https:\/\/analyse.optim.biz\/index.php?rest_route=\/wp\/v2\/posts"}],"about":[{"href":"https:\/\/analyse.optim.biz\/index.php?rest_route=\/wp\/v2\/types\/post"}],"author":[{"embeddable":true,"href":"https:\/\/analyse.optim.biz\/index.php?rest_route=\/wp\/v2\/users\/1"}],"replies":[{"embeddable":true,"href":"https:\/\/analyse.optim.biz\/index.php?rest_route=%2Fwp%2Fv2%2Fcomments&post=2077458"}],"version-history":[{"count":0,"href":"https:\/\/analyse.optim.biz\/index.php?rest_route=\/wp\/v2\/posts\/2077458\/revisions"}],"wp:attachment":[{"href":"https:\/\/analyse.optim.biz\/index.php?rest_route=%2Fwp%2Fv2%2Fmedia&parent=2077458"}],"wp:term":[{"taxonomy":"category","embeddable":true,"href":"https:\/\/analyse.optim.biz\/index.php?rest_route=%2Fwp%2Fv2%2Fcategories&post=2077458"},{"taxonomy":"post_tag","embeddable":true,"href":"https:\/\/analyse.optim.biz\/index.php?rest_route=%2Fwp%2Fv2%2Ftags&post=2077458"}],"curies":[{"name":"wp","href":"https:\/\/api.w.org\/{rel}","templated":true}]}}