{"id":2077456,"date":"2026-08-03T08:40:37","date_gmt":"2026-08-03T05:40:37","guid":{"rendered":"https:\/\/analyse.optim.biz\/?p=2077456"},"modified":"2026-08-03T08:40:37","modified_gmt":"2026-08-03T05:40:37","slug":"emil-ursu-am-militat-pentru-ca-cismeaua-de-la-cetatea-de-scaun-sa-ramina-functionala-s-a-mai-stricat-am-fost-acuzat-ca-sint-in-cirdasie-cu-terasele-ca-sa-si-vinda-apa-minerala","status":"publish","type":"post","link":"https:\/\/analyse.optim.biz\/?p=2077456","title":{"rendered":"Emil Ursu: Am militat pentru ca ci\u0219meaua de la Cetatea de Scaun s\u0103 r\u0103m\u00een\u0103 func\u021bional\u0103. S-a mai stricat. Am fost acuzat c\u0103 s\u00eent \u00een c\u00eerd\u0103\u0219ie cu terasele ca s\u0103-\u0219i v\u00eend\u0103 apa mineral\u0103"},"content":{"rendered":"<p>[analyse_image type=&#8221;featured&#8221; src=&#8221;https:\/\/www.radiotop.ro\/img\/media\/2026\/08\/cismea-cetate.jpg&#8221;]<\/p>\n<div class=\"entry-content no-share\">\n<div class=\"content-inner \">\n<p>Directorul Muzeului Na\u021bional al Bucovinei, Emil Ursu, spune c\u0103 a insistat ca ci\u0219meaua din zona Cet\u0103\u021bii de Scaun a Sucevei, una dintre pu\u021binele din ora\u0219, s\u0103 r\u0103m\u00een\u0103 func\u021bional\u0103, pentru ca vizitatorii s\u0103 aib\u0103 acces gratuit la ap\u0103, mai ales \u00een zilele caniculare.<\/p>\n<p>\u00centr-o interven\u021bie telefonic\u0103 la Radio Top, Emil Ursu a declarat: \u201dAm militat pentru ca acea ci\u0219mea s\u0103 r\u0103m\u00een\u0103 func\u021bional\u0103, pentru c\u0103, p\u00een\u0103 la urm\u0103, apa e un lucru pe care ni-l d\u0103 Dumnezeu, sigur, \u0219i ACET-ul mai nou, dar apa este, p\u00een\u0103 la urm\u0103, un drept fundamental. S\u00eent mul\u021bi vizitatori, mul\u021bi copii care vin \u00een zon\u0103 \u0219i poate n-au bani, sau \u0219tiu eu, nu g\u0103sesc deschis pe la terasele de acolo, \u0219i atunci cel mai corect este s\u0103 oferim ap\u0103\u201d.<\/p>\n<p>Directorul muzeului a povestit \u0219i un episod amuzant legat de ci\u0219mea. A spus acesta, z\u00eembind: \u201dS-a mai stricat acea ci\u0219mea, unii trag foarte tare\u2026 \u0218i am v\u0103zut pe Facebook c\u0103 am fost acuzat de faptul c\u0103 s\u00eent \u00een c\u00eerd\u0103\u0219ie cu terasele ca s\u0103-\u0219i v\u00eend\u0103 apa mineral\u0103\u201d.<\/p>\n<p>Emil Ursu a mai anun\u021bat c\u0103 \u0219i \u00een noua parcare care se amenajeaz\u0103 \u00een apropierea Cet\u0103\u021bii de Scaun va fi instalat\u0103 o ci\u0219mea. Totodat\u0103, el a precizat c\u0103 lucr\u0103rile la parcare nu vor afecta spa\u021biul destinat concertelor \u0219i spectacolelor de pe platou.<\/p>\n<p>\u00cen ceea ce prive\u0219te Festivalul de Art\u0103 Medieval\u0103, care va \u00eencepe \u00een cur\u00eend, directorul Muzeului Na\u021bional al Bucovinei a afirmat la Radio Top c\u0103 preg\u0103tirile s\u00eent pe ultima sut\u0103 de metri. A declarat Emil Ursu: \u201dAm \u00eenceput deja ultimele retu\u0219uri. Am reu\u0219it s\u0103 g\u0103sim \u0219i banii necesari zilele acestea\u201d.<\/p>\n<\/div>\n<\/div>\n<div class=\"content-inner \">\n<p>Directorul Muzeului Na\u021bional al Bucovinei, Emil Ursu, spune c\u0103 a insistat ca ci\u0219meaua din zona Cet\u0103\u021bii de Scaun a Sucevei, una dintre pu\u021binele din ora\u0219, s\u0103 r\u0103m\u00een\u0103 func\u021bional\u0103, pentru ca vizitatorii s\u0103 aib\u0103 acces gratuit la ap\u0103, mai ales \u00een zilele caniculare.<\/p>\n<p>\u00centr-o interven\u021bie telefonic\u0103 la Radio Top, Emil Ursu a declarat: \u201dAm militat pentru ca acea ci\u0219mea s\u0103 r\u0103m\u00een\u0103 func\u021bional\u0103, pentru c\u0103, p\u00een\u0103 la urm\u0103, apa e un lucru pe care ni-l d\u0103 Dumnezeu, sigur, \u0219i ACET-ul mai nou, dar apa este, p\u00een\u0103 la urm\u0103, un drept fundamental. S\u00eent mul\u021bi vizitatori, mul\u021bi copii care vin \u00een zon\u0103 \u0219i poate n-au bani, sau \u0219tiu eu, nu g\u0103sesc deschis pe la terasele de acolo, \u0219i atunci cel mai corect este s\u0103 oferim ap\u0103\u201d.<\/p>\n<p>Directorul muzeului a povestit \u0219i un episod amuzant legat de ci\u0219mea. A spus acesta, z\u00eembind: \u201dS-a mai stricat acea ci\u0219mea, unii trag foarte tare\u2026 \u0218i am v\u0103zut pe Facebook c\u0103 am fost acuzat de faptul c\u0103 s\u00eent \u00een c\u00eerd\u0103\u0219ie cu terasele ca s\u0103-\u0219i v\u00eend\u0103 apa mineral\u0103\u201d.<\/p>\n<p>Emil Ursu a mai anun\u021bat c\u0103 \u0219i \u00een noua parcare care se amenajeaz\u0103 \u00een apropierea Cet\u0103\u021bii de Scaun va fi instalat\u0103 o ci\u0219mea. Totodat\u0103, el a precizat c\u0103 lucr\u0103rile la parcare nu vor afecta spa\u021biul destinat concertelor \u0219i spectacolelor de pe platou.<\/p>\n<p>\u00cen ceea ce prive\u0219te Festivalul de Art\u0103 Medieval\u0103, care va \u00eencepe \u00een cur\u00eend, directorul Muzeului Na\u021bional al Bucovinei a afirmat la Radio Top c\u0103 preg\u0103tirile s\u00eent pe ultima sut\u0103 de metri. A declarat Emil Ursu: \u201dAm \u00eenceput deja ultimele retu\u0219uri. Am reu\u0219it s\u0103 g\u0103sim \u0219i banii necesari zilele acestea\u201d.<\/p>\n<\/div>\n<p>[analyse_source url=&#8221;https:\/\/www.radiotop.ro\/actualitate\/emil-ursu-am-militat-pentru-ca-cismeaua-de-la-cetatea-de-scaun-sa-ramina-functionala-s-a-mai-stricat-am-fost-acuzat-ca-sint-in-cirdasie-cu-terasele-ca-sa-si-vinda-apa-minerala.html&#8221;]<\/p>\n","protected":false},"excerpt":{"rendered":"<p>[analyse_image type=&#8221;featured&#8221; src=&#8221;https:\/\/www.radiotop.ro\/img\/media\/2026\/08\/cismea-cetate.jpg&#8221;] Directorul Muzeului Na\u021bional al Bucovinei, Emil Ursu, spune c\u0103 a insistat ca ci\u0219meaua din zona Cet\u0103\u021bii de Scaun a Sucevei, una dintre pu\u021binele din ora\u0219, s\u0103 r\u0103m\u00een\u0103 func\u021bional\u0103, pentru ca vizitatorii s\u0103 aib\u0103 acces gratuit la ap\u0103, mai ales \u00een zilele caniculare. \u00centr-o interven\u021bie telefonic\u0103 la Radio Top, Emil Ursu a declarat: [&hellip;]<\/p>\n","protected":false},"author":1,"featured_media":0,"comment_status":"open","ping_status":"","sticky":false,"template":"","format":"standard","meta":{"footnotes":""},"categories":[89],"tags":[226,163],"class_list":["post-2077456","post","type-post","status-publish","format-standard","hentry","category-romania","tag-crawlmanager","tag-radiotop-ro"],"_links":{"self":[{"href":"https:\/\/analyse.optim.biz\/index.php?rest_route=\/wp\/v2\/posts\/2077456","targetHints":{"allow":["GET"]}}],"collection":[{"href":"https:\/\/analyse.optim.biz\/index.php?rest_route=\/wp\/v2\/posts"}],"about":[{"href":"https:\/\/analyse.optim.biz\/index.php?rest_route=\/wp\/v2\/types\/post"}],"author":[{"embeddable":true,"href":"https:\/\/analyse.optim.biz\/index.php?rest_route=\/wp\/v2\/users\/1"}],"replies":[{"embeddable":true,"href":"https:\/\/analyse.optim.biz\/index.php?rest_route=%2Fwp%2Fv2%2Fcomments&post=2077456"}],"version-history":[{"count":0,"href":"https:\/\/analyse.optim.biz\/index.php?rest_route=\/wp\/v2\/posts\/2077456\/revisions"}],"wp:attachment":[{"href":"https:\/\/analyse.optim.biz\/index.php?rest_route=%2Fwp%2Fv2%2Fmedia&parent=2077456"}],"wp:term":[{"taxonomy":"category","embeddable":true,"href":"https:\/\/analyse.optim.biz\/index.php?rest_route=%2Fwp%2Fv2%2Fcategories&post=2077456"},{"taxonomy":"post_tag","embeddable":true,"href":"https:\/\/analyse.optim.biz\/index.php?rest_route=%2Fwp%2Fv2%2Ftags&post=2077456"}],"curies":[{"name":"wp","href":"https:\/\/api.w.org\/{rel}","templated":true}]}}