{"id":2077455,"date":"2026-08-03T08:35:28","date_gmt":"2026-08-03T05:35:28","guid":{"rendered":"https:\/\/analyse.optim.biz\/?p=2077455"},"modified":"2026-08-03T08:35:28","modified_gmt":"2026-08-03T05:35:28","slug":"lume-lume-hai-la-tirg-a-atras-un-numar-record-de-vizitatori-6-640-emil-ursu-cred-ca-fuego-a-fost-unul-dintre-vinovati","status":"publish","type":"post","link":"https:\/\/analyse.optim.biz\/?p=2077455","title":{"rendered":"\u201dLume, lume\u2026 hai la t\u00eerg!\u201d a atras un num\u0103r record de vizitatori \u2013 6.640. Emil Ursu: Cred c\u0103 Fuego a fost unul dintre \u201dvinova\u021bi\u201d"},"content":{"rendered":"<p>[analyse_image type=&#8221;featured&#8221; src=&#8221;https:\/\/www.radiotop.ro\/img\/media\/2026\/08\/fuego-public.jpg&#8221;]<\/p>\n<div class=\"entry-content no-share\">\n<div class=\"content-inner \">\n<p>Edi\u021bia din acest an a evenimentului \u201dLume, lume\u2026 hai la t\u00eerg!\u201d, organizat\u0103 la Muzeul Satului Bucovinean, a \u00eenregistrat cel mai mare num\u0103r de vizitatori de p\u00een\u0103 acum. \u00cen cele trei zile, Muzeul a fost vizitat de 6.640 de persoane, cu 1.298 mai multe dec\u00eet la edi\u021bia de anul trecut.<\/p>\n<p>\u00centr-o interven\u021bie telefonic\u0103 la Radio Top, directorul Muzelui Na\u021bional al Bucovinei, Emil Ursu, a declarat: \u201dAnul acesta au fost 6.640 de vizitatori \u00een cele trei zile. Anul trecut au fost 5.342, a\u0219adar cu 1.298 mai mul\u021bi\u201d.<\/p>\n<p>\u00centrebat dac\u0103 principalul \u201dvinovat\u201d pentru prezen\u021ba record a publicului a fost Fuego, directorul muzeului a r\u0103spuns: \u201dEu cred c\u0103 da. Cred c\u0103 Fuego pe de-o parte \u0219i, sigur, \u0219i celelalte spectacole, pentru c\u0103 cei mai mul\u021bi beneficiari s-au \u00eenregistrat, totu\u0219i, duminic\u0103. Or, duminic\u0103 n-a fost Fuego. Fuego a fost s\u00eemb\u0103t\u0103 dup\u0103 amiaz\u0103. Oricum, mult\u0103, mult\u0103 lume la Fuego, cred c\u0103 cel mai numeros public de c\u00eend facem noi spectacole la Muzeul Satului\u201d.<\/p>\n<p>Emil Ursu a remarcat c\u0103 la concert au participat oameni\u201dde toate v\u00eerstele, foarte interesant, inclusiv copii de 8 ani\u201d. A ad\u0103ugat Emil Ursu, amuzat: \u201dA venit o domni\u0219oar\u0103 cu un mic banner, pe care scria &lt;\u00eempodobim\u2026&gt;. Am spus: &lt;Domnule, e totu\u0219i august\u2026&gt;. O domni\u0219oar\u0103 foarte, foarte simpatic\u0103, dar p\u00een\u0103 la urm\u0103 i-a f\u0103cut pe plac \u0219i a fredonat c\u00eeteva versuri\u201d.<\/p>\n<p>\u201dLume, lume\u2026 hai la t\u00eerg!\u201d a debutat, vineri, 31 iulie, la Muzeul Satului Bucovinean de la Cetatea de Scaun a Sucevei \u0219i a \u021binut p\u00een\u0103 duminic\u0103, 2 august. T\u00eergul a reunit \u00een acest an 87 de me\u0219teri populari din \u00eentreaga \u021bar\u0103 \u0219i a cuprins expozi\u021bii cu produse tradi\u021bionale, spectacole folclorice cu arti\u0219ti locali \u0219i recitalul sus\u021binut de Fuego, s\u00eemb\u0103t\u0103.<\/p>\n<\/div>\n<\/div>\n<div class=\"content-inner \">\n<p>Edi\u021bia din acest an a evenimentului \u201dLume, lume\u2026 hai la t\u00eerg!\u201d, organizat\u0103 la Muzeul Satului Bucovinean, a \u00eenregistrat cel mai mare num\u0103r de vizitatori de p\u00een\u0103 acum. \u00cen cele trei zile, Muzeul a fost vizitat de 6.640 de persoane, cu 1.298 mai multe dec\u00eet la edi\u021bia de anul trecut.<\/p>\n<p>\u00centr-o interven\u021bie telefonic\u0103 la Radio Top, directorul Muzelui Na\u021bional al Bucovinei, Emil Ursu, a declarat: \u201dAnul acesta au fost 6.640 de vizitatori \u00een cele trei zile. Anul trecut au fost 5.342, a\u0219adar cu 1.298 mai mul\u021bi\u201d.<\/p>\n<p>\u00centrebat dac\u0103 principalul \u201dvinovat\u201d pentru prezen\u021ba record a publicului a fost Fuego, directorul muzeului a r\u0103spuns: \u201dEu cred c\u0103 da. Cred c\u0103 Fuego pe de-o parte \u0219i, sigur, \u0219i celelalte spectacole, pentru c\u0103 cei mai mul\u021bi beneficiari s-au \u00eenregistrat, totu\u0219i, duminic\u0103. Or, duminic\u0103 n-a fost Fuego. Fuego a fost s\u00eemb\u0103t\u0103 dup\u0103 amiaz\u0103. Oricum, mult\u0103, mult\u0103 lume la Fuego, cred c\u0103 cel mai numeros public de c\u00eend facem noi spectacole la Muzeul Satului\u201d.<\/p>\n<p>Emil Ursu a remarcat c\u0103 la concert au participat oameni\u201dde toate v\u00eerstele, foarte interesant, inclusiv copii de 8 ani\u201d. A ad\u0103ugat Emil Ursu, amuzat: \u201dA venit o domni\u0219oar\u0103 cu un mic banner, pe care scria &lt;\u00eempodobim\u2026&gt;. Am spus: &lt;Domnule, e totu\u0219i august\u2026&gt;. O domni\u0219oar\u0103 foarte, foarte simpatic\u0103, dar p\u00een\u0103 la urm\u0103 i-a f\u0103cut pe plac \u0219i a fredonat c\u00eeteva versuri\u201d.<\/p>\n<p>\u201dLume, lume\u2026 hai la t\u00eerg!\u201d a debutat, vineri, 31 iulie, la Muzeul Satului Bucovinean de la Cetatea de Scaun a Sucevei \u0219i a \u021binut p\u00een\u0103 duminic\u0103, 2 august. T\u00eergul a reunit \u00een acest an 87 de me\u0219teri populari din \u00eentreaga \u021bar\u0103 \u0219i a cuprins expozi\u021bii cu produse tradi\u021bionale, spectacole folclorice cu arti\u0219ti locali \u0219i recitalul sus\u021binut de Fuego, s\u00eemb\u0103t\u0103.<\/p>\n<\/div>\n<p>[analyse_source url=&#8221;https:\/\/www.radiotop.ro\/actualitate\/lume-lume-hai-la-tirg-a-atras-un-numar-record-de-vizitatori-6-640-emil-ursu-cred-ca-fuego-a-fost-unul-dintre-vinovati.html&#8221;]<\/p>\n","protected":false},"excerpt":{"rendered":"<p>[analyse_image type=&#8221;featured&#8221; src=&#8221;https:\/\/www.radiotop.ro\/img\/media\/2026\/08\/fuego-public.jpg&#8221;] Edi\u021bia din acest an a evenimentului \u201dLume, lume\u2026 hai la t\u00eerg!\u201d, organizat\u0103 la Muzeul Satului Bucovinean, a \u00eenregistrat cel mai mare num\u0103r de vizitatori de p\u00een\u0103 acum. \u00cen cele trei zile, Muzeul a fost vizitat de 6.640 de persoane, cu 1.298 mai multe dec\u00eet la edi\u021bia de anul trecut. \u00centr-o interven\u021bie telefonic\u0103 [&hellip;]<\/p>\n","protected":false},"author":1,"featured_media":0,"comment_status":"open","ping_status":"","sticky":false,"template":"","format":"standard","meta":{"footnotes":""},"categories":[89],"tags":[226,163],"class_list":["post-2077455","post","type-post","status-publish","format-standard","hentry","category-romania","tag-crawlmanager","tag-radiotop-ro"],"_links":{"self":[{"href":"https:\/\/analyse.optim.biz\/index.php?rest_route=\/wp\/v2\/posts\/2077455","targetHints":{"allow":["GET"]}}],"collection":[{"href":"https:\/\/analyse.optim.biz\/index.php?rest_route=\/wp\/v2\/posts"}],"about":[{"href":"https:\/\/analyse.optim.biz\/index.php?rest_route=\/wp\/v2\/types\/post"}],"author":[{"embeddable":true,"href":"https:\/\/analyse.optim.biz\/index.php?rest_route=\/wp\/v2\/users\/1"}],"replies":[{"embeddable":true,"href":"https:\/\/analyse.optim.biz\/index.php?rest_route=%2Fwp%2Fv2%2Fcomments&post=2077455"}],"version-history":[{"count":0,"href":"https:\/\/analyse.optim.biz\/index.php?rest_route=\/wp\/v2\/posts\/2077455\/revisions"}],"wp:attachment":[{"href":"https:\/\/analyse.optim.biz\/index.php?rest_route=%2Fwp%2Fv2%2Fmedia&parent=2077455"}],"wp:term":[{"taxonomy":"category","embeddable":true,"href":"https:\/\/analyse.optim.biz\/index.php?rest_route=%2Fwp%2Fv2%2Fcategories&post=2077455"},{"taxonomy":"post_tag","embeddable":true,"href":"https:\/\/analyse.optim.biz\/index.php?rest_route=%2Fwp%2Fv2%2Ftags&post=2077455"}],"curies":[{"name":"wp","href":"https:\/\/api.w.org\/{rel}","templated":true}]}}