{"id":2077454,"date":"2026-08-03T06:51:46","date_gmt":"2026-08-03T03:51:46","guid":{"rendered":"https:\/\/analyse.optim.biz\/?p=2077454"},"modified":"2026-08-03T06:51:46","modified_gmt":"2026-08-03T03:51:46","slug":"canicula-itm-suceava-monitorizeaza-firmele-care-desfasoara-activitati-in-aer-liber","status":"publish","type":"post","link":"https:\/\/analyse.optim.biz\/?p=2077454","title":{"rendered":"Canicul\u0103. ITM Suceava monitorizeaz\u0103 firmele care desf\u0103\u0219oar\u0103 activit\u0103\u021bi \u00een aer liber"},"content":{"rendered":"<p>[analyse_image type=&#8221;featured&#8221; src=&#8221;https:\/\/www.radiotop.ro\/img\/media\/2026\/04\/pastrav-parc.jpg&#8221;]<\/p>\n<div class=\"entry-content no-share\">\n<div class=\"content-inner \">\n<p>Pe c\u0103ldurile acestea sufocante, Inspectoratul Teritorial de Munc\u0103 Suceava monitorizeaz\u0103 modul \u00een care se desf\u0103\u0219oar\u0103 activit\u0103\u021bile la firme, \u00een mod special la cele care desf\u0103\u0219oar\u0103 activit\u0103\u021bi \u00een aer liber.<\/p>\n<p>Conform prefectului Bogdan P\u0103str\u0103v, \u201dfirmele de construc\u021bii s\u00eent cele mai expuse din punct de vedere al personalului. Astfel, \u00een zilele cu peste 37 de grade sau cu indicele de temperatur\u0103-umezeal\u0103 care atinge pragul critic de 80 de unit\u0103\u021bi pe o perioad\u0103 cel pu\u021bin dou\u0103 zile consecutive, se impun urm\u0103toarele m\u0103suri din partea angajatorilor: reducerea intensit\u0103\u021bii \u0219i a ritmului activit\u0103\u021bilor fizice, asigurarea ventila\u021biei la locurile de munc\u0103, alternarea efectului dinamic cu cel static \u0219i oferirea de perioade de repaus \u00een locuri umbrite \u0219i r\u0103coroase\u201d. Prefectul a mai spus c\u0103 este obligatorie \u201dfurnizarea de ap\u0103 mineral\u0103 sau plat\u0103 \u00een cantitate de 2-4 litri pe schimb, asigurarea echipamentului de protec\u021bie adaptat \u0219i asigurarea de du\u0219uri\u201d.<\/p>\n<p>Bogdan P\u0103str\u0103v a ad\u0103ugat: \u201dAt\u00eet \u00een Colegiul Prefectural, c\u00eet \u0219i \u00een Comitetul Jude\u021bean pentru Situa\u021bii de Urgen\u021b\u0103 s-a avut \u00een vedere dispunerea m\u0103surilor, pentru ca to\u021bi angajatorii s\u0103 implementeze toate m\u0103surile necesare pentru perioadele de canicul\u0103\u201d.<\/p>\n<\/div>\n<\/div>\n<div class=\"content-inner \">\n<p>Pe c\u0103ldurile acestea sufocante, Inspectoratul Teritorial de Munc\u0103 Suceava monitorizeaz\u0103 modul \u00een care se desf\u0103\u0219oar\u0103 activit\u0103\u021bile la firme, \u00een mod special la cele care desf\u0103\u0219oar\u0103 activit\u0103\u021bi \u00een aer liber.<\/p>\n<p>Conform prefectului Bogdan P\u0103str\u0103v, \u201dfirmele de construc\u021bii s\u00eent cele mai expuse din punct de vedere al personalului. Astfel, \u00een zilele cu peste 37 de grade sau cu indicele de temperatur\u0103-umezeal\u0103 care atinge pragul critic de 80 de unit\u0103\u021bi pe o perioad\u0103 cel pu\u021bin dou\u0103 zile consecutive, se impun urm\u0103toarele m\u0103suri din partea angajatorilor: reducerea intensit\u0103\u021bii \u0219i a ritmului activit\u0103\u021bilor fizice, asigurarea ventila\u021biei la locurile de munc\u0103, alternarea efectului dinamic cu cel static \u0219i oferirea de perioade de repaus \u00een locuri umbrite \u0219i r\u0103coroase\u201d. Prefectul a mai spus c\u0103 este obligatorie \u201dfurnizarea de ap\u0103 mineral\u0103 sau plat\u0103 \u00een cantitate de 2-4 litri pe schimb, asigurarea echipamentului de protec\u021bie adaptat \u0219i asigurarea de du\u0219uri\u201d.<\/p>\n<p>Bogdan P\u0103str\u0103v a ad\u0103ugat: \u201dAt\u00eet \u00een Colegiul Prefectural, c\u00eet \u0219i \u00een Comitetul Jude\u021bean pentru Situa\u021bii de Urgen\u021b\u0103 s-a avut \u00een vedere dispunerea m\u0103surilor, pentru ca to\u021bi angajatorii s\u0103 implementeze toate m\u0103surile necesare pentru perioadele de canicul\u0103\u201d.<\/p>\n<\/div>\n<p>[analyse_source url=&#8221;https:\/\/www.radiotop.ro\/actualitate\/canicula-itm-suceava-monitorizeaza-firmele-care-desfasoara-activitati-in-aer-liber.html&#8221;]<\/p>\n","protected":false},"excerpt":{"rendered":"<p>[analyse_image type=&#8221;featured&#8221; src=&#8221;https:\/\/www.radiotop.ro\/img\/media\/2026\/04\/pastrav-parc.jpg&#8221;] Pe c\u0103ldurile acestea sufocante, Inspectoratul Teritorial de Munc\u0103 Suceava monitorizeaz\u0103 modul \u00een care se desf\u0103\u0219oar\u0103 activit\u0103\u021bile la firme, \u00een mod special la cele care desf\u0103\u0219oar\u0103 activit\u0103\u021bi \u00een aer liber. Conform prefectului Bogdan P\u0103str\u0103v, \u201dfirmele de construc\u021bii s\u00eent cele mai expuse din punct de vedere al personalului. Astfel, \u00een zilele cu peste 37 [&hellip;]<\/p>\n","protected":false},"author":1,"featured_media":0,"comment_status":"open","ping_status":"","sticky":false,"template":"","format":"standard","meta":{"footnotes":""},"categories":[89],"tags":[226,163],"class_list":["post-2077454","post","type-post","status-publish","format-standard","hentry","category-romania","tag-crawlmanager","tag-radiotop-ro"],"_links":{"self":[{"href":"https:\/\/analyse.optim.biz\/index.php?rest_route=\/wp\/v2\/posts\/2077454","targetHints":{"allow":["GET"]}}],"collection":[{"href":"https:\/\/analyse.optim.biz\/index.php?rest_route=\/wp\/v2\/posts"}],"about":[{"href":"https:\/\/analyse.optim.biz\/index.php?rest_route=\/wp\/v2\/types\/post"}],"author":[{"embeddable":true,"href":"https:\/\/analyse.optim.biz\/index.php?rest_route=\/wp\/v2\/users\/1"}],"replies":[{"embeddable":true,"href":"https:\/\/analyse.optim.biz\/index.php?rest_route=%2Fwp%2Fv2%2Fcomments&post=2077454"}],"version-history":[{"count":0,"href":"https:\/\/analyse.optim.biz\/index.php?rest_route=\/wp\/v2\/posts\/2077454\/revisions"}],"wp:attachment":[{"href":"https:\/\/analyse.optim.biz\/index.php?rest_route=%2Fwp%2Fv2%2Fmedia&parent=2077454"}],"wp:term":[{"taxonomy":"category","embeddable":true,"href":"https:\/\/analyse.optim.biz\/index.php?rest_route=%2Fwp%2Fv2%2Fcategories&post=2077454"},{"taxonomy":"post_tag","embeddable":true,"href":"https:\/\/analyse.optim.biz\/index.php?rest_route=%2Fwp%2Fv2%2Ftags&post=2077454"}],"curies":[{"name":"wp","href":"https:\/\/api.w.org\/{rel}","templated":true}]}}