{"id":2077453,"date":"2026-08-04T18:15:00","date_gmt":"2026-08-04T15:15:00","guid":{"rendered":"https:\/\/analyse.optim.biz\/?p=2077453"},"modified":"2026-08-04T18:15:00","modified_gmt":"2026-08-04T15:15:00","slug":"cutremur-in-arhipiscopia-sucevei-cunoscutul-preot-mihai-fediuc-din-radauti-a-trecut-la-biserica-crestina-ortodoxa-valaha-ips-calinic-anunta-ca-ii-pregateste-judecata-canonica","status":"publish","type":"post","link":"https:\/\/analyse.optim.biz\/?p=2077453","title":{"rendered":"Cutremur \u00een Arhipiscopia Sucevei! Cunoscutul preot Mihai Fediuc din R\u0103d\u0103u\u021bi a trecut la Biserica Cre\u0219tin\u0103 Ortodox\u0103 Valah\u0103. \u00cePS Calinic anun\u021b\u0103 c\u0103 \u00eei preg\u0103te\u0219te judecata canonic\u0103"},"content":{"rendered":"<p>[analyse_image type=&#8221;featured&#8221; src=&#8221;https:\/\/blogger.googleusercontent.com\/img\/b\/R29vZ2xl\/AVvXsEgyXee_ScCuPYmpTiLUMMOihkxTnVPRdKGbjXhadv5ARoifj8Ef3ALW_aPMdSbviV8ahr3rknqcHeCymzzEJim7_N97VGS6Gq1NlBu4jJgEodbOOqMexsOyfDVsJw2g6HDfJGSAWb1NGLwDSqFpjWB0-6IFeWBX7zxc5bBsxgV8_adZHFo1AESC9_aO1ys\/w1600\/damaschin-mihai-fediuc.jpg&#8221;]<\/p>\n<div class=\"post-body entry-content\" id=\"post-body\">\n<div class=\"separator\"><a href=\"https:\/\/blogger.googleusercontent.com\/img\/b\/R29vZ2xl\/AVvXsEgyXee_ScCuPYmpTiLUMMOihkxTnVPRdKGbjXhadv5ARoifj8Ef3ALW_aPMdSbviV8ahr3rknqcHeCymzzEJim7_N97VGS6Gq1NlBu4jJgEodbOOqMexsOyfDVsJw2g6HDfJGSAWb1NGLwDSqFpjWB0-6IFeWBX7zxc5bBsxgV8_adZHFo1AESC9_aO1ys\/s1201\/damaschin-mihai-fediuc.jpg\"><img decoding=\"async\" alt=\"Cutremur \u00een Arhipiscopia Sucevei! Cunoscutul preot Mihai Fediuc din R\u0103d\u0103u\u021bi a trecut la Biserica Cre\u0219tin\u0103 Ortodox\u0103 Valah\u0103. \u00cePS Calinic anun\u021b\u0103 c\u0103 \u00eei preg\u0103te\u0219te judecata canonic\u0103\" border=\"0\" height=\"335\" loading=\"lazy\" src=\"https:\/\/blogger.googleusercontent.com\/img\/b\/R29vZ2xl\/AVvXsEgyXee_ScCuPYmpTiLUMMOihkxTnVPRdKGbjXhadv5ARoifj8Ef3ALW_aPMdSbviV8ahr3rknqcHeCymzzEJim7_N97VGS6Gq1NlBu4jJgEodbOOqMexsOyfDVsJw2g6HDfJGSAWb1NGLwDSqFpjWB0-6IFeWBX7zxc5bBsxgV8_adZHFo1AESC9_aO1ys\/w640-h335-rw\/damaschin-mihai-fediuc.jpg\" title=\"Cutremur \u00een Arhipiscopia Sucevei! Cunoscutul preot Mihai Fediuc din R\u0103d\u0103u\u021bi a trecut la Biserica Cre\u0219tin\u0103 Ortodox\u0103 Valah\u0103. \u00cePS Calinic anun\u021b\u0103 c\u0103 \u00eei preg\u0103te\u0219te judecata canonic\u0103\" width=\"640\"><\/a><\/div>\n<p><strong>O decizie surprinz\u0103toare a zguduit mediul ecleziastic local. Cunoscutul preot pensionar Mihai Fediuc din R\u0103d\u0103u\u021bi a decis s\u0103 se al\u0103ture unei structuri religioase alternative din afara comuniunii Bisericii Ortodoxe Rom\u00e2ne. \u00cen replic\u0103, Arhiepiscopia Sucevei \u0219i R\u0103d\u0103u\u021bilor a luat atitudine oficial\u0103, anun\u021b\u00e2nd c\u0103 pensionarea nu \u00eel exonereaz\u0103 pe cleric de sub ascultarea canonic\u0103 \u0219i c\u0103 a declan\u0219at o anchet\u0103 disciplinar\u0103.<\/strong><\/p>\n<h2>Anun\u021bul oficial al Bisericii Cre\u0219tine Ortodoxe Valaha<\/h2>\n<p>Asocia\u021bia religioas\u0103 \u201eBiserica Cre\u0219tin\u0103 Ortodox\u0103 Valah\u0103\u201d (ABCOV) a comunicat oficial, \u00eencep\u00e2nd cu data de 2 august 2026, cooptarea a doi noi slujitori \u00een cadrul eparhiei sale de stil vechi. Este vorba despre diaconul Hristofor (Enrico Valentin Slavita), care va sluji \u00een jude\u021bul Timi\u0219, \u0219i despre p\u0103rintele Mihai Fediuc din R\u0103d\u0103u\u021bi.<\/p>\n<p>Conform reprezentan\u021bilor ABCOV, preotul Mihai Fediuc a decis s\u0103 se al\u0103ture acestei comunit\u0103\u021bi imediat dup\u0103 pensionarea din cultul oficial BOR, urm\u00e2nd s\u0103 \u00ee\u0219i continue activitatea liturgic\u0103 \u00een biserica sa din municipiul R\u0103d\u0103u\u021bi. Aceast\u0103 mutare a fost realizat\u0103 sub \u00eendrumarea Arhiepiscopului Teofilact, vicepre\u0219edinte juridic al asocia\u021biei, invoc\u00e2ndu-se dreptul la libertatea de con\u0219tiin\u021b\u0103 \u0219i legisla\u021bia \u00een vigoare.<\/p>\n<h2>Reac\u021bia ferm\u0103 a Arhiepiscopiei Sucevei \u0219i R\u0103d\u0103u\u021bilor<\/h2>\n<p>\u00cen fa\u021ba acestor evenimente, Biroul de pres\u0103 al Arhiepiscopiei Sucevei \u0219i R\u0103d\u0103u\u021bilor a emis un punct de vedere oficial, subliniind c\u0103 institu\u021bia a luat act de asocierea preotului pensionar cu o structur\u0103 din afara comuniunii canonice.<\/p>\n<p>Reprezentan\u021bii Arhiepiscopiei au \u021binut s\u0103 clarifice un aspect esen\u021bial din punct de vedere canonic: pensionarea unui cleric nu anuleaz\u0103 sub nicio form\u0103 statutul s\u0103u de subordonare fa\u021b\u0103 de chiriarh. <em>\u201ePotrivit r\u00e2nduielilor Bisericii Ortodoxe Rom\u00e2ne, pensionarea unui cleric nu \u00eel scoate de sub ascultarea \u0219i jurisdic\u021bia canonic\u0103 a eparhiei de care apar\u021bine \u0219i nu modific\u0103 obliga\u021biile canonice \u0219i statutare care decurg din calitatea sa de cleric al Bisericii Ortodoxe Rom\u00e2ne\u201d<\/em>, se arat\u0103 \u00een comunicatul oficial.<\/p>\n<h2>Cazul a fost trimis inspectorului bisericesc \u0219i Consistoriului Eparhial<\/h2>\n<p>Pentru clarificarea complet\u0103 a situa\u021biei \u0219i aplicarea sanc\u021biunilor regulamentare, cazul preotului Mihai Fediuc a fost deja \u00eenaintat inspectorului bisericesc eparhial. Acesta va efectua o cercetare administrativ-canonic\u0103, urm\u00e2nd ca, \u00een func\u021bie de concluzii, dosarul s\u0103 fie deferit Consistoriului Eparhial \u2013 instan\u021ba competent\u0103 s\u0103 pronun\u021be o decizie conform normelor biserice\u0219ti.<\/p>\n<p>\u00cen \u00eencheierea comunicatului, Arhiepiscopia Sucevei \u0219i R\u0103d\u0103u\u021bilor a f\u0103cut un apel la adresa clerului \u0219i a credincio\u0219ilor, \u00eendemn\u00e2ndu-i s\u0103 dea dovad\u0103 de discern\u0103m\u00e2nt, responsabilitate \u0219i echilibru, evit\u00e2nd specula\u021biile \u0219i judec\u0103\u021bile pripite \u00een favoarea r\u00e2nduielilor canonice stabilite.<\/p>\n<\/div>\n<div class=\"post-body entry-content\" id=\"post-body\">\n<div class=\"separator\"><a href=\"https:\/\/blogger.googleusercontent.com\/img\/b\/R29vZ2xl\/AVvXsEgyXee_ScCuPYmpTiLUMMOihkxTnVPRdKGbjXhadv5ARoifj8Ef3ALW_aPMdSbviV8ahr3rknqcHeCymzzEJim7_N97VGS6Gq1NlBu4jJgEodbOOqMexsOyfDVsJw2g6HDfJGSAWb1NGLwDSqFpjWB0-6IFeWBX7zxc5bBsxgV8_adZHFo1AESC9_aO1ys\/s1201\/damaschin-mihai-fediuc.jpg\"><img decoding=\"async\" alt=\"Cutremur \u00een Arhipiscopia Sucevei! Cunoscutul preot Mihai Fediuc din R\u0103d\u0103u\u021bi a trecut la Biserica Cre\u0219tin\u0103 Ortodox\u0103 Valah\u0103. \u00cePS Calinic anun\u021b\u0103 c\u0103 \u00eei preg\u0103te\u0219te judecata canonic\u0103\" border=\"0\" height=\"335\" loading=\"lazy\" src=\"https:\/\/blogger.googleusercontent.com\/img\/b\/R29vZ2xl\/AVvXsEgyXee_ScCuPYmpTiLUMMOihkxTnVPRdKGbjXhadv5ARoifj8Ef3ALW_aPMdSbviV8ahr3rknqcHeCymzzEJim7_N97VGS6Gq1NlBu4jJgEodbOOqMexsOyfDVsJw2g6HDfJGSAWb1NGLwDSqFpjWB0-6IFeWBX7zxc5bBsxgV8_adZHFo1AESC9_aO1ys\/w640-h335-rw\/damaschin-mihai-fediuc.jpg\" title=\"Cutremur \u00een Arhipiscopia Sucevei! Cunoscutul preot Mihai Fediuc din R\u0103d\u0103u\u021bi a trecut la Biserica Cre\u0219tin\u0103 Ortodox\u0103 Valah\u0103. \u00cePS Calinic anun\u021b\u0103 c\u0103 \u00eei preg\u0103te\u0219te judecata canonic\u0103\" width=\"640\"><\/a><\/div>\n<p><strong>O decizie surprinz\u0103toare a zguduit mediul ecleziastic local. Cunoscutul preot pensionar Mihai Fediuc din R\u0103d\u0103u\u021bi a decis s\u0103 se al\u0103ture unei structuri religioase alternative din afara comuniunii Bisericii Ortodoxe Rom\u00e2ne. \u00cen replic\u0103, Arhiepiscopia Sucevei \u0219i R\u0103d\u0103u\u021bilor a luat atitudine oficial\u0103, anun\u021b\u00e2nd c\u0103 pensionarea nu \u00eel exonereaz\u0103 pe cleric de sub ascultarea canonic\u0103 \u0219i c\u0103 a declan\u0219at o anchet\u0103 disciplinar\u0103.<\/strong><\/p>\n<h2>Anun\u021bul oficial al Bisericii Cre\u0219tine Ortodoxe Valaha<\/h2>\n<p>Asocia\u021bia religioas\u0103 \u201eBiserica Cre\u0219tin\u0103 Ortodox\u0103 Valah\u0103\u201d (ABCOV) a comunicat oficial, \u00eencep\u00e2nd cu data de 2 august 2026, cooptarea a doi noi slujitori \u00een cadrul eparhiei sale de stil vechi. Este vorba despre diaconul Hristofor (Enrico Valentin Slavita), care va sluji \u00een jude\u021bul Timi\u0219, \u0219i despre p\u0103rintele Mihai Fediuc din R\u0103d\u0103u\u021bi.<\/p>\n<p>Conform reprezentan\u021bilor ABCOV, preotul Mihai Fediuc a decis s\u0103 se al\u0103ture acestei comunit\u0103\u021bi imediat dup\u0103 pensionarea din cultul oficial BOR, urm\u00e2nd s\u0103 \u00ee\u0219i continue activitatea liturgic\u0103 \u00een biserica sa din municipiul R\u0103d\u0103u\u021bi. Aceast\u0103 mutare a fost realizat\u0103 sub \u00eendrumarea Arhiepiscopului Teofilact, vicepre\u0219edinte juridic al asocia\u021biei, invoc\u00e2ndu-se dreptul la libertatea de con\u0219tiin\u021b\u0103 \u0219i legisla\u021bia \u00een vigoare.<\/p>\n<h2>Reac\u021bia ferm\u0103 a Arhiepiscopiei Sucevei \u0219i R\u0103d\u0103u\u021bilor<\/h2>\n<p>\u00cen fa\u021ba acestor evenimente, Biroul de pres\u0103 al Arhiepiscopiei Sucevei \u0219i R\u0103d\u0103u\u021bilor a emis un punct de vedere oficial, subliniind c\u0103 institu\u021bia a luat act de asocierea preotului pensionar cu o structur\u0103 din afara comuniunii canonice.<\/p>\n<p>Reprezentan\u021bii Arhiepiscopiei au \u021binut s\u0103 clarifice un aspect esen\u021bial din punct de vedere canonic: pensionarea unui cleric nu anuleaz\u0103 sub nicio form\u0103 statutul s\u0103u de subordonare fa\u021b\u0103 de chiriarh. <em>\u201ePotrivit r\u00e2nduielilor Bisericii Ortodoxe Rom\u00e2ne, pensionarea unui cleric nu \u00eel scoate de sub ascultarea \u0219i jurisdic\u021bia canonic\u0103 a eparhiei de care apar\u021bine \u0219i nu modific\u0103 obliga\u021biile canonice \u0219i statutare care decurg din calitatea sa de cleric al Bisericii Ortodoxe Rom\u00e2ne\u201d<\/em>, se arat\u0103 \u00een comunicatul oficial.<\/p>\n<h2>Cazul a fost trimis inspectorului bisericesc \u0219i Consistoriului Eparhial<\/h2>\n<p>Pentru clarificarea complet\u0103 a situa\u021biei \u0219i aplicarea sanc\u021biunilor regulamentare, cazul preotului Mihai Fediuc a fost deja \u00eenaintat inspectorului bisericesc eparhial. Acesta va efectua o cercetare administrativ-canonic\u0103, urm\u00e2nd ca, \u00een func\u021bie de concluzii, dosarul s\u0103 fie deferit Consistoriului Eparhial \u2013 instan\u021ba competent\u0103 s\u0103 pronun\u021be o decizie conform normelor biserice\u0219ti.<\/p>\n<p>\u00cen \u00eencheierea comunicatului, Arhiepiscopia Sucevei \u0219i R\u0103d\u0103u\u021bilor a f\u0103cut un apel la adresa clerului \u0219i a credincio\u0219ilor, \u00eendemn\u00e2ndu-i s\u0103 dea dovad\u0103 de discern\u0103m\u00e2nt, responsabilitate \u0219i echilibru, evit\u00e2nd specula\u021biile \u0219i judec\u0103\u021bile pripite \u00een favoarea r\u00e2nduielilor canonice stabilite.<\/p>\n<\/div>\n<p>[analyse_source url=&#8221;https:\/\/www.stirisuceava.net\/2026\/08\/cutremur-in-arhipiscopia-sucevei.html&#8221;]<\/p>\n","protected":false},"excerpt":{"rendered":"<p>[analyse_image type=&#8221;featured&#8221; src=&#8221;https:\/\/blogger.googleusercontent.com\/img\/b\/R29vZ2xl\/AVvXsEgyXee_ScCuPYmpTiLUMMOihkxTnVPRdKGbjXhadv5ARoifj8Ef3ALW_aPMdSbviV8ahr3rknqcHeCymzzEJim7_N97VGS6Gq1NlBu4jJgEodbOOqMexsOyfDVsJw2g6HDfJGSAWb1NGLwDSqFpjWB0-6IFeWBX7zxc5bBsxgV8_adZHFo1AESC9_aO1ys\/w1600\/damaschin-mihai-fediuc.jpg&#8221;] O decizie surprinz\u0103toare a zguduit mediul ecleziastic local. Cunoscutul preot pensionar Mihai Fediuc din R\u0103d\u0103u\u021bi a decis s\u0103 se al\u0103ture unei structuri religioase alternative din afara comuniunii Bisericii Ortodoxe Rom\u00e2ne. \u00cen replic\u0103, Arhiepiscopia Sucevei \u0219i R\u0103d\u0103u\u021bilor a luat atitudine oficial\u0103, anun\u021b\u00e2nd c\u0103 pensionarea nu \u00eel exonereaz\u0103 pe cleric de sub ascultarea canonic\u0103 [&hellip;]<\/p>\n","protected":false},"author":1,"featured_media":0,"comment_status":"open","ping_status":"","sticky":false,"template":"","format":"standard","meta":{"footnotes":""},"categories":[89],"tags":[226,172],"class_list":["post-2077453","post","type-post","status-publish","format-standard","hentry","category-romania","tag-crawlmanager","tag-stirisuceava-net"],"_links":{"self":[{"href":"https:\/\/analyse.optim.biz\/index.php?rest_route=\/wp\/v2\/posts\/2077453","targetHints":{"allow":["GET"]}}],"collection":[{"href":"https:\/\/analyse.optim.biz\/index.php?rest_route=\/wp\/v2\/posts"}],"about":[{"href":"https:\/\/analyse.optim.biz\/index.php?rest_route=\/wp\/v2\/types\/post"}],"author":[{"embeddable":true,"href":"https:\/\/analyse.optim.biz\/index.php?rest_route=\/wp\/v2\/users\/1"}],"replies":[{"embeddable":true,"href":"https:\/\/analyse.optim.biz\/index.php?rest_route=%2Fwp%2Fv2%2Fcomments&post=2077453"}],"version-history":[{"count":0,"href":"https:\/\/analyse.optim.biz\/index.php?rest_route=\/wp\/v2\/posts\/2077453\/revisions"}],"wp:attachment":[{"href":"https:\/\/analyse.optim.biz\/index.php?rest_route=%2Fwp%2Fv2%2Fmedia&parent=2077453"}],"wp:term":[{"taxonomy":"category","embeddable":true,"href":"https:\/\/analyse.optim.biz\/index.php?rest_route=%2Fwp%2Fv2%2Fcategories&post=2077453"},{"taxonomy":"post_tag","embeddable":true,"href":"https:\/\/analyse.optim.biz\/index.php?rest_route=%2Fwp%2Fv2%2Ftags&post=2077453"}],"curies":[{"name":"wp","href":"https:\/\/api.w.org\/{rel}","templated":true}]}}