{"id":2077452,"date":"2026-08-03T05:56:05","date_gmt":"2026-08-03T02:56:05","guid":{"rendered":"https:\/\/analyse.optim.biz\/?p=2077452"},"modified":"2026-08-03T05:56:05","modified_gmt":"2026-08-03T02:56:05","slug":"seceta-nu-a-afectat-rezervele-de-apa-din-judetul-suceava","status":"publish","type":"post","link":"https:\/\/analyse.optim.biz\/?p=2077452","title":{"rendered":"Seceta nu a afectat rezervele de ap\u0103 din jude\u021bul Suceava"},"content":{"rendered":"<p>[analyse_image type=&#8221;featured&#8221; src=&#8221;https:\/\/www.radiotop.ro\/img\/media\/2022\/10\/apa-sucevei-peisaj.jpg&#8221;]<\/p>\n<div class=\"entry-content no-share\">\n<div class=\"content-inner \">\n<p>Seceta instalat\u0103 \u00een ultima perioad\u0103 nu a afectat rezervele de ap\u0103 din jude\u021bul Suceava. \u00centr-o interven\u021bie telefonic\u0103 la Radio Top, prefectul Bodan P\u0103str\u0103v a declarat: \u201d\u00cen ceea ce prive\u0219te rezervele de ap\u0103 la nivelul jude\u021bului nu se \u00eenregistreaz\u0103 probleme. Toate nivelurile principale \u00een r\u00eeurile Moldova, Suceava, Siret, Bistri\u021ba \u0219i \u0218omuz s\u00eent \u00een parametri normali. Am cerut \u00een cadrul Colegiului Prefectural monitorizarea surselor de ap\u0103 a re\u021belelor publice din jude\u021b. Seceta nu este resim\u021bit\u0103 la nivelul jude\u021bului din punct de vedere a rezervelor de ap\u0103\u201d.<\/p>\n<\/div>\n<\/div>\n<div class=\"content-inner \">\n<p>Seceta instalat\u0103 \u00een ultima perioad\u0103 nu a afectat rezervele de ap\u0103 din jude\u021bul Suceava. \u00centr-o interven\u021bie telefonic\u0103 la Radio Top, prefectul Bodan P\u0103str\u0103v a declarat: \u201d\u00cen ceea ce prive\u0219te rezervele de ap\u0103 la nivelul jude\u021bului nu se \u00eenregistreaz\u0103 probleme. Toate nivelurile principale \u00een r\u00eeurile Moldova, Suceava, Siret, Bistri\u021ba \u0219i \u0218omuz s\u00eent \u00een parametri normali. Am cerut \u00een cadrul Colegiului Prefectural monitorizarea surselor de ap\u0103 a re\u021belelor publice din jude\u021b. Seceta nu este resim\u021bit\u0103 la nivelul jude\u021bului din punct de vedere a rezervelor de ap\u0103\u201d.<\/p>\n<\/div>\n<p>[analyse_source url=&#8221;https:\/\/www.radiotop.ro\/actualitate\/seceta-nu-a-afectat-rezervele-de-apa-din-judetul-suceava.html&#8221;]<\/p>\n","protected":false},"excerpt":{"rendered":"<p>[analyse_image type=&#8221;featured&#8221; src=&#8221;https:\/\/www.radiotop.ro\/img\/media\/2022\/10\/apa-sucevei-peisaj.jpg&#8221;] Seceta instalat\u0103 \u00een ultima perioad\u0103 nu a afectat rezervele de ap\u0103 din jude\u021bul Suceava. \u00centr-o interven\u021bie telefonic\u0103 la Radio Top, prefectul Bodan P\u0103str\u0103v a declarat: \u201d\u00cen ceea ce prive\u0219te rezervele de ap\u0103 la nivelul jude\u021bului nu se \u00eenregistreaz\u0103 probleme. Toate nivelurile principale \u00een r\u00eeurile Moldova, Suceava, Siret, Bistri\u021ba \u0219i \u0218omuz s\u00eent \u00een [&hellip;]<\/p>\n","protected":false},"author":1,"featured_media":0,"comment_status":"open","ping_status":"","sticky":false,"template":"","format":"standard","meta":{"footnotes":""},"categories":[89],"tags":[226,163],"class_list":["post-2077452","post","type-post","status-publish","format-standard","hentry","category-romania","tag-crawlmanager","tag-radiotop-ro"],"_links":{"self":[{"href":"https:\/\/analyse.optim.biz\/index.php?rest_route=\/wp\/v2\/posts\/2077452","targetHints":{"allow":["GET"]}}],"collection":[{"href":"https:\/\/analyse.optim.biz\/index.php?rest_route=\/wp\/v2\/posts"}],"about":[{"href":"https:\/\/analyse.optim.biz\/index.php?rest_route=\/wp\/v2\/types\/post"}],"author":[{"embeddable":true,"href":"https:\/\/analyse.optim.biz\/index.php?rest_route=\/wp\/v2\/users\/1"}],"replies":[{"embeddable":true,"href":"https:\/\/analyse.optim.biz\/index.php?rest_route=%2Fwp%2Fv2%2Fcomments&post=2077452"}],"version-history":[{"count":0,"href":"https:\/\/analyse.optim.biz\/index.php?rest_route=\/wp\/v2\/posts\/2077452\/revisions"}],"wp:attachment":[{"href":"https:\/\/analyse.optim.biz\/index.php?rest_route=%2Fwp%2Fv2%2Fmedia&parent=2077452"}],"wp:term":[{"taxonomy":"category","embeddable":true,"href":"https:\/\/analyse.optim.biz\/index.php?rest_route=%2Fwp%2Fv2%2Fcategories&post=2077452"},{"taxonomy":"post_tag","embeddable":true,"href":"https:\/\/analyse.optim.biz\/index.php?rest_route=%2Fwp%2Fv2%2Ftags&post=2077452"}],"curies":[{"name":"wp","href":"https:\/\/api.w.org\/{rel}","templated":true}]}}