{"id":2077450,"date":"2026-08-02T18:02:40","date_gmt":"2026-08-02T15:02:40","guid":{"rendered":"https:\/\/analyse.optim.biz\/?p=2077450"},"modified":"2026-08-02T18:02:40","modified_gmt":"2026-08-02T15:02:40","slug":"doi-fosti-fotbalisti-emblematici-ai-sucevei-casuba-si-sekely-alaturi-de-suleru-candidat-pentru-sefia-ajf-suceava","status":"publish","type":"post","link":"https:\/\/analyse.optim.biz\/?p=2077450","title":{"rendered":"Doi fo\u0219ti fotbali\u0219ti emblematici ai Sucevei, Ca\u0219uba \u0219i Sekely, al\u0103turi de \u0218uleru, candidat pentru \u0219efia AJF Suceava"},"content":{"rendered":"<p>[analyse_image type=&#8221;featured&#8221; src=&#8221;https:\/\/www.radiotop.ro\/img\/media\/2026\/08\/suleru-casuba.jpg&#8221;]<\/p>\n<div class=\"entry-content no-share\">\n<div class=\"content-inner \">\n<div class=\"jeg_preview_slider gallery_1\" data-selector=\"gallery_1\">\n<div class=\"jeg_preview_holder\">\n<div class=\"jeg_preview_media\">\n<div class=\"jeg_preview_media_holder\">\n<h3>\u00a0<\/h3>\n<div class=\"jeg_preview_control\">\n<div class=\"left_control\">\n<div class=\"counter\"><span class=\"current\">1<\/span> of  1<\/div>\n<\/div>\n<div class=\"zoom\"><span class=\"reduce\">&#8211;<\/span><span class=\"increase\">+<\/span><\/div>\n<\/div>\n<\/div>\n<\/div>\n<div class=\"jeg_preview_bottom_slider\"><a data-id=\"0\" data-title data-image=\"https:\/\/www.radiotop.ro\/img\/media\/2026\/08\/sekely.jpg\" href=\"https:\/\/www.radiotop.ro\/img\/media\/2026\/08\/sekely.jpg\" class=\"jeg_preview_item active\"><\/p>\n<div class=\"jeg_preview_item_thumbnail\"><img loading=\"lazy\" decoding=\"async\" width=\"120\" height=\"86\" src=\"https:\/\/www.radiotop.ro\/img\/media\/2026\/08\/sekely-120x86.jpg\" class=\"attachment-jnews-120x86 size-jnews-120x86\" alt><\/div>\n<p><\/a><\/div>\n<\/div>\n<\/div>\n<p>Secretarul general al Asocia\u021biei Jude\u021bene de Fotbal Suceava, Gabriel \u0218uleru, a postat un mesaj prin care arat\u0103 c\u0103 are sus\u021binerea a doi fotbali\u0219ti emblematici ai Sucevei \u00een \u00eencercarea sa de a c\u00ee\u0219tiga alegerile pentru conducerea AJF. Este vorba despre Radu Ca\u0219uba, fost juc\u0103tor foarte apreciat al fostei echip\u0103 de prim\u0103 lig\u0103 CSM Suceava, \u0219i Mih\u0103i\u021b\u0103 Sekely, fost juc\u0103tor al fostei prim-divizionare Foresta. Alegerile pentru \u0219efia AJF vor avea loc la finele acestei luni. Actualul pre\u0219edinte, Ciprian Anton, este managerul sportiv al clubului de Liga a II-a Cetatea 1932 Suceava \u0219i nu va mai candida.<\/p>\n<p>Domnul \u0218uleru a postat pe pagina sa de Fb o fotografie \u00eempreun\u0103 cu domnul Ca\u0219uba, o fotografie cu domnul Sekely \u0219i urm\u0103torul text: \u201dBucuros \u0219i, \u00een acela\u0219i timp, onorat s\u0103 v\u0103 \u00eemp\u0103rt\u0103\u0219esc o parte din echipa al\u0103turi de care \u00eemi doresc s\u0103 conduc Asocia\u021bia Jude\u021bean\u0103 de Fotbal Suceava \u00een urm\u0103torii patru ani. Radu Ca\u0219uba \u0219i Mih\u0103i\u021b\u0103 Sekely, doi dintre cei mai cunoscu\u021bi fo\u0219ti juc\u0103tori de fotbal din jude\u021b, au decis s\u0103 se al\u0103ture acestui proiect \u0219i candideaz\u0103 pentru cele dou\u0103 func\u021bii de vicepre\u0219edinte. \u00cempreun\u0103 ne propunem s\u0103 continu\u0103m proiectele \u00eencepute \u0219i s\u0103 dezvolt\u0103m noi ini\u021biative, astfel \u00eenc\u00e2t fotbalul amator sucevean s\u0103 r\u0103m\u00e2n\u0103 la un nivel ridicat \u00een Rom\u00e2nia. Le mul\u021bumesc pentru \u00eencredere \u0219i sunt convins c\u0103, \u00eempreun\u0103 cu \u00eentreaga echip\u0103, vom construi un viitor \u0219i mai bun pentru fotbalul amator sucevean!\u201d.<\/p>\n<p>\u00a0<\/p>\n<\/div>\n<\/div>\n<div class=\"content-inner \">\n<div class=\"jeg_preview_slider gallery_1\" data-selector=\"gallery_1\">\n<div class=\"jeg_preview_holder\">\n<div class=\"jeg_preview_media\">\n<div class=\"jeg_preview_media_holder\">\n<h3>\u00a0<\/h3>\n<div class=\"jeg_preview_control\">\n<div class=\"left_control\">\n<div class=\"counter\"><span class=\"current\">1<\/span> of  1<\/div>\n<\/div>\n<div class=\"zoom\"><span class=\"reduce\">&#8211;<\/span><span class=\"increase\">+<\/span><\/div>\n<\/div>\n<\/div>\n<\/div>\n<div class=\"jeg_preview_bottom_slider\"><a data-id=\"0\" data-title data-image=\"https:\/\/www.radiotop.ro\/img\/media\/2026\/08\/sekely.jpg\" href=\"https:\/\/www.radiotop.ro\/img\/media\/2026\/08\/sekely.jpg\" class=\"jeg_preview_item active\"><\/p>\n<div class=\"jeg_preview_item_thumbnail\"><img loading=\"lazy\" decoding=\"async\" width=\"120\" height=\"86\" src=\"https:\/\/www.radiotop.ro\/img\/media\/2026\/08\/sekely-120x86.jpg\" class=\"attachment-jnews-120x86 size-jnews-120x86\" alt><\/div>\n<p><\/a><\/div>\n<\/div>\n<\/div>\n<p>Secretarul general al Asocia\u021biei Jude\u021bene de Fotbal Suceava, Gabriel \u0218uleru, a postat un mesaj prin care arat\u0103 c\u0103 are sus\u021binerea a doi fotbali\u0219ti emblematici ai Sucevei \u00een \u00eencercarea sa de a c\u00ee\u0219tiga alegerile pentru conducerea AJF. Este vorba despre Radu Ca\u0219uba, fost juc\u0103tor foarte apreciat al fostei echip\u0103 de prim\u0103 lig\u0103 CSM Suceava, \u0219i Mih\u0103i\u021b\u0103 Sekely, fost juc\u0103tor al fostei prim-divizionare Foresta. Alegerile pentru \u0219efia AJF vor avea loc la finele acestei luni. Actualul pre\u0219edinte, Ciprian Anton, este managerul sportiv al clubului de Liga a II-a Cetatea 1932 Suceava \u0219i nu va mai candida.<\/p>\n<p>Domnul \u0218uleru a postat pe pagina sa de Fb o fotografie \u00eempreun\u0103 cu domnul Ca\u0219uba, o fotografie cu domnul Sekely \u0219i urm\u0103torul text: \u201dBucuros \u0219i, \u00een acela\u0219i timp, onorat s\u0103 v\u0103 \u00eemp\u0103rt\u0103\u0219esc o parte din echipa al\u0103turi de care \u00eemi doresc s\u0103 conduc Asocia\u021bia Jude\u021bean\u0103 de Fotbal Suceava \u00een urm\u0103torii patru ani. Radu Ca\u0219uba \u0219i Mih\u0103i\u021b\u0103 Sekely, doi dintre cei mai cunoscu\u021bi fo\u0219ti juc\u0103tori de fotbal din jude\u021b, au decis s\u0103 se al\u0103ture acestui proiect \u0219i candideaz\u0103 pentru cele dou\u0103 func\u021bii de vicepre\u0219edinte. \u00cempreun\u0103 ne propunem s\u0103 continu\u0103m proiectele \u00eencepute \u0219i s\u0103 dezvolt\u0103m noi ini\u021biative, astfel \u00eenc\u00e2t fotbalul amator sucevean s\u0103 r\u0103m\u00e2n\u0103 la un nivel ridicat \u00een Rom\u00e2nia. Le mul\u021bumesc pentru \u00eencredere \u0219i sunt convins c\u0103, \u00eempreun\u0103 cu \u00eentreaga echip\u0103, vom construi un viitor \u0219i mai bun pentru fotbalul amator sucevean!\u201d.<\/p>\n<p>\u00a0<\/p>\n<\/div>\n<p>[analyse_source url=&#8221;https:\/\/www.radiotop.ro\/actualitate\/doi-fosti-fotbalisti-emblematici-ai-sucevei-casuba-si-sekely-alaturi-de-suleru-candidat-pentru-sefia-ajf-suceava.html&#8221;]<\/p>\n","protected":false},"excerpt":{"rendered":"<p>[analyse_image type=&#8221;featured&#8221; src=&#8221;https:\/\/www.radiotop.ro\/img\/media\/2026\/08\/suleru-casuba.jpg&#8221;] \u00a0 1 of 1 &#8211;+ Secretarul general al Asocia\u021biei Jude\u021bene de Fotbal Suceava, Gabriel \u0218uleru, a postat un mesaj prin care arat\u0103 c\u0103 are sus\u021binerea a doi fotbali\u0219ti emblematici ai Sucevei \u00een \u00eencercarea sa de a c\u00ee\u0219tiga alegerile pentru conducerea AJF. Este vorba despre Radu Ca\u0219uba, fost juc\u0103tor foarte apreciat al fostei [&hellip;]<\/p>\n","protected":false},"author":1,"featured_media":0,"comment_status":"open","ping_status":"","sticky":false,"template":"","format":"standard","meta":{"footnotes":""},"categories":[89],"tags":[226,163],"class_list":["post-2077450","post","type-post","status-publish","format-standard","hentry","category-romania","tag-crawlmanager","tag-radiotop-ro"],"_links":{"self":[{"href":"https:\/\/analyse.optim.biz\/index.php?rest_route=\/wp\/v2\/posts\/2077450","targetHints":{"allow":["GET"]}}],"collection":[{"href":"https:\/\/analyse.optim.biz\/index.php?rest_route=\/wp\/v2\/posts"}],"about":[{"href":"https:\/\/analyse.optim.biz\/index.php?rest_route=\/wp\/v2\/types\/post"}],"author":[{"embeddable":true,"href":"https:\/\/analyse.optim.biz\/index.php?rest_route=\/wp\/v2\/users\/1"}],"replies":[{"embeddable":true,"href":"https:\/\/analyse.optim.biz\/index.php?rest_route=%2Fwp%2Fv2%2Fcomments&post=2077450"}],"version-history":[{"count":0,"href":"https:\/\/analyse.optim.biz\/index.php?rest_route=\/wp\/v2\/posts\/2077450\/revisions"}],"wp:attachment":[{"href":"https:\/\/analyse.optim.biz\/index.php?rest_route=%2Fwp%2Fv2%2Fmedia&parent=2077450"}],"wp:term":[{"taxonomy":"category","embeddable":true,"href":"https:\/\/analyse.optim.biz\/index.php?rest_route=%2Fwp%2Fv2%2Fcategories&post=2077450"},{"taxonomy":"post_tag","embeddable":true,"href":"https:\/\/analyse.optim.biz\/index.php?rest_route=%2Fwp%2Fv2%2Ftags&post=2077450"}],"curies":[{"name":"wp","href":"https:\/\/api.w.org\/{rel}","templated":true}]}}