{"id":2077448,"date":"2026-08-02T14:52:25","date_gmt":"2026-08-02T11:52:25","guid":{"rendered":"https:\/\/analyse.optim.biz\/?p=2077448"},"modified":"2026-08-02T14:52:25","modified_gmt":"2026-08-02T11:52:25","slug":"cort-dotat-cu-echipamente-necesare-pentru-gestionarea-cazurilor-de-deshidratare-si-hipertermie-inclusiv-cu-aer-conditionat-in-centrul-sucevei","status":"publish","type":"post","link":"https:\/\/analyse.optim.biz\/?p=2077448","title":{"rendered":"Cort dotat cu echipamente necesare pentru gestionarea cazurilor de deshidratare \u0219i hipertermie, inclusiv cu aer condi\u021bionat, \u00een centrul Sucevei"},"content":{"rendered":"<p>[analyse_image type=&#8221;featured&#8221; src=&#8221;https:\/\/www.radiotop.ro\/img\/media\/2026\/08\/cort-medical-masini.jpg&#8221;]<\/p>\n<div class=\"entry-content no-share\">\n<div class=\"content-inner \">\n<div class=\"jeg_preview_slider gallery_1\" data-selector=\"gallery_1\">\n<div class=\"jeg_preview_holder\">\n<div class=\"jeg_preview_media\">\n<div class=\"jeg_preview_media_holder\">\n<h3>\u00a0<\/h3>\n<div class=\"jeg_preview_control\">\n<div class=\"left_control\">\n<div class=\"counter\"><span class=\"current\">1<\/span> of  5<\/div>\n<\/div>\n<div class=\"zoom\"><span class=\"reduce\">&#8211;<\/span><span class=\"increase\">+<\/span><\/div>\n<\/div>\n<\/div>\n<\/div>\n<div class=\"jeg_preview_bottom_slider\"><a data-id=\"0\" data-title data-image=\"https:\/\/www.radiotop.ro\/img\/media\/2026\/08\/pastrav-cort-august.jpg\" href=\"https:\/\/www.radiotop.ro\/img\/media\/2026\/08\/pastrav-cort-august.jpg\" class=\"jeg_preview_item active\"><\/p>\n<div class=\"jeg_preview_item_thumbnail\"><img loading=\"lazy\" decoding=\"async\" width=\"120\" height=\"86\" src=\"https:\/\/www.radiotop.ro\/img\/media\/2026\/08\/pastrav-cort-august-120x86.jpg\" class=\"attachment-jnews-120x86 size-jnews-120x86\" alt><\/div>\n<p><\/a><a data-id=\"1\" data-title data-image=\"https:\/\/www.radiotop.ro\/img\/media\/2026\/08\/espalanada-cort.jpg\" href=\"https:\/\/www.radiotop.ro\/img\/media\/2026\/08\/espalanada-cort.jpg\" class=\"jeg_preview_item \"><\/p>\n<div class=\"jeg_preview_item_thumbnail\"><img loading=\"lazy\" decoding=\"async\" width=\"120\" height=\"86\" src=\"https:\/\/www.radiotop.ro\/img\/media\/2026\/08\/espalanada-cort-120x86.jpg\" class=\"attachment-jnews-120x86 size-jnews-120x86\" alt><\/div>\n<p><\/a><a data-id=\"2\" data-title data-image=\"https:\/\/www.radiotop.ro\/img\/media\/2026\/08\/esplanada-isu-saj.jpg\" href=\"https:\/\/www.radiotop.ro\/img\/media\/2026\/08\/esplanada-isu-saj.jpg\" class=\"jeg_preview_item \"><\/p>\n<div class=\"jeg_preview_item_thumbnail\"><img loading=\"lazy\" decoding=\"async\" width=\"120\" height=\"86\" src=\"https:\/\/www.radiotop.ro\/img\/media\/2026\/08\/esplanada-isu-saj-120x86.jpg\" class=\"attachment-jnews-120x86 size-jnews-120x86\" alt><\/div>\n<p><\/a><a data-id=\"3\" data-title data-image=\"https:\/\/www.radiotop.ro\/img\/media\/2026\/08\/esplanada-masini-pompieri-1.jpg\" href=\"https:\/\/www.radiotop.ro\/img\/media\/2026\/08\/esplanada-masini-pompieri-1.jpg\" class=\"jeg_preview_item \"><\/p>\n<div class=\"jeg_preview_item_thumbnail\"><img loading=\"lazy\" decoding=\"async\" width=\"120\" height=\"86\" src=\"https:\/\/www.radiotop.ro\/img\/media\/2026\/08\/esplanada-masini-pompieri-1-120x86.jpg\" class=\"attachment-jnews-120x86 size-jnews-120x86\" alt><\/div>\n<p><\/a><a data-id=\"4\" data-title data-image=\"https:\/\/www.radiotop.ro\/img\/media\/2026\/08\/esplanada-masini-pompieri.jpg\" href=\"https:\/\/www.radiotop.ro\/img\/media\/2026\/08\/esplanada-masini-pompieri.jpg\" class=\"jeg_preview_item \"><\/p>\n<div class=\"jeg_preview_item_thumbnail\"><img loading=\"lazy\" decoding=\"async\" width=\"120\" height=\"86\" src=\"https:\/\/www.radiotop.ro\/img\/media\/2026\/08\/esplanada-masini-pompieri-120x86.jpg\" class=\"attachment-jnews-120x86 size-jnews-120x86\" alt><\/div>\n<p><\/a><\/div>\n<\/div>\n<\/div>\n<p>\u00cen contextul temperaturilor caniculare, \u00een aceast\u0103 dup\u0103-amiaz\u0103, Inspectoratul pentru Situa\u021bii de Urgen\u021b\u0103 \u201eBucovina\u201d al jude\u021bului Suceava a deschis un punct pentru acordarea asisten\u021bei medicale de urgen\u021b\u0103 \u0219i distribuirea apei potabile pe esplanada Casei de Cultur\u0103 din municipiul Suceava. Cortul este dotat cu echipamente necesare pentru gestionarea cazurilor de deshidratare \u0219i hipertermie, inclusiv cu aer condi\u021bionat, \u0219i este destinat popula\u021biei afectate de temperaturile extreme, fiind deservit de pompieri militari \u2013 paramedici SMURD, de un echipaj al Serviciului de Ambulan\u021b\u0103 Jude\u021bean \u0219i de voluntari ai ISU Suceava.<\/p>\n<p>Conform Prefecturii Suceava, punctul respectiv va func\u021biona pe perioada codului galben de c\u0103ldur\u0103, valabil p\u00een\u0103 mar\u021bi, 4 august, ora 10.00, urm\u00eend \u00een cazul \u00een care codul va fi prelungit.<\/p>\n<p>La amplasarea cortului a fost prezent \u0219i prefectul Bogdan P\u0103str\u0103v.<\/p>\n<p>\u00a0<\/p>\n<p>\u00a0<\/p>\n<\/div>\n<\/div>\n<div class=\"content-inner \">\n<div class=\"jeg_preview_slider gallery_1\" data-selector=\"gallery_1\">\n<div class=\"jeg_preview_holder\">\n<div class=\"jeg_preview_media\">\n<div class=\"jeg_preview_media_holder\">\n<h3>\u00a0<\/h3>\n<div class=\"jeg_preview_control\">\n<div class=\"left_control\">\n<div class=\"counter\"><span class=\"current\">1<\/span> of  5<\/div>\n<\/div>\n<div class=\"zoom\"><span class=\"reduce\">&#8211;<\/span><span class=\"increase\">+<\/span><\/div>\n<\/div>\n<\/div>\n<\/div>\n<div class=\"jeg_preview_bottom_slider\"><a data-id=\"0\" data-title data-image=\"https:\/\/www.radiotop.ro\/img\/media\/2026\/08\/pastrav-cort-august.jpg\" href=\"https:\/\/www.radiotop.ro\/img\/media\/2026\/08\/pastrav-cort-august.jpg\" class=\"jeg_preview_item active\"><\/p>\n<div class=\"jeg_preview_item_thumbnail\"><img loading=\"lazy\" decoding=\"async\" width=\"120\" height=\"86\" src=\"https:\/\/www.radiotop.ro\/img\/media\/2026\/08\/pastrav-cort-august-120x86.jpg\" class=\"attachment-jnews-120x86 size-jnews-120x86\" alt><\/div>\n<p><\/a><a data-id=\"1\" data-title data-image=\"https:\/\/www.radiotop.ro\/img\/media\/2026\/08\/espalanada-cort.jpg\" href=\"https:\/\/www.radiotop.ro\/img\/media\/2026\/08\/espalanada-cort.jpg\" class=\"jeg_preview_item \"><\/p>\n<div class=\"jeg_preview_item_thumbnail\"><img loading=\"lazy\" decoding=\"async\" width=\"120\" height=\"86\" src=\"https:\/\/www.radiotop.ro\/img\/media\/2026\/08\/espalanada-cort-120x86.jpg\" class=\"attachment-jnews-120x86 size-jnews-120x86\" alt><\/div>\n<p><\/a><a data-id=\"2\" data-title data-image=\"https:\/\/www.radiotop.ro\/img\/media\/2026\/08\/esplanada-isu-saj.jpg\" href=\"https:\/\/www.radiotop.ro\/img\/media\/2026\/08\/esplanada-isu-saj.jpg\" class=\"jeg_preview_item \"><\/p>\n<div class=\"jeg_preview_item_thumbnail\"><img loading=\"lazy\" decoding=\"async\" width=\"120\" height=\"86\" src=\"https:\/\/www.radiotop.ro\/img\/media\/2026\/08\/esplanada-isu-saj-120x86.jpg\" class=\"attachment-jnews-120x86 size-jnews-120x86\" alt><\/div>\n<p><\/a><a data-id=\"3\" data-title data-image=\"https:\/\/www.radiotop.ro\/img\/media\/2026\/08\/esplanada-masini-pompieri-1.jpg\" href=\"https:\/\/www.radiotop.ro\/img\/media\/2026\/08\/esplanada-masini-pompieri-1.jpg\" class=\"jeg_preview_item \"><\/p>\n<div class=\"jeg_preview_item_thumbnail\"><img loading=\"lazy\" decoding=\"async\" width=\"120\" height=\"86\" src=\"https:\/\/www.radiotop.ro\/img\/media\/2026\/08\/esplanada-masini-pompieri-1-120x86.jpg\" class=\"attachment-jnews-120x86 size-jnews-120x86\" alt><\/div>\n<p><\/a><a data-id=\"4\" data-title data-image=\"https:\/\/www.radiotop.ro\/img\/media\/2026\/08\/esplanada-masini-pompieri.jpg\" href=\"https:\/\/www.radiotop.ro\/img\/media\/2026\/08\/esplanada-masini-pompieri.jpg\" class=\"jeg_preview_item \"><\/p>\n<div class=\"jeg_preview_item_thumbnail\"><img loading=\"lazy\" decoding=\"async\" width=\"120\" height=\"86\" src=\"https:\/\/www.radiotop.ro\/img\/media\/2026\/08\/esplanada-masini-pompieri-120x86.jpg\" class=\"attachment-jnews-120x86 size-jnews-120x86\" alt><\/div>\n<p><\/a><\/div>\n<\/div>\n<\/div>\n<p>\u00cen contextul temperaturilor caniculare, \u00een aceast\u0103 dup\u0103-amiaz\u0103, Inspectoratul pentru Situa\u021bii de Urgen\u021b\u0103 \u201eBucovina\u201d al jude\u021bului Suceava a deschis un punct pentru acordarea asisten\u021bei medicale de urgen\u021b\u0103 \u0219i distribuirea apei potabile pe esplanada Casei de Cultur\u0103 din municipiul Suceava. Cortul este dotat cu echipamente necesare pentru gestionarea cazurilor de deshidratare \u0219i hipertermie, inclusiv cu aer condi\u021bionat, \u0219i este destinat popula\u021biei afectate de temperaturile extreme, fiind deservit de pompieri militari \u2013 paramedici SMURD, de un echipaj al Serviciului de Ambulan\u021b\u0103 Jude\u021bean \u0219i de voluntari ai ISU Suceava.<\/p>\n<p>Conform Prefecturii Suceava, punctul respectiv va func\u021biona pe perioada codului galben de c\u0103ldur\u0103, valabil p\u00een\u0103 mar\u021bi, 4 august, ora 10.00, urm\u00eend \u00een cazul \u00een care codul va fi prelungit.<\/p>\n<p>La amplasarea cortului a fost prezent \u0219i prefectul Bogdan P\u0103str\u0103v.<\/p>\n<p>\u00a0<\/p>\n<p>\u00a0<\/p>\n<\/div>\n<p>[analyse_source url=&#8221;https:\/\/www.radiotop.ro\/actualitate\/cort-dotat-cu-echipamente-necesare-pentru-gestionarea-cazurilor-de-deshidratare-si-hipertermie-inclusiv-cu-aer-conditionat-in-centrul-sucevei.html&#8221;]<\/p>\n","protected":false},"excerpt":{"rendered":"<p>[analyse_image type=&#8221;featured&#8221; src=&#8221;https:\/\/www.radiotop.ro\/img\/media\/2026\/08\/cort-medical-masini.jpg&#8221;] \u00a0 1 of 5 &#8211;+ \u00cen contextul temperaturilor caniculare, \u00een aceast\u0103 dup\u0103-amiaz\u0103, Inspectoratul pentru Situa\u021bii de Urgen\u021b\u0103 \u201eBucovina\u201d al jude\u021bului Suceava a deschis un punct pentru acordarea asisten\u021bei medicale de urgen\u021b\u0103 \u0219i distribuirea apei potabile pe esplanada Casei de Cultur\u0103 din municipiul Suceava. Cortul este dotat cu echipamente necesare pentru gestionarea cazurilor [&hellip;]<\/p>\n","protected":false},"author":1,"featured_media":0,"comment_status":"open","ping_status":"","sticky":false,"template":"","format":"standard","meta":{"footnotes":""},"categories":[89],"tags":[226,163],"class_list":["post-2077448","post","type-post","status-publish","format-standard","hentry","category-romania","tag-crawlmanager","tag-radiotop-ro"],"_links":{"self":[{"href":"https:\/\/analyse.optim.biz\/index.php?rest_route=\/wp\/v2\/posts\/2077448","targetHints":{"allow":["GET"]}}],"collection":[{"href":"https:\/\/analyse.optim.biz\/index.php?rest_route=\/wp\/v2\/posts"}],"about":[{"href":"https:\/\/analyse.optim.biz\/index.php?rest_route=\/wp\/v2\/types\/post"}],"author":[{"embeddable":true,"href":"https:\/\/analyse.optim.biz\/index.php?rest_route=\/wp\/v2\/users\/1"}],"replies":[{"embeddable":true,"href":"https:\/\/analyse.optim.biz\/index.php?rest_route=%2Fwp%2Fv2%2Fcomments&post=2077448"}],"version-history":[{"count":0,"href":"https:\/\/analyse.optim.biz\/index.php?rest_route=\/wp\/v2\/posts\/2077448\/revisions"}],"wp:attachment":[{"href":"https:\/\/analyse.optim.biz\/index.php?rest_route=%2Fwp%2Fv2%2Fmedia&parent=2077448"}],"wp:term":[{"taxonomy":"category","embeddable":true,"href":"https:\/\/analyse.optim.biz\/index.php?rest_route=%2Fwp%2Fv2%2Fcategories&post=2077448"},{"taxonomy":"post_tag","embeddable":true,"href":"https:\/\/analyse.optim.biz\/index.php?rest_route=%2Fwp%2Fv2%2Ftags&post=2077448"}],"curies":[{"name":"wp","href":"https:\/\/api.w.org\/{rel}","templated":true}]}}