{"id":2077446,"date":"2026-08-02T13:53:57","date_gmt":"2026-08-02T10:53:57","guid":{"rendered":"https:\/\/analyse.optim.biz\/?p=2077446"},"modified":"2026-08-02T13:53:57","modified_gmt":"2026-08-02T10:53:57","slug":"incendiu-pe-strada-gheorghe-doja-din-suceava-doi-copii-si-doi-virstnici-salvati-de-jandarmi","status":"publish","type":"post","link":"https:\/\/analyse.optim.biz\/?p=2077446","title":{"rendered":"Incendiu pe strada Gheorghe Doja din Suceava. Doi copii \u0219i doi v\u00eerstnici, salva\u021bi de jandarmi"},"content":{"rendered":"<p>[analyse_image type=&#8221;featured&#8221; src=&#8221;https:\/\/www.radiotop.ro\/img\/media\/2026\/08\/incendiu-gheorghe-doja.jpg&#8221;]<\/p>\n<div class=\"entry-content no-share\">\n<div class=\"content-inner \">\n<p>Jandarmii suceveni au salvat doi copii \u0219i doi v\u00eerstnici dintr-un incendiu care a izbucnit \u00een dup\u0103-amiaza zilei de duminic\u0103, 2 august, pe strada Gheorghe Doja din municipiul Suceava. Conform Inspectoratului de Jandarmi Suceava, \u00een zon\u0103 era un echipaj aflat \u00een misiune de patrulare \u0219i care a observat izbucnirea unui incendiu la o locuin\u021b\u0103.<\/p>\n<p>Jandarmeria a mai comunicat: \u201dF\u0103r\u0103 s\u0103 ezite, jandarmii au intervenit imediat pentru protejarea vie\u021bii persoanelor aflate \u00een pericol. Din imobil \u0219i din curtea locuin\u021bei au fost evacua\u021bi \u00een siguran\u021b\u0103 doi copii \u0219i doi v\u00e2rstnici, dup\u0103 care militarii au scos din curte autovehiculele aflate \u00een apropierea incendiului, prevenind extinderea pagubelor. P\u00e2n\u0103 la preluarea interven\u021biei de c\u0103tre echipajele specializate, jandarmii au ac\u021bionat cu mijloacele avute la dispozi\u021bie pentru limitarea propag\u0103rii fl\u0103c\u0103rilor \u0219i reducerea efectelor incendiului\u201d.<\/p>\n<p>La ora 15 \u0219i 6 minte, Inspectoratul pentru Situa\u021bii de Urgen\u0103 Suceava anun\u021ba c\u0103 pompierii militari interveneau cu dou\u0103 autospeciale de stingere \u0219i o ambulan\u021b\u0103 SMURD la incendiul respectiv. La sosirea echipajelor, fl\u0103c\u0103rile se manifestau violent \u0219i cu degaj\u0103ri mari de\u00a0 fum la un garaj \u0219i la o buc\u0103t\u0103rie de var\u0103. Interven\u021bia era dificil\u0103 din cauza cantit\u0103\u021bii mari de materiale \u0219i substan\u021be combustibile din zona de ardere.<\/p>\n<p>La ora 16 \u0219i 35 de minute, pompierii au revenit cu un alt comunicat \u00een care spuneau: \u201dAu ars un garaj \u0219i o anex\u0103, construc\u021bii corp comun, precum \u0219i acoperi\u0219ul buc\u0103t\u0103riei de var\u0103, pe o suprafa\u021b\u0103 total\u0103 de aproximativ 160 mp. Au mai ars mai multe bunuri depozitate \u00een cl\u0103dirile afectate, precum \u0219i instala\u021bia de panouri fotovoltaice\u201d.<\/p>\n<p>Incendiul a fost lichidat \u00een limitele g\u0103site, iar cauza probabil\u0103 de izbucnire a fost un scurtciruit produs la un conductor electric suprasolicitat.<\/p>\n<p>\u00a0<\/p>\n<p>\u00a0<\/p>\n<\/div>\n<\/div>\n<div class=\"content-inner \">\n<p>Jandarmii suceveni au salvat doi copii \u0219i doi v\u00eerstnici dintr-un incendiu care a izbucnit \u00een dup\u0103-amiaza zilei de duminic\u0103, 2 august, pe strada Gheorghe Doja din municipiul Suceava. Conform Inspectoratului de Jandarmi Suceava, \u00een zon\u0103 era un echipaj aflat \u00een misiune de patrulare \u0219i care a observat izbucnirea unui incendiu la o locuin\u021b\u0103.<\/p>\n<p>Jandarmeria a mai comunicat: \u201dF\u0103r\u0103 s\u0103 ezite, jandarmii au intervenit imediat pentru protejarea vie\u021bii persoanelor aflate \u00een pericol. Din imobil \u0219i din curtea locuin\u021bei au fost evacua\u021bi \u00een siguran\u021b\u0103 doi copii \u0219i doi v\u00e2rstnici, dup\u0103 care militarii au scos din curte autovehiculele aflate \u00een apropierea incendiului, prevenind extinderea pagubelor. P\u00e2n\u0103 la preluarea interven\u021biei de c\u0103tre echipajele specializate, jandarmii au ac\u021bionat cu mijloacele avute la dispozi\u021bie pentru limitarea propag\u0103rii fl\u0103c\u0103rilor \u0219i reducerea efectelor incendiului\u201d.<\/p>\n<p>La ora 15 \u0219i 6 minte, Inspectoratul pentru Situa\u021bii de Urgen\u0103 Suceava anun\u021ba c\u0103 pompierii militari interveneau cu dou\u0103 autospeciale de stingere \u0219i o ambulan\u021b\u0103 SMURD la incendiul respectiv. La sosirea echipajelor, fl\u0103c\u0103rile se manifestau violent \u0219i cu degaj\u0103ri mari de\u00a0 fum la un garaj \u0219i la o buc\u0103t\u0103rie de var\u0103. Interven\u021bia era dificil\u0103 din cauza cantit\u0103\u021bii mari de materiale \u0219i substan\u021be combustibile din zona de ardere.<\/p>\n<p>La ora 16 \u0219i 35 de minute, pompierii au revenit cu un alt comunicat \u00een care spuneau: \u201dAu ars un garaj \u0219i o anex\u0103, construc\u021bii corp comun, precum \u0219i acoperi\u0219ul buc\u0103t\u0103riei de var\u0103, pe o suprafa\u021b\u0103 total\u0103 de aproximativ 160 mp. Au mai ars mai multe bunuri depozitate \u00een cl\u0103dirile afectate, precum \u0219i instala\u021bia de panouri fotovoltaice\u201d.<\/p>\n<p>Incendiul a fost lichidat \u00een limitele g\u0103site, iar cauza probabil\u0103 de izbucnire a fost un scurtciruit produs la un conductor electric suprasolicitat.<\/p>\n<p>\u00a0<\/p>\n<p>\u00a0<\/p>\n<\/div>\n<p>[analyse_source url=&#8221;https:\/\/www.radiotop.ro\/actualitate\/incendiu-pe-strada-gheorghe-doja-din-suceava-doi-copii-si-doi-virstnici-salvati-de-jandarmi.html&#8221;]<\/p>\n","protected":false},"excerpt":{"rendered":"<p>[analyse_image type=&#8221;featured&#8221; src=&#8221;https:\/\/www.radiotop.ro\/img\/media\/2026\/08\/incendiu-gheorghe-doja.jpg&#8221;] Jandarmii suceveni au salvat doi copii \u0219i doi v\u00eerstnici dintr-un incendiu care a izbucnit \u00een dup\u0103-amiaza zilei de duminic\u0103, 2 august, pe strada Gheorghe Doja din municipiul Suceava. Conform Inspectoratului de Jandarmi Suceava, \u00een zon\u0103 era un echipaj aflat \u00een misiune de patrulare \u0219i care a observat izbucnirea unui incendiu la o [&hellip;]<\/p>\n","protected":false},"author":1,"featured_media":0,"comment_status":"open","ping_status":"","sticky":false,"template":"","format":"standard","meta":{"footnotes":""},"categories":[89],"tags":[226,163],"class_list":["post-2077446","post","type-post","status-publish","format-standard","hentry","category-romania","tag-crawlmanager","tag-radiotop-ro"],"_links":{"self":[{"href":"https:\/\/analyse.optim.biz\/index.php?rest_route=\/wp\/v2\/posts\/2077446","targetHints":{"allow":["GET"]}}],"collection":[{"href":"https:\/\/analyse.optim.biz\/index.php?rest_route=\/wp\/v2\/posts"}],"about":[{"href":"https:\/\/analyse.optim.biz\/index.php?rest_route=\/wp\/v2\/types\/post"}],"author":[{"embeddable":true,"href":"https:\/\/analyse.optim.biz\/index.php?rest_route=\/wp\/v2\/users\/1"}],"replies":[{"embeddable":true,"href":"https:\/\/analyse.optim.biz\/index.php?rest_route=%2Fwp%2Fv2%2Fcomments&post=2077446"}],"version-history":[{"count":0,"href":"https:\/\/analyse.optim.biz\/index.php?rest_route=\/wp\/v2\/posts\/2077446\/revisions"}],"wp:attachment":[{"href":"https:\/\/analyse.optim.biz\/index.php?rest_route=%2Fwp%2Fv2%2Fmedia&parent=2077446"}],"wp:term":[{"taxonomy":"category","embeddable":true,"href":"https:\/\/analyse.optim.biz\/index.php?rest_route=%2Fwp%2Fv2%2Fcategories&post=2077446"},{"taxonomy":"post_tag","embeddable":true,"href":"https:\/\/analyse.optim.biz\/index.php?rest_route=%2Fwp%2Fv2%2Ftags&post=2077446"}],"curies":[{"name":"wp","href":"https:\/\/api.w.org\/{rel}","templated":true}]}}