{"id":2077443,"date":"2026-08-04T08:39:34","date_gmt":"2026-08-04T05:39:34","guid":{"rendered":"https:\/\/analyse.optim.biz\/?p=2077443"},"modified":"2026-08-04T08:39:34","modified_gmt":"2026-08-04T05:39:34","slug":"liderul-pro-educatia-suceava-traian-paduret-legea-salarizarii-eu-evit-intotdeauna-sa-i-mai-spun-salarizare-unitara-pentru-ca-niciodata-nu-a-multumit-pe-nimeni-profesorii-risca-sa-renunte","status":"publish","type":"post","link":"https:\/\/analyse.optim.biz\/?p=2077443","title":{"rendered":"Liderul Pro Educa\u021bia Suceava, Traian P\u0103dure\u021b: Legea salariz\u0103rii\u2026 eu evit \u00eentotdeauna s\u0103-i mai spun salarizare unitar\u0103, pentru c\u0103 niciodat\u0103 nu a mul\u021bumit pe nimeni. Profesorii risc\u0103 s\u0103 renun\u021be la dirigen\u021bie dac\u0103 noua lege a salariz\u0103rii r\u0103m\u00eene \u00een forma actual\u0103"},"content":{"rendered":"<p>[analyse_image type=&#8221;featured&#8221; src=&#8221;https:\/\/www.radiotop.ro\/img\/media\/2025\/08\/paduret-protest-bucuresti-1.jpg&#8221;]<\/p>\n<div class=\"entry-content no-share\">\n<div class=\"content-inner \">\n<p>Liderul Pro Educa\u021bia Suceava, Traian P\u0103dure\u021b, sus\u021bine c\u0103 noua lege a salariz\u0103rii nu respect\u0103 angajamentele asumate de Guvern \u00een urma grevei profesorilor din 2023 \u0219i avertizeaz\u0103 c\u0103 diminuarea indemniza\u021biei de dirigen\u021bie ar putea crea probleme \u00een \u0219coli. Acesta spune c\u0103 exist\u0103 \u00een continuare multe necunoscute, iar sindicatele nu cunosc nici acum forma final\u0103 a proiectului aflat \u00een Parlament.<\/p>\n<p>\u00centr-o interven\u021bie telefonic\u0103 la Radio Top, Traian P\u0103dure\u021b a declarat c\u0103 nici m\u0103car denumirea actului normativ nu reflect\u0103 realitatea. A afirmat acesta: \u201dLegea salariz\u0103rii\u2026 eu evit \u00eentotdeauna s\u0103-i mai spun salarizare unitar\u0103, pentru c\u0103 niciodat\u0103 nu a fost unitar\u0103. Este, simplu, legea salariz\u0103rii, care \u00eencearc\u0103 s\u0103 regleze pe anumite sectoare salarizarea \u00een sistemul bugetar, dar niciodat\u0103 nu a mul\u021bumit pe nimeni\u201d.<\/p>\n<p>Acesta a reamintit c\u0103 \u00eenc\u0103 \u201ddin perioada grevei se discuta de legea salariz\u0103rii. Pe parcursul anilor s-a discutat, s-a negociat, dar fiind alt Guvern acum, nu respect\u0103 nimic din ceea ce s-a negociat la momentele respective\u201d. \u201dM\u0103 refer la \u00eenv\u0103\u021b\u0103m\u00eentul preuniversitar\u201d, a ad\u0103ugat profesorul.<\/p>\n<p>Liderul Pro Educa\u021bia Suceava a amintit c\u0103 profesorii au renun\u021bat la grev\u0103 dup\u0103 ce au primit garan\u021bii c\u0103 salariul unui debutant va ajunge la nivelul salariului mediu pe economie. A subliniat acesta: \u201dNu mai apare a\u0219a ceva (\u00een proiectul de lege \u2013 n.r.)\u201d.<\/p>\n<p>Traian P\u0103dure\u021b sus\u021bine c\u0103 proiectul afecteaz\u0103 \u0219i indemniza\u021bia pentru dirigen\u021bie, ceea ce ar putea avea consecin\u021be \u00een \u0219coli. A avertizat liderul sindical: \u201dDirigen\u021bia este diminuat\u0103 drastic, ceea ce probabil c\u0103 va aduce probleme \u00een sistem. Foarte mul\u021bi dintre colegii no\u0219tri probabil c\u0103 vor refuza s\u0103 ia dirigen\u021bie\u201d.<\/p>\n<p>Referindu-se la afirma\u021biile potrivit c\u0103rora majoritatea angaja\u021bilor din \u00eenv\u0103\u021b\u0103m\u00eent ar urma s\u0103 beneficieze de cre\u0219teri salariale, profesorul P\u0103dure\u021b consider\u0103 c\u0103 nu trebuie ignora\u021bi cei care pierd. A spus acesta: \u201dAm v\u0103zut multe exprim\u0103ri de genul c\u0103 celor mai mul\u021bi le vor cre\u0219te salariile. Poftim?! Cei mai pu\u021bini, ce facem cu ei? \u00cei l\u0103s\u0103m deoparte?\u201d.<\/p>\n<p>\u00cen opinia liderului Pro Educa\u021bia Suceava, lipsa de transparen\u021b\u0103 r\u0103m\u00eene una dintre cele mai mari probleme. A declarat Traian P\u0103dure\u021b: \u201dNu ne vom l\u0103muri, pentru c\u0103 nici m\u0103car acum, c\u00eend legea e \u00een Parlament, nu \u0219tim exact care este proiectul. Nu avem \u00eencredere \u00een ceea ce pun ei \u00een dezbatere public\u0103, pentru c\u0103 \u00een foarte multe cazuri ceea ce au prezentat a fost modificat ulterior\u201d.<\/p>\n<p>Domnul P\u0103dure\u021b a f\u0103cut referire \u0219i la impactul bugetar al m\u0103surilor promise profesorilor \u00een urma grevei din 2023, amintind c\u0103, potrivit unor estim\u0103ri, ar fi nevoie de 8-12 miliarde de lei anual pentru respectarea acelor angajamente, \u00een timp ce alte categorii de cheltuieli bugetare, cum ar fi pensiile speciale, r\u0103m\u00een, \u00een opinia sa, neatinse.<\/p>\n<\/div>\n<\/div>\n<div class=\"content-inner \">\n<p>Liderul Pro Educa\u021bia Suceava, Traian P\u0103dure\u021b, sus\u021bine c\u0103 noua lege a salariz\u0103rii nu respect\u0103 angajamentele asumate de Guvern \u00een urma grevei profesorilor din 2023 \u0219i avertizeaz\u0103 c\u0103 diminuarea indemniza\u021biei de dirigen\u021bie ar putea crea probleme \u00een \u0219coli. Acesta spune c\u0103 exist\u0103 \u00een continuare multe necunoscute, iar sindicatele nu cunosc nici acum forma final\u0103 a proiectului aflat \u00een Parlament.<\/p>\n<p>\u00centr-o interven\u021bie telefonic\u0103 la Radio Top, Traian P\u0103dure\u021b a declarat c\u0103 nici m\u0103car denumirea actului normativ nu reflect\u0103 realitatea. A afirmat acesta: \u201dLegea salariz\u0103rii\u2026 eu evit \u00eentotdeauna s\u0103-i mai spun salarizare unitar\u0103, pentru c\u0103 niciodat\u0103 nu a fost unitar\u0103. Este, simplu, legea salariz\u0103rii, care \u00eencearc\u0103 s\u0103 regleze pe anumite sectoare salarizarea \u00een sistemul bugetar, dar niciodat\u0103 nu a mul\u021bumit pe nimeni\u201d.<\/p>\n<p>Acesta a reamintit c\u0103 \u00eenc\u0103 \u201ddin perioada grevei se discuta de legea salariz\u0103rii. Pe parcursul anilor s-a discutat, s-a negociat, dar fiind alt Guvern acum, nu respect\u0103 nimic din ceea ce s-a negociat la momentele respective\u201d. \u201dM\u0103 refer la \u00eenv\u0103\u021b\u0103m\u00eentul preuniversitar\u201d, a ad\u0103ugat profesorul.<\/p>\n<p>Liderul Pro Educa\u021bia Suceava a amintit c\u0103 profesorii au renun\u021bat la grev\u0103 dup\u0103 ce au primit garan\u021bii c\u0103 salariul unui debutant va ajunge la nivelul salariului mediu pe economie. A subliniat acesta: \u201dNu mai apare a\u0219a ceva (\u00een proiectul de lege \u2013 n.r.)\u201d.<\/p>\n<p>Traian P\u0103dure\u021b sus\u021bine c\u0103 proiectul afecteaz\u0103 \u0219i indemniza\u021bia pentru dirigen\u021bie, ceea ce ar putea avea consecin\u021be \u00een \u0219coli. A avertizat liderul sindical: \u201dDirigen\u021bia este diminuat\u0103 drastic, ceea ce probabil c\u0103 va aduce probleme \u00een sistem. Foarte mul\u021bi dintre colegii no\u0219tri probabil c\u0103 vor refuza s\u0103 ia dirigen\u021bie\u201d.<\/p>\n<p>Referindu-se la afirma\u021biile potrivit c\u0103rora majoritatea angaja\u021bilor din \u00eenv\u0103\u021b\u0103m\u00eent ar urma s\u0103 beneficieze de cre\u0219teri salariale, profesorul P\u0103dure\u021b consider\u0103 c\u0103 nu trebuie ignora\u021bi cei care pierd. A spus acesta: \u201dAm v\u0103zut multe exprim\u0103ri de genul c\u0103 celor mai mul\u021bi le vor cre\u0219te salariile. Poftim?! Cei mai pu\u021bini, ce facem cu ei? \u00cei l\u0103s\u0103m deoparte?\u201d.<\/p>\n<p>\u00cen opinia liderului Pro Educa\u021bia Suceava, lipsa de transparen\u021b\u0103 r\u0103m\u00eene una dintre cele mai mari probleme. A declarat Traian P\u0103dure\u021b: \u201dNu ne vom l\u0103muri, pentru c\u0103 nici m\u0103car acum, c\u00eend legea e \u00een Parlament, nu \u0219tim exact care este proiectul. Nu avem \u00eencredere \u00een ceea ce pun ei \u00een dezbatere public\u0103, pentru c\u0103 \u00een foarte multe cazuri ceea ce au prezentat a fost modificat ulterior\u201d.<\/p>\n<p>Domnul P\u0103dure\u021b a f\u0103cut referire \u0219i la impactul bugetar al m\u0103surilor promise profesorilor \u00een urma grevei din 2023, amintind c\u0103, potrivit unor estim\u0103ri, ar fi nevoie de 8-12 miliarde de lei anual pentru respectarea acelor angajamente, \u00een timp ce alte categorii de cheltuieli bugetare, cum ar fi pensiile speciale, r\u0103m\u00een, \u00een opinia sa, neatinse.<\/p>\n<\/div>\n<p>[analyse_source url=&#8221;https:\/\/www.radiotop.ro\/actualitate\/liderul-pro-educatia-suceava-traian-paduret-legea-salarizarii-eu-evit-intotdeauna-sa-i-mai-spun-salarizare-unitara-pentru-ca-niciodata-nu-a-multumit-pe-nimeni-profesorii-risca-sa-renunte-la-dir.html&#8221;]<\/p>\n","protected":false},"excerpt":{"rendered":"<p>[analyse_image type=&#8221;featured&#8221; src=&#8221;https:\/\/www.radiotop.ro\/img\/media\/2025\/08\/paduret-protest-bucuresti-1.jpg&#8221;] Liderul Pro Educa\u021bia Suceava, Traian P\u0103dure\u021b, sus\u021bine c\u0103 noua lege a salariz\u0103rii nu respect\u0103 angajamentele asumate de Guvern \u00een urma grevei profesorilor din 2023 \u0219i avertizeaz\u0103 c\u0103 diminuarea indemniza\u021biei de dirigen\u021bie ar putea crea probleme \u00een \u0219coli. Acesta spune c\u0103 exist\u0103 \u00een continuare multe necunoscute, iar sindicatele nu cunosc nici acum forma [&hellip;]<\/p>\n","protected":false},"author":1,"featured_media":0,"comment_status":"open","ping_status":"","sticky":false,"template":"","format":"standard","meta":{"footnotes":""},"categories":[89],"tags":[226,163],"class_list":["post-2077443","post","type-post","status-publish","format-standard","hentry","category-romania","tag-crawlmanager","tag-radiotop-ro"],"_links":{"self":[{"href":"https:\/\/analyse.optim.biz\/index.php?rest_route=\/wp\/v2\/posts\/2077443","targetHints":{"allow":["GET"]}}],"collection":[{"href":"https:\/\/analyse.optim.biz\/index.php?rest_route=\/wp\/v2\/posts"}],"about":[{"href":"https:\/\/analyse.optim.biz\/index.php?rest_route=\/wp\/v2\/types\/post"}],"author":[{"embeddable":true,"href":"https:\/\/analyse.optim.biz\/index.php?rest_route=\/wp\/v2\/users\/1"}],"replies":[{"embeddable":true,"href":"https:\/\/analyse.optim.biz\/index.php?rest_route=%2Fwp%2Fv2%2Fcomments&post=2077443"}],"version-history":[{"count":0,"href":"https:\/\/analyse.optim.biz\/index.php?rest_route=\/wp\/v2\/posts\/2077443\/revisions"}],"wp:attachment":[{"href":"https:\/\/analyse.optim.biz\/index.php?rest_route=%2Fwp%2Fv2%2Fmedia&parent=2077443"}],"wp:term":[{"taxonomy":"category","embeddable":true,"href":"https:\/\/analyse.optim.biz\/index.php?rest_route=%2Fwp%2Fv2%2Fcategories&post=2077443"},{"taxonomy":"post_tag","embeddable":true,"href":"https:\/\/analyse.optim.biz\/index.php?rest_route=%2Fwp%2Fv2%2Ftags&post=2077443"}],"curies":[{"name":"wp","href":"https:\/\/api.w.org\/{rel}","templated":true}]}}