{"id":2077440,"date":"2026-08-04T08:37:04","date_gmt":"2026-08-04T05:37:04","guid":{"rendered":"https:\/\/analyse.optim.biz\/?p=2077440"},"modified":"2026-08-04T08:37:04","modified_gmt":"2026-08-04T05:37:04","slug":"netanyahu-vrea-ca-israelul-sa-si-fabrice-propriile-aeronave-supersonice-de-lupta-dupa-ce-a-depins-decenii-de-fortele-aeriene-ale-sua","status":"publish","type":"post","link":"https:\/\/analyse.optim.biz\/?p=2077440","title":{"rendered":"Netanyahu vrea ca Israelul s\u0103-\u0219i fabrice propriile aeronave supersonice de lupt\u0103 dup\u0103 ce a depins decenii de for\u021bele aeriene ale SUA"},"content":{"rendered":"<p>[analyse_image type=&#8221;featured&#8221; src=&#8221;https:\/\/ortodoxinfo.ro\/wp-content\/uploads\/2026\/08\/netanyahu-si-avioane-stealth-f-35-1280&#215;720.pnghttps:\/\/ortodoxinfo.ro\/wp-content\/uploads\/2026\/08\/netanyahu-si-avioane-stealth-f-35-1280&#215;720.png&#8221;]<\/p>\n<article id=\"post-254778\" class=\"post-254778 post type-post status-publish format-standard has-post-thumbnail category-israel\">\n<header class=\"single-header\">\n<aside class=\"breadcrumb-wrap breadcrumb-yoast s-breadcrumb\">\n<div class=\"breadcrumb-inner\"><span><span><a href=\"https:\/\/ortodoxinfo.ro\/\">Prima pagin\u0103<\/a><\/span> \u00bb <span><a href=\"https:\/\/ortodoxinfo.ro\/blog\/\">Blog<\/a><\/span> \u00bb <span class=\"breadcrumb_last\" aria-current=\"page\">Netanyahu vrea ca Israelul s\u0103-\u0219i fabrice propriile aeronave supersonice de lupt\u0103 dup\u0103 ce a depins decenii de for\u021bele aeriene ale SUA<\/span><\/span><\/div>\n<\/aside>\n<h1 class=\"s-title fw-headline\">Netanyahu vrea ca Israelul s\u0103-\u0219i fabrice propriile aeronave supersonice de lupt\u0103 dup\u0103 ce a depins decenii de for\u021bele aeriene ale SUA<\/h1>\n<div class=\"single-meta meta-s-default yes-0\">\n<div class=\"smeta-in\"><a class=\"meta-el meta-avatar\" href=\"https:\/\/ortodoxinfo.ro\/author\/redactor\/\"><img loading=\"lazy\" decoding=\"async\" alt=\"OrtodoxINFO\" src=\"https:\/\/secure.gravatar.com\/avatar\/21010332354a182ce4de6016685c5586f21c51866d0ec5bc8ef383240b3c3e02?s=120&amp;r=g\" class=\"avatar avatar-120 photo\" height=\"120\" width=\"120\"><\/a><\/p>\n<div class=\"smeta-sec\">\n<div class=\"p-meta\">\n<div class=\"meta-inner is-meta\"><span class=\"meta-el meta-date\"><time datetime=\"2026-08-04T11:37:04+03:00\">4 august 2026<\/time><\/span><span class=\"meta-el meta-category meta-bold\"><a class=\"meta-separate category-19883\" href=\"https:\/\/ortodoxinfo.ro\/category\/anti-sistem\/al-iii-lea-razboi-mondial\/israel\/\">Israel<\/a><\/span><span class=\"meta-el meta-view\">3.1k vizualiz\u0103ri\t\t<\/span><span class=\"meta-el meta-comment mobile-last-meta tablet-last-meta\"><a href=\"https:\/\/ortodoxinfo.ro\/2026\/08\/04\/netanyahu-vrea-ca-israelul-sa-si-fabrice-propriile-aeronave-supersonice-de-lupta-dupa-ce-a-depins-decenii-de-fortele-aeriene-ale-sua\/#respond\">Comentarii<\/a><\/span><\/div>\n<\/div>\n<\/div>\n<\/div>\n<div class=\"smeta-extra\">\n<div class=\"t-shared-sec tooltips-n has-read-meta is-color\">\n<div class=\"t-shared-header is-meta\"><span class=\"share-label\">Share<\/span><\/div>\n<\/div>\n<div class=\"single-right-meta single-time-read is-meta\"><span class=\"meta-el meta-read\">2 Min Read<\/span><\/div>\n<\/div>\n<\/div>\n<\/header>\n<div class=\"grid-container\">\n<div class=\"s-ct\">\n<div class=\"s-feat-outer\">\n<div class=\"s-feat\">\n<div class=\"featured-lightbox-trigger\" data-source=\"https:\/\/ortodoxinfo.ro\/wp-content\/uploads\/2026\/08\/netanyahu-si-avioane-stealth-f-35-1280x720.png\" data-caption data-attribution><img fetchpriority=\"high\" decoding=\"async\" width=\"860\" height=\"484\" src=\"https:\/\/ortodoxinfo.ro\/wp-content\/uploads\/2026\/08\/netanyahu-si-avioane-stealth-f-35-1280x720-860x484.png\" class=\"attachment-foxiz_crop_o1 size-foxiz_crop_o1 wp-post-image\" alt loading=\"eager\"><\/div>\n<\/div>\n<\/div>\n<div class=\"s-ct-wrap has-lsl\">\n<div class=\"s-ct-inner\">\n<div class=\"l-shared-sec-outer show-mobile\">\n<div class=\"l-shared-sec\">\n<div class=\"l-shared-header meta-text\"><span class=\"share-label\">SHARE<\/span><\/div>\n<\/div>\n<\/div>\n<div class=\"e-ct-outer\">\n<div class=\"entry-top\">\n<div id=\"custom_html-3\" class=\"widget_text widget entry-widget clearfix widget_custom_html\">\n<div class=\"textwidget custom-html-widget\">\n<div><small><br \/>\n    OrtodoxINFO este supus unui sabotaj sistematic din partea reprezentan\u021bilor Google Rom\u00e2nia, at\u00e2t la afi\u0219\u0103ri c\u00e2t \u0219i \u00een rezultatele de c\u0103utare.<br \/>\n        Astfel c\u0103 veniturile din publicitate au sc\u0103zut de p\u00e2n\u0103 la <strong>10 ori<\/strong>. Situa\u021bia este similar\u0103 \u0219i pe Facebook.<\/p>\n<p>        V\u0103 invit\u0103m s\u0103 accesa\u021bi direct site-ul \u0219i s\u0103 v\u0103 abona\u021bi la notific\u0103ri.<\/p>\n<p>    Dac\u0103 dori\u021bi s\u0103 ne sus\u021bine\u021bi \u00een aceast\u0103 perioad\u0103 dificil\u0103, orice <a href=\"https:\/\/ortodoxinfo.ro\/donatii\/\">dona\u021bie<\/a> este binevenit\u0103.<br \/>\n    Dumnezeu s\u0103 v\u0103 r\u0103spl\u0103teasc\u0103!<br \/>\n<\/small><\/div>\n<\/div>\n<\/div>\n<\/div>\n<div class=\"entry-content rbct clearfix is-highlight-shares\">\n<p id=\"p-0\"><strong>Premierul israelian Benjamin Netanyahu\u00a0 a stabilit o ini\u021biativ\u0103 strategic\u0103 pentru ca Israelul s\u0103-\u0219i fabrice propriul model de aeronav\u0103 supersonic\u0103 \u00een urm\u0103torii 10 ani. Modelul de avion de lupt\u0103 \u00eenc\u0103 nu are o denumire oficial\u0103, iar premierul n-a oferit \u00eenc\u0103 detalii despre capabilit\u0103\u021bile militare.<\/strong><\/p>\n<p id=\"p-1\">For\u021bele aeriene israeliene au depins timp de decenii de aparatura militar\u0103 a Statelor Unite. Prin decizia premierului israelian, Israelul \u00ee\u0219i va putea spori capacitatea de ap\u0103rare \u00een cazul \u00een care va \u00eent\u00e2mpina restric\u021bii de la furnizorii militari str\u0103ini, potrivit <a href=\"https:\/\/clashreport.com\/defense\/articles\/netanyahu-wants-israel-to-build-its-own-stealth-aircraft-in-case-of-embargoes-5z8502gaule\">Clash Report<\/a>.<\/p>\n<p id=\"p-8\">Dependen\u021ba de armamentul militar extern a fost printre principalele puncte vulnerabile ale Israelului, iar Netanyahu sus\u021bine necesitatea unei produc\u021bii autonome.<\/p>\n<p id=\"p-10\">\u201eVreau s\u0103 avem propriul nostru avion supersonic stealth, un avion al viitorului, pentru c\u0103 nu putem \u0219tii c\u00e2nd ar putea veni ziua \u00een care furnizorii critici de care depindem ne vor refuza\u201d, a spus premierul israelian \u00eentr-un podcast.<\/p>\n<p id=\"p-11\">Pe plan geopolitic, administra\u021bia israelian\u0103 \u00eencearc\u0103 s\u0103-\u0219i diversifice partenerii strategici, iar Netanyahu a respins ideea c\u0103 Israelul a devenit tot mai izolat pe scena mondial\u0103. Totu\u0219i, el ia \u00een considerare alian\u021be suplimentare.<\/p>\n<p id=\"p-12\">\u201eDe asta investesc enorm \u00een\u00a0 rela\u021biile cu India, cu prietenul meu Narendra, cu unul dintre cei mai m\u0103re\u021bi prieteni. Ei spun c\u0103 Israelul este izolat. Suportul pentru Israel primit din India, o spun eu personal, este de necrezut\u201d, a ad\u0103ugat premierul israelian.<\/p>\n<p id=\"p-14\">Netanyahu sus\u021bine c\u0103\u00a0 tenacitatea militar\u0103 israelian\u0103 a intimidat Iranul suficient pentru a nu riposta asupra \u021b\u0103rii \u00een contextul relu\u0103rii conflictului cu SUA.<\/p>\n<p id=\"p-15\">For\u021bele iraniene au suspendat focul direct, fapt atribuit oficialilor israleieni care erau preg\u0103ti\u021bi pentru un r\u0103spuns opera\u021bional sever.<\/p>\n<p id=\"p-16\">Netanyahu a indicat c\u0103 ar lua \u00een calcul \u0219i noi alian\u021be cu \u021b\u0103rile arabe, pe fondul conflictelor regionale dintre radicalii \u0219ii\u021bi \u0219i axele sunnite.<\/p>\n<div class=\"inline-single-ad ad_single_3_index alignfull\">\n<div class=\"ad-wrap ad-script-wrap\">\n<div class=\"ad-script non-adsense edge-padding\">\n<div>\n\u203c\ufe0f\u203c\ufe0f NU recunoa\u0219tem ca pre\u0219edinte al Rom\u00e2niei pe marioneta retard\u0103 Nicu\u0219or Dan! Rom\u00e2ni, boicota\u021bi aceast\u0103 f\u0103c\u0103tur\u0103, care ne face \u021bara de r\u00e2s! NU rom\u00e2nii l-au votat pe Nicusoro\u0219 &#8211; cu unele excep\u021bii de persoane infantile, manipulabile \u0219i chiar idioate &#8211; ci l-au ajutat Maia Soro\u0219, Emanuel Macrou \u0219i tr\u0103d\u0103torii de la B.E.C. \u0219i CCR!<br \/>\n La \u00eenchisoare cu cei care au fraudat alegerile!\n<\/div>\n<\/div>\n<\/div>\n<\/div>\n<\/div>\n<\/div>\n<\/div>\n<div class=\"e-shared-sec entry-sec\">\n<div class=\"e-shared-header h4\"><span>Distribuie<\/span><\/div>\n<div class=\"rbbsl tooltips-n effect-fadeout is-bg\"><a class=\"share-action share-trigger icon-facebook\" aria-label=\"Share on Facebook\" href=\"https:\/\/www.facebook.com\/sharer.php?u=https%3A%2F%2Fortodoxinfo.ro%2F2026%2F08%2F04%2Fnetanyahu-vrea-ca-israelul-sa-si-fabrice-propriile-aeronave-supersonice-de-lupta-dupa-ce-a-depins-decenii-de-fortele-aeriene-ale-sua%2F\" data-title=\"Facebook\" rel=\"nofollow\"><span>Facebook<\/span><\/a><a class=\"share-action share-trigger icon-twitter\" aria-label=\"Share on X\" href=\"https:\/\/twitter.com\/intent\/tweet?text=Netanyahu+vrea+ca+Israelul+s%C4%83-%C8%99i+fabrice+propriile+aeronave+supersonice+de+lupt%C4%83+dup%C4%83+ce+a+depins+decenii+de+for%C8%9Bele+aeriene+ale+SUA&amp;url=https%3A%2F%2Fortodoxinfo.ro%2F2026%2F08%2F04%2Fnetanyahu-vrea-ca-israelul-sa-si-fabrice-propriile-aeronave-supersonice-de-lupta-dupa-ce-a-depins-decenii-de-fortele-aeriene-ale-sua%2F&amp;via=ortodoxinforo\" data-title=\"X\" rel=\"nofollow\"><span>X<\/span><\/a><a class=\"share-action icon-whatsapp is-web\" aria-label=\"Share on Whatsapp\" href=\"https:\/\/web.whatsapp.com\/send?text=Netanyahu+vrea+ca+Israelul+s%C4%83-%C8%99i+fabrice+propriile+aeronave+supersonice+de+lupt%C4%83+dup%C4%83+ce+a+depins+decenii+de+for%C8%9Bele+aeriene+ale+SUA%20%E2%98%9E%20https%3A%2F%2Fortodoxinfo.ro%2F2026%2F08%2F04%2Fnetanyahu-vrea-ca-israelul-sa-si-fabrice-propriile-aeronave-supersonice-de-lupta-dupa-ce-a-depins-decenii-de-fortele-aeriene-ale-sua%2F\" target=\"_blank\" data-title=\"WhatsApp\" rel=\"nofollow\"><span>Whatsapp<\/span><\/a><a class=\"share-action icon-whatsapp is-mobile\" aria-label=\"Share on Whatsapp\" href=\"\/\/send?text=Netanyahu+vrea+ca+Israelul+s%C4%83-%C8%99i+fabrice+propriile+aeronave+supersonice+de+lupt%C4%83+dup%C4%83+ce+a+depins+decenii+de+for%C8%9Bele+aeriene+ale+SUA%20%E2%98%9E%20https%3A%2F%2Fortodoxinfo.ro%2F2026%2F08%2F04%2Fnetanyahu-vrea-ca-israelul-sa-si-fabrice-propriile-aeronave-supersonice-de-lupta-dupa-ce-a-depins-decenii-de-fortele-aeriene-ale-sua%2F\" target=\"_blank\" data-title=\"WhatsApp\" rel=\"nofollow\"><span>Whatsapp<\/span><\/a><a class=\"share-action share-trigger icon-telegram\" aria-label=\"Share on Telegram\" href=\"https:\/\/t.me\/share\/?url=https%3A%2F%2Fortodoxinfo.ro%2F2026%2F08%2F04%2Fnetanyahu-vrea-ca-israelul-sa-si-fabrice-propriile-aeronave-supersonice-de-lupta-dupa-ce-a-depins-decenii-de-fortele-aeriene-ale-sua%2F&amp;text=Netanyahu+vrea+ca+Israelul+s%C4%83-%C8%99i+fabrice+propriile+aeronave+supersonice+de+lupt%C4%83+dup%C4%83+ce+a+depins+decenii+de+for%C8%9Bele+aeriene+ale+SUA\" data-title=\"Telegram\" rel=\"nofollow\"><span>Telegram<\/span><\/a><a class=\"share-action icon-copy copy-trigger\" aria-label=\"Copy Link\" href=\"https:\/\/ortodoxinfo.ro\/2026\/08\/04\/netanyahu-vrea-ca-israelul-sa-si-fabrice-propriile-aeronave-supersonice-de-lupta-dupa-ce-a-depins-decenii-de-fortele-aeriene-ale-sua\/\" data-copied=\"Copied!\" data-link=\"https:\/\/ortodoxinfo.ro\/2026\/08\/04\/netanyahu-vrea-ca-israelul-sa-si-fabrice-propriile-aeronave-supersonice-de-lupta-dupa-ce-a-depins-decenii-de-fortele-aeriene-ale-sua\/\" rel=\"nofollow\" data-copy=\"Copy Link\"><span>Copy Link<\/span><\/a><a class=\"share-action icon-print\" aria-label=\"Print\" rel=\"nofollow\" data-title=\"Print\"><span>Print<\/span><\/a><\/div>\n<\/div>\n<\/div>\n<div id=\"tabs\" class=\"dntplgn_form_wrapper\"><span><\/p>\n<h2>\u0218tirile sunt sub cenzur\u0103! Sprijini\u021bi OrtodoxINFO!<\/h2>\n<p>Guvernul nu dore\u0219te aflarea adev\u0103rului despre lovitura de stat \u0219i \u00eengenuncherea Rom\u00e2niei. \u00cencerc\u0103m s\u0103 men\u021binem viu acest site \u0219i s\u0103 v\u0103 punem la dispozi\u021bie informa\u021bii care s\u0103 fac\u0103 lumin\u0103 \u00een cea mai mare provocare pe care o tr\u0103im. Jurnalismul independent al portalului OrtodoxINFO func\u021bioneaz\u0103 strict cu ajutorul cititorilor.<br \/>\nNe pute\u021bi sprijini printr-o <b><a href=\"https:\/\/ortodoxinfo.ro\/donatii\/\">dona\u021bie bancar\u0103<\/a> sau prin PayPal, complet\u00e2nd formularul de mai jos.<\/b><\/span><\/p>\n<ul>\n<li><a href=\"https:\/\/ortodoxinfo.ro\/2026\/08\/04\/netanyahu-vrea-ca-israelul-sa-si-fabrice-propriile-aeronave-supersonice-de-lupta-dupa-ce-a-depins-decenii-de-fortele-aeriene-ale-sua\/#tabs-1\">Dona\u021bie lunar\u0103<\/a><\/li>\n<li><a href=\"https:\/\/ortodoxinfo.ro\/2026\/08\/04\/netanyahu-vrea-ca-israelul-sa-si-fabrice-propriile-aeronave-supersonice-de-lupta-dupa-ce-a-depins-decenii-de-fortele-aeriene-ale-sua\/#tabs-2\">Doar acum<\/a><\/li>\n<\/ul>\n<div id=\"tabs-1\"><img loading=\"lazy\" decoding=\"async\" alt border=\"0\" src=\"https:\/\/www.paypalobjects.com\/en_US\/i\/scr\/pixel.gif\" width=\"1\" height=\"1\"><\/div>\n<div id=\"tabs-2\">\n<p>\t\t     \u20ac<\/p>\n<p>\t\t    <img loading=\"lazy\" decoding=\"async\" alt border=\"0\" src=\"https:\/\/www.paypalobjects.com\/en_US\/i\/scr\/pixel.gif\" width=\"1\" height=\"1\"><\/div>\n<p>Mul\u021bumim celor care ne-au ajutat p\u00e2n\u0103 acum!\n\t<\/p><\/div>\n<div class=\"comment-box-wrap entry-sec\">\n<div class=\"comment-box-header\"><span class=\"h3\">Las\u0103 un comentariu<\/span><\/div>\n<div class=\"comment-holder no-comment\">\n<div id=\"comments\" class=\"comments-area\">\n<div id=\"respond\" class=\"comment-respond\">\n<h3 id=\"reply-title\" class=\"comment-reply-title\">Las\u0103 un r\u0103spuns <small><a rel=\"nofollow\" id=\"cancel-comment-reply-link\" href=\"https:\/\/ortodoxinfo.ro\/2026\/08\/04\/netanyahu-vrea-ca-israelul-sa-si-fabrice-propriile-aeronave-supersonice-de-lupta-dupa-ce-a-depins-decenii-de-fortele-aeriene-ale-sua\/#respond\">Anuleaz\u0103 r\u0103spunsul<\/a><\/small><\/h3>\n<p class=\"comment-notes\"><span id=\"email-notes\">Adresa ta de email nu va fi publicat\u0103.<\/span><span class=\"required-field-message\">C\u00e2mpurile obligatorii sunt marcate cu <span class=\"required\">*<\/span><\/span><\/p>\n<\/div>\n<\/div>\n<\/div>\n<\/div>\n<\/div>\n<div class=\"sidebar-wrap single-sidebar\">\n<div class=\"sidebar-inner clearfix\">\n<div id=\"widget-post-2\" class=\"widget rb-section w-sidebar clearfix widget-post\">\n<div class=\"block-h widget-heading heading-layout-1\">\n<div class=\"heading-inner\">\n<h4 class=\"heading-title\"><span>Articole recente<\/span><\/h4>\n<\/div>\n<\/div>\n<div class=\"widget-p-listing\">\n<div class=\"p-wrap p-small p-list-small-2\" data-pid=\"254916\">\n<div class=\"feat-holder\">\n<div class=\"p-featured ratio-v1\"><a class=\"p-flink\" href=\"https:\/\/ortodoxinfo.ro\/2026\/08\/04\/specialistii-au-considerat-ca-adancirea-bratului-chilia-si-adancirea-masiva-a-canalului-bistroe-vor-duce-la-scaderea-debitelor-patrick-andre-de-hillerin-in-sfarsit-usr-si-pnl-au-inteles-legea-vasel\/\" title=\"Speciali\u0219tii au considerat c\u0103 ad\u00e2ncirea bra\u021bului Chilia \u0219i ad\u00e2ncirea masiv\u0103 a canalului B\u00eestroe vor duce la sc\u0103derea debitelor. Patrick Andr\u00e9 de Hillerin: \u00cen sf\u00e2r\u0219it, USR \u0219i PNL au \u00een\u021beles legea vaselor comunicante\"><img decoding=\"async\" width=\"150\" height=\"150\" src=\"https:\/\/ortodoxinfo.ro\/wp-content\/uploads\/2026\/08\/specialistii-au-considerat-ca-adancirea-bratului-chilia-si-adancirea-masiva-a-canalului-bistroe-vor-150x150.png\" class=\"featured-img wp-post-image\" alt loading=\"lazy\"><\/a><\/div>\n<\/div>\n<div class=\"p-content\">\n<h5 class=\"entry-title\"><a class=\"p-url\" href=\"https:\/\/ortodoxinfo.ro\/2026\/08\/04\/specialistii-au-considerat-ca-adancirea-bratului-chilia-si-adancirea-masiva-a-canalului-bistroe-vor-duce-la-scaderea-debitelor-patrick-andre-de-hillerin-in-sfarsit-usr-si-pnl-au-inteles-legea-vasel\/\" rel=\"bookmark\">Speciali\u0219tii au considerat c\u0103 ad\u00e2ncirea bra\u021bului Chilia \u0219i ad\u00e2ncirea masiv\u0103 a canalului B\u00eestroe vor duce la sc\u0103derea debitelor. Patrick Andr\u00e9 de Hillerin: \u00cen sf\u00e2r\u0219it, USR \u0219i PNL au \u00een\u021beles legea vaselor comunicante<\/a><\/h5>\n<div class=\"p-meta\">\n<div class=\"meta-inner is-meta\"><span class=\"meta-el meta-date\"><time datetime=\"2026-08-04T14:43:35+03:00\">4 august 2026<\/time><\/span><span class=\"meta-el meta-category meta-bold\"><a class=\"meta-separate category-19885\" href=\"https:\/\/ortodoxinfo.ro\/category\/anti-sistem\/anti-romanism\/asasinii-tarii\/\">Asasinii \u021b\u0103rii<\/a><\/span><span class=\"meta-el meta-view\">7.4k vizualiz\u0103ri\t\t<\/span><\/div>\n<\/div>\n<\/div>\n<\/div>\n<div class=\"p-wrap p-small p-list-small-2\" data-pid=\"254728\">\n<div class=\"feat-holder\">\n<div class=\"p-featured ratio-v1\"><a class=\"p-flink\" href=\"https:\/\/ortodoxinfo.ro\/2026\/08\/04\/trump-doua-lucruri-ucid-europa-primul-este-imigratia-iar-al-doilea-este-energia-cunosc-europa-mai-bine-decat-oricine-chiar-mai-bine-decat-cei-care-o-conduc\/\" title=\"Trump: \u201eDou\u0103 lucruri ucid Europa: primul este imigra\u021bia, iar al doilea este energia. Cunosc Europa mai bine dec\u00e2t oricine, chiar mai bine dec\u00e2t cei care o conduc\u201d\"><img decoding=\"async\" width=\"150\" height=\"150\" src=\"https:\/\/ortodoxinfo.ro\/wp-content\/uploads\/2026\/08\/trump-doua-lucruri-ucid-europa-primul-este-imigratia-iar-al-doilea-este-energia-cunosc-europa-mai-bi-150x150.jpeg\" class=\"featured-img wp-post-image\" alt loading=\"lazy\"><\/a><\/div>\n<\/div>\n<div class=\"p-content\">\n<h5 class=\"entry-title\"><a class=\"p-url\" href=\"https:\/\/ortodoxinfo.ro\/2026\/08\/04\/trump-doua-lucruri-ucid-europa-primul-este-imigratia-iar-al-doilea-este-energia-cunosc-europa-mai-bine-decat-oricine-chiar-mai-bine-decat-cei-care-o-conduc\/\" rel=\"bookmark\">Trump: \u201eDou\u0103 lucruri ucid Europa: primul este imigra\u021bia, iar al doilea este energia. Cunosc Europa mai bine dec\u00e2t oricine, chiar mai bine dec\u00e2t cei care o conduc\u201d<\/a><\/h5>\n<div class=\"p-meta\">\n<div class=\"meta-inner is-meta\"><span class=\"meta-el meta-date\"><time datetime=\"2026-08-04T09:38:34+03:00\">4 august 2026<\/time><\/span><span class=\"meta-el meta-category meta-bold\"><a class=\"meta-separate category-1538\" href=\"https:\/\/ortodoxinfo.ro\/category\/anti-sistem\/uniunea-europeana\/\">Uniunea european\u0103<\/a><\/span><span class=\"meta-el meta-view\">5.8k vizualiz\u0103ri\t\t<\/span><\/div>\n<\/div>\n<\/div>\n<\/div>\n<div class=\"p-wrap p-small p-list-small-2\" data-pid=\"254625\">\n<div class=\"feat-holder\">\n<div class=\"p-featured ratio-v1\"><a class=\"p-flink\" href=\"https:\/\/ortodoxinfo.ro\/2026\/08\/03\/ce-inseamna-sa-joci-inteligent-a-fost-aprobat-amendamentul-aur-care-obliga-pe-concubina-lui-harpalete-sa-si-declare-averea-felicitari-aur\/\" title=\"Ce \u00eenseamn\u0103 s\u0103 joci inteligent: A fost aprobat amendamentul AUR care oblig\u0103 pe concubina lui Harpalete s\u0103-\u0219i declare averea! Felicit\u0103ri AUR!\"><img decoding=\"async\" width=\"150\" height=\"150\" src=\"https:\/\/ortodoxinfo.ro\/wp-content\/uploads\/2026\/08\/IMG-20260803-WA0016-150x150.jpg\" class=\"featured-img wp-post-image\" alt loading=\"lazy\"><\/a><\/div>\n<\/div>\n<div class=\"p-content\">\n<h5 class=\"entry-title\"><a class=\"p-url\" href=\"https:\/\/ortodoxinfo.ro\/2026\/08\/03\/ce-inseamna-sa-joci-inteligent-a-fost-aprobat-amendamentul-aur-care-obliga-pe-concubina-lui-harpalete-sa-si-declare-averea-felicitari-aur\/\" rel=\"bookmark\">Ce \u00eenseamn\u0103 s\u0103 joci inteligent: A fost aprobat amendamentul AUR care oblig\u0103 pe concubina lui Harpalete s\u0103-\u0219i declare averea! Felicit\u0103ri AUR!<\/a><\/h5>\n<div class=\"p-meta\">\n<div class=\"meta-inner is-meta\"><span class=\"meta-el meta-date\"><time datetime=\"2026-08-03T17:45:18+03:00\">3 august 2026<\/time><\/span><span class=\"meta-el meta-category meta-bold\"><a class=\"meta-separate category-19866\" href=\"https:\/\/ortodoxinfo.ro\/category\/lupta-pentru-romania\/\">Lupt\u0103 pentru Rom\u00e2nia<\/a><\/span><span class=\"meta-el meta-view\">12.2k vizualiz\u0103ri\t\t<\/span><\/div>\n<\/div>\n<\/div>\n<\/div>\n<div class=\"p-wrap p-small p-list-small-2\" data-pid=\"254551\">\n<div class=\"feat-holder\">\n<div class=\"p-featured ratio-v1\"><a class=\"p-flink\" href=\"https:\/\/ortodoxinfo.ro\/2026\/08\/03\/grindeanu-a-batut-palma-cu-nicusor-dan-pentru-o-noua-crima-la-adresa-economiei-romanesti-interzicerea-hidrocentralelor-prin-legea-biodiversitatii-facuta-de-firme-private-controlate-din-exterior\/\" title=\"Grindeanu a b\u0103tut palma cu Nicu\u0219or Dan pentru o nou\u0103 CRIM\u0102 la adresa economiei rom\u00e2ne\u0219ti: interzicerea hidrocentralelor, prin Legea biodiversit\u0103\u021bii, f\u0103cut\u0103 de firme private, controlate din exterior\"><img decoding=\"async\" width=\"150\" height=\"150\" src=\"https:\/\/ortodoxinfo.ro\/wp-content\/uploads\/2026\/08\/img-150x150.jpg\" class=\"featured-img wp-post-image\" alt loading=\"lazy\"><\/a><\/div>\n<\/div>\n<div class=\"p-content\">\n<h5 class=\"entry-title\"><a class=\"p-url\" href=\"https:\/\/ortodoxinfo.ro\/2026\/08\/03\/grindeanu-a-batut-palma-cu-nicusor-dan-pentru-o-noua-crima-la-adresa-economiei-romanesti-interzicerea-hidrocentralelor-prin-legea-biodiversitatii-facuta-de-firme-private-controlate-din-exterior\/\" rel=\"bookmark\">Grindeanu a b\u0103tut palma cu Nicu\u0219or Dan pentru o nou\u0103 CRIM\u0102 la adresa economiei rom\u00e2ne\u0219ti: interzicerea hidrocentralelor, prin Legea biodiversit\u0103\u021bii, f\u0103cut\u0103 de firme private, controlate din exterior<\/a><\/h5>\n<div class=\"p-meta\">\n<div class=\"meta-inner is-meta\"><span class=\"meta-el meta-date\"><time datetime=\"2026-08-03T14:41:35+03:00\">3 august 2026<\/time><\/span><span class=\"meta-el meta-category meta-bold\"><a class=\"meta-separate category-19885\" href=\"https:\/\/ortodoxinfo.ro\/category\/anti-sistem\/anti-romanism\/asasinii-tarii\/\">Asasinii \u021b\u0103rii<\/a><\/span><span class=\"meta-el meta-view\">16.3k vizualiz\u0103ri\t\t<\/span><\/div>\n<\/div>\n<\/div>\n<\/div>\n<\/div>\n<\/div>\n<div id=\"custom_html-2\" class=\"widget_text widget rb-section w-sidebar clearfix widget_custom_html\">\n<div class=\"block-h widget-heading heading-layout-1\">\n<div class=\"heading-inner\">\n<h4 class=\"heading-title\"><span>DONA\u021aII \u00een cont bancar<\/span><\/h4>\n<\/div>\n<\/div>\n<div class=\"textwidget custom-html-widget\">\n<table class=\"donatii\">\n<tbody>\n<tr>\n<th colspan=\"2\"><strong><span>Asicia\u021bia SMI-B<\/span><\/strong><\/th>\n<\/tr>\n<tr>\n<th>Cont LEI<\/th>\n<td>RO67CECEB00030RON2081955<\/td>\n<\/tr>\n<tr>\n<th>Cont EURO<\/th>\n<td>RO33CECEB000C1EUR2081978<\/td>\n<\/tr>\n<tr>\n<th>Cod SWIFT<\/th>\n<td>CECEROBU<\/td>\n<\/tr>\n<tr>\n<th colspan=\"2\"><strong>CEC BANK SA<\/strong><\/th>\n<\/tr>\n<\/tbody>\n<\/table>\n<\/div>\n<\/div>\n<\/div>\n<\/div>\n<\/div>\n<\/article>\n<div class=\"entry-content rbct clearfix is-highlight-shares\">\n<p id=\"p-0\"><strong>Premierul israelian Benjamin Netanyahu\u00a0 a stabilit o ini\u021biativ\u0103 strategic\u0103 pentru ca Israelul s\u0103-\u0219i fabrice propriul model de aeronav\u0103 supersonic\u0103 \u00een urm\u0103torii 10 ani. Modelul de avion de lupt\u0103 \u00eenc\u0103 nu are o denumire oficial\u0103, iar premierul n-a oferit \u00eenc\u0103 detalii despre capabilit\u0103\u021bile militare.<\/strong><\/p>\n<p id=\"p-1\">For\u021bele aeriene israeliene au depins timp de decenii de aparatura militar\u0103 a Statelor Unite. Prin decizia premierului israelian, Israelul \u00ee\u0219i va putea spori capacitatea de ap\u0103rare \u00een cazul \u00een care va \u00eent\u00e2mpina restric\u021bii de la furnizorii militari str\u0103ini, potrivit <a href=\"https:\/\/clashreport.com\/defense\/articles\/netanyahu-wants-israel-to-build-its-own-stealth-aircraft-in-case-of-embargoes-5z8502gaule\">Clash Report<\/a>.<\/p>\n<p id=\"p-8\">Dependen\u021ba de armamentul militar extern a fost printre principalele puncte vulnerabile ale Israelului, iar Netanyahu sus\u021bine necesitatea unei produc\u021bii autonome.<\/p>\n<p id=\"p-10\">\u201eVreau s\u0103 avem propriul nostru avion supersonic stealth, un avion al viitorului, pentru c\u0103 nu putem \u0219tii c\u00e2nd ar putea veni ziua \u00een care furnizorii critici de care depindem ne vor refuza\u201d, a spus premierul israelian \u00eentr-un podcast.<\/p>\n<p id=\"p-11\">Pe plan geopolitic, administra\u021bia israelian\u0103 \u00eencearc\u0103 s\u0103-\u0219i diversifice partenerii strategici, iar Netanyahu a respins ideea c\u0103 Israelul a devenit tot mai izolat pe scena mondial\u0103. Totu\u0219i, el ia \u00een considerare alian\u021be suplimentare.<\/p>\n<p id=\"p-12\">\u201eDe asta investesc enorm \u00een\u00a0 rela\u021biile cu India, cu prietenul meu Narendra, cu unul dintre cei mai m\u0103re\u021bi prieteni. Ei spun c\u0103 Israelul este izolat. Suportul pentru Israel primit din India, o spun eu personal, este de necrezut\u201d, a ad\u0103ugat premierul israelian.<\/p>\n<p id=\"p-14\">Netanyahu sus\u021bine c\u0103\u00a0 tenacitatea militar\u0103 israelian\u0103 a intimidat Iranul suficient pentru a nu riposta asupra \u021b\u0103rii \u00een contextul relu\u0103rii conflictului cu SUA.<\/p>\n<p id=\"p-15\">For\u021bele iraniene au suspendat focul direct, fapt atribuit oficialilor israleieni care erau preg\u0103ti\u021bi pentru un r\u0103spuns opera\u021bional sever.<\/p>\n<p id=\"p-16\">Netanyahu a indicat c\u0103 ar lua \u00een calcul \u0219i noi alian\u021be cu \u021b\u0103rile arabe, pe fondul conflictelor regionale dintre radicalii \u0219ii\u021bi \u0219i axele sunnite.<\/p>\n<div class=\"inline-single-ad ad_single_3_index alignfull\">\n<div class=\"ad-wrap ad-script-wrap\">\n<div class=\"ad-script non-adsense edge-padding\">\n<div>\n\u203c\ufe0f\u203c\ufe0f NU recunoa\u0219tem ca pre\u0219edinte al Rom\u00e2niei pe marioneta retard\u0103 Nicu\u0219or Dan! Rom\u00e2ni, boicota\u021bi aceast\u0103 f\u0103c\u0103tur\u0103, care ne face \u021bara de r\u00e2s! NU rom\u00e2nii l-au votat pe Nicusoro\u0219 &#8211; cu unele excep\u021bii de persoane infantile, manipulabile \u0219i chiar idioate &#8211; ci l-au ajutat Maia Soro\u0219, Emanuel Macrou \u0219i tr\u0103d\u0103torii de la B.E.C. \u0219i CCR!<br \/>\n La \u00eenchisoare cu cei care au fraudat alegerile!\n<\/div>\n<\/div>\n<\/div>\n<\/div>\n<\/div>\n<p>[analyse_source url=&#8221;https:\/\/ortodoxinfo.ro\/2026\/08\/04\/netanyahu-vrea-ca-israelul-sa-si-fabrice-propriile-aeronave-supersonice-de-lupta-dupa-ce-a-depins-decenii-de-fortele-aeriene-ale-sua\/&#8221;]<\/p>\n","protected":false},"excerpt":{"rendered":"<p>[analyse_image type=&#8221;featured&#8221; src=&#8221;https:\/\/ortodoxinfo.ro\/wp-content\/uploads\/2026\/08\/netanyahu-si-avioane-stealth-f-35-1280&#215;720.pnghttps:\/\/ortodoxinfo.ro\/wp-content\/uploads\/2026\/08\/netanyahu-si-avioane-stealth-f-35-1280&#215;720.png&#8221;] Prima pagin\u0103 \u00bb Blog \u00bb Netanyahu vrea ca Israelul s\u0103-\u0219i fabrice propriile aeronave supersonice de lupt\u0103 dup\u0103 ce a depins decenii de for\u021bele aeriene ale SUA Netanyahu vrea ca Israelul s\u0103-\u0219i fabrice propriile aeronave supersonice de lupt\u0103 dup\u0103 ce a depins decenii de for\u021bele aeriene ale SUA 4 august 2026Israel3.1k vizualiz\u0103ri Comentarii [&hellip;]<\/p>\n","protected":false},"author":1,"featured_media":0,"comment_status":"open","ping_status":"","sticky":false,"template":"","format":"standard","meta":{"footnotes":""},"categories":[89],"tags":[226,94],"class_list":["post-2077440","post","type-post","status-publish","format-standard","hentry","category-romania","tag-crawlmanager","tag-ortodoxinfo-ro"],"_links":{"self":[{"href":"https:\/\/analyse.optim.biz\/index.php?rest_route=\/wp\/v2\/posts\/2077440","targetHints":{"allow":["GET"]}}],"collection":[{"href":"https:\/\/analyse.optim.biz\/index.php?rest_route=\/wp\/v2\/posts"}],"about":[{"href":"https:\/\/analyse.optim.biz\/index.php?rest_route=\/wp\/v2\/types\/post"}],"author":[{"embeddable":true,"href":"https:\/\/analyse.optim.biz\/index.php?rest_route=\/wp\/v2\/users\/1"}],"replies":[{"embeddable":true,"href":"https:\/\/analyse.optim.biz\/index.php?rest_route=%2Fwp%2Fv2%2Fcomments&post=2077440"}],"version-history":[{"count":0,"href":"https:\/\/analyse.optim.biz\/index.php?rest_route=\/wp\/v2\/posts\/2077440\/revisions"}],"wp:attachment":[{"href":"https:\/\/analyse.optim.biz\/index.php?rest_route=%2Fwp%2Fv2%2Fmedia&parent=2077440"}],"wp:term":[{"taxonomy":"category","embeddable":true,"href":"https:\/\/analyse.optim.biz\/index.php?rest_route=%2Fwp%2Fv2%2Fcategories&post=2077440"},{"taxonomy":"post_tag","embeddable":true,"href":"https:\/\/analyse.optim.biz\/index.php?rest_route=%2Fwp%2Fv2%2Ftags&post=2077440"}],"curies":[{"name":"wp","href":"https:\/\/api.w.org\/{rel}","templated":true}]}}