{"id":2077439,"date":"2026-08-04T13:29:07","date_gmt":"2026-08-04T10:29:07","guid":{"rendered":"https:\/\/analyse.optim.biz\/?p=2077439"},"modified":"2026-08-04T13:29:07","modified_gmt":"2026-08-04T10:29:07","slug":"controversa-dacia-si-ford-isi-suspenda-productia-pentru-a-face-economie-la-energie-sau-nu","status":"publish","type":"post","link":"https:\/\/analyse.optim.biz\/?p=2077439","title":{"rendered":"Controvers\u0103: Dacia \u0219i Ford \u00ee\u0219i suspend\u0103 produc\u021bia pentru a face economie la energie sau nu?"},"content":{"rendered":"<p>[analyse_image type=&#8221;featured&#8221; src=&#8221;https:\/\/r3media.ro\/wp-content\/uploads\/2024\/11\/Ilie-Bolojan-e1731402045907.avif&#8221;]<\/p>\n<article id=\"template-id-109\" class=\"post-109 tdb_templates type-tdb_templates status-publish post\">\n<div id=\"tdi_2\" class=\"tdc-zone\">\n<div class=\"tdc_zone tdi_3  wpb_row td-pb-row\">\n<div id=\"tdi_4\" class=\"tdc-row\">\n<div class=\"vc_row tdi_5  wpb_row td-pb-row\">\n<div class=\"vc_column tdi_7  wpb_column vc_column_container tdc-column td-pb-span8\">\n<div class=\"wpb_wrapper\">\n<div class=\"td_block_wrap tdb_breadcrumbs tdi_8 td-pb-border-top td_block_template_1 tdb-breadcrumbs \" data-td-block-uid=\"tdi_8\">\n<div class=\"tdb-block-inner td-fix-index\"><span><a title=\"Vede\u021bi toate articolele \u00een ENERGIE\" class=\"tdb-entry-crumb\" href=\"https:\/\/r3media.ro\/category\/energie\/\">ENERGIE<\/a><\/span><span class=\"tdb-bred-no-url-last\">Controvers\u0103: Dacia \u0219i Ford \u00ee\u0219i suspend\u0103 produc\u021bia pentru a face economie la&#8230;<\/span><\/div>\n<\/div>\n<div class=\"td_block_wrap tdb_single_categories tdi_9 td-pb-border-top td_block_template_1 \" data-td-block-uid=\"tdi_9\">\n<div class=\"tdb-category td-fix-index\"><a class=\"tdb-entry-category\" href=\"https:\/\/r3media.ro\/category\/energie\/\">ENERGIE<\/a><a class=\"tdb-entry-category\" href=\"https:\/\/r3media.ro\/category\/featured\/\">FEATURED<\/a><a class=\"tdb-entry-category\" href=\"https:\/\/r3media.ro\/category\/stiri\/\">\u0218TIRI<\/a><\/div>\n<\/div>\n<div class=\"td_block_wrap tdb_title tdi_10 tdb-single-title td-pb-border-top td_block_template_1\" data-td-block-uid=\"tdi_10\">\n<div class=\"tdb-block-inner td-fix-index\">\n<h1 class=\"tdb-title-text\">Controvers\u0103: Dacia \u0219i Ford \u00ee\u0219i suspend\u0103 produc\u021bia pentru a face economie la energie sau nu?<\/h1>\n<\/div>\n<\/div>\n<div class=\"vc_row_inner tdi_12  vc_row vc_inner wpb_row td-pb-row\">\n<div class=\"vc_column_inner tdi_14  wpb_column vc_column_container tdc-inner-column td-pb-span12\">\n<div class=\"vc_column-inner\">\n<div class=\"wpb_wrapper\">\n<div class=\"td_block_wrap tdb_single_author tdi_15 td-pb-border-top td_block_template_1 tdb-post-meta\" data-td-block-uid=\"tdi_15\">\n<div class=\"tdb-block-inner td-fix-index\">\n<div class=\"tdb-author-name-wrap\"><a class=\"tdb-author-name\" href=\"https:\/\/r3media.ro\/author\/oana\/\">Oana Ivan<\/a><\/div>\n<\/div>\n<\/div>\n<div class=\"td_block_wrap tdb_single_date tdi_16 td-pb-border-top td_block_template_1 tdb-post-meta\" data-td-block-uid=\"tdi_16\">\n<div class=\"tdb-block-inner td-fix-index\"><time class=\"entry-date updated td-module-date\" datetime=\"2026-08-04T16:29:07+03:00\">04\/08\/2026<\/time><\/div>\n<\/div>\n<\/div>\n<\/div>\n<\/div>\n<\/div>\n<div class=\"td_block_wrap tdb_single_content tdi_18 td-pb-border-top td_block_template_1 td-post-content tagdiv-type\" data-td-block-uid=\"tdi_18\">\n<div class=\"tdb-block-inner td-fix-index\">\n<p><strong>Ilie Bolojan i-a min\u021bit luni pe rom\u00e2ni spun\u00e2ndu-le c\u0103 <a href=\"https:\/\/r3media.ro\/dacia-ford-suspendare-productie-19-august-criza-energetica\/\" target=\"_blank\" rel=\"noopener\">Dacia \u0219i Ford au decis s\u0103-\u0219i suspende produc\u021bia<\/a> pentru a reduce consumul na\u021bional de energie electric\u0103. Premierul a precizat c\u0103 decizia companiilor a dus la o reducere cu 200 MW a consumului la nivel na\u021bional.\u00a0<\/strong><\/p>\n<p>\u201eDou\u0103 companii importante, mari consumatori de energie, Dacia \u0219i Ford, sunt de ast\u0103zi cu produc\u021bia oprit\u0103 p\u00e2n\u0103 pe data de 19 (august \u2013 n.r.), ceea ce \u00eenseamn\u0103 o economie de aproximativ 200 MW. Aceast\u0103 decizie o vor lua \u0219i alte companii, astfel \u00eenc\u00e2t s\u0103 avem o reducere voluntar\u0103 a consumului de energie la orele de sear\u0103\u2033, a spus<strong>\u00a0<a href=\"https:\/\/r3media.ro\/tag\/ilie-bolojan\/\" target=\"_blank\" rel=\"noopener\">Ilie Bolojan<\/a><\/strong>.<\/p>\n<h2><strong>Ilie Bolojan a zis c\u0103 Dacia \u0219i Ford \u00ee\u0219i suspend\u0103 produc\u021bia pentru a face economie la energie<\/strong><\/h2>\n<p>Minciuna premierului a avut picioare scurte, iar mar\u021bi au \u00eenceput s\u0103 apar\u0103 cauzele reale ale deciziilor <strong>Dacia<\/strong> \u0219i <strong>Ford<\/strong>. Alexandru Rogobete a precizat c\u0103, Mioveni, este programat\u0103 perioada anual\u0103 de remont. E vorba de o <strong>oprire planificat\u0103 pentru lucr\u0103ri de mentenan\u021b\u0103 \u0219i repara\u021bii, a\u0219a cum se \u00eent\u00e2mpl\u0103 \u00een fiecare an<\/strong>. Acest lucru este cunoscut de to\u021bi angaja\u021bii uzinei.<\/p>\n<p>La fel s-a \u00eent\u00e2mplat \u0219i \u00een cazul Ford Otosan. Compania anun\u021base \u00eenc\u0103 din 3 iulie oprirea temporar\u0103 a produc\u021biei la Craiova \u00een perioada 1\u201319 august 2026. Prin urmare nu a fost vorba de o m\u0103sur\u0103 luat\u0103 peste noapte de cele dou\u0103 companii mari consumatoare de energie.<\/p>\n<p>Ford a anun\u021bat mar\u021bi c\u0103 opre\u0219te temporar produc\u021bia \u00een Rom\u00e2nia datorit\u0103 vacan\u021bei de var\u0103 planificate, transmite DPA. Un purt\u0103tor de cuv\u00e2nt al companiei a precizat clar c\u0103 decizia nu reprezint\u0103 un r\u0103spuns la deficitul de energie, conform <a href=\"https:\/\/agerpres.ro\/economic\/2026\/08\/04\/dpa-ford-suspenda-productia-in-romania-datorita-vacantei-si-nu-a-deficitului-de-energie--1582108\" target=\"_blank\" rel=\"noopener\">Agerpres<\/a>.<\/p>\n<p><strong>\u201eCert este c\u0103 \u00een prezent nu se desf\u0103\u0219oar\u0103 nicio activitate de produc\u021bie datorit\u0103 vacan\u021bei de var\u0103 obi\u0219nuite, planificat\u0103 cu mult timp \u00eenainte\u2033<\/strong>, a spus el. Vacan\u021be de var\u0103 obi\u0219nuite se desf\u0103\u0219oar\u0103 de asemenea la fabricile Ford din Germania.<\/p>\n<h2><strong>Rom\u00e2nia trece printr-o criz\u0103 energetic\u0103 sever\u0103<\/strong><\/h2>\n<p>\u00a0<\/p>\n<p>Deciziile celor dou\u0103 companii nu au nicio leg\u0103tur\u0103 cu situa\u021bia critic\u0103 prin care trece \u021bara noastr\u0103. Rom\u00e2nia se confrunt\u0103 cu o criz\u0103 acut\u0103 de electricitate din cauza secetei \u0219i a valurilor de c\u0103ldur\u0103.<\/p>\n<p>Nivelul sc\u0103zut al apelor Dun\u0103rii a dus la \u00eenchiderea unuia dintre reactoarele centralei nucleare de la Cernavod\u0103 deoarece nu exista suficienta apa de r\u0103cire. Al doilea reactor risc\u0103 de asemenea s\u0103 fie \u00eenchis.<\/p>\n<p>\u0218i centralele hidroelectrice ale \u021b\u0103rii genereaz\u0103 de asemenea prea pu\u021bin\u0103 electricitate din cauza nivelului sc\u0103zut al apelor tuturor r\u00e2urilor. Ca rezultat, Guvernul a cerut industriei, autorit\u0103\u021bilor locale \u0219i cet\u0103\u021benilor s\u0103 economiseasc\u0103 electricitate.<\/p>\n<div class=\"crp_related     crp-masonry\">\n<h2>\u00ceN CONTEXT<\/h2>\n<ul>\n<li><a href=\"https:\/\/r3media.ro\/dacia-ford-suspendare-productie-19-august-criza-energetica\/\" class=\"crp_link post-120794\"><span class=\"crp_title\">Dacia \u0219i Ford au suspendat produc\u021bia p\u00e2n\u0103 pe 19 august din cauza crizei energetice<\/span><\/a><\/li>\n<li><a href=\"https:\/\/r3media.ro\/romania-importa-energie-ucraina-ilie-bolojan-stare-de-alerta\/\" class=\"crp_link post-120674\"><span class=\"crp_title\">Rom\u00e2nia a ajuns s\u0103 importe energie de la Ucraina, stat aflat \u00een r\u0103zboi. Ilie Bolojan a\u2026<\/span><\/a><\/li>\n<li><a href=\"https:\/\/r3media.ro\/moralitate-pe-stomacul-gol-mihai-morar-fotografiat-restaurant-ilie-bolojan-romanii-impovarati-taxe-si-impozite-jurnalist-necrutator-george-simion-calin-georgescu\/\" class=\"crp_link post-114898\"><span class=\"crp_title\">Moralitate pe stomacul gol? | Mihai Morar a fost fotografiat la restaurant cu Ilie Bolojan,\u2026<\/span><\/a><\/li>\n<li><a href=\"https:\/\/r3media.ro\/ilie-bolojan-demitere-ionut-mosteanu-ministrul-apararii-mintit-cv-terminat-universitate-capul-sus\/\" class=\"crp_link post-114298\"><span class=\"crp_title\">Revolt\u0103tor! Ilie Bolojan nu-l demite pe Ionu\u021b Mo\u0219teanu, ministrul care a min\u021bit \u00een CV c\u0103 a\u2026<\/span><\/a><\/li>\n<li><a href=\"https:\/\/r3media.ro\/tribunalul-bucuresti-suspenda-decizii-adoptate-congres-pnl-victorie-contestatari-ilie-bolojan\/\" class=\"crp_link post-119599\"><span class=\"crp_title\">Tribunalul Bucure\u0219ti a suspendat deciziile adoptate la Congresul PNL: Victorie \u00een linie\u2026<\/span><\/a><\/li>\n<li><a href=\"https:\/\/r3media.ro\/propunere-bruxelles-industria-auto-romania-dacia-ford-otosan\/\" class=\"crp_link post-116333\"><span class=\"crp_title\">Propunere de la Bruxelles cu poten\u021bial impact masiv pentru industria auto din Rom\u00e2nia: Dacia\u2026<\/span><\/a><\/li>\n<li><a href=\"https:\/\/r3media.ro\/dacia-urmeaza-da-afara-900-angajati-cerere-scazuta-autovehicule-reducere-productie-mioveni\/\" class=\"crp_link post-114219\"><span class=\"crp_title\">Dacia urmeaz\u0103 s\u0103 dea afar\u0103 900 de angaja\u021bi, din cauza cererii sc\u0103zute de autovehicule \u0219i\u2026<\/span><\/a><\/li>\n<li><a href=\"https:\/\/r3media.ro\/video-antena-1-ilie-bolojan-demis-pnl-demisii\/\" class=\"crp_link post-116093\"><span class=\"crp_title\">VIDEO | Antena 1 a modificat interviul cu Ilie Bolojan \u0219i a eliminat la montaj partea \u00een\u2026<\/span><\/a><\/li>\n<\/ul>\n<\/div>\n<\/div>\n<\/div>\n<div class=\"td_block_wrap tdb_single_tags tdi_19 td-pb-border-top td_block_template_1\" data-td-block-uid=\"tdi_19\">\n<div class=\"tdb-block-inner td-fix-index\">\n<ul class=\"tdb-tags\">\n<li><span>SUBIECTE FIERBIN\u021aI<\/span><\/li>\n<li><a href=\"https:\/\/r3media.ro\/tag\/criza-energetica\/\">criza energetica<\/a><\/li>\n<li><a href=\"https:\/\/r3media.ro\/tag\/dacia\/\">dacia<\/a><\/li>\n<li><a href=\"https:\/\/r3media.ro\/tag\/ford\/\">ford<\/a><\/li>\n<li><a href=\"https:\/\/r3media.ro\/tag\/ilie-bolojan\/\">Ilie Bolojan<\/a><\/li>\n<\/ul>\n<\/div>\n<\/div>\n<div class=\"td_block_wrap td_block_9 tdi_20 td_with_ajax_pagination td-pb-border-top td_block_template_1 td-column-2 td_block_padding td_block_bot_line\" data-td-block-uid=\"tdi_20\">\n<div class=\"td-block-title-wrap\">\n<h4 class=\"block-title td-block-title\"><span class=\"td-pulldown-size\">CITE\u0218TE MAI MULT<\/span><\/h4>\n<\/div>\n<div id=\"tdi_20\" class=\"td_block_inner\">\n<div class=\"td-block-row\">\n<div class=\"td-block-span6\">\n<div class=\"td_module_8 td_module_wrap\">\n<div class=\"item-details\">\n<h3 class=\"entry-title td-module-title\"><a href=\"https:\/\/r3media.ro\/tara-europa-norvegia-masini-electrice-inmatriculate-cota-ridicata\/\" rel=\"bookmark\" title=\"\u021aara din Europa unde aproape toate ma\u0219inile \u00eenmatriculate sune electrice. Cota a ajuns la 97,6% \u00een iulie\">\u021aara din Europa unde aproape toate ma\u0219inile \u00eenmatriculate sune electrice. Cota a ajuns la&#8230;<\/a><\/h3>\n<div class=\"td-module-meta-info\"><a href=\"https:\/\/r3media.ro\/category\/actualitate\/\" class=\"td-post-category\">ACTUALITATE<\/a><span class=\"td-post-author-name\"><a href=\"https:\/\/r3media.ro\/author\/oana\/\">Oana Ivan<\/a><span>&#8211;<\/span><\/span><span class=\"td-post-date\"><time class=\"entry-date updated td-module-date\" datetime=\"2026-08-03T17:01:21+03:00\">03\/08\/2026<\/time><\/span><\/div>\n<\/div>\n<\/div>\n<\/div>\n<div class=\"td-block-span6\">\n<div class=\"td_module_8 td_module_wrap\">\n<div class=\"item-details\">\n<h3 class=\"entry-title td-module-title\"><a href=\"https:\/\/r3media.ro\/puterea-mitologica-instalata-a-romaniei\/\" rel=\"bookmark\" title=\"Puterea mitologic\u0103 instalat\u0103 a Rom\u00e2niei\">Puterea mitologic\u0103 instalat\u0103 a Rom\u00e2niei<\/a><\/h3>\n<div class=\"td-module-meta-info\"><a href=\"https:\/\/r3media.ro\/category\/opinii\/\" class=\"td-post-category\">OPINII<\/a><span class=\"td-post-author-name\"><a href=\"https:\/\/r3media.ro\/author\/tru\/\">TRU (Traian Ungureanu)<\/a><span>&#8211;<\/span><\/span><span class=\"td-post-date\"><time class=\"entry-date updated td-module-date\" datetime=\"2026-08-02T22:08:04+03:00\">02\/08\/2026<\/time><\/span><\/div>\n<\/div>\n<\/div>\n<\/div>\n<\/div>\n<div class=\"td-block-row\">\n<div class=\"td-block-span6\">\n<div class=\"td_module_8 td_module_wrap\">\n<div class=\"item-details\">\n<h3 class=\"entry-title td-module-title\"><a href=\"https:\/\/r3media.ro\/hyundai-recheama-service-masini-electrice-inster-risc-incendiu\/\" rel=\"bookmark\" title=\"Hyundai recheam\u0103 \u00een service zeci de mii de ma\u0219ini electrice din cauza riscului de incendiu\">Hyundai recheam\u0103 \u00een service zeci de mii de ma\u0219ini electrice din cauza riscului de&#8230;<\/a><\/h3>\n<div class=\"td-module-meta-info\"><a href=\"https:\/\/r3media.ro\/category\/actualitate\/\" class=\"td-post-category\">ACTUALITATE<\/a><span class=\"td-post-author-name\"><a href=\"https:\/\/r3media.ro\/author\/oana\/\">Oana Ivan<\/a><span>&#8211;<\/span><\/span><span class=\"td-post-date\"><time class=\"entry-date updated td-module-date\" datetime=\"2026-08-02T08:34:05+03:00\">02\/08\/2026<\/time><\/span><\/div>\n<\/div>\n<\/div>\n<\/div>\n<div class=\"td-block-span6\">\n<div class=\"td_module_8 td_module_wrap\">\n<div class=\"item-details\">\n<h3 class=\"entry-title td-module-title\"><a href=\"https:\/\/r3media.ro\/dragostea-care-transcende-epoci-descult-in-parc-1967\/\" rel=\"bookmark\" title=\"Dragostea care transcende epoci \u2014 Descul\u021b \u00een parc (1967)\">Dragostea care transcende epoci \u2014 Descul\u021b \u00een parc (1967)<\/a><\/h3>\n<div class=\"td-module-meta-info\"><a href=\"https:\/\/r3media.ro\/category\/opinii\/\" class=\"td-post-category\">OPINII<\/a><span class=\"td-post-author-name\"><a href=\"https:\/\/r3media.ro\/author\/costi_balasoiu\/\">Constantin B\u0103l\u0103\u0219oiu<\/a><span>&#8211;<\/span><\/span><span class=\"td-post-date\"><time class=\"entry-date updated td-module-date\" datetime=\"2026-08-01T13:45:14+03:00\">01\/08\/2026<\/time><\/span><\/div>\n<\/div>\n<\/div>\n<\/div>\n<\/div>\n<div class=\"td-block-row\">\n<div class=\"td-block-span6\">\n<div class=\"td_module_8 td_module_wrap\">\n<div class=\"item-details\">\n<h3 class=\"entry-title td-module-title\"><a href=\"https:\/\/r3media.ro\/masina-electrica-foc-turcia-incarcat-vehicul-explozie-pompieri-stingere-incendiu-video\/\" rel=\"bookmark\" title=\"VIDEO | O ma\u0219in\u0103 electric\u0103 a luat foc \u00een timp ce se afla la \u00eenc\u0103rcat. Vehiculul a explodat chiar c\u00e2nd pompierii \u00eencercau s\u0103 sting\u0103 incendiul folosind o p\u0103tur\u0103 ignifug\u0103\">VIDEO | O ma\u0219in\u0103 electric\u0103 a luat foc \u00een timp ce se afla la&#8230;<\/a><\/h3>\n<div class=\"td-module-meta-info\"><a href=\"https:\/\/r3media.ro\/category\/actualitate\/\" class=\"td-post-category\">ACTUALITATE<\/a><span class=\"td-post-author-name\"><a href=\"https:\/\/r3media.ro\/author\/oana\/\">Oana Ivan<\/a><span>&#8211;<\/span><\/span><span class=\"td-post-date\"><time class=\"entry-date updated td-module-date\" datetime=\"2026-07-31T13:33:48+03:00\">31\/07\/2026<\/time><\/span><\/div>\n<\/div>\n<\/div>\n<\/div>\n<div class=\"td-block-span6\">\n<div class=\"td_module_8 td_module_wrap\">\n<div class=\"item-details\">\n<h3 class=\"entry-title td-module-title\"><a href=\"https:\/\/r3media.ro\/spania-asediu-migranti-exclava-ceuta-africa-madrid-trupe-securitate-video\/\" rel=\"bookmark\" title=\"VIDEO | Spania se afl\u0103 sub asediu: Mii de migran\u021bi au luat cu asalt exclava Ceuta din Africa. Madridul a trimis trupe pentru a consolida securitatea\">VIDEO | Spania se afl\u0103 sub asediu: Mii de migran\u021bi au luat cu asalt&#8230;<\/a><\/h3>\n<div class=\"td-module-meta-info\"><a href=\"https:\/\/r3media.ro\/category\/actualitate\/\" class=\"td-post-category\">ACTUALITATE<\/a><span class=\"td-post-author-name\"><a href=\"https:\/\/r3media.ro\/author\/oana\/\">Oana Ivan<\/a><span>&#8211;<\/span><\/span><span class=\"td-post-date\"><time class=\"entry-date updated td-module-date\" datetime=\"2026-07-31T12:39:57+03:00\">31\/07\/2026<\/time><\/span><\/div>\n<\/div>\n<\/div>\n<\/div>\n<\/div>\n<div class=\"td-block-row\">\n<div class=\"td-block-span6\">\n<div class=\"td_module_8 td_module_wrap\">\n<div class=\"item-details\">\n<h3 class=\"entry-title td-module-title\"><a href=\"https:\/\/r3media.ro\/expert-ucraina-faliment-agricultura-romaneasca-tehnologii-ue\/\" rel=\"bookmark\" title=\"Un expert explic\u0103 felul \u00een care concuren\u021ba din Ucraina bag\u0103 \u00een faliment agricultura rom\u00e2neasc\u0103: Folosesc tehnologii interzise \u00een UE\">Un expert explic\u0103 felul \u00een care concuren\u021ba din Ucraina bag\u0103 \u00een faliment agricultura rom\u00e2neasc\u0103:&#8230;<\/a><\/h3>\n<div class=\"td-module-meta-info\"><a href=\"https:\/\/r3media.ro\/category\/actualitate\/\" class=\"td-post-category\">ACTUALITATE<\/a><span class=\"td-post-author-name\"><a href=\"https:\/\/r3media.ro\/author\/radu_ursan\/\">Radu Ursan<\/a><span>&#8211;<\/span><\/span><span class=\"td-post-date\"><time class=\"entry-date updated td-module-date\" datetime=\"2026-07-30T09:51:48+03:00\">30\/07\/2026<\/time><\/span><\/div>\n<\/div>\n<\/div>\n<\/div>\n<div class=\"td-block-span6\">\n<div class=\"td_module_8 td_module_wrap\">\n<div class=\"item-details\">\n<h3 class=\"entry-title td-module-title\"><a href=\"https:\/\/r3media.ro\/cornel-nistorescu-drone-razboi-ucraina\/\" rel=\"bookmark\" title=\"Cornel Nistorescu, dup\u0103 incidentele cu drone: Adie a aer de r\u0103zboi. De mirare c\u0103 dronele ucrainene nu au st\u00e2rnit at\u00e2ta t\u0103r\u0103boi\">Cornel Nistorescu, dup\u0103 incidentele cu drone: Adie a aer de r\u0103zboi. De mirare c\u0103&#8230;<\/a><\/h3>\n<div class=\"td-module-meta-info\"><a href=\"https:\/\/r3media.ro\/category\/actualitate\/\" class=\"td-post-category\">ACTUALITATE<\/a><span class=\"td-post-author-name\"><a href=\"https:\/\/r3media.ro\/author\/radu_ursan\/\">Radu Ursan<\/a><span>&#8211;<\/span><\/span><span class=\"td-post-date\"><time class=\"entry-date updated td-module-date\" datetime=\"2026-07-28T10:21:51+03:00\">28\/07\/2026<\/time><\/span><\/div>\n<\/div>\n<\/div>\n<\/div>\n<\/div>\n<div class=\"td-block-row\">\n<div class=\"td-block-span6\">\n<div class=\"td_module_8 td_module_wrap\">\n<div class=\"item-details\">\n<h3 class=\"entry-title td-module-title\"><a href=\"https:\/\/r3media.ro\/bnr-recomanda-romani-rezerve-de-cash-atacuri-cibernetice-numerar-relevant-criza\/\" rel=\"bookmark\" title=\"BNR le recomand\u0103 rom\u00e2nilor s\u0103 p\u0103streze rezerve de cash: Numerarul se poate dovedi relevant \u00een criz\u0103\">BNR le recomand\u0103 rom\u00e2nilor s\u0103 p\u0103streze rezerve de cash: Numerarul se poate dovedi relevant&#8230;<\/a><\/h3>\n<div class=\"td-module-meta-info\"><a href=\"https:\/\/r3media.ro\/category\/actualitate\/\" class=\"td-post-category\">ACTUALITATE<\/a><span class=\"td-post-author-name\"><a href=\"https:\/\/r3media.ro\/author\/oana\/\">Oana Ivan<\/a><span>&#8211;<\/span><\/span><span class=\"td-post-date\"><time class=\"entry-date updated td-module-date\" datetime=\"2026-07-27T13:11:47+03:00\">27\/07\/2026<\/time><\/span><\/div>\n<\/div>\n<\/div>\n<\/div>\n<div class=\"td-block-span6\">\n<div class=\"td_module_8 td_module_wrap\">\n<div class=\"item-details\">\n<h3 class=\"entry-title td-module-title\"><a href=\"https:\/\/r3media.ro\/statul-roman-a-semnat-actul-propriei-disparitii\/\" rel=\"bookmark\" title=\"Statul rom\u00e2n a semnat actul propriei dispari\u021bii?\">Statul rom\u00e2n a semnat actul propriei dispari\u021bii?<\/a><\/h3>\n<div class=\"td-module-meta-info\"><a href=\"https:\/\/r3media.ro\/category\/opinii\/\" class=\"td-post-category\">OPINII<\/a><span class=\"td-post-author-name\"><a href=\"https:\/\/r3media.ro\/author\/gabipopa\/\">Gabriel Popa<\/a><span>&#8211;<\/span><\/span><span class=\"td-post-date\"><time class=\"entry-date updated td-module-date\" datetime=\"2026-07-27T15:07:05+03:00\">27\/07\/2026<\/time><\/span><\/div>\n<\/div>\n<\/div>\n<\/div>\n<\/div>\n<div class=\"td-block-row\">\n<div class=\"td-block-span6\">\n<div class=\"td_module_8 td_module_wrap\">\n<div class=\"item-details\">\n<h3 class=\"entry-title td-module-title\"><a href=\"https:\/\/r3media.ro\/prima-oara-istorie-presedintia-document-primplan-patriotism-european\/\" rel=\"bookmark\" title=\"Pentru prima oar\u0103 \u00een istorie, Pre\u0219edin\u021bia Rom\u00e2niei emite un document care pune pe primul plan o alt\u0103 entitate dec\u00e2t \u021bara noastr\u0103: patriotismul european\">Pentru prima oar\u0103 \u00een istorie, Pre\u0219edin\u021bia Rom\u00e2niei emite un document care pune pe primul&#8230;<\/a><\/h3>\n<div class=\"td-module-meta-info\"><a href=\"https:\/\/r3media.ro\/category\/actualitate\/\" class=\"td-post-category\">ACTUALITATE<\/a><span class=\"td-post-author-name\"><a href=\"https:\/\/r3media.ro\/author\/teodor_stan\/\">Teodor Stan<\/a><span>&#8211;<\/span><\/span><span class=\"td-post-date\"><time class=\"entry-date updated td-module-date\" datetime=\"2026-07-26T11:44:31+03:00\">26\/07\/2026<\/time><\/span><\/div>\n<\/div>\n<\/div>\n<\/div>\n<div class=\"td-block-span6\">\n<div class=\"td_module_8 td_module_wrap\">\n<div class=\"item-details\">\n<h3 class=\"entry-title td-module-title\"><a href=\"https:\/\/r3media.ro\/film-nou-stapanul-inelelor-corect-politic-regizor-andy-serkis-diversitate-tolkien-mitologie-nordica\/\" rel=\"bookmark\" title=\"Noul film \u201eSt\u0103p\u00e2nul Inelelor\u201d nu va fi corect politic. Regizorul Andy Serkis: J.R.R. Tolkien a fost influen\u021bat de mitologia nordic\u0103. Nu vrem o distribu\u021bie de dragul de a bifa c\u0103su\u021be\">Noul film \u201eSt\u0103p\u00e2nul Inelelor\u201d nu va fi corect politic. Regizorul Andy Serkis: J.R.R. Tolkien&#8230;<\/a><\/h3>\n<div class=\"td-module-meta-info\"><a href=\"https:\/\/r3media.ro\/category\/actualitate\/\" class=\"td-post-category\">ACTUALITATE<\/a><span class=\"td-post-author-name\"><a href=\"https:\/\/r3media.ro\/author\/oana\/\">Oana Ivan<\/a><span>&#8211;<\/span><\/span><span class=\"td-post-date\"><time class=\"entry-date updated td-module-date\" datetime=\"2026-07-26T15:49:31+03:00\">26\/07\/2026<\/time><\/span><\/div>\n<\/div>\n<\/div>\n<\/div>\n<\/div>\n<\/div>\n<div class=\"td-load-more-wrap td-load-more-infinite-wrap\" id=\"infinite-lm-tdi_20\"><a href=\"https:\/\/r3media.ro\/ilie-bolojan-dacia-ford-suspendare-productie-economie-energie\/\" class=\"td_ajax_load_more td_ajax_load_more_js\" aria-label=\"\u00cenc\u0103rca\u021bi mai multe\" id=\"next-page-tdi_20\" data-td_block_id=\"tdi_20\">\u00cenc\u0103rca\u021bi mai multe<\/a><\/div>\n<\/div>\n<div class=\"td_block_wrap tdb_single_comments tdi_21 tdb-comm-layout2 td-pb-border-top td_block_template_1\" data-td-block-uid=\"tdi_21\">\n<div class=\"tdb-block-inner td-fix-index\">\n<div class=\"comments\" id=\"comments\">\n<div id=\"respond\" class=\"comment-respond\">\n<h3 id=\"reply-title\" class=\"comment-reply-title\">AI CEVA DE SPUS? <small><a rel=\"nofollow\" id=\"cancel-comment-reply-link\" href=\"https:\/\/r3media.ro\/ilie-bolojan-dacia-ford-suspendare-productie-economie-energie\/#respond\">Renun\u021ba\u021bi la r\u0103spuns<\/a><\/small><\/h3>\n<div class=\"comment-form-input-wrap td-form-comment\">\n<div class=\"td-warning-comment\">V\u0103 rug\u0103m s\u0103 introduce\u021bi comentariul dvs.!<\/div>\n<\/div>\n<div class=\"comment-form-input-wrap td-form-author\">\n<div class=\"td-warning-author\">Introduce\u021bi aici numele dvs.<\/div>\n<\/div>\n<div class=\"comment-form-input-wrap td-form-email\">\n<div class=\"td-warning-email-error\">A\u021bi introdus o adres\u0103 de e-mail incorect\u0103!<\/div>\n<div class=\"td-warning-email\">V\u0103 rug\u0103m s\u0103 introduce\u021bi adresa dvs. de e-mail aici<\/div>\n<\/div>\n<\/div>\n<\/div>\n<\/div>\n<\/div>\n<\/div>\n<\/div>\n<div class=\"vc_column tdi_23  wpb_column vc_column_container tdc-column td-pb-span4 td-is-sticky\">\n<div class=\"wpb_wrapper\" data-sticky-enabled-on=\"W3RydWUsdHJ1ZSx0cnVlLHRydWVd\" data-sticky-offset=\"20\" data-sticky-is-width-auto=\"W2ZhbHNlLGZhbHNlLGZhbHNlLGZhbHNlXQ==\">\n<div class=\"wpb_wrapper td_block_wrap vc_widget_sidebar tdi_25 \">\n<div class=\"td_block_wrap td_block_7 td_block_widget tdi_26 td-pb-border-top td_block_template_1 td-column-1 td_block_padding\" data-td-block-uid=\"tdi_26\">\n<div class=\"td-block-title-wrap\">\n<h4 class=\"block-title td-block-title\"><span class=\"td-pulldown-size\">Articole RELA\u021aIONATE<\/span><\/h4>\n<\/div>\n<div id=\"tdi_26\" class=\"td_block_inner\">\n<div class=\"td-block-span12\">\n<div class=\"td_module_6 td_module_wrap td-animation-stack\">\n<div class=\"td-module-thumb\"><a href=\"https:\/\/r3media.ro\/la-mihail-kogalniceanu-apa-segarcea-restrictii\/\" rel=\"bookmark\" class=\"td-image-wrap \" title=\"La Mihail Kog\u0103lniceanu se opre\u0219te apa \u00een timpul nop\u021bii. La Segarcea, restric\u021biile sunt valabile \u0219i ziua\"><img loading=\"lazy\" decoding=\"async\" class=\"entry-thumb\" src=\"https:\/\/r3media.ro\/wp-content\/uploads\/2026\/08\/restrictii-apa-100x70.png\" alt title=\"La Mihail Kog\u0103lniceanu se opre\u0219te apa \u00een timpul nop\u021bii. La Segarcea, restric\u021biile sunt valabile \u0219i ziua\" width=\"100\" height=\"70\"><\/a><\/div>\n<div class=\"item-details\">\n<h3 class=\"entry-title td-module-title\"><a href=\"https:\/\/r3media.ro\/la-mihail-kogalniceanu-apa-segarcea-restrictii\/\" rel=\"bookmark\" title=\"La Mihail Kog\u0103lniceanu se opre\u0219te apa \u00een timpul nop\u021bii. La Segarcea, restric\u021biile sunt valabile \u0219i ziua\">La Mihail Kog\u0103lniceanu se opre\u0219te apa \u00een timpul nop\u021bii. La Segarcea,&#8230;<\/a><\/h3>\n<div class=\"td-module-meta-info\"><span class=\"td-post-date\"><time class=\"entry-date updated td-module-date\" datetime=\"2026-08-04T22:43:07+03:00\">04\/08\/2026<\/time><\/span><\/div>\n<\/div>\n<\/div>\n<\/div>\n<div class=\"td-block-span12\">\n<div class=\"td_module_6 td_module_wrap td-animation-stack\">\n<div class=\"td-module-thumb\"><a href=\"https:\/\/r3media.ro\/5-august-sf-ioan-iacob-hozevitul-de-la-neamt\/\" rel=\"bookmark\" class=\"td-image-wrap \" title=\"Calendarul zilei 5 august: Sf. Ioan Iacob Hozevitul (de la Neam\u021b)\"><img loading=\"lazy\" decoding=\"async\" class=\"entry-thumb\" src=\"https:\/\/r3media.ro\/wp-content\/uploads\/2022\/08\/sf-ioan-iacob-hozevitul-neamt-100x70.jpg\" alt title=\"Calendarul zilei 5 august: Sf. Ioan Iacob Hozevitul (de la Neam\u021b)\" width=\"100\" height=\"70\"><\/a><\/div>\n<div class=\"item-details\">\n<h3 class=\"entry-title td-module-title\"><a href=\"https:\/\/r3media.ro\/5-august-sf-ioan-iacob-hozevitul-de-la-neamt\/\" rel=\"bookmark\" title=\"Calendarul zilei 5 august: Sf. Ioan Iacob Hozevitul (de la Neam\u021b)\">Calendarul zilei 5 august: Sf. Ioan Iacob Hozevitul (de la Neam\u021b)<\/a><\/h3>\n<div class=\"td-module-meta-info\"><span class=\"td-post-date\"><time class=\"entry-date updated td-module-date\" datetime=\"2026-08-04T22:00:04+03:00\">04\/08\/2026<\/time><\/span><\/div>\n<\/div>\n<\/div>\n<\/div>\n<div class=\"td-block-span12\">\n<div class=\"td_module_6 td_module_wrap td-animation-stack\">\n<div class=\"td-module-thumb\"><a href=\"https:\/\/r3media.ro\/show-iluzie-si-realitate-de-la-the-truman-show-la-son-of-a-rich\/\" rel=\"bookmark\" class=\"td-image-wrap \" title=\"Show, iluzie \u0219i realitate: de la The Truman Show la Son of a Rich\"><img loading=\"lazy\" decoding=\"async\" class=\"entry-thumb\" src=\"https:\/\/r3media.ro\/wp-content\/uploads\/2026\/08\/the-truman-show-jim-carrey-100x70.webp\" alt title=\"Show, iluzie \u0219i realitate: de la The Truman Show la Son of a Rich\" width=\"100\" height=\"70\"><\/a><\/div>\n<div class=\"item-details\">\n<h3 class=\"entry-title td-module-title\"><a href=\"https:\/\/r3media.ro\/show-iluzie-si-realitate-de-la-the-truman-show-la-son-of-a-rich\/\" rel=\"bookmark\" title=\"Show, iluzie \u0219i realitate: de la The Truman Show la Son of a Rich\">Show, iluzie \u0219i realitate: de la The Truman Show la Son&#8230;<\/a><\/h3>\n<div class=\"td-module-meta-info\"><span class=\"td-post-date\"><time class=\"entry-date updated td-module-date\" datetime=\"2026-08-04T21:41:25+03:00\">04\/08\/2026<\/time><\/span><\/div>\n<\/div>\n<\/div>\n<\/div>\n<div class=\"td-block-span12\">\n<div class=\"td_module_6 td_module_wrap td-animation-stack\">\n<div class=\"td-module-thumb\"><a href=\"https:\/\/r3media.ro\/uber-introduce-plata-cash-noua-zeelanda-proiect-pilot-companie-acceptare-numerar-clienti\/\" rel=\"bookmark\" class=\"td-image-wrap \" title=\"Uber introduce plata cash \u00een Noua Zeeland\u0103. Un proiect-pilot a ar\u0103tat companiei c\u0103 acceptarea numerarului a adus mai mul\u021bi clien\u021bi\"><img loading=\"lazy\" decoding=\"async\" class=\"entry-thumb\" src=\"https:\/\/r3media.ro\/wp-content\/uploads\/2026\/08\/interior-masina-uber-100x70.jpg\" alt title=\"Uber introduce plata cash \u00een Noua Zeeland\u0103. Un proiect-pilot a ar\u0103tat companiei c\u0103 acceptarea numerarului a adus mai mul\u021bi clien\u021bi\" width=\"100\" height=\"70\"><\/a><\/div>\n<div class=\"item-details\">\n<h3 class=\"entry-title td-module-title\"><a href=\"https:\/\/r3media.ro\/uber-introduce-plata-cash-noua-zeelanda-proiect-pilot-companie-acceptare-numerar-clienti\/\" rel=\"bookmark\" title=\"Uber introduce plata cash \u00een Noua Zeeland\u0103. Un proiect-pilot a ar\u0103tat companiei c\u0103 acceptarea numerarului a adus mai mul\u021bi clien\u021bi\">Uber introduce plata cash \u00een Noua Zeeland\u0103. Un proiect-pilot a ar\u0103tat&#8230;<\/a><\/h3>\n<div class=\"td-module-meta-info\"><span class=\"td-post-date\"><time class=\"entry-date updated td-module-date\" datetime=\"2026-08-04T17:17:05+03:00\">04\/08\/2026<\/time><\/span><\/div>\n<\/div>\n<\/div>\n<\/div>\n<div class=\"td-block-span12\">\n<div class=\"td_module_6 td_module_wrap td-animation-stack\">\n<div class=\"td-module-thumb\"><a href=\"https:\/\/r3media.ro\/trotinetele-electrice-ravagii-republica-moldova-accidente-conducatori-bauti\/\" rel=\"bookmark\" class=\"td-image-wrap \" title=\"Trotinetele electrice fac ravagii \u00een Republica Moldova: Peste 70 de accidente \u00een 2026 \u0219i sute de conduc\u0103tori prin\u0219i b\u0103u\u021bi\"><img loading=\"lazy\" decoding=\"async\" class=\"entry-thumb\" src=\"https:\/\/r3media.ro\/wp-content\/uploads\/2025\/09\/control-judiciar-trotinetist-100x70.png\" alt title=\"Trotinetele electrice fac ravagii \u00een Republica Moldova: Peste 70 de accidente \u00een 2026 \u0219i sute de conduc\u0103tori prin\u0219i b\u0103u\u021bi\" width=\"100\" height=\"70\"><\/a><\/div>\n<div class=\"item-details\">\n<h3 class=\"entry-title td-module-title\"><a href=\"https:\/\/r3media.ro\/trotinetele-electrice-ravagii-republica-moldova-accidente-conducatori-bauti\/\" rel=\"bookmark\" title=\"Trotinetele electrice fac ravagii \u00een Republica Moldova: Peste 70 de accidente \u00een 2026 \u0219i sute de conduc\u0103tori prin\u0219i b\u0103u\u021bi\">Trotinetele electrice fac ravagii \u00een Republica Moldova: Peste 70 de accidente&#8230;<\/a><\/h3>\n<div class=\"td-module-meta-info\"><span class=\"td-post-date\"><time class=\"entry-date updated td-module-date\" datetime=\"2026-08-04T16:10:50+03:00\">04\/08\/2026<\/time><\/span><\/div>\n<\/div>\n<\/div>\n<\/div>\n<div class=\"td-block-span12\">\n<div class=\"td_module_6 td_module_wrap td-animation-stack\">\n<div class=\"td-module-thumb\"><a href=\"https:\/\/r3media.ro\/romania-consum-energie-electrica-locuitor-ue\/\" rel=\"bookmark\" class=\"td-image-wrap \" title=\"Rom\u00e2nia are cel mai mic consum de energie electric\u0103 pe cap locuitor din Uniunea European\u0103. Influencer: Cum s\u0103 mai economisim, din ce?\"><img loading=\"lazy\" decoding=\"async\" class=\"entry-thumb\" src=\"https:\/\/r3media.ro\/wp-content\/uploads\/2022\/09\/casa-cu-un-bec-100x70.jpg\" alt title=\"Rom\u00e2nia are cel mai mic consum de energie electric\u0103 pe cap locuitor din Uniunea European\u0103. Influencer: Cum s\u0103 mai economisim, din ce?\" width=\"100\" height=\"70\"><\/a><\/div>\n<div class=\"item-details\">\n<h3 class=\"entry-title td-module-title\"><a href=\"https:\/\/r3media.ro\/romania-consum-energie-electrica-locuitor-ue\/\" rel=\"bookmark\" title=\"Rom\u00e2nia are cel mai mic consum de energie electric\u0103 pe cap locuitor din Uniunea European\u0103. Influencer: Cum s\u0103 mai economisim, din ce?\">Rom\u00e2nia are cel mai mic consum de energie electric\u0103 pe cap&#8230;<\/a><\/h3>\n<div class=\"td-module-meta-info\"><span class=\"td-post-date\"><time class=\"entry-date updated td-module-date\" datetime=\"2026-08-04T15:07:49+03:00\">04\/08\/2026<\/time><\/span><\/div>\n<\/div>\n<\/div>\n<\/div>\n<div class=\"td-block-span12\">\n<div class=\"td_module_6 td_module_wrap td-animation-stack\">\n<div class=\"td-module-thumb\"><a href=\"https:\/\/r3media.ro\/niculina-stelea-aur-green-deal-bruxelles-energie\/\" rel=\"bookmark\" class=\"td-image-wrap \" title=\"Niculina Stelea (AUR): \u201eDelirul verde\u201d, intitulat pompos Green Deal de c\u0103tre Bruxelles, este \u00een mare m\u0103sur\u0103 vinovat de prezumtiva apocalips\u0103 energetic\u0103\"><img loading=\"lazy\" decoding=\"async\" class=\"entry-thumb\" src=\"https:\/\/r3media.ro\/wp-content\/uploads\/2026\/08\/Niculina-Stelea-100x70.jpeg\" alt title=\"Niculina Stelea (AUR): \u201eDelirul verde\u201d, intitulat pompos Green Deal de c\u0103tre Bruxelles, este \u00een mare m\u0103sur\u0103 vinovat de prezumtiva apocalips\u0103 energetic\u0103\" width=\"100\" height=\"70\"><\/a><\/div>\n<div class=\"item-details\">\n<h3 class=\"entry-title td-module-title\"><a href=\"https:\/\/r3media.ro\/niculina-stelea-aur-green-deal-bruxelles-energie\/\" rel=\"bookmark\" title=\"Niculina Stelea (AUR): \u201eDelirul verde\u201d, intitulat pompos Green Deal de c\u0103tre Bruxelles, este \u00een mare m\u0103sur\u0103 vinovat de prezumtiva apocalips\u0103 energetic\u0103\">Niculina Stelea (AUR): \u201eDelirul verde\u201d, intitulat pompos Green Deal de c\u0103tre&#8230;<\/a><\/h3>\n<div class=\"td-module-meta-info\"><span class=\"td-post-date\"><time class=\"entry-date updated td-module-date\" datetime=\"2026-08-04T14:13:44+03:00\">04\/08\/2026<\/time><\/span><\/div>\n<\/div>\n<\/div>\n<\/div>\n<\/div>\n<\/div>\n<aside class=\"td_block_template_1 widget widget_recent_comments\">\n<h4 class=\"block-title\"><span>INTR\u0102 \u00ceN DISCU\u021aIE!<\/span><\/h4>\n<ul id=\"recentcomments\">\n<li class=\"recentcomments\"><span class=\"comment-author-link\">Cristian<\/span> la <a href=\"https:\/\/r3media.ro\/4-august-1919-armata-romana-budapesta\/#comment-40349\">Calendarul zilei: 4 august 1919, cucerirea Budapestei de c\u0103tre Armata Rom\u00e2n\u0103<\/a><\/li>\n<li class=\"recentcomments\"><span class=\"comment-author-link\">Nicu<\/span> la <a href=\"https:\/\/r3media.ro\/ministr-securitate-energetica-marea-britanie-subventii-net-zero-umfla-facturi-cetateni-energie\/#comment-40348\">Ministrul Securit\u0103\u021bii Energetice din Marea Britanie neag\u0103 faptul c\u0103 subven\u021biile Net Zero umfl\u0103 facturile cet\u0103\u021benilor la energie<\/a><\/li>\n<li class=\"recentcomments\"><span class=\"comment-author-link\">Nicu<\/span> la <a href=\"https:\/\/r3media.ro\/sursa-crizei-energetice-radu-miruta-romania-capacitati-carbune-seceta\/#comment-40347\">Sursa crizei energetice. Ministrul Radu Miru\u021b\u0103: Rom\u00e2nia a \u00eenchis capacit\u0103\u021bi de produc\u021bie pe carbune f\u0103r\u0103 s\u0103 pun\u0103 nimic \u00een loc. Nu te po\u021bi ascunde \u00een spatele secetei<\/a><\/li>\n<li class=\"recentcomments\"><span class=\"comment-author-link\">Gavril\u0103 Moldovan<\/span> la <a href=\"https:\/\/r3media.ro\/prima-oara-istorie-presedintia-document-primplan-patriotism-european\/#comment-40346\">Pentru prima oar\u0103 \u00een istorie, Pre\u0219edin\u021bia Rom\u00e2niei emite un document care pune pe primul plan o alt\u0103 entitate dec\u00e2t \u021bara noastr\u0103: patriotismul european<\/a><\/li>\n<li class=\"recentcomments\"><span class=\"comment-author-link\">Redac\u021bia<\/span> la <a href=\"https:\/\/r3media.ro\/statul-roman-a-semnat-actul-propriei-disparitii\/#comment-40345\">Statul rom\u00e2n a semnat actul propriei dispari\u021bii?<\/a><\/li>\n<li class=\"recentcomments\"><span class=\"comment-author-link\">Cet\u0103\u021bean<\/span> la <a href=\"https:\/\/r3media.ro\/sursa-crizei-energetice-radu-miruta-romania-capacitati-carbune-seceta\/#comment-40344\">Sursa crizei energetice. Ministrul Radu Miru\u021b\u0103: Rom\u00e2nia a \u00eenchis capacit\u0103\u021bi de produc\u021bie pe carbune f\u0103r\u0103 s\u0103 pun\u0103 nimic \u00een loc. Nu te po\u021bi ascunde \u00een spatele secetei<\/a><\/li>\n<li class=\"recentcomments\"><span class=\"comment-author-link\"><a href=\"https:\/\/r3media.ro\/statul-roman-a-semnat-actul-propriei-disparitii\/\" class=\"url\" rel=\"ugc\">Stalin<\/a><\/span> la <a href=\"https:\/\/r3media.ro\/statul-roman-a-semnat-actul-propriei-disparitii\/#comment-40343\">Statul rom\u00e2n a semnat actul propriei dispari\u021bii?<\/a><\/li>\n<\/ul>\n<\/aside>\n<aside class=\"td_block_template_1 widget widget_search\">\n<h4 class=\"block-title\"><span>CAUT\u0102 \u0218I VEI G\u0102SI<\/span><\/h4>\n<\/aside>\n<\/div>\n<\/div>\n<\/div>\n<\/div>\n<\/div>\n<\/div>\n<\/div>\n<p><span class=\"td-page-meta\"><\/span><span class=\"td-page-meta\"><span class=\"td-page-meta\"><\/span><\/span><span class=\"td-page-meta\"><\/span><\/article>\n<\/p>\n<div class=\"td_block_wrap tdb_single_content tdi_18 td-pb-border-top td_block_template_1 td-post-content tagdiv-type\" data-td-block-uid=\"tdi_18\">\n<div class=\"tdb-block-inner td-fix-index\">\n<p><strong>Ilie Bolojan i-a min\u021bit luni pe rom\u00e2ni spun\u00e2ndu-le c\u0103 <a href=\"https:\/\/r3media.ro\/dacia-ford-suspendare-productie-19-august-criza-energetica\/\" target=\"_blank\" rel=\"noopener\">Dacia \u0219i Ford au decis s\u0103-\u0219i suspende produc\u021bia<\/a> pentru a reduce consumul na\u021bional de energie electric\u0103. Premierul a precizat c\u0103 decizia companiilor a dus la o reducere cu 200 MW a consumului la nivel na\u021bional.\u00a0<\/strong><\/p>\n<p>\u201eDou\u0103 companii importante, mari consumatori de energie, Dacia \u0219i Ford, sunt de ast\u0103zi cu produc\u021bia oprit\u0103 p\u00e2n\u0103 pe data de 19 (august \u2013 n.r.), ceea ce \u00eenseamn\u0103 o economie de aproximativ 200 MW. Aceast\u0103 decizie o vor lua \u0219i alte companii, astfel \u00eenc\u00e2t s\u0103 avem o reducere voluntar\u0103 a consumului de energie la orele de sear\u0103\u2033, a spus<strong>\u00a0<a href=\"https:\/\/r3media.ro\/tag\/ilie-bolojan\/\" target=\"_blank\" rel=\"noopener\">Ilie Bolojan<\/a><\/strong>.<\/p>\n<h2><strong>Ilie Bolojan a zis c\u0103 Dacia \u0219i Ford \u00ee\u0219i suspend\u0103 produc\u021bia pentru a face economie la energie<\/strong><\/h2>\n<p>Minciuna premierului a avut picioare scurte, iar mar\u021bi au \u00eenceput s\u0103 apar\u0103 cauzele reale ale deciziilor <strong>Dacia<\/strong> \u0219i <strong>Ford<\/strong>. Alexandru Rogobete a precizat c\u0103, Mioveni, este programat\u0103 perioada anual\u0103 de remont. E vorba de o <strong>oprire planificat\u0103 pentru lucr\u0103ri de mentenan\u021b\u0103 \u0219i repara\u021bii, a\u0219a cum se \u00eent\u00e2mpl\u0103 \u00een fiecare an<\/strong>. Acest lucru este cunoscut de to\u021bi angaja\u021bii uzinei.<\/p>\n<p>La fel s-a \u00eent\u00e2mplat \u0219i \u00een cazul Ford Otosan. Compania anun\u021base \u00eenc\u0103 din 3 iulie oprirea temporar\u0103 a produc\u021biei la Craiova \u00een perioada 1\u201319 august 2026. Prin urmare nu a fost vorba de o m\u0103sur\u0103 luat\u0103 peste noapte de cele dou\u0103 companii mari consumatoare de energie.<\/p>\n<p>Ford a anun\u021bat mar\u021bi c\u0103 opre\u0219te temporar produc\u021bia \u00een Rom\u00e2nia datorit\u0103 vacan\u021bei de var\u0103 planificate, transmite DPA. Un purt\u0103tor de cuv\u00e2nt al companiei a precizat clar c\u0103 decizia nu reprezint\u0103 un r\u0103spuns la deficitul de energie, conform <a href=\"https:\/\/agerpres.ro\/economic\/2026\/08\/04\/dpa-ford-suspenda-productia-in-romania-datorita-vacantei-si-nu-a-deficitului-de-energie--1582108\" target=\"_blank\" rel=\"noopener\">Agerpres<\/a>.<\/p>\n<p><strong>\u201eCert este c\u0103 \u00een prezent nu se desf\u0103\u0219oar\u0103 nicio activitate de produc\u021bie datorit\u0103 vacan\u021bei de var\u0103 obi\u0219nuite, planificat\u0103 cu mult timp \u00eenainte\u2033<\/strong>, a spus el. Vacan\u021be de var\u0103 obi\u0219nuite se desf\u0103\u0219oar\u0103 de asemenea la fabricile Ford din Germania.<\/p>\n<h2><strong>Rom\u00e2nia trece printr-o criz\u0103 energetic\u0103 sever\u0103<\/strong><\/h2>\n<p>\u00a0<\/p>\n<p>Deciziile celor dou\u0103 companii nu au nicio leg\u0103tur\u0103 cu situa\u021bia critic\u0103 prin care trece \u021bara noastr\u0103. Rom\u00e2nia se confrunt\u0103 cu o criz\u0103 acut\u0103 de electricitate din cauza secetei \u0219i a valurilor de c\u0103ldur\u0103.<\/p>\n<p>Nivelul sc\u0103zut al apelor Dun\u0103rii a dus la \u00eenchiderea unuia dintre reactoarele centralei nucleare de la Cernavod\u0103 deoarece nu exista suficienta apa de r\u0103cire. Al doilea reactor risc\u0103 de asemenea s\u0103 fie \u00eenchis.<\/p>\n<p>\u0218i centralele hidroelectrice ale \u021b\u0103rii genereaz\u0103 de asemenea prea pu\u021bin\u0103 electricitate din cauza nivelului sc\u0103zut al apelor tuturor r\u00e2urilor. Ca rezultat, Guvernul a cerut industriei, autorit\u0103\u021bilor locale \u0219i cet\u0103\u021benilor s\u0103 economiseasc\u0103 electricitate.<\/p>\n<div class=\"crp_related     crp-masonry\">\n<h2>\u00ceN CONTEXT<\/h2>\n<ul>\n<li><a href=\"https:\/\/r3media.ro\/dacia-ford-suspendare-productie-19-august-criza-energetica\/\" class=\"crp_link post-120794\"><span class=\"crp_title\">Dacia \u0219i Ford au suspendat produc\u021bia p\u00e2n\u0103 pe 19 august din cauza crizei energetice<\/span><\/a><\/li>\n<li><a href=\"https:\/\/r3media.ro\/romania-importa-energie-ucraina-ilie-bolojan-stare-de-alerta\/\" class=\"crp_link post-120674\"><span class=\"crp_title\">Rom\u00e2nia a ajuns s\u0103 importe energie de la Ucraina, stat aflat \u00een r\u0103zboi. Ilie Bolojan a\u2026<\/span><\/a><\/li>\n<li><a href=\"https:\/\/r3media.ro\/moralitate-pe-stomacul-gol-mihai-morar-fotografiat-restaurant-ilie-bolojan-romanii-impovarati-taxe-si-impozite-jurnalist-necrutator-george-simion-calin-georgescu\/\" class=\"crp_link post-114898\"><span class=\"crp_title\">Moralitate pe stomacul gol? | Mihai Morar a fost fotografiat la restaurant cu Ilie Bolojan,\u2026<\/span><\/a><\/li>\n<li><a href=\"https:\/\/r3media.ro\/ilie-bolojan-demitere-ionut-mosteanu-ministrul-apararii-mintit-cv-terminat-universitate-capul-sus\/\" class=\"crp_link post-114298\"><span class=\"crp_title\">Revolt\u0103tor! Ilie Bolojan nu-l demite pe Ionu\u021b Mo\u0219teanu, ministrul care a min\u021bit \u00een CV c\u0103 a\u2026<\/span><\/a><\/li>\n<li><a href=\"https:\/\/r3media.ro\/tribunalul-bucuresti-suspenda-decizii-adoptate-congres-pnl-victorie-contestatari-ilie-bolojan\/\" class=\"crp_link post-119599\"><span class=\"crp_title\">Tribunalul Bucure\u0219ti a suspendat deciziile adoptate la Congresul PNL: Victorie \u00een linie\u2026<\/span><\/a><\/li>\n<li><a href=\"https:\/\/r3media.ro\/propunere-bruxelles-industria-auto-romania-dacia-ford-otosan\/\" class=\"crp_link post-116333\"><span class=\"crp_title\">Propunere de la Bruxelles cu poten\u021bial impact masiv pentru industria auto din Rom\u00e2nia: Dacia\u2026<\/span><\/a><\/li>\n<li><a href=\"https:\/\/r3media.ro\/dacia-urmeaza-da-afara-900-angajati-cerere-scazuta-autovehicule-reducere-productie-mioveni\/\" class=\"crp_link post-114219\"><span class=\"crp_title\">Dacia urmeaz\u0103 s\u0103 dea afar\u0103 900 de angaja\u021bi, din cauza cererii sc\u0103zute de autovehicule \u0219i\u2026<\/span><\/a><\/li>\n<li><a href=\"https:\/\/r3media.ro\/video-antena-1-ilie-bolojan-demis-pnl-demisii\/\" class=\"crp_link post-116093\"><span class=\"crp_title\">VIDEO | Antena 1 a modificat interviul cu Ilie Bolojan \u0219i a eliminat la montaj partea \u00een\u2026<\/span><\/a><\/li>\n<\/ul>\n<\/div>\n<\/div>\n<\/div>\n<p>[analyse_source url=&#8221;https:\/\/r3media.ro\/ilie-bolojan-dacia-ford-suspendare-productie-economie-energie\/&#8221;]<\/p>\n","protected":false},"excerpt":{"rendered":"<p>[analyse_image type=&#8221;featured&#8221; src=&#8221;https:\/\/r3media.ro\/wp-content\/uploads\/2024\/11\/Ilie-Bolojan-e1731402045907.avif&#8221;] ENERGIEControvers\u0103: Dacia \u0219i Ford \u00ee\u0219i suspend\u0103 produc\u021bia pentru a face economie la&#8230; ENERGIEFEATURED\u0218TIRI Controvers\u0103: Dacia \u0219i Ford \u00ee\u0219i suspend\u0103 produc\u021bia pentru a face economie la energie sau nu? Oana Ivan 04\/08\/2026 Ilie Bolojan i-a min\u021bit luni pe rom\u00e2ni spun\u00e2ndu-le c\u0103 Dacia \u0219i Ford au decis s\u0103-\u0219i suspende produc\u021bia pentru a reduce consumul [&hellip;]<\/p>\n","protected":false},"author":1,"featured_media":0,"comment_status":"open","ping_status":"","sticky":false,"template":"","format":"standard","meta":{"footnotes":""},"categories":[89],"tags":[226,93],"class_list":["post-2077439","post","type-post","status-publish","format-standard","hentry","category-romania","tag-crawlmanager","tag-r3media-ro"],"_links":{"self":[{"href":"https:\/\/analyse.optim.biz\/index.php?rest_route=\/wp\/v2\/posts\/2077439","targetHints":{"allow":["GET"]}}],"collection":[{"href":"https:\/\/analyse.optim.biz\/index.php?rest_route=\/wp\/v2\/posts"}],"about":[{"href":"https:\/\/analyse.optim.biz\/index.php?rest_route=\/wp\/v2\/types\/post"}],"author":[{"embeddable":true,"href":"https:\/\/analyse.optim.biz\/index.php?rest_route=\/wp\/v2\/users\/1"}],"replies":[{"embeddable":true,"href":"https:\/\/analyse.optim.biz\/index.php?rest_route=%2Fwp%2Fv2%2Fcomments&post=2077439"}],"version-history":[{"count":0,"href":"https:\/\/analyse.optim.biz\/index.php?rest_route=\/wp\/v2\/posts\/2077439\/revisions"}],"wp:attachment":[{"href":"https:\/\/analyse.optim.biz\/index.php?rest_route=%2Fwp%2Fv2%2Fmedia&parent=2077439"}],"wp:term":[{"taxonomy":"category","embeddable":true,"href":"https:\/\/analyse.optim.biz\/index.php?rest_route=%2Fwp%2Fv2%2Fcategories&post=2077439"},{"taxonomy":"post_tag","embeddable":true,"href":"https:\/\/analyse.optim.biz\/index.php?rest_route=%2Fwp%2Fv2%2Ftags&post=2077439"}],"curies":[{"name":"wp","href":"https:\/\/api.w.org\/{rel}","templated":true}]}}