{"id":2077438,"date":"2026-08-04T06:38:34","date_gmt":"2026-08-04T03:38:34","guid":{"rendered":"https:\/\/analyse.optim.biz\/?p=2077438"},"modified":"2026-08-04T06:38:34","modified_gmt":"2026-08-04T03:38:34","slug":"trump-doua-lucruri-ucid-europa-primul-este-imigratia-iar-al-doilea-este-energia-cunosc-europa-mai-bine-decat-oricine-chiar-mai-bine-decat-cei-care-o-conduc","status":"publish","type":"post","link":"https:\/\/analyse.optim.biz\/?p=2077438","title":{"rendered":"Trump: \u201eDou\u0103 lucruri ucid Europa: primul este imigra\u021bia, iar al doilea este energia. Cunosc Europa mai bine dec\u00e2t oricine, chiar mai bine dec\u00e2t cei care o conduc\u201d"},"content":{"rendered":"<p>[analyse_image type=&#8221;featured&#8221; src=&#8221;https:\/\/ortodoxinfo.ro\/wp-content\/uploads\/2026\/08\/trump-doua-lucruri-ucid-europa-primul-este-imigratia-iar-al-doilea-este-energia-cunosc-europa-mai-bi.jpeghttps:\/\/ortodoxinfo.ro\/wp-content\/uploads\/2026\/08\/trump-doua-lucruri-ucid-europa-primul-este-imigratia-iar-al-doilea-este-energia-cunosc-europa-mai-bi.jpeg&#8221;]<\/p>\n<article id=\"post-254728\" class=\"post-254728 post type-post status-publish format-standard has-post-thumbnail category-uniunea-europeana\">\n<header class=\"single-header\">\n<aside class=\"breadcrumb-wrap breadcrumb-yoast s-breadcrumb\">\n<div class=\"breadcrumb-inner\"><span><span><a href=\"https:\/\/ortodoxinfo.ro\/\">Prima pagin\u0103<\/a><\/span> \u00bb <span><a href=\"https:\/\/ortodoxinfo.ro\/blog\/\">Blog<\/a><\/span> \u00bb <span class=\"breadcrumb_last\" aria-current=\"page\">Trump: \u201eDou\u0103 lucruri ucid Europa: primul este imigra\u021bia, iar al doilea este energia. Cunosc Europa mai bine dec\u00e2t oricine, chiar mai bine dec\u00e2t cei care o conduc\u201d<\/span><\/span><\/div>\n<\/aside>\n<h1 class=\"s-title fw-headline\">Trump: \u201eDou\u0103 lucruri ucid Europa: primul este imigra\u021bia, iar al doilea este energia. Cunosc Europa mai bine dec\u00e2t oricine, chiar mai bine dec\u00e2t cei care o conduc\u201d<\/h1>\n<div class=\"single-meta meta-s-default yes-0\">\n<div class=\"smeta-in\"><a class=\"meta-el meta-avatar\" href=\"https:\/\/ortodoxinfo.ro\/author\/redactor\/\"><img loading=\"lazy\" decoding=\"async\" alt=\"OrtodoxINFO\" src=\"https:\/\/secure.gravatar.com\/avatar\/21010332354a182ce4de6016685c5586f21c51866d0ec5bc8ef383240b3c3e02?s=120&amp;r=g\" class=\"avatar avatar-120 photo\" height=\"120\" width=\"120\"><\/a><\/p>\n<div class=\"smeta-sec\">\n<div class=\"p-meta\">\n<div class=\"meta-inner is-meta\"><span class=\"meta-el meta-date\"><time datetime=\"2026-08-04T09:38:34+03:00\">4 august 2026<\/time><\/span><span class=\"meta-el meta-category meta-bold\"><a class=\"meta-separate category-1538\" href=\"https:\/\/ortodoxinfo.ro\/category\/anti-sistem\/uniunea-europeana\/\">Uniunea european\u0103<\/a><\/span><span class=\"meta-el meta-view\">5.8k vizualiz\u0103ri\t\t<\/span><span class=\"meta-el meta-comment mobile-last-meta tablet-last-meta\"><a href=\"https:\/\/ortodoxinfo.ro\/2026\/08\/04\/trump-doua-lucruri-ucid-europa-primul-este-imigratia-iar-al-doilea-este-energia-cunosc-europa-mai-bine-decat-oricine-chiar-mai-bine-decat-cei-care-o-conduc\/#comments\">1 comentariu<\/a><\/span><\/div>\n<\/div>\n<\/div>\n<\/div>\n<div class=\"smeta-extra\">\n<div class=\"t-shared-sec tooltips-n has-read-meta is-color\">\n<div class=\"t-shared-header is-meta\"><span class=\"share-label\">Share<\/span><\/div>\n<\/div>\n<div class=\"single-right-meta single-time-read is-meta\"><span class=\"meta-el meta-read\">6 Min Read<\/span><\/div>\n<\/div>\n<\/div>\n<\/header>\n<div class=\"grid-container\">\n<div class=\"s-ct\">\n<div class=\"s-feat-outer\">\n<div class=\"s-feat\">\n<div class=\"featured-lightbox-trigger\" data-source=\"https:\/\/ortodoxinfo.ro\/wp-content\/uploads\/2026\/08\/trump-doua-lucruri-ucid-europa-primul-este-imigratia-iar-al-doilea-este-energia-cunosc-europa-mai-bi.jpeg\" data-caption data-attribution><img fetchpriority=\"high\" decoding=\"async\" width=\"860\" height=\"452\" src=\"https:\/\/ortodoxinfo.ro\/wp-content\/uploads\/2026\/08\/trump-doua-lucruri-ucid-europa-primul-este-imigratia-iar-al-doilea-este-energia-cunosc-europa-mai-bi-860x452.jpeg\" class=\"attachment-foxiz_crop_o1 size-foxiz_crop_o1 wp-post-image\" alt loading=\"eager\"><\/div>\n<\/div>\n<\/div>\n<div class=\"s-ct-wrap has-lsl\">\n<div class=\"s-ct-inner\">\n<div class=\"l-shared-sec-outer show-mobile\">\n<div class=\"l-shared-sec\">\n<div class=\"l-shared-header meta-text\"><span class=\"share-label\">SHARE<\/span><\/div>\n<\/div>\n<\/div>\n<div class=\"e-ct-outer\">\n<div class=\"entry-top\">\n<div id=\"custom_html-3\" class=\"widget_text widget entry-widget clearfix widget_custom_html\">\n<div class=\"textwidget custom-html-widget\">\n<div><small><br \/>\n    OrtodoxINFO este supus unui sabotaj sistematic din partea reprezentan\u021bilor Google Rom\u00e2nia, at\u00e2t la afi\u0219\u0103ri c\u00e2t \u0219i \u00een rezultatele de c\u0103utare.<br \/>\n        Astfel c\u0103 veniturile din publicitate au sc\u0103zut de p\u00e2n\u0103 la <strong>10 ori<\/strong>. Situa\u021bia este similar\u0103 \u0219i pe Facebook.<\/p>\n<p>        V\u0103 invit\u0103m s\u0103 accesa\u021bi direct site-ul \u0219i s\u0103 v\u0103 abona\u021bi la notific\u0103ri.<\/p>\n<p>    Dac\u0103 dori\u021bi s\u0103 ne sus\u021bine\u021bi \u00een aceast\u0103 perioad\u0103 dificil\u0103, orice <a href=\"https:\/\/ortodoxinfo.ro\/donatii\/\">dona\u021bie<\/a> este binevenit\u0103.<br \/>\n    Dumnezeu s\u0103 v\u0103 r\u0103spl\u0103teasc\u0103!<br \/>\n<\/small><\/div>\n<\/div>\n<\/div>\n<\/div>\n<div class=\"entry-content rbct clearfix is-highlight-shares\">\n<p><strong>Donald Trump a avertizat c\u0103 vechiul continent se \u00eendreapt\u0103 spre un declin inevitabil, declar\u00e2nd r\u0103spicat: \u201eDou\u0103 lucruri ucid Europa: primul este imigra\u021bia, iar al doilea este energia. Cunosc Europa mai bine dec\u00e2t oricine, chiar mai bine dec\u00e2t cei care o conduc\u201d. Pre\u0219edintele american a vizat \u00een mod direct Marea Britanie, pe care a etichetat-o drept o \u201e\u021bar\u0103 falimentar\u0103\u201d din cauza deciziei de a bloca noile licen\u021be de exploatare petrolier\u0103. Sus\u021bin\u00e2nd c\u0103 britanicii \u201estau pe o min\u0103 de aur\u201d neexploatat\u0103 \u00een Marea Nordului, Trump i-a cerut premierului Andy Burnham s\u0103 dea dovad\u0103 de pragmatism \u0219i s\u0103 redeschid\u0103 imediat forajele pentru a salva \u021bara de la colapsul economic, scrie <a href=\"https:\/\/www.independent.co.uk\/news\/uk\/politics\/trump-burnham-uk-north-sea-bankrupt-b3026750.html\" target=\"_blank\" rel=\"noopener\">The Independent<\/a>.<\/strong><\/p>\n<p data-path-to-node=\"0\">Donald Trump a afirmat c\u0103 Marea Britanie este \u00een prezent o \u201e\u021bar\u0103 falimentar\u0103\u201d, \u00eendemn\u00e2ndu-l pe prim-ministru s\u0103 deschid\u0103 z\u0103c\u0103mintele de petrol din Marea Nordului.<\/p>\n<p data-path-to-node=\"5\">\u00cen cadrul unei conferin\u021be de pres\u0103 sus\u021binute luni, pre\u0219edintele american a declarat c\u0103 el consider\u0103 c\u0103 va avea \u201eo rela\u021bie foarte bun\u0103\u201d cu Andy Burnham \u0219i c\u0103 acesta \u201ea sunat excelent\u201d atunci c\u00e2nd cei doi au discutat despre forajele din Marea Nordului.<\/p>\n<p data-path-to-node=\"6\">De asemenea, el a subliniat necesitatea ca Europa s\u0103 preia controlul asupra imigra\u021biei ilegale, afirm\u00e2nd:<\/p>\n<p data-path-to-node=\"6\"><strong><i data-index-in-node=\"106\" data-path-to-node=\"6\">\u201eCunosc Europa mai bine dec\u00e2t oricine, chiar mai bine dec\u00e2t cei care o conduc\u201d<\/i>.<\/strong><\/p>\n<p data-path-to-node=\"8\">Manifestul din 2024 al Partidului Laburist includea promisiunea de a nu mai emite noi licen\u021be pentru Marea Nordului, iar Burnham promisese anterior s\u0103 respecte angajamentele din manifestul care a adus o majoritate confortabil\u0103 laburi\u0219tilor.<\/p>\n<p data-path-to-node=\"9\">Cu toate acestea, el i-a spus lui Trump c\u0103 va fi \u201epragmatic\u201d \u00een privin\u021ba petrolului din Marea Nordului, l\u0103s\u00e2nd u\u0219a deschis\u0103 pentru viitoare foraje \u00een regiune \u00een cadrul unei convorbiri purtate dup\u0103 preluarea func\u021biei luna trecut\u0103.<\/p>\n<p data-path-to-node=\"11\"><i data-index-in-node=\"0\" data-path-to-node=\"11\">\u201eTrebuie s\u0103 opri\u021bi imigra\u021bia ilegal\u0103 \u00een Europa. Cunosc Europa mai bine dec\u00e2t oricine, chiar mai bine dec\u00e2t cei care o conduc. Am rela\u021bii excelente cu Europa. Dou\u0103 lucruri ucid Europa: primul este imigra\u021bia, iar al doilea este energia.\u201d<\/i>, a declarat Trump<\/p>\n<p data-path-to-node=\"13\"><i data-index-in-node=\"0\" data-path-to-node=\"13\">\u201eC\u00e2nd te ui\u021bi la Marea Britanie, vezi c\u0103 are unul dintre cele mai bune z\u0103c\u0103minte de energie din lume, Marea Nordului. Cred c\u0103 noul vostru prim-ministru o s\u0103 le deschid\u0103, din c\u00e2te am auzit. Am vorbit cu el \u0219i a sunat excelent pe acest subiect. Dac\u0103 le deschide\u021bi, ve\u021bi fi o \u021bar\u0103 bogat\u0103. Dac\u0103 le \u021bine\u021bi \u00eenchise, ve\u021bi fi o \u021bar\u0103 falimentar\u0103, ceea ce sunte\u021bi \u0219i acum, a continuat el<\/i><\/p>\n<div class=\"inline-single-ad ad_single_3_index alignfull\">\n<div class=\"ad-wrap ad-script-wrap\">\n<div class=\"ad-script non-adsense edge-padding\">\n<div>\n\u203c\ufe0f\u203c\ufe0f NU recunoa\u0219tem ca pre\u0219edinte al Rom\u00e2niei pe marioneta retard\u0103 Nicu\u0219or Dan! Rom\u00e2ni, boicota\u021bi aceast\u0103 f\u0103c\u0103tur\u0103, care ne face \u021bara de r\u00e2s! NU rom\u00e2nii l-au votat pe Nicusoro\u0219 &#8211; cu unele excep\u021bii de persoane infantile, manipulabile \u0219i chiar idioate &#8211; ci l-au ajutat Maia Soro\u0219, Emanuel Macrou \u0219i tr\u0103d\u0103torii de la B.E.C. \u0219i CCR!<br \/>\n La \u00eenchisoare cu cei care au fraudat alegerile!\n<\/div>\n<\/div>\n<\/div>\n<\/div>\n<p data-path-to-node=\"14\"><i data-index-in-node=\"0\" data-path-to-node=\"14\">\u00cen esen\u021b\u0103, sunte\u021bi o \u021bar\u0103 falimentar\u0103. Sta\u021bi pe unul dintre cele mai mari z\u0103c\u0103minte energetice din Marea Nordului. Marea Britanie cump\u0103r\u0103 energie din Norvegia, care \u00ee\u0219i ia energia tot din Marea Nordului, dintr-o zon\u0103 mai pu\u021bin bogat\u0103. Sta\u021bi pe o min\u0103 de aur \u2014 mai bine dec\u00e2t aurul \u2014 \u0219i nu face\u021bi nimic cu ea, nu le permite\u021bi companiilor petroliere s\u0103 intre.\u201d<\/i><\/p>\n<p data-path-to-node=\"16\">Trump a precizat c\u0103, \u00een timpul convorbirii cu Burnham, i-a subliniat acestuia c\u0103 <i data-index-in-node=\"81\" data-path-to-node=\"16\">\u201enu orice \u021bar\u0103 are aceast\u0103 op\u021biune\u201d<\/i> de a-\u0219i folosi resursele naturale. De asemenea, el a sus\u021binut c\u0103 ora\u0219ul Aberdeen a fost capitala petrolier\u0103 a Europei p\u00e2n\u0103 c\u00e2nd <i data-index-in-node=\"245\" data-path-to-node=\"16\">\u201eliberalii au venit \u0219i au distrus-o\u201d<\/i>.<\/p>\n<p data-path-to-node=\"18\"><i data-index-in-node=\"0\" data-path-to-node=\"18\">\u201eAm indicat \u00een convorbirea telefonic\u0103 pe care am avut-o c\u0103 voi adopta o abordare pragmatic\u0103 c\u00e2nd vine vorba de Marea Nordului, iar aceasta este inten\u021bia mea pe viitor\u201d<\/i>, a spus prim-ministrul\u00a0Burnham c\u00e2nd a fost \u00eentrebat s\u0103pt\u0103m\u00e2na trecut\u0103 despre aceast\u0103 politic\u0103 controversat\u0103<\/p>\n<p data-path-to-node=\"19\"><i data-index-in-node=\"0\" data-path-to-node=\"19\">\u201eExist\u0103 o resurs\u0103 acolo. C\u00e2nd oamenii se confrunt\u0103 cu greut\u0103\u021bi, nu putem ignora acest lucru. De aceea i-am indicat acest fapt pre\u0219edintelui.\u201d<\/i><\/p>\n<p data-path-to-node=\"20\">Ed Miliband, care s-a ocupat de portofoliul energiei \u0219i al tranzi\u021biei c\u0103tre emisii net zero \u00een guvernul lui Sir Keir Starmer, a fost un sus\u021bin\u0103tor ferm al promisiunii electorale, dar a preluat \u00eentre timp rolul de ministru al afacerilor externe.<\/p>\n<p data-path-to-node=\"21\">Succesoarea sa la conducerea ministerului energiei, Miatta Fahnbulleh, a declarat c\u0103 manifestul a fost clar \u00een privin\u021ba existen\u021bei unei marje de exploatare a licen\u021belor existente \u0219i c\u0103 petrolul \u0219i gazele fac <i data-index-in-node=\"208\" data-path-to-node=\"21\">\u201eparte din mixul energetic\u201d<\/i> \u2014 f\u0103r\u0103 a preciza \u00eens\u0103 dac\u0103 exist\u0103 planuri de a merge mai departe.<\/p>\n<p data-path-to-node=\"22\">Guvernul condus de Burnham se confrunt\u0103, de asemenea, cu apeluri din partea sectorului energetic pentru aprobarea z\u0103c\u0103m\u00e2ntului de gaze Jackdaw (la est de Aberdeen) \u0219i a z\u0103c\u0103m\u00e2ntului petrolier Rosebank (la vest de Shetland).<\/p>\n<p data-path-to-node=\"23\">Activi\u0219tii de mediu au avertizat c\u0103 o astfel de aprobare ar \u00eenc\u0103lca promisiunea electoral\u0103 a laburi\u0219tilor.<\/p>\n<p data-path-to-node=\"24\">Consult\u0103rile privind aceste proiecte sunt programate s\u0103 se desf\u0103\u0219oare \u00eentre 10 \u0219i 17 august, urm\u00e2nd ca Autoritatea de Reglementare a Petrolului Offshore pentru Mediu \u0219i Dezafectare (OPRED) s\u0103 fac\u0103 o recomandare guvernului britanic dup\u0103 aceast\u0103 perioad\u0103.<\/p>\n<blockquote class=\"twitter-tweet\">\n<p dir=\"ltr\" lang=\"en\">NOW \u2013 Trump: \u201eI know Europe better than anybody. Better than the people that run it\u2026 two things are killing Europe: number one is immigration and number two is energy.\u201d <a href=\"https:\/\/t.co\/cksqcSqjMn\">pic.twitter.com\/cksqcSqjMn<\/a><\/p>\n<p>\u2014 Disclose.tv (@disclosetv) <a href=\"https:\/\/x.com\/disclosetv\/status\/2084342612002042218?ref_src=twsrc%5Etfw\">August 3, 2026<\/a><\/p>\n<\/blockquote>\n<\/div>\n<\/div>\n<\/div>\n<div class=\"e-shared-sec entry-sec\">\n<div class=\"e-shared-header h4\"><span>Distribuie<\/span><\/div>\n<div class=\"rbbsl tooltips-n effect-fadeout is-bg\"><a class=\"share-action share-trigger icon-facebook\" aria-label=\"Share on Facebook\" href=\"https:\/\/www.facebook.com\/sharer.php?u=https%3A%2F%2Fortodoxinfo.ro%2F2026%2F08%2F04%2Ftrump-doua-lucruri-ucid-europa-primul-este-imigratia-iar-al-doilea-este-energia-cunosc-europa-mai-bine-decat-oricine-chiar-mai-bine-decat-cei-care-o-conduc%2F\" data-title=\"Facebook\" rel=\"nofollow\"><span>Facebook<\/span><\/a><a class=\"share-action share-trigger icon-twitter\" aria-label=\"Share on X\" href=\"https:\/\/twitter.com\/intent\/tweet?text=Trump%3A+%E2%80%9EDou%C4%83+lucruri+ucid+Europa%3A+primul+este+imigra%C8%9Bia%2C+iar+al+doilea+este+energia.+Cunosc+Europa+mai+bine+dec%C3%A2t+oricine%2C+chiar+mai+bine+dec%C3%A2t+cei+care+o+conduc%E2%80%9D&amp;url=https%3A%2F%2Fortodoxinfo.ro%2F2026%2F08%2F04%2Ftrump-doua-lucruri-ucid-europa-primul-este-imigratia-iar-al-doilea-este-energia-cunosc-europa-mai-bine-decat-oricine-chiar-mai-bine-decat-cei-care-o-conduc%2F&amp;via=ortodoxinforo\" data-title=\"X\" rel=\"nofollow\"><span>X<\/span><\/a><a class=\"share-action icon-whatsapp is-web\" aria-label=\"Share on Whatsapp\" href=\"https:\/\/web.whatsapp.com\/send?text=Trump%3A+%E2%80%9EDou%C4%83+lucruri+ucid+Europa%3A+primul+este+imigra%C8%9Bia%2C+iar+al+doilea+este+energia.+Cunosc+Europa+mai+bine+dec%C3%A2t+oricine%2C+chiar+mai+bine+dec%C3%A2t+cei+care+o+conduc%E2%80%9D%20%E2%98%9E%20https%3A%2F%2Fortodoxinfo.ro%2F2026%2F08%2F04%2Ftrump-doua-lucruri-ucid-europa-primul-este-imigratia-iar-al-doilea-este-energia-cunosc-europa-mai-bine-decat-oricine-chiar-mai-bine-decat-cei-care-o-conduc%2F\" target=\"_blank\" data-title=\"WhatsApp\" rel=\"nofollow\"><span>Whatsapp<\/span><\/a><a class=\"share-action icon-whatsapp is-mobile\" aria-label=\"Share on Whatsapp\" href=\"\/\/send?text=Trump%3A+%E2%80%9EDou%C4%83+lucruri+ucid+Europa%3A+primul+este+imigra%C8%9Bia%2C+iar+al+doilea+este+energia.+Cunosc+Europa+mai+bine+dec%C3%A2t+oricine%2C+chiar+mai+bine+dec%C3%A2t+cei+care+o+conduc%E2%80%9D%20%E2%98%9E%20https%3A%2F%2Fortodoxinfo.ro%2F2026%2F08%2F04%2Ftrump-doua-lucruri-ucid-europa-primul-este-imigratia-iar-al-doilea-este-energia-cunosc-europa-mai-bine-decat-oricine-chiar-mai-bine-decat-cei-care-o-conduc%2F\" target=\"_blank\" data-title=\"WhatsApp\" rel=\"nofollow\"><span>Whatsapp<\/span><\/a><a class=\"share-action share-trigger icon-telegram\" aria-label=\"Share on Telegram\" href=\"https:\/\/t.me\/share\/?url=https%3A%2F%2Fortodoxinfo.ro%2F2026%2F08%2F04%2Ftrump-doua-lucruri-ucid-europa-primul-este-imigratia-iar-al-doilea-este-energia-cunosc-europa-mai-bine-decat-oricine-chiar-mai-bine-decat-cei-care-o-conduc%2F&amp;text=Trump%3A+%E2%80%9EDou%C4%83+lucruri+ucid+Europa%3A+primul+este+imigra%C8%9Bia%2C+iar+al+doilea+este+energia.+Cunosc+Europa+mai+bine+dec%C3%A2t+oricine%2C+chiar+mai+bine+dec%C3%A2t+cei+care+o+conduc%E2%80%9D\" data-title=\"Telegram\" rel=\"nofollow\"><span>Telegram<\/span><\/a><a class=\"share-action icon-copy copy-trigger\" aria-label=\"Copy Link\" href=\"https:\/\/ortodoxinfo.ro\/2026\/08\/04\/trump-doua-lucruri-ucid-europa-primul-este-imigratia-iar-al-doilea-este-energia-cunosc-europa-mai-bine-decat-oricine-chiar-mai-bine-decat-cei-care-o-conduc\/\" data-copied=\"Copied!\" data-link=\"https:\/\/ortodoxinfo.ro\/2026\/08\/04\/trump-doua-lucruri-ucid-europa-primul-este-imigratia-iar-al-doilea-este-energia-cunosc-europa-mai-bine-decat-oricine-chiar-mai-bine-decat-cei-care-o-conduc\/\" rel=\"nofollow\" data-copy=\"Copy Link\"><span>Copy Link<\/span><\/a><a class=\"share-action icon-print\" aria-label=\"Print\" rel=\"nofollow\" data-title=\"Print\"><span>Print<\/span><\/a><\/div>\n<\/div>\n<\/div>\n<div id=\"tabs\" class=\"dntplgn_form_wrapper\"><span><\/p>\n<h2>\u0218tirile sunt sub cenzur\u0103! Sprijini\u021bi OrtodoxINFO!<\/h2>\n<p>Guvernul nu dore\u0219te aflarea adev\u0103rului despre lovitura de stat \u0219i \u00eengenuncherea Rom\u00e2niei. \u00cencerc\u0103m s\u0103 men\u021binem viu acest site \u0219i s\u0103 v\u0103 punem la dispozi\u021bie informa\u021bii care s\u0103 fac\u0103 lumin\u0103 \u00een cea mai mare provocare pe care o tr\u0103im. Jurnalismul independent al portalului OrtodoxINFO func\u021bioneaz\u0103 strict cu ajutorul cititorilor.<br \/>\nNe pute\u021bi sprijini printr-o <b><a href=\"https:\/\/ortodoxinfo.ro\/donatii\/\">dona\u021bie bancar\u0103<\/a> sau prin PayPal, complet\u00e2nd formularul de mai jos.<\/b><\/span><\/p>\n<ul>\n<li><a href=\"https:\/\/ortodoxinfo.ro\/2026\/08\/04\/trump-doua-lucruri-ucid-europa-primul-este-imigratia-iar-al-doilea-este-energia-cunosc-europa-mai-bine-decat-oricine-chiar-mai-bine-decat-cei-care-o-conduc\/#tabs-1\">Dona\u021bie lunar\u0103<\/a><\/li>\n<li><a href=\"https:\/\/ortodoxinfo.ro\/2026\/08\/04\/trump-doua-lucruri-ucid-europa-primul-este-imigratia-iar-al-doilea-este-energia-cunosc-europa-mai-bine-decat-oricine-chiar-mai-bine-decat-cei-care-o-conduc\/#tabs-2\">Doar acum<\/a><\/li>\n<\/ul>\n<div id=\"tabs-1\"><img loading=\"lazy\" decoding=\"async\" alt border=\"0\" src=\"https:\/\/www.paypalobjects.com\/en_US\/i\/scr\/pixel.gif\" width=\"1\" height=\"1\"><\/div>\n<div id=\"tabs-2\">\n<p>\t\t     \u20ac<\/p>\n<p>\t\t    <img loading=\"lazy\" decoding=\"async\" alt border=\"0\" src=\"https:\/\/www.paypalobjects.com\/en_US\/i\/scr\/pixel.gif\" width=\"1\" height=\"1\"><\/div>\n<p>Mul\u021bumim celor care ne-au ajutat p\u00e2n\u0103 acum!\n\t<\/p><\/div>\n<div class=\"comment-box-wrap entry-sec\">\n<div class=\"comment-box-header\"><span class=\"h3\">1 comentariu<\/span><\/div>\n<div class=\"comment-holder\">\n<div id=\"comments\" class=\"comments-area\">\n<div class=\"rb-section\">\n<ul class=\"comment-list entry\">\n<li id=\"comment-250793\" class=\"comment even thread-even depth-1\">\n<article id=\"div-comment-250793\" class=\"comment-body\">\n<footer class=\"comment-meta\">\n<div class=\"comment-author vcard\"><img loading=\"lazy\" decoding=\"async\" alt src=\"https:\/\/secure.gravatar.com\/avatar\/132fd989bad4ee2d55aa9692aa73d0475d12ca598eaa976fcddf813d6586cb5e?s=100&amp;r=g\" class=\"avatar avatar-100 photo\" height=\"100\" width=\"100\"><b class=\"fn\">Magda<\/b><span class=\"says\">spune:<\/span><\/div>\n<div class=\"comment-metadata\"><a href=\"https:\/\/ortodoxinfo.ro\/2026\/08\/04\/trump-doua-lucruri-ucid-europa-primul-este-imigratia-iar-al-doilea-este-energia-cunosc-europa-mai-bine-decat-oricine-chiar-mai-bine-decat-cei-care-o-conduc\/#comment-250793\"><time datetime=\"2026-08-04T10:00:15+03:00\">4 august 2026 la 10:00<\/time><\/a><\/div>\n<\/footer>\n<div class=\"comment-content\">\n<p>Da  lu\u2019 m\u0103sc\u0103riciu \u0103la, pesedist, Adrian N\u0103stase, cine i-a dat ordin s\u0103 ne v\u00e2nd\u0103 nou\u0103 gazele petrolul \u0219i rafin\u0103ria Petrom, austriecilor ? S\u0103 le d\u0103m muie \u0219i lui \u0219i lu \u0103la, care i-a dat ordinu\u2019 l!! Muie pesede penele muie usr muie bruxell muie FMI !!!!<\/p>\n<\/div>\n<div class=\"reply\"><a rel=\"nofollow\" class=\"comment-reply-link\" href=\"https:\/\/ortodoxinfo.ro\/2026\/08\/04\/trump-doua-lucruri-ucid-europa-primul-este-imigratia-iar-al-doilea-este-energia-cunosc-europa-mai-bine-decat-oricine-chiar-mai-bine-decat-cei-care-o-conduc\/#comment-250793\" data-commentid=\"250793\" data-postid=\"254728\" data-belowelement=\"div-comment-250793\" data-respondelement=\"respond\" data-replyto=\"R\u0103spunde-i lui Magda\" aria-label=\"R\u0103spunde-i lui Magda\">R\u0103spunde<\/a><\/div>\n<\/article>\n<\/li>\n<\/ul>\n<\/div>\n<div id=\"respond\" class=\"comment-respond\">\n<h3 id=\"reply-title\" class=\"comment-reply-title\">Las\u0103 un r\u0103spuns <small><a rel=\"nofollow\" id=\"cancel-comment-reply-link\" href=\"https:\/\/ortodoxinfo.ro\/2026\/08\/04\/trump-doua-lucruri-ucid-europa-primul-este-imigratia-iar-al-doilea-este-energia-cunosc-europa-mai-bine-decat-oricine-chiar-mai-bine-decat-cei-care-o-conduc\/#respond\">Anuleaz\u0103 r\u0103spunsul<\/a><\/small><\/h3>\n<p class=\"comment-notes\"><span id=\"email-notes\">Adresa ta de email nu va fi publicat\u0103.<\/span><span class=\"required-field-message\">C\u00e2mpurile obligatorii sunt marcate cu <span class=\"required\">*<\/span><\/span><\/p>\n<\/div>\n<\/div>\n<\/div>\n<\/div>\n<\/div>\n<div class=\"sidebar-wrap single-sidebar\">\n<div class=\"sidebar-inner clearfix\">\n<div id=\"widget-post-2\" class=\"widget rb-section w-sidebar clearfix widget-post\">\n<div class=\"block-h widget-heading heading-layout-1\">\n<div class=\"heading-inner\">\n<h4 class=\"heading-title\"><span>Articole recente<\/span><\/h4>\n<\/div>\n<\/div>\n<div class=\"widget-p-listing\">\n<div class=\"p-wrap p-small p-list-small-2\" data-pid=\"254916\">\n<div class=\"feat-holder\">\n<div class=\"p-featured ratio-v1\"><a class=\"p-flink\" href=\"https:\/\/ortodoxinfo.ro\/2026\/08\/04\/specialistii-au-considerat-ca-adancirea-bratului-chilia-si-adancirea-masiva-a-canalului-bistroe-vor-duce-la-scaderea-debitelor-patrick-andre-de-hillerin-in-sfarsit-usr-si-pnl-au-inteles-legea-vasel\/\" title=\"Speciali\u0219tii au considerat c\u0103 ad\u00e2ncirea bra\u021bului Chilia \u0219i ad\u00e2ncirea masiv\u0103 a canalului B\u00eestroe vor duce la sc\u0103derea debitelor. Patrick Andr\u00e9 de Hillerin: \u00cen sf\u00e2r\u0219it, USR \u0219i PNL au \u00een\u021beles legea vaselor comunicante\"><img decoding=\"async\" width=\"150\" height=\"150\" src=\"https:\/\/ortodoxinfo.ro\/wp-content\/uploads\/2026\/08\/specialistii-au-considerat-ca-adancirea-bratului-chilia-si-adancirea-masiva-a-canalului-bistroe-vor-150x150.png\" class=\"featured-img wp-post-image\" alt loading=\"lazy\"><\/a><\/div>\n<\/div>\n<div class=\"p-content\">\n<h5 class=\"entry-title\"><a class=\"p-url\" href=\"https:\/\/ortodoxinfo.ro\/2026\/08\/04\/specialistii-au-considerat-ca-adancirea-bratului-chilia-si-adancirea-masiva-a-canalului-bistroe-vor-duce-la-scaderea-debitelor-patrick-andre-de-hillerin-in-sfarsit-usr-si-pnl-au-inteles-legea-vasel\/\" rel=\"bookmark\">Speciali\u0219tii au considerat c\u0103 ad\u00e2ncirea bra\u021bului Chilia \u0219i ad\u00e2ncirea masiv\u0103 a canalului B\u00eestroe vor duce la sc\u0103derea debitelor. Patrick Andr\u00e9 de Hillerin: \u00cen sf\u00e2r\u0219it, USR \u0219i PNL au \u00een\u021beles legea vaselor comunicante<\/a><\/h5>\n<div class=\"p-meta\">\n<div class=\"meta-inner is-meta\"><span class=\"meta-el meta-date\"><time datetime=\"2026-08-04T14:43:35+03:00\">4 august 2026<\/time><\/span><span class=\"meta-el meta-category meta-bold\"><a class=\"meta-separate category-19885\" href=\"https:\/\/ortodoxinfo.ro\/category\/anti-sistem\/anti-romanism\/asasinii-tarii\/\">Asasinii \u021b\u0103rii<\/a><\/span><span class=\"meta-el meta-view\">7.4k vizualiz\u0103ri\t\t<\/span><\/div>\n<\/div>\n<\/div>\n<\/div>\n<div class=\"p-wrap p-small p-list-small-2\" data-pid=\"254778\">\n<div class=\"feat-holder\">\n<div class=\"p-featured ratio-v1\"><a class=\"p-flink\" href=\"https:\/\/ortodoxinfo.ro\/2026\/08\/04\/netanyahu-vrea-ca-israelul-sa-si-fabrice-propriile-aeronave-supersonice-de-lupta-dupa-ce-a-depins-decenii-de-fortele-aeriene-ale-sua\/\" title=\"Netanyahu vrea ca Israelul s\u0103-\u0219i fabrice propriile aeronave supersonice de lupt\u0103 dup\u0103 ce a depins decenii de for\u021bele aeriene ale SUA\"><img decoding=\"async\" width=\"150\" height=\"150\" src=\"https:\/\/ortodoxinfo.ro\/wp-content\/uploads\/2026\/08\/netanyahu-si-avioane-stealth-f-35-1280x720-150x150.png\" class=\"featured-img wp-post-image\" alt loading=\"lazy\"><\/a><\/div>\n<\/div>\n<div class=\"p-content\">\n<h5 class=\"entry-title\"><a class=\"p-url\" href=\"https:\/\/ortodoxinfo.ro\/2026\/08\/04\/netanyahu-vrea-ca-israelul-sa-si-fabrice-propriile-aeronave-supersonice-de-lupta-dupa-ce-a-depins-decenii-de-fortele-aeriene-ale-sua\/\" rel=\"bookmark\">Netanyahu vrea ca Israelul s\u0103-\u0219i fabrice propriile aeronave supersonice de lupt\u0103 dup\u0103 ce a depins decenii de for\u021bele aeriene ale SUA<\/a><\/h5>\n<div class=\"p-meta\">\n<div class=\"meta-inner is-meta\"><span class=\"meta-el meta-date\"><time datetime=\"2026-08-04T11:37:04+03:00\">4 august 2026<\/time><\/span><span class=\"meta-el meta-category meta-bold\"><a class=\"meta-separate category-19883\" href=\"https:\/\/ortodoxinfo.ro\/category\/anti-sistem\/al-iii-lea-razboi-mondial\/israel\/\">Israel<\/a><\/span><span class=\"meta-el meta-view\">3.1k vizualiz\u0103ri\t\t<\/span><\/div>\n<\/div>\n<\/div>\n<\/div>\n<div class=\"p-wrap p-small p-list-small-2\" data-pid=\"254625\">\n<div class=\"feat-holder\">\n<div class=\"p-featured ratio-v1\"><a class=\"p-flink\" href=\"https:\/\/ortodoxinfo.ro\/2026\/08\/03\/ce-inseamna-sa-joci-inteligent-a-fost-aprobat-amendamentul-aur-care-obliga-pe-concubina-lui-harpalete-sa-si-declare-averea-felicitari-aur\/\" title=\"Ce \u00eenseamn\u0103 s\u0103 joci inteligent: A fost aprobat amendamentul AUR care oblig\u0103 pe concubina lui Harpalete s\u0103-\u0219i declare averea! Felicit\u0103ri AUR!\"><img decoding=\"async\" width=\"150\" height=\"150\" src=\"https:\/\/ortodoxinfo.ro\/wp-content\/uploads\/2026\/08\/IMG-20260803-WA0016-150x150.jpg\" class=\"featured-img wp-post-image\" alt loading=\"lazy\"><\/a><\/div>\n<\/div>\n<div class=\"p-content\">\n<h5 class=\"entry-title\"><a class=\"p-url\" href=\"https:\/\/ortodoxinfo.ro\/2026\/08\/03\/ce-inseamna-sa-joci-inteligent-a-fost-aprobat-amendamentul-aur-care-obliga-pe-concubina-lui-harpalete-sa-si-declare-averea-felicitari-aur\/\" rel=\"bookmark\">Ce \u00eenseamn\u0103 s\u0103 joci inteligent: A fost aprobat amendamentul AUR care oblig\u0103 pe concubina lui Harpalete s\u0103-\u0219i declare averea! Felicit\u0103ri AUR!<\/a><\/h5>\n<div class=\"p-meta\">\n<div class=\"meta-inner is-meta\"><span class=\"meta-el meta-date\"><time datetime=\"2026-08-03T17:45:18+03:00\">3 august 2026<\/time><\/span><span class=\"meta-el meta-category meta-bold\"><a class=\"meta-separate category-19866\" href=\"https:\/\/ortodoxinfo.ro\/category\/lupta-pentru-romania\/\">Lupt\u0103 pentru Rom\u00e2nia<\/a><\/span><span class=\"meta-el meta-view\">12.1k vizualiz\u0103ri\t\t<\/span><\/div>\n<\/div>\n<\/div>\n<\/div>\n<div class=\"p-wrap p-small p-list-small-2\" data-pid=\"254551\">\n<div class=\"feat-holder\">\n<div class=\"p-featured ratio-v1\"><a class=\"p-flink\" href=\"https:\/\/ortodoxinfo.ro\/2026\/08\/03\/grindeanu-a-batut-palma-cu-nicusor-dan-pentru-o-noua-crima-la-adresa-economiei-romanesti-interzicerea-hidrocentralelor-prin-legea-biodiversitatii-facuta-de-firme-private-controlate-din-exterior\/\" title=\"Grindeanu a b\u0103tut palma cu Nicu\u0219or Dan pentru o nou\u0103 CRIM\u0102 la adresa economiei rom\u00e2ne\u0219ti: interzicerea hidrocentralelor, prin Legea biodiversit\u0103\u021bii, f\u0103cut\u0103 de firme private, controlate din exterior\"><img decoding=\"async\" width=\"150\" height=\"150\" src=\"https:\/\/ortodoxinfo.ro\/wp-content\/uploads\/2026\/08\/img-150x150.jpg\" class=\"featured-img wp-post-image\" alt loading=\"lazy\"><\/a><\/div>\n<\/div>\n<div class=\"p-content\">\n<h5 class=\"entry-title\"><a class=\"p-url\" href=\"https:\/\/ortodoxinfo.ro\/2026\/08\/03\/grindeanu-a-batut-palma-cu-nicusor-dan-pentru-o-noua-crima-la-adresa-economiei-romanesti-interzicerea-hidrocentralelor-prin-legea-biodiversitatii-facuta-de-firme-private-controlate-din-exterior\/\" rel=\"bookmark\">Grindeanu a b\u0103tut palma cu Nicu\u0219or Dan pentru o nou\u0103 CRIM\u0102 la adresa economiei rom\u00e2ne\u0219ti: interzicerea hidrocentralelor, prin Legea biodiversit\u0103\u021bii, f\u0103cut\u0103 de firme private, controlate din exterior<\/a><\/h5>\n<div class=\"p-meta\">\n<div class=\"meta-inner is-meta\"><span class=\"meta-el meta-date\"><time datetime=\"2026-08-03T14:41:35+03:00\">3 august 2026<\/time><\/span><span class=\"meta-el meta-category meta-bold\"><a class=\"meta-separate category-19885\" href=\"https:\/\/ortodoxinfo.ro\/category\/anti-sistem\/anti-romanism\/asasinii-tarii\/\">Asasinii \u021b\u0103rii<\/a><\/span><span class=\"meta-el meta-view\">16.3k vizualiz\u0103ri\t\t<\/span><\/div>\n<\/div>\n<\/div>\n<\/div>\n<\/div>\n<\/div>\n<div id=\"custom_html-2\" class=\"widget_text widget rb-section w-sidebar clearfix widget_custom_html\">\n<div class=\"block-h widget-heading heading-layout-1\">\n<div class=\"heading-inner\">\n<h4 class=\"heading-title\"><span>DONA\u021aII \u00een cont bancar<\/span><\/h4>\n<\/div>\n<\/div>\n<div class=\"textwidget custom-html-widget\">\n<table class=\"donatii\">\n<tbody>\n<tr>\n<th colspan=\"2\"><strong><span>Asicia\u021bia SMI-B<\/span><\/strong><\/th>\n<\/tr>\n<tr>\n<th>Cont LEI<\/th>\n<td>RO67CECEB00030RON2081955<\/td>\n<\/tr>\n<tr>\n<th>Cont EURO<\/th>\n<td>RO33CECEB000C1EUR2081978<\/td>\n<\/tr>\n<tr>\n<th>Cod SWIFT<\/th>\n<td>CECEROBU<\/td>\n<\/tr>\n<tr>\n<th colspan=\"2\"><strong>CEC BANK SA<\/strong><\/th>\n<\/tr>\n<\/tbody>\n<\/table>\n<\/div>\n<\/div>\n<\/div>\n<\/div>\n<\/div>\n<\/article>\n<div class=\"entry-content rbct clearfix is-highlight-shares\">\n<p><strong>Donald Trump a avertizat c\u0103 vechiul continent se \u00eendreapt\u0103 spre un declin inevitabil, declar\u00e2nd r\u0103spicat: \u201eDou\u0103 lucruri ucid Europa: primul este imigra\u021bia, iar al doilea este energia. Cunosc Europa mai bine dec\u00e2t oricine, chiar mai bine dec\u00e2t cei care o conduc\u201d. Pre\u0219edintele american a vizat \u00een mod direct Marea Britanie, pe care a etichetat-o drept o \u201e\u021bar\u0103 falimentar\u0103\u201d din cauza deciziei de a bloca noile licen\u021be de exploatare petrolier\u0103. Sus\u021bin\u00e2nd c\u0103 britanicii \u201estau pe o min\u0103 de aur\u201d neexploatat\u0103 \u00een Marea Nordului, Trump i-a cerut premierului Andy Burnham s\u0103 dea dovad\u0103 de pragmatism \u0219i s\u0103 redeschid\u0103 imediat forajele pentru a salva \u021bara de la colapsul economic, scrie <a href=\"https:\/\/www.independent.co.uk\/news\/uk\/politics\/trump-burnham-uk-north-sea-bankrupt-b3026750.html\" target=\"_blank\" rel=\"noopener\">The Independent<\/a>.<\/strong><\/p>\n<p data-path-to-node=\"0\">Donald Trump a afirmat c\u0103 Marea Britanie este \u00een prezent o \u201e\u021bar\u0103 falimentar\u0103\u201d, \u00eendemn\u00e2ndu-l pe prim-ministru s\u0103 deschid\u0103 z\u0103c\u0103mintele de petrol din Marea Nordului.<\/p>\n<p data-path-to-node=\"5\">\u00cen cadrul unei conferin\u021be de pres\u0103 sus\u021binute luni, pre\u0219edintele american a declarat c\u0103 el consider\u0103 c\u0103 va avea \u201eo rela\u021bie foarte bun\u0103\u201d cu Andy Burnham \u0219i c\u0103 acesta \u201ea sunat excelent\u201d atunci c\u00e2nd cei doi au discutat despre forajele din Marea Nordului.<\/p>\n<p data-path-to-node=\"6\">De asemenea, el a subliniat necesitatea ca Europa s\u0103 preia controlul asupra imigra\u021biei ilegale, afirm\u00e2nd:<\/p>\n<p data-path-to-node=\"6\"><strong><i data-index-in-node=\"106\" data-path-to-node=\"6\">\u201eCunosc Europa mai bine dec\u00e2t oricine, chiar mai bine dec\u00e2t cei care o conduc\u201d<\/i>.<\/strong><\/p>\n<p data-path-to-node=\"8\">Manifestul din 2024 al Partidului Laburist includea promisiunea de a nu mai emite noi licen\u021be pentru Marea Nordului, iar Burnham promisese anterior s\u0103 respecte angajamentele din manifestul care a adus o majoritate confortabil\u0103 laburi\u0219tilor.<\/p>\n<p data-path-to-node=\"9\">Cu toate acestea, el i-a spus lui Trump c\u0103 va fi \u201epragmatic\u201d \u00een privin\u021ba petrolului din Marea Nordului, l\u0103s\u00e2nd u\u0219a deschis\u0103 pentru viitoare foraje \u00een regiune \u00een cadrul unei convorbiri purtate dup\u0103 preluarea func\u021biei luna trecut\u0103.<\/p>\n<p data-path-to-node=\"11\"><i data-index-in-node=\"0\" data-path-to-node=\"11\">\u201eTrebuie s\u0103 opri\u021bi imigra\u021bia ilegal\u0103 \u00een Europa. Cunosc Europa mai bine dec\u00e2t oricine, chiar mai bine dec\u00e2t cei care o conduc. Am rela\u021bii excelente cu Europa. Dou\u0103 lucruri ucid Europa: primul este imigra\u021bia, iar al doilea este energia.\u201d<\/i>, a declarat Trump<\/p>\n<p data-path-to-node=\"13\"><i data-index-in-node=\"0\" data-path-to-node=\"13\">\u201eC\u00e2nd te ui\u021bi la Marea Britanie, vezi c\u0103 are unul dintre cele mai bune z\u0103c\u0103minte de energie din lume, Marea Nordului. Cred c\u0103 noul vostru prim-ministru o s\u0103 le deschid\u0103, din c\u00e2te am auzit. Am vorbit cu el \u0219i a sunat excelent pe acest subiect. Dac\u0103 le deschide\u021bi, ve\u021bi fi o \u021bar\u0103 bogat\u0103. Dac\u0103 le \u021bine\u021bi \u00eenchise, ve\u021bi fi o \u021bar\u0103 falimentar\u0103, ceea ce sunte\u021bi \u0219i acum, a continuat el<\/i><\/p>\n<div class=\"inline-single-ad ad_single_3_index alignfull\">\n<div class=\"ad-wrap ad-script-wrap\">\n<div class=\"ad-script non-adsense edge-padding\">\n<div>\n\u203c\ufe0f\u203c\ufe0f NU recunoa\u0219tem ca pre\u0219edinte al Rom\u00e2niei pe marioneta retard\u0103 Nicu\u0219or Dan! Rom\u00e2ni, boicota\u021bi aceast\u0103 f\u0103c\u0103tur\u0103, care ne face \u021bara de r\u00e2s! NU rom\u00e2nii l-au votat pe Nicusoro\u0219 &#8211; cu unele excep\u021bii de persoane infantile, manipulabile \u0219i chiar idioate &#8211; ci l-au ajutat Maia Soro\u0219, Emanuel Macrou \u0219i tr\u0103d\u0103torii de la B.E.C. \u0219i CCR!<br \/>\n La \u00eenchisoare cu cei care au fraudat alegerile!\n<\/div>\n<\/div>\n<\/div>\n<\/div>\n<p data-path-to-node=\"14\"><i data-index-in-node=\"0\" data-path-to-node=\"14\">\u00cen esen\u021b\u0103, sunte\u021bi o \u021bar\u0103 falimentar\u0103. Sta\u021bi pe unul dintre cele mai mari z\u0103c\u0103minte energetice din Marea Nordului. Marea Britanie cump\u0103r\u0103 energie din Norvegia, care \u00ee\u0219i ia energia tot din Marea Nordului, dintr-o zon\u0103 mai pu\u021bin bogat\u0103. Sta\u021bi pe o min\u0103 de aur \u2014 mai bine dec\u00e2t aurul \u2014 \u0219i nu face\u021bi nimic cu ea, nu le permite\u021bi companiilor petroliere s\u0103 intre.\u201d<\/i><\/p>\n<p data-path-to-node=\"16\">Trump a precizat c\u0103, \u00een timpul convorbirii cu Burnham, i-a subliniat acestuia c\u0103 <i data-index-in-node=\"81\" data-path-to-node=\"16\">\u201enu orice \u021bar\u0103 are aceast\u0103 op\u021biune\u201d<\/i> de a-\u0219i folosi resursele naturale. De asemenea, el a sus\u021binut c\u0103 ora\u0219ul Aberdeen a fost capitala petrolier\u0103 a Europei p\u00e2n\u0103 c\u00e2nd <i data-index-in-node=\"245\" data-path-to-node=\"16\">\u201eliberalii au venit \u0219i au distrus-o\u201d<\/i>.<\/p>\n<p data-path-to-node=\"18\"><i data-index-in-node=\"0\" data-path-to-node=\"18\">\u201eAm indicat \u00een convorbirea telefonic\u0103 pe care am avut-o c\u0103 voi adopta o abordare pragmatic\u0103 c\u00e2nd vine vorba de Marea Nordului, iar aceasta este inten\u021bia mea pe viitor\u201d<\/i>, a spus prim-ministrul\u00a0Burnham c\u00e2nd a fost \u00eentrebat s\u0103pt\u0103m\u00e2na trecut\u0103 despre aceast\u0103 politic\u0103 controversat\u0103<\/p>\n<p data-path-to-node=\"19\"><i data-index-in-node=\"0\" data-path-to-node=\"19\">\u201eExist\u0103 o resurs\u0103 acolo. C\u00e2nd oamenii se confrunt\u0103 cu greut\u0103\u021bi, nu putem ignora acest lucru. De aceea i-am indicat acest fapt pre\u0219edintelui.\u201d<\/i><\/p>\n<p data-path-to-node=\"20\">Ed Miliband, care s-a ocupat de portofoliul energiei \u0219i al tranzi\u021biei c\u0103tre emisii net zero \u00een guvernul lui Sir Keir Starmer, a fost un sus\u021bin\u0103tor ferm al promisiunii electorale, dar a preluat \u00eentre timp rolul de ministru al afacerilor externe.<\/p>\n<p data-path-to-node=\"21\">Succesoarea sa la conducerea ministerului energiei, Miatta Fahnbulleh, a declarat c\u0103 manifestul a fost clar \u00een privin\u021ba existen\u021bei unei marje de exploatare a licen\u021belor existente \u0219i c\u0103 petrolul \u0219i gazele fac <i data-index-in-node=\"208\" data-path-to-node=\"21\">\u201eparte din mixul energetic\u201d<\/i> \u2014 f\u0103r\u0103 a preciza \u00eens\u0103 dac\u0103 exist\u0103 planuri de a merge mai departe.<\/p>\n<p data-path-to-node=\"22\">Guvernul condus de Burnham se confrunt\u0103, de asemenea, cu apeluri din partea sectorului energetic pentru aprobarea z\u0103c\u0103m\u00e2ntului de gaze Jackdaw (la est de Aberdeen) \u0219i a z\u0103c\u0103m\u00e2ntului petrolier Rosebank (la vest de Shetland).<\/p>\n<p data-path-to-node=\"23\">Activi\u0219tii de mediu au avertizat c\u0103 o astfel de aprobare ar \u00eenc\u0103lca promisiunea electoral\u0103 a laburi\u0219tilor.<\/p>\n<p data-path-to-node=\"24\">Consult\u0103rile privind aceste proiecte sunt programate s\u0103 se desf\u0103\u0219oare \u00eentre 10 \u0219i 17 august, urm\u00e2nd ca Autoritatea de Reglementare a Petrolului Offshore pentru Mediu \u0219i Dezafectare (OPRED) s\u0103 fac\u0103 o recomandare guvernului britanic dup\u0103 aceast\u0103 perioad\u0103.<\/p>\n<blockquote class=\"twitter-tweet\">\n<p dir=\"ltr\" lang=\"en\">NOW \u2013 Trump: \u201eI know Europe better than anybody. Better than the people that run it\u2026 two things are killing Europe: number one is immigration and number two is energy.\u201d <a href=\"https:\/\/t.co\/cksqcSqjMn\">pic.twitter.com\/cksqcSqjMn<\/a><\/p>\n<p>\u2014 Disclose.tv (@disclosetv) <a href=\"https:\/\/x.com\/disclosetv\/status\/2084342612002042218?ref_src=twsrc%5Etfw\">August 3, 2026<\/a><\/p>\n<\/blockquote>\n<\/div>\n<p>[analyse_source url=&#8221;https:\/\/ortodoxinfo.ro\/2026\/08\/04\/trump-doua-lucruri-ucid-europa-primul-este-imigratia-iar-al-doilea-este-energia-cunosc-europa-mai-bine-decat-oricine-chiar-mai-bine-decat-cei-care-o-conduc\/&#8221;]<\/p>\n","protected":false},"excerpt":{"rendered":"<p>[analyse_image type=&#8221;featured&#8221; src=&#8221;https:\/\/ortodoxinfo.ro\/wp-content\/uploads\/2026\/08\/trump-doua-lucruri-ucid-europa-primul-este-imigratia-iar-al-doilea-este-energia-cunosc-europa-mai-bi.jpeghttps:\/\/ortodoxinfo.ro\/wp-content\/uploads\/2026\/08\/trump-doua-lucruri-ucid-europa-primul-este-imigratia-iar-al-doilea-este-energia-cunosc-europa-mai-bi.jpeg&#8221;] Prima pagin\u0103 \u00bb Blog \u00bb Trump: \u201eDou\u0103 lucruri ucid Europa: primul este imigra\u021bia, iar al doilea este energia. Cunosc Europa mai bine dec\u00e2t oricine, chiar mai bine dec\u00e2t cei care o conduc\u201d Trump: \u201eDou\u0103 lucruri ucid Europa: primul este imigra\u021bia, iar al doilea este energia. Cunosc Europa mai bine dec\u00e2t oricine, chiar [&hellip;]<\/p>\n","protected":false},"author":1,"featured_media":0,"comment_status":"open","ping_status":"","sticky":false,"template":"","format":"standard","meta":{"footnotes":""},"categories":[89],"tags":[226,94],"class_list":["post-2077438","post","type-post","status-publish","format-standard","hentry","category-romania","tag-crawlmanager","tag-ortodoxinfo-ro"],"_links":{"self":[{"href":"https:\/\/analyse.optim.biz\/index.php?rest_route=\/wp\/v2\/posts\/2077438","targetHints":{"allow":["GET"]}}],"collection":[{"href":"https:\/\/analyse.optim.biz\/index.php?rest_route=\/wp\/v2\/posts"}],"about":[{"href":"https:\/\/analyse.optim.biz\/index.php?rest_route=\/wp\/v2\/types\/post"}],"author":[{"embeddable":true,"href":"https:\/\/analyse.optim.biz\/index.php?rest_route=\/wp\/v2\/users\/1"}],"replies":[{"embeddable":true,"href":"https:\/\/analyse.optim.biz\/index.php?rest_route=%2Fwp%2Fv2%2Fcomments&post=2077438"}],"version-history":[{"count":0,"href":"https:\/\/analyse.optim.biz\/index.php?rest_route=\/wp\/v2\/posts\/2077438\/revisions"}],"wp:attachment":[{"href":"https:\/\/analyse.optim.biz\/index.php?rest_route=%2Fwp%2Fv2%2Fmedia&parent=2077438"}],"wp:term":[{"taxonomy":"category","embeddable":true,"href":"https:\/\/analyse.optim.biz\/index.php?rest_route=%2Fwp%2Fv2%2Fcategories&post=2077438"},{"taxonomy":"post_tag","embeddable":true,"href":"https:\/\/analyse.optim.biz\/index.php?rest_route=%2Fwp%2Fv2%2Ftags&post=2077438"}],"curies":[{"name":"wp","href":"https:\/\/api.w.org\/{rel}","templated":true}]}}