{"id":2077436,"date":"2026-08-03T14:45:18","date_gmt":"2026-08-03T11:45:18","guid":{"rendered":"https:\/\/analyse.optim.biz\/?p=2077436"},"modified":"2026-08-03T14:45:18","modified_gmt":"2026-08-03T11:45:18","slug":"ce-inseamna-sa-joci-inteligent-a-fost-aprobat-amendamentul-aur-care-obliga-pe-concubina-lui-harpalete-sa-si-declare-averea-felicitari-aur","status":"publish","type":"post","link":"https:\/\/analyse.optim.biz\/?p=2077436","title":{"rendered":"Ce \u00eenseamn\u0103 s\u0103 joci inteligent: A fost aprobat amendamentul AUR care oblig\u0103 pe concubina lui Harpalete s\u0103-\u0219i declare averea! Felicit\u0103ri AUR!"},"content":{"rendered":"<p>[analyse_image type=&#8221;featured&#8221; src=&#8221;https:\/\/ortodoxinfo.ro\/wp-content\/uploads\/2026\/08\/IMG-20260803-WA0016.jpghttps:\/\/ortodoxinfo.ro\/wp-content\/uploads\/2026\/08\/IMG-20260803-WA0016.jpg&#8221;]<\/p>\n<article id=\"post-254625\" class=\"post-254625 post type-post status-publish format-standard has-post-thumbnail category-lupta-pentru-romania\">\n<header class=\"single-header\">\n<aside class=\"breadcrumb-wrap breadcrumb-yoast s-breadcrumb\">\n<div class=\"breadcrumb-inner\"><span><span><a href=\"https:\/\/ortodoxinfo.ro\/\">Prima pagin\u0103<\/a><\/span> \u00bb <span><a href=\"https:\/\/ortodoxinfo.ro\/blog\/\">Blog<\/a><\/span> \u00bb <span class=\"breadcrumb_last\" aria-current=\"page\">Ce \u00eenseamn\u0103 s\u0103 joci inteligent: A fost aprobat amendamentul AUR care oblig\u0103 pe concubina lui Harpalete s\u0103-\u0219i declare averea! Felicit\u0103ri AUR!<\/span><\/span><\/div>\n<\/aside>\n<h1 class=\"s-title fw-headline\">Ce \u00eenseamn\u0103 s\u0103 joci inteligent: A fost aprobat amendamentul AUR care oblig\u0103 pe concubina lui Harpalete s\u0103-\u0219i declare averea! Felicit\u0103ri AUR!<\/h1>\n<div class=\"single-meta meta-s-default yes-0\">\n<div class=\"smeta-in\"><a class=\"meta-el meta-avatar\" href=\"https:\/\/ortodoxinfo.ro\/author\/redactor\/\"><img loading=\"lazy\" decoding=\"async\" alt=\"OrtodoxINFO\" src=\"https:\/\/secure.gravatar.com\/avatar\/21010332354a182ce4de6016685c5586f21c51866d0ec5bc8ef383240b3c3e02?s=120&amp;r=g\" class=\"avatar avatar-120 photo\" height=\"120\" width=\"120\"><\/a><\/p>\n<div class=\"smeta-sec\">\n<div class=\"p-meta\">\n<div class=\"meta-inner is-meta\"><span class=\"meta-el meta-date\"><time datetime=\"2026-08-03T17:45:18+03:00\">3 august 2026<\/time><\/span><span class=\"meta-el meta-category meta-bold\"><a class=\"meta-separate category-19866\" href=\"https:\/\/ortodoxinfo.ro\/category\/lupta-pentru-romania\/\">Lupt\u0103 pentru Rom\u00e2nia<\/a><\/span><span class=\"meta-el meta-view\">12.1k vizualiz\u0103ri\t\t<\/span><span class=\"meta-el meta-comment mobile-last-meta tablet-last-meta\"><a href=\"https:\/\/ortodoxinfo.ro\/2026\/08\/03\/ce-inseamna-sa-joci-inteligent-a-fost-aprobat-amendamentul-aur-care-obliga-pe-concubina-lui-harpalete-sa-si-declare-averea-felicitari-aur\/#respond\">Comentarii<\/a><\/span><\/div>\n<\/div>\n<\/div>\n<\/div>\n<div class=\"smeta-extra\">\n<div class=\"t-shared-sec tooltips-n has-read-meta is-color\">\n<div class=\"t-shared-header is-meta\"><span class=\"share-label\">Share<\/span><\/div>\n<\/div>\n<div class=\"single-right-meta single-time-read is-meta\"><span class=\"meta-el meta-read\">3 Min Read<\/span><\/div>\n<\/div>\n<\/div>\n<\/header>\n<div class=\"grid-container\">\n<div class=\"s-ct\">\n<div class=\"s-feat-outer\">\n<div class=\"s-feat\">\n<div class=\"featured-lightbox-trigger\" data-source=\"https:\/\/ortodoxinfo.ro\/wp-content\/uploads\/2026\/08\/IMG-20260803-WA0016.jpg\" data-caption data-attribution><img fetchpriority=\"high\" decoding=\"async\" width=\"860\" height=\"835\" src=\"https:\/\/ortodoxinfo.ro\/wp-content\/uploads\/2026\/08\/IMG-20260803-WA0016-860x835.jpg\" class=\"attachment-foxiz_crop_o1 size-foxiz_crop_o1 wp-post-image\" alt loading=\"eager\"><\/div>\n<\/div>\n<\/div>\n<div class=\"s-ct-wrap has-lsl\">\n<div class=\"s-ct-inner\">\n<div class=\"l-shared-sec-outer show-mobile\">\n<div class=\"l-shared-sec\">\n<div class=\"l-shared-header meta-text\"><span class=\"share-label\">SHARE<\/span><\/div>\n<\/div>\n<\/div>\n<div class=\"e-ct-outer\">\n<div class=\"entry-top\">\n<div id=\"custom_html-3\" class=\"widget_text widget entry-widget clearfix widget_custom_html\">\n<div class=\"textwidget custom-html-widget\">\n<div><small><br \/>\n    OrtodoxINFO este supus unui sabotaj sistematic din partea reprezentan\u021bilor Google Rom\u00e2nia, at\u00e2t la afi\u0219\u0103ri c\u00e2t \u0219i \u00een rezultatele de c\u0103utare.<br \/>\n        Astfel c\u0103 veniturile din publicitate au sc\u0103zut de p\u00e2n\u0103 la <strong>10 ori<\/strong>. Situa\u021bia este similar\u0103 \u0219i pe Facebook.<\/p>\n<p>        V\u0103 invit\u0103m s\u0103 accesa\u021bi direct site-ul \u0219i s\u0103 v\u0103 abona\u021bi la notific\u0103ri.<\/p>\n<p>    Dac\u0103 dori\u021bi s\u0103 ne sus\u021bine\u021bi \u00een aceast\u0103 perioad\u0103 dificil\u0103, orice <a href=\"https:\/\/ortodoxinfo.ro\/donatii\/\">dona\u021bie<\/a> este binevenit\u0103.<br \/>\n    Dumnezeu s\u0103 v\u0103 r\u0103spl\u0103teasc\u0103!<br \/>\n<\/small><\/div>\n<\/div>\n<\/div>\n<\/div>\n<div class=\"entry-content rbct clearfix is-highlight-shares\">\n<p>S\u0103pt\u0103m\u00e2na trecut\u0103 AUR s-a ab\u021binut \u0219i s-au activat trompetele!<\/p>\n<p>Ast\u0103zi, amendamentul AUR dovede\u0219te ce \u00eenseamn\u0103 transparen\u021b\u0103 total\u0103: so\u021bii \u0219i partenerii de via\u021b\u0103 ai demnitarilor vor fi OBLIGA\u021aI s\u0103 \u00ee\u0219i declare averea. O m\u0103sur\u0103 care \u00eenchide porti\u021bele prin care averile puteau fi ASCUNSE \u0219i \u00eent\u0103re\u0219te integritatea \u00een func\u021biile publice.<\/p>\n<p>Exact direc\u021bia pe care PARTIDUL AUR o sus\u021bine: transparen\u021b\u0103 total\u0103 \u0219i aceea\u0219i responsabilitate pentru to\u021bi cei afla\u021bi la putere.<\/p>\n<p>So\u021bii \u0219i partenerii de via\u021b\u0103 vor fi nevoi\u021bi s\u0103 \u00ee\u0219i declare averea printr-un amendament la legea integrit\u0103\u021bii depus de AUR<\/p>\n<p>Amendamentul AUR la legea integrit\u0103\u021bii prin care obliga\u021bia de depunere a declara\u021biilor de avere \u0219i de interese este extins\u0103 \u0219i asupra so\u021bilor, so\u021biilor \u0219i persoanelor aflate \u00een rela\u021bii asimilate celor dintre so\u021bi ai Pre\u0219edintelui Rom\u00e2niei, parlamentarilor, prim-ministrului, mini\u0219trilor \u0219i altor demnitari de rang \u00eenalt, \u00een condi\u021biile prev\u0103zute de lege, a fost adoptat de Comisia Juridic\u0103 a Camerei Deputa\u021bilor \u0219i va merge la vot \u00een forma final\u0103 a legii.<\/p>\n<p>Modificarea urm\u0103re\u0219te extinderea sferei persoanelor obligate s\u0103 declare averea \u0219i interesele, pornind de la ideea c\u0103 transparen\u021ba nu prive\u0219te doar titularul unei func\u021bii publice, ci \u0219i situa\u021biile \u00een care patrimoniul sau interesele relevante pot fi de\u021binute ori administrate prin intermediul persoanelor apropiate. \u00cen acest fel, legea \u00eencearc\u0103 s\u0103 ofere o imagine mai complet\u0103 asupra averilor demnitarilor \u0219i a poten\u021bialelor conflicte de interese asociate exercit\u0103rii unei func\u021bii publice.<\/p>\n<p>P\u00e2n\u0103 acum, declara\u021biile de avere ale demnitarilor includeau, de regul\u0103, doar bunurile proprii \u0219i pe cele ale copiilor minori, f\u0103r\u0103 o obliga\u021bie independent\u0103 pentru partnerul de via\u021b\u0103. Aceast\u0103 lacun\u0103 permitea transferul de bunuri sau interese c\u0103tre so\u021b, so\u021bie sau partener, diminu\u00e2nd eficien\u021ba controlului public \u0219i cre\u00e2nd premise pentru eludarea prevederilor legale. Extinderea obliga\u021biei de declarare la aceste categorii, limitate strict la func\u021biile de maxim\u0103 vizibilitate \u0219i putere decizional\u0103, \u00eenchide aceast\u0103 porti\u021b\u0103 \u0219i consolideaz\u0103 regimul de integritate.<\/p>\n<p>Prin amendamentul depus de AUR se consolideaz\u0103 principiul conform c\u0103ruia puterea public\u0103 trebuie \u00eenso\u021bit\u0103 de o responsabilitate pe m\u0103sur\u0103, iar \u00eencrederea cet\u0103\u021benilor \u00een institu\u021biile fundamentale ale statului poate fi reconstruit\u0103 pe baze mai solide.<\/p>\n<p>AUR a propus aceast\u0103 modificare tocmai pentru a elimina o inechitate evident\u0103 din sistemul actual de control al averilor. Acum c\u0103 a fost adoptat amendamentul, r\u0103m\u00e2ne s\u0103 vedem dac\u0103 partidele parlamentare sunt consecvente discursului public privind sporirea transparen\u021bei.<\/p>\n<div class=\"inline-single-ad ad_single_3_index alignfull\">\n<div class=\"ad-wrap ad-script-wrap\">\n<div class=\"ad-script non-adsense edge-padding\">\n<div>\n\u203c\ufe0f\u203c\ufe0f NU recunoa\u0219tem ca pre\u0219edinte al Rom\u00e2niei pe marioneta retard\u0103 Nicu\u0219or Dan! Rom\u00e2ni, boicota\u021bi aceast\u0103 f\u0103c\u0103tur\u0103, care ne face \u021bara de r\u00e2s! NU rom\u00e2nii l-au votat pe Nicusoro\u0219 &#8211; cu unele excep\u021bii de persoane infantile, manipulabile \u0219i chiar idioate &#8211; ci l-au ajutat Maia Soro\u0219, Emanuel Macrou \u0219i tr\u0103d\u0103torii de la B.E.C. \u0219i CCR!<br \/>\n La \u00eenchisoare cu cei care au fraudat alegerile!\n<\/div>\n<\/div>\n<\/div>\n<\/div>\n<\/div>\n<\/div>\n<\/div>\n<div class=\"e-shared-sec entry-sec\">\n<div class=\"e-shared-header h4\"><span>Distribuie<\/span><\/div>\n<div class=\"rbbsl tooltips-n effect-fadeout is-bg\"><a class=\"share-action share-trigger icon-facebook\" aria-label=\"Share on Facebook\" href=\"https:\/\/www.facebook.com\/sharer.php?u=https%3A%2F%2Fortodoxinfo.ro%2F2026%2F08%2F03%2Fce-inseamna-sa-joci-inteligent-a-fost-aprobat-amendamentul-aur-care-obliga-pe-concubina-lui-harpalete-sa-si-declare-averea-felicitari-aur%2F\" data-title=\"Facebook\" rel=\"nofollow\"><span>Facebook<\/span><\/a><a class=\"share-action share-trigger icon-twitter\" aria-label=\"Share on X\" href=\"https:\/\/twitter.com\/intent\/tweet?text=Ce+%C3%AEnseamn%C4%83+s%C4%83+joci+inteligent%3A+A+fost+aprobat+amendamentul+AUR+care+oblig%C4%83+pe+concubina+lui+Harpalete+s%C4%83-%C8%99i+declare+averea%21+Felicit%C4%83ri+AUR%21&amp;url=https%3A%2F%2Fortodoxinfo.ro%2F2026%2F08%2F03%2Fce-inseamna-sa-joci-inteligent-a-fost-aprobat-amendamentul-aur-care-obliga-pe-concubina-lui-harpalete-sa-si-declare-averea-felicitari-aur%2F&amp;via=ortodoxinforo\" data-title=\"X\" rel=\"nofollow\"><span>X<\/span><\/a><a class=\"share-action icon-whatsapp is-web\" aria-label=\"Share on Whatsapp\" href=\"https:\/\/web.whatsapp.com\/send?text=Ce+%C3%AEnseamn%C4%83+s%C4%83+joci+inteligent%3A+A+fost+aprobat+amendamentul+AUR+care+oblig%C4%83+pe+concubina+lui+Harpalete+s%C4%83-%C8%99i+declare+averea%21+Felicit%C4%83ri+AUR%21%20%E2%98%9E%20https%3A%2F%2Fortodoxinfo.ro%2F2026%2F08%2F03%2Fce-inseamna-sa-joci-inteligent-a-fost-aprobat-amendamentul-aur-care-obliga-pe-concubina-lui-harpalete-sa-si-declare-averea-felicitari-aur%2F\" target=\"_blank\" data-title=\"WhatsApp\" rel=\"nofollow\"><span>Whatsapp<\/span><\/a><a class=\"share-action icon-whatsapp is-mobile\" aria-label=\"Share on Whatsapp\" href=\"\/\/send?text=Ce+%C3%AEnseamn%C4%83+s%C4%83+joci+inteligent%3A+A+fost+aprobat+amendamentul+AUR+care+oblig%C4%83+pe+concubina+lui+Harpalete+s%C4%83-%C8%99i+declare+averea%21+Felicit%C4%83ri+AUR%21%20%E2%98%9E%20https%3A%2F%2Fortodoxinfo.ro%2F2026%2F08%2F03%2Fce-inseamna-sa-joci-inteligent-a-fost-aprobat-amendamentul-aur-care-obliga-pe-concubina-lui-harpalete-sa-si-declare-averea-felicitari-aur%2F\" target=\"_blank\" data-title=\"WhatsApp\" rel=\"nofollow\"><span>Whatsapp<\/span><\/a><a class=\"share-action share-trigger icon-telegram\" aria-label=\"Share on Telegram\" href=\"https:\/\/t.me\/share\/?url=https%3A%2F%2Fortodoxinfo.ro%2F2026%2F08%2F03%2Fce-inseamna-sa-joci-inteligent-a-fost-aprobat-amendamentul-aur-care-obliga-pe-concubina-lui-harpalete-sa-si-declare-averea-felicitari-aur%2F&amp;text=Ce+%C3%AEnseamn%C4%83+s%C4%83+joci+inteligent%3A+A+fost+aprobat+amendamentul+AUR+care+oblig%C4%83+pe+concubina+lui+Harpalete+s%C4%83-%C8%99i+declare+averea%21+Felicit%C4%83ri+AUR%21\" data-title=\"Telegram\" rel=\"nofollow\"><span>Telegram<\/span><\/a><a class=\"share-action icon-copy copy-trigger\" aria-label=\"Copy Link\" href=\"https:\/\/ortodoxinfo.ro\/2026\/08\/03\/ce-inseamna-sa-joci-inteligent-a-fost-aprobat-amendamentul-aur-care-obliga-pe-concubina-lui-harpalete-sa-si-declare-averea-felicitari-aur\/\" data-copied=\"Copied!\" data-link=\"https:\/\/ortodoxinfo.ro\/2026\/08\/03\/ce-inseamna-sa-joci-inteligent-a-fost-aprobat-amendamentul-aur-care-obliga-pe-concubina-lui-harpalete-sa-si-declare-averea-felicitari-aur\/\" rel=\"nofollow\" data-copy=\"Copy Link\"><span>Copy Link<\/span><\/a><a class=\"share-action icon-print\" aria-label=\"Print\" rel=\"nofollow\" data-title=\"Print\"><span>Print<\/span><\/a><\/div>\n<\/div>\n<\/div>\n<div id=\"tabs\" class=\"dntplgn_form_wrapper\"><span><\/p>\n<h2>\u0218tirile sunt sub cenzur\u0103! Sprijini\u021bi OrtodoxINFO!<\/h2>\n<p>Guvernul nu dore\u0219te aflarea adev\u0103rului despre lovitura de stat \u0219i \u00eengenuncherea Rom\u00e2niei. \u00cencerc\u0103m s\u0103 men\u021binem viu acest site \u0219i s\u0103 v\u0103 punem la dispozi\u021bie informa\u021bii care s\u0103 fac\u0103 lumin\u0103 \u00een cea mai mare provocare pe care o tr\u0103im. Jurnalismul independent al portalului OrtodoxINFO func\u021bioneaz\u0103 strict cu ajutorul cititorilor.<br \/>\nNe pute\u021bi sprijini printr-o <b><a href=\"https:\/\/ortodoxinfo.ro\/donatii\/\">dona\u021bie bancar\u0103<\/a> sau prin PayPal, complet\u00e2nd formularul de mai jos.<\/b><\/span><\/p>\n<ul>\n<li><a href=\"https:\/\/ortodoxinfo.ro\/2026\/08\/03\/ce-inseamna-sa-joci-inteligent-a-fost-aprobat-amendamentul-aur-care-obliga-pe-concubina-lui-harpalete-sa-si-declare-averea-felicitari-aur\/#tabs-1\">Dona\u021bie lunar\u0103<\/a><\/li>\n<li><a href=\"https:\/\/ortodoxinfo.ro\/2026\/08\/03\/ce-inseamna-sa-joci-inteligent-a-fost-aprobat-amendamentul-aur-care-obliga-pe-concubina-lui-harpalete-sa-si-declare-averea-felicitari-aur\/#tabs-2\">Doar acum<\/a><\/li>\n<\/ul>\n<div id=\"tabs-1\"><img loading=\"lazy\" decoding=\"async\" alt border=\"0\" src=\"https:\/\/www.paypalobjects.com\/en_US\/i\/scr\/pixel.gif\" width=\"1\" height=\"1\"><\/div>\n<div id=\"tabs-2\">\n<p>\t\t     \u20ac<\/p>\n<p>\t\t    <img loading=\"lazy\" decoding=\"async\" alt border=\"0\" src=\"https:\/\/www.paypalobjects.com\/en_US\/i\/scr\/pixel.gif\" width=\"1\" height=\"1\"><\/div>\n<p>Mul\u021bumim celor care ne-au ajutat p\u00e2n\u0103 acum!\n\t<\/p><\/div>\n<div class=\"comment-box-wrap entry-sec\">\n<div class=\"comment-box-header\"><span class=\"h3\">Las\u0103 un comentariu<\/span><\/div>\n<div class=\"comment-holder no-comment\">\n<div id=\"comments\" class=\"comments-area\">\n<div id=\"respond\" class=\"comment-respond\">\n<h3 id=\"reply-title\" class=\"comment-reply-title\">Las\u0103 un r\u0103spuns <small><a rel=\"nofollow\" id=\"cancel-comment-reply-link\" href=\"https:\/\/ortodoxinfo.ro\/2026\/08\/03\/ce-inseamna-sa-joci-inteligent-a-fost-aprobat-amendamentul-aur-care-obliga-pe-concubina-lui-harpalete-sa-si-declare-averea-felicitari-aur\/#respond\">Anuleaz\u0103 r\u0103spunsul<\/a><\/small><\/h3>\n<p class=\"comment-notes\"><span id=\"email-notes\">Adresa ta de email nu va fi publicat\u0103.<\/span><span class=\"required-field-message\">C\u00e2mpurile obligatorii sunt marcate cu <span class=\"required\">*<\/span><\/span><\/p>\n<\/div>\n<\/div>\n<\/div>\n<\/div>\n<\/div>\n<div class=\"sidebar-wrap single-sidebar\">\n<div class=\"sidebar-inner clearfix\">\n<div id=\"widget-post-2\" class=\"widget rb-section w-sidebar clearfix widget-post\">\n<div class=\"block-h widget-heading heading-layout-1\">\n<div class=\"heading-inner\">\n<h4 class=\"heading-title\"><span>Articole recente<\/span><\/h4>\n<\/div>\n<\/div>\n<div class=\"widget-p-listing\">\n<div class=\"p-wrap p-small p-list-small-2\" data-pid=\"254916\">\n<div class=\"feat-holder\">\n<div class=\"p-featured ratio-v1\"><a class=\"p-flink\" href=\"https:\/\/ortodoxinfo.ro\/2026\/08\/04\/specialistii-au-considerat-ca-adancirea-bratului-chilia-si-adancirea-masiva-a-canalului-bistroe-vor-duce-la-scaderea-debitelor-patrick-andre-de-hillerin-in-sfarsit-usr-si-pnl-au-inteles-legea-vasel\/\" title=\"Speciali\u0219tii au considerat c\u0103 ad\u00e2ncirea bra\u021bului Chilia \u0219i ad\u00e2ncirea masiv\u0103 a canalului B\u00eestroe vor duce la sc\u0103derea debitelor. Patrick Andr\u00e9 de Hillerin: \u00cen sf\u00e2r\u0219it, USR \u0219i PNL au \u00een\u021beles legea vaselor comunicante\"><img decoding=\"async\" width=\"150\" height=\"150\" src=\"https:\/\/ortodoxinfo.ro\/wp-content\/uploads\/2026\/08\/specialistii-au-considerat-ca-adancirea-bratului-chilia-si-adancirea-masiva-a-canalului-bistroe-vor-150x150.png\" class=\"featured-img wp-post-image\" alt loading=\"lazy\"><\/a><\/div>\n<\/div>\n<div class=\"p-content\">\n<h5 class=\"entry-title\"><a class=\"p-url\" href=\"https:\/\/ortodoxinfo.ro\/2026\/08\/04\/specialistii-au-considerat-ca-adancirea-bratului-chilia-si-adancirea-masiva-a-canalului-bistroe-vor-duce-la-scaderea-debitelor-patrick-andre-de-hillerin-in-sfarsit-usr-si-pnl-au-inteles-legea-vasel\/\" rel=\"bookmark\">Speciali\u0219tii au considerat c\u0103 ad\u00e2ncirea bra\u021bului Chilia \u0219i ad\u00e2ncirea masiv\u0103 a canalului B\u00eestroe vor duce la sc\u0103derea debitelor. Patrick Andr\u00e9 de Hillerin: \u00cen sf\u00e2r\u0219it, USR \u0219i PNL au \u00een\u021beles legea vaselor comunicante<\/a><\/h5>\n<div class=\"p-meta\">\n<div class=\"meta-inner is-meta\"><span class=\"meta-el meta-date\"><time datetime=\"2026-08-04T14:43:35+03:00\">4 august 2026<\/time><\/span><span class=\"meta-el meta-category meta-bold\"><a class=\"meta-separate category-19885\" href=\"https:\/\/ortodoxinfo.ro\/category\/anti-sistem\/anti-romanism\/asasinii-tarii\/\">Asasinii \u021b\u0103rii<\/a><\/span><span class=\"meta-el meta-view\">7.3k vizualiz\u0103ri\t\t<\/span><\/div>\n<\/div>\n<\/div>\n<\/div>\n<div class=\"p-wrap p-small p-list-small-2\" data-pid=\"254778\">\n<div class=\"feat-holder\">\n<div class=\"p-featured ratio-v1\"><a class=\"p-flink\" href=\"https:\/\/ortodoxinfo.ro\/2026\/08\/04\/netanyahu-vrea-ca-israelul-sa-si-fabrice-propriile-aeronave-supersonice-de-lupta-dupa-ce-a-depins-decenii-de-fortele-aeriene-ale-sua\/\" title=\"Netanyahu vrea ca Israelul s\u0103-\u0219i fabrice propriile aeronave supersonice de lupt\u0103 dup\u0103 ce a depins decenii de for\u021bele aeriene ale SUA\"><img decoding=\"async\" width=\"150\" height=\"150\" src=\"https:\/\/ortodoxinfo.ro\/wp-content\/uploads\/2026\/08\/netanyahu-si-avioane-stealth-f-35-1280x720-150x150.png\" class=\"featured-img wp-post-image\" alt loading=\"lazy\"><\/a><\/div>\n<\/div>\n<div class=\"p-content\">\n<h5 class=\"entry-title\"><a class=\"p-url\" href=\"https:\/\/ortodoxinfo.ro\/2026\/08\/04\/netanyahu-vrea-ca-israelul-sa-si-fabrice-propriile-aeronave-supersonice-de-lupta-dupa-ce-a-depins-decenii-de-fortele-aeriene-ale-sua\/\" rel=\"bookmark\">Netanyahu vrea ca Israelul s\u0103-\u0219i fabrice propriile aeronave supersonice de lupt\u0103 dup\u0103 ce a depins decenii de for\u021bele aeriene ale SUA<\/a><\/h5>\n<div class=\"p-meta\">\n<div class=\"meta-inner is-meta\"><span class=\"meta-el meta-date\"><time datetime=\"2026-08-04T11:37:04+03:00\">4 august 2026<\/time><\/span><span class=\"meta-el meta-category meta-bold\"><a class=\"meta-separate category-19883\" href=\"https:\/\/ortodoxinfo.ro\/category\/anti-sistem\/al-iii-lea-razboi-mondial\/israel\/\">Israel<\/a><\/span><span class=\"meta-el meta-view\">3.1k vizualiz\u0103ri\t\t<\/span><\/div>\n<\/div>\n<\/div>\n<\/div>\n<div class=\"p-wrap p-small p-list-small-2\" data-pid=\"254728\">\n<div class=\"feat-holder\">\n<div class=\"p-featured ratio-v1\"><a class=\"p-flink\" href=\"https:\/\/ortodoxinfo.ro\/2026\/08\/04\/trump-doua-lucruri-ucid-europa-primul-este-imigratia-iar-al-doilea-este-energia-cunosc-europa-mai-bine-decat-oricine-chiar-mai-bine-decat-cei-care-o-conduc\/\" title=\"Trump: \u201eDou\u0103 lucruri ucid Europa: primul este imigra\u021bia, iar al doilea este energia. Cunosc Europa mai bine dec\u00e2t oricine, chiar mai bine dec\u00e2t cei care o conduc\u201d\"><img decoding=\"async\" width=\"150\" height=\"150\" src=\"https:\/\/ortodoxinfo.ro\/wp-content\/uploads\/2026\/08\/trump-doua-lucruri-ucid-europa-primul-este-imigratia-iar-al-doilea-este-energia-cunosc-europa-mai-bi-150x150.jpeg\" class=\"featured-img wp-post-image\" alt loading=\"lazy\"><\/a><\/div>\n<\/div>\n<div class=\"p-content\">\n<h5 class=\"entry-title\"><a class=\"p-url\" href=\"https:\/\/ortodoxinfo.ro\/2026\/08\/04\/trump-doua-lucruri-ucid-europa-primul-este-imigratia-iar-al-doilea-este-energia-cunosc-europa-mai-bine-decat-oricine-chiar-mai-bine-decat-cei-care-o-conduc\/\" rel=\"bookmark\">Trump: \u201eDou\u0103 lucruri ucid Europa: primul este imigra\u021bia, iar al doilea este energia. Cunosc Europa mai bine dec\u00e2t oricine, chiar mai bine dec\u00e2t cei care o conduc\u201d<\/a><\/h5>\n<div class=\"p-meta\">\n<div class=\"meta-inner is-meta\"><span class=\"meta-el meta-date\"><time datetime=\"2026-08-04T09:38:34+03:00\">4 august 2026<\/time><\/span><span class=\"meta-el meta-category meta-bold\"><a class=\"meta-separate category-1538\" href=\"https:\/\/ortodoxinfo.ro\/category\/anti-sistem\/uniunea-europeana\/\">Uniunea european\u0103<\/a><\/span><span class=\"meta-el meta-view\">5.8k vizualiz\u0103ri\t\t<\/span><\/div>\n<\/div>\n<\/div>\n<\/div>\n<div class=\"p-wrap p-small p-list-small-2\" data-pid=\"254551\">\n<div class=\"feat-holder\">\n<div class=\"p-featured ratio-v1\"><a class=\"p-flink\" href=\"https:\/\/ortodoxinfo.ro\/2026\/08\/03\/grindeanu-a-batut-palma-cu-nicusor-dan-pentru-o-noua-crima-la-adresa-economiei-romanesti-interzicerea-hidrocentralelor-prin-legea-biodiversitatii-facuta-de-firme-private-controlate-din-exterior\/\" title=\"Grindeanu a b\u0103tut palma cu Nicu\u0219or Dan pentru o nou\u0103 CRIM\u0102 la adresa economiei rom\u00e2ne\u0219ti: interzicerea hidrocentralelor, prin Legea biodiversit\u0103\u021bii, f\u0103cut\u0103 de firme private, controlate din exterior\"><img decoding=\"async\" width=\"150\" height=\"150\" src=\"https:\/\/ortodoxinfo.ro\/wp-content\/uploads\/2026\/08\/img-150x150.jpg\" class=\"featured-img wp-post-image\" alt loading=\"lazy\"><\/a><\/div>\n<\/div>\n<div class=\"p-content\">\n<h5 class=\"entry-title\"><a class=\"p-url\" href=\"https:\/\/ortodoxinfo.ro\/2026\/08\/03\/grindeanu-a-batut-palma-cu-nicusor-dan-pentru-o-noua-crima-la-adresa-economiei-romanesti-interzicerea-hidrocentralelor-prin-legea-biodiversitatii-facuta-de-firme-private-controlate-din-exterior\/\" rel=\"bookmark\">Grindeanu a b\u0103tut palma cu Nicu\u0219or Dan pentru o nou\u0103 CRIM\u0102 la adresa economiei rom\u00e2ne\u0219ti: interzicerea hidrocentralelor, prin Legea biodiversit\u0103\u021bii, f\u0103cut\u0103 de firme private, controlate din exterior<\/a><\/h5>\n<div class=\"p-meta\">\n<div class=\"meta-inner is-meta\"><span class=\"meta-el meta-date\"><time datetime=\"2026-08-03T14:41:35+03:00\">3 august 2026<\/time><\/span><span class=\"meta-el meta-category meta-bold\"><a class=\"meta-separate category-19885\" href=\"https:\/\/ortodoxinfo.ro\/category\/anti-sistem\/anti-romanism\/asasinii-tarii\/\">Asasinii \u021b\u0103rii<\/a><\/span><span class=\"meta-el meta-view\">16.3k vizualiz\u0103ri\t\t<\/span><\/div>\n<\/div>\n<\/div>\n<\/div>\n<\/div>\n<\/div>\n<div id=\"custom_html-2\" class=\"widget_text widget rb-section w-sidebar clearfix widget_custom_html\">\n<div class=\"block-h widget-heading heading-layout-1\">\n<div class=\"heading-inner\">\n<h4 class=\"heading-title\"><span>DONA\u021aII \u00een cont bancar<\/span><\/h4>\n<\/div>\n<\/div>\n<div class=\"textwidget custom-html-widget\">\n<table class=\"donatii\">\n<tbody>\n<tr>\n<th colspan=\"2\"><strong><span>Asicia\u021bia SMI-B<\/span><\/strong><\/th>\n<\/tr>\n<tr>\n<th>Cont LEI<\/th>\n<td>RO67CECEB00030RON2081955<\/td>\n<\/tr>\n<tr>\n<th>Cont EURO<\/th>\n<td>RO33CECEB000C1EUR2081978<\/td>\n<\/tr>\n<tr>\n<th>Cod SWIFT<\/th>\n<td>CECEROBU<\/td>\n<\/tr>\n<tr>\n<th colspan=\"2\"><strong>CEC BANK SA<\/strong><\/th>\n<\/tr>\n<\/tbody>\n<\/table>\n<\/div>\n<\/div>\n<\/div>\n<\/div>\n<\/div>\n<\/article>\n<div class=\"entry-content rbct clearfix is-highlight-shares\">\n<p>S\u0103pt\u0103m\u00e2na trecut\u0103 AUR s-a ab\u021binut \u0219i s-au activat trompetele!<\/p>\n<p>Ast\u0103zi, amendamentul AUR dovede\u0219te ce \u00eenseamn\u0103 transparen\u021b\u0103 total\u0103: so\u021bii \u0219i partenerii de via\u021b\u0103 ai demnitarilor vor fi OBLIGA\u021aI s\u0103 \u00ee\u0219i declare averea. O m\u0103sur\u0103 care \u00eenchide porti\u021bele prin care averile puteau fi ASCUNSE \u0219i \u00eent\u0103re\u0219te integritatea \u00een func\u021biile publice.<\/p>\n<p>Exact direc\u021bia pe care PARTIDUL AUR o sus\u021bine: transparen\u021b\u0103 total\u0103 \u0219i aceea\u0219i responsabilitate pentru to\u021bi cei afla\u021bi la putere.<\/p>\n<p>So\u021bii \u0219i partenerii de via\u021b\u0103 vor fi nevoi\u021bi s\u0103 \u00ee\u0219i declare averea printr-un amendament la legea integrit\u0103\u021bii depus de AUR<\/p>\n<p>Amendamentul AUR la legea integrit\u0103\u021bii prin care obliga\u021bia de depunere a declara\u021biilor de avere \u0219i de interese este extins\u0103 \u0219i asupra so\u021bilor, so\u021biilor \u0219i persoanelor aflate \u00een rela\u021bii asimilate celor dintre so\u021bi ai Pre\u0219edintelui Rom\u00e2niei, parlamentarilor, prim-ministrului, mini\u0219trilor \u0219i altor demnitari de rang \u00eenalt, \u00een condi\u021biile prev\u0103zute de lege, a fost adoptat de Comisia Juridic\u0103 a Camerei Deputa\u021bilor \u0219i va merge la vot \u00een forma final\u0103 a legii.<\/p>\n<p>Modificarea urm\u0103re\u0219te extinderea sferei persoanelor obligate s\u0103 declare averea \u0219i interesele, pornind de la ideea c\u0103 transparen\u021ba nu prive\u0219te doar titularul unei func\u021bii publice, ci \u0219i situa\u021biile \u00een care patrimoniul sau interesele relevante pot fi de\u021binute ori administrate prin intermediul persoanelor apropiate. \u00cen acest fel, legea \u00eencearc\u0103 s\u0103 ofere o imagine mai complet\u0103 asupra averilor demnitarilor \u0219i a poten\u021bialelor conflicte de interese asociate exercit\u0103rii unei func\u021bii publice.<\/p>\n<p>P\u00e2n\u0103 acum, declara\u021biile de avere ale demnitarilor includeau, de regul\u0103, doar bunurile proprii \u0219i pe cele ale copiilor minori, f\u0103r\u0103 o obliga\u021bie independent\u0103 pentru partnerul de via\u021b\u0103. Aceast\u0103 lacun\u0103 permitea transferul de bunuri sau interese c\u0103tre so\u021b, so\u021bie sau partener, diminu\u00e2nd eficien\u021ba controlului public \u0219i cre\u00e2nd premise pentru eludarea prevederilor legale. Extinderea obliga\u021biei de declarare la aceste categorii, limitate strict la func\u021biile de maxim\u0103 vizibilitate \u0219i putere decizional\u0103, \u00eenchide aceast\u0103 porti\u021b\u0103 \u0219i consolideaz\u0103 regimul de integritate.<\/p>\n<p>Prin amendamentul depus de AUR se consolideaz\u0103 principiul conform c\u0103ruia puterea public\u0103 trebuie \u00eenso\u021bit\u0103 de o responsabilitate pe m\u0103sur\u0103, iar \u00eencrederea cet\u0103\u021benilor \u00een institu\u021biile fundamentale ale statului poate fi reconstruit\u0103 pe baze mai solide.<\/p>\n<p>AUR a propus aceast\u0103 modificare tocmai pentru a elimina o inechitate evident\u0103 din sistemul actual de control al averilor. Acum c\u0103 a fost adoptat amendamentul, r\u0103m\u00e2ne s\u0103 vedem dac\u0103 partidele parlamentare sunt consecvente discursului public privind sporirea transparen\u021bei.<\/p>\n<div class=\"inline-single-ad ad_single_3_index alignfull\">\n<div class=\"ad-wrap ad-script-wrap\">\n<div class=\"ad-script non-adsense edge-padding\">\n<div>\n\u203c\ufe0f\u203c\ufe0f NU recunoa\u0219tem ca pre\u0219edinte al Rom\u00e2niei pe marioneta retard\u0103 Nicu\u0219or Dan! Rom\u00e2ni, boicota\u021bi aceast\u0103 f\u0103c\u0103tur\u0103, care ne face \u021bara de r\u00e2s! NU rom\u00e2nii l-au votat pe Nicusoro\u0219 &#8211; cu unele excep\u021bii de persoane infantile, manipulabile \u0219i chiar idioate &#8211; ci l-au ajutat Maia Soro\u0219, Emanuel Macrou \u0219i tr\u0103d\u0103torii de la B.E.C. \u0219i CCR!<br \/>\n La \u00eenchisoare cu cei care au fraudat alegerile!\n<\/div>\n<\/div>\n<\/div>\n<\/div>\n<\/div>\n<p>[analyse_source url=&#8221;https:\/\/ortodoxinfo.ro\/2026\/08\/03\/ce-inseamna-sa-joci-inteligent-a-fost-aprobat-amendamentul-aur-care-obliga-pe-concubina-lui-harpalete-sa-si-declare-averea-felicitari-aur\/&#8221;]<\/p>\n","protected":false},"excerpt":{"rendered":"<p>[analyse_image type=&#8221;featured&#8221; src=&#8221;https:\/\/ortodoxinfo.ro\/wp-content\/uploads\/2026\/08\/IMG-20260803-WA0016.jpghttps:\/\/ortodoxinfo.ro\/wp-content\/uploads\/2026\/08\/IMG-20260803-WA0016.jpg&#8221;] Prima pagin\u0103 \u00bb Blog \u00bb Ce \u00eenseamn\u0103 s\u0103 joci inteligent: A fost aprobat amendamentul AUR care oblig\u0103 pe concubina lui Harpalete s\u0103-\u0219i declare averea! Felicit\u0103ri AUR! Ce \u00eenseamn\u0103 s\u0103 joci inteligent: A fost aprobat amendamentul AUR care oblig\u0103 pe concubina lui Harpalete s\u0103-\u0219i declare averea! Felicit\u0103ri AUR! 3 august 2026Lupt\u0103 pentru Rom\u00e2nia12.1k [&hellip;]<\/p>\n","protected":false},"author":1,"featured_media":0,"comment_status":"open","ping_status":"","sticky":false,"template":"","format":"standard","meta":{"footnotes":""},"categories":[89],"tags":[226,94],"class_list":["post-2077436","post","type-post","status-publish","format-standard","hentry","category-romania","tag-crawlmanager","tag-ortodoxinfo-ro"],"_links":{"self":[{"href":"https:\/\/analyse.optim.biz\/index.php?rest_route=\/wp\/v2\/posts\/2077436","targetHints":{"allow":["GET"]}}],"collection":[{"href":"https:\/\/analyse.optim.biz\/index.php?rest_route=\/wp\/v2\/posts"}],"about":[{"href":"https:\/\/analyse.optim.biz\/index.php?rest_route=\/wp\/v2\/types\/post"}],"author":[{"embeddable":true,"href":"https:\/\/analyse.optim.biz\/index.php?rest_route=\/wp\/v2\/users\/1"}],"replies":[{"embeddable":true,"href":"https:\/\/analyse.optim.biz\/index.php?rest_route=%2Fwp%2Fv2%2Fcomments&post=2077436"}],"version-history":[{"count":0,"href":"https:\/\/analyse.optim.biz\/index.php?rest_route=\/wp\/v2\/posts\/2077436\/revisions"}],"wp:attachment":[{"href":"https:\/\/analyse.optim.biz\/index.php?rest_route=%2Fwp%2Fv2%2Fmedia&parent=2077436"}],"wp:term":[{"taxonomy":"category","embeddable":true,"href":"https:\/\/analyse.optim.biz\/index.php?rest_route=%2Fwp%2Fv2%2Fcategories&post=2077436"},{"taxonomy":"post_tag","embeddable":true,"href":"https:\/\/analyse.optim.biz\/index.php?rest_route=%2Fwp%2Fv2%2Ftags&post=2077436"}],"curies":[{"name":"wp","href":"https:\/\/api.w.org\/{rel}","templated":true}]}}