{"id":2077264,"date":"2026-07-27T00:00:00","date_gmt":"2026-07-26T21:00:00","guid":{"rendered":"https:\/\/analyse.optim.biz\/?p=2077264"},"modified":"2026-07-27T00:00:00","modified_gmt":"2026-07-26T21:00:00","slug":"ambulanta-vrancea-marcheaza-120-de-ani-ai-serviciului-public-de-ambulanta-prin-actiuni-gratuite-dedicate-vrancenilor","status":"publish","type":"post","link":"https:\/\/analyse.optim.biz\/?p=2077264","title":{"rendered":"Ambulan\u021ba Vrancea marcheaz\u0103 120 de ani ai Serviciului Public de Ambulan\u021b\u0103 prin ac\u021biuni gratuite dedicate vr\u00e2ncenilor"},"content":{"rendered":"<p>[analyse_image type=&#8221;featured&#8221; src=&#8221;https:\/\/zdvi.cname.ro\/_\/ambulanta-vrancea-marcheaza-120-de-ani-ai-serviciului-public-de-ambulanta-prin-actiuni-gratuite-dedicate-vrancenilor\/mediaPool\/umQkB7h.jpg&#8221;]<\/p>\n<div class=\"main-content detaliu-articol\"><a class=\"titlu-cat-list\" href=\"https:\/\/ziaruldevrancea.ro\/promo\/evenimente-speciale\">Evenimente speciale<\/a><\/p>\n<h1>Ambulan\u021ba Vrancea marcheaz\u0103 120 de ani ai Serviciului Public de Ambulan\u021b\u0103 prin ac\u021biuni gratuite dedicate vr\u00e2ncenilor<\/h1>\n<div class=\"date-articol clearfix\">\n<div class=\"distribuie-articol dropdown\">\n    Distribuie: \u00a0<br \/>\n    <em>|<\/em><\/div>\n<div class=\"autor-articol\"><a href=\"https:\/\/ziaruldevrancea.ro\/autor\/radu-tomescu\/\"><img decoding=\"async\" class=\"img-circle\" src=\"https:\/\/zdvi.cname.ro\/50_50\/articleAuthor\/radu-tomescu\/articleAuthor\/ucx2Ggg.PNG\" alt><\/a><\/p>\n<h5><a href=\"https:\/\/ziaruldevrancea.ro\/autor\/radu-tomescu\/\">Radu Tomescu<\/a><\/h5>\n<div class=\"grup-spatiere\"><span class=\"cu-spatiere\">27 iul 2026<\/span><span class=\"cu-spatiere\">683 vizualiz\u0103ri<\/span><\/div>\n<\/div>\n<\/div>\n<div class=\"poza-mare\"><a href class=\"openGallery\"><img decoding=\"async\" class=\"img-responsive\" src=\"https:\/\/zdvi.cname.ro\/850_530\/ambulanta-vrancea-marcheaza-120-de-ani-ai-serviciului-public-de-ambulanta-prin-actiuni-gratuite-dedicate-vrancenilor\/article\/mediaPool\/umQkB7h.jpg\" alt><\/a><\/div>\n<p><strong>Serviciul de Ambulan\u021b\u0103 Jude\u021bean (SAJ) Vrancea marcheaz\u0103 mar\u021bi, 28 iulie 2026, aniversarea a 120 de ani de la \u00eenfiin\u021barea Serviciului Public de Ambulan\u021b\u0103 din Rom\u00e2nia printr-o serie de ac\u021biuni medicale gratuite dedicate comunit\u0103\u021bii. \u00cen ciuda contextului social \u0219i profesional marcat de revendic\u0103rile personalului din sistemul sanitar, echipajele de interven\u021bie subliniaz\u0103 c\u0103 misiunea de a salva vie\u021bi r\u0103m\u00e2ne prioritatea absolut\u0103.\u00a0Foc\u0219ani, Adjud, Panciu, Odobe\u0219ti \u0219i Vidra g\u0103zduiesc mar\u021bi, 28 iulie, puncte mobile unde cet\u0103\u021benii vor beneficia gratuit de verific\u0103ri medicale \u0219i recomand\u0103ri preventive, \u00een contextul anivers\u0103rii celor 120 de ani de Ambulan\u021b\u0103 \u00een Rom\u00e2nia.<\/strong><\/p>\n<p>\u00a0<\/p>\n<p><strong>Ambulan\u021ba Vrancea marcheaz\u0103 120 de ani ai Serviciului Public de Ambulan\u021b\u0103 prin ac\u021biuni gratuite dedicate vr\u00e2ncenilor<\/strong><\/p>\n<p>\u00cen comunicatul transmis presei, reprezentan\u021bii Serviciului de Ambulan\u021b\u0103 Jude\u021bean Vrancea arat\u0103 c\u0103 aceast\u0103 aniversare reprezint\u0103 un moment de reflec\u021bie asupra celor 120 de ani \u00een care genera\u021bii de medici, asisten\u021bi medicali, ambulan\u021bieri \u0219i dispeceri au intervenit ori de c\u00e2te ori via\u021ba unui om a depins de rapiditatea \u0219i profesionalismul lor.<\/p>\n<p>Potrivit institu\u021biei, aniversarea din acest an are loc \u00eentr-un context aparte, \u00een care personalul serviciilor publice de ambulan\u021b\u0103 particip\u0103, al\u0103turi de alte federa\u021bii \u0219i organiza\u021bii sindicale din sistemul sanitar, la ac\u021biuni de protest pentru sus\u021binerea drepturilor profesionale \u0219i pentru ob\u021binerea unui sprijin mai consistent pentru sistemul public de s\u0103n\u0103tate.<\/p>\n<p>Reprezentan\u021bii SAJ Vrancea subliniaz\u0103 \u00eens\u0103 c\u0103, indiferent de revendic\u0103rile existente, activitatea de interven\u021bie nu este afectat\u0103.<\/p>\n<p>\u201eSuntem \u00een slujba oamenilor, iar misiunea noastr\u0103 r\u0103m\u00e2ne aceea de a fi al\u0103turi de cei afla\u021bi \u00een suferin\u021b\u0103, indiferent de \u00eemprejur\u0103ri\u201d, se arat\u0103 \u00een comunicatul institu\u021biei.<\/p>\n<p><strong>Ac\u021biuni gratuite pentru popula\u021bie \u00een cinci localit\u0103\u021bi din Vrancea<\/strong><\/p>\n<p>Pentru a marca cei 120 de ani de existen\u021b\u0103 printr-un gest concret dedicat comunit\u0103\u021bii, Serviciul de Ambulan\u021b\u0103 Jude\u021bean Vrancea, cu sprijinul Sindicatului Liber Ambulan\u021ba Vrancea, organizeaz\u0103 mar\u021bi, 28 iulie, \u00eentre orele <strong>10:00 \u0219i 12:00<\/strong>, puncte mobile de evaluare medical\u0103 \u00een:<\/p>\n<ul>\n<li>\n<p><strong>Foc\u0219ani<\/strong><\/p>\n<\/li>\n<li>\n<p><strong>Adjud<\/strong><\/p>\n<\/li>\n<li>\n<p><strong>Panciu<\/strong><\/p>\n<\/li>\n<li>\n<p><strong>Odobe\u0219ti<\/strong><\/p>\n<\/li>\n<li>\n<p><strong>Vidra<\/strong><\/p>\n<\/li>\n<\/ul>\n<p>Activit\u0103\u021bile se vor desf\u0103\u0219ura \u00een zonele centrale ale fiec\u0103rei localit\u0103\u021bi, \u00een spa\u021bii amenajate cu sprijinul autorit\u0103\u021bilor locale.<\/p>\n<p>La aceste puncte medicale, echipajele SAJ Vrancea \u0219i voluntarii implica\u021bi \u00een ac\u021biune vor oferi gratuit:<\/p>\n<ul>\n<li>\n<p>m\u0103surarea tensiunii arteriale \u0219i a pulsului;<\/p>\n<\/li>\n<li>\n<p>determinarea satura\u021biei de oxigen;<\/p>\n<\/li>\n<li>\n<p>verificarea glicemiei;<\/p>\n<\/li>\n<li>\n<p>efectuarea unui traseu EKG, atunci c\u00e2nd situa\u021bia o impune;<\/p>\n<\/li>\n<li>\n<p>recomand\u0103ri medicale preventive privind starea de s\u0103n\u0103tate.<\/p>\n<\/li>\n<\/ul>\n<p>\u201e120 de ani de via\u021b\u0103 salvat\u0103 de speran\u021b\u0103 \u0219i de \u00eencredere\u201d<\/p>\n<p>Conducerea Serviciului de Ambulan\u021b\u0103 Jude\u021bean Vrancea transmite c\u0103 aniversarea nu va fi marcat\u0103 prin ceremonii festive, ci prin apropierea de comunitate \u0219i prin servicii medicale oferite direct cet\u0103\u021benilor.<\/p>\n<p>Institu\u021bia \u00eei invit\u0103 pe to\u021bi vr\u00e2ncenii s\u0103 participe la aceast\u0103 ac\u021biune \u0219i s\u0103 profite de posibilitatea efectu\u0103rii unor evalu\u0103ri medicale gratuite, \u00eentr-un demers care promoveaz\u0103 preven\u021bia \u0219i grija pentru s\u0103n\u0103tate.<\/p>\n<p>La finalul mesajului, reprezentan\u021bii Ambulan\u021bei Vrancea adreseaz\u0103 mul\u021bumiri tuturor celor care au f\u0103cut \u0219i fac parte din sistemul public de ambulan\u021b\u0103, precum \u0219i comunit\u0103\u021bii pentru \u00eencrederea acordat\u0103 de-a lungul timpului.<\/p>\n<p>Mesajul aniversar este sintetizat \u00eentr-o formulare care define\u0219te \u00eentreaga activitate a serviciului<\/p>\n<p><strong>\u201e120 de ani de via\u021b\u0103 salvat\u0103 de speran\u021b\u0103 \u0219i de \u00eencredere.\u201d<\/strong><\/p>\n<p>Citi\u021bi \u0219i con\u021binutul integral al comunicatului de pres\u0103 f\u0103cut public ast\u0103zi, iulie 2026 de purt\u0103torul de cuv\u00e2nt al IPJ Vrancea \u00een leg\u0103tur\u0103 cu aceast\u0103 \u0219tire: <\/p>\n<p>SERVICIUL DE AMBULAN\u021a\u0102 JUDE\u021aEAN VRANCEA.<\/p>\n<p>Comunicat de pres\u0103.<\/p>\n<p>120 de ani de Ambulan\u021b\u0103 \u00een Rom\u00e2nia: \u00centre datoria profesional\u0103, revendic\u0103ri sindicale \u0219i grija fa\u021b\u0103 de comunitatea vr\u00e2ncean\u0103<\/p>\n<p>\u00cen data de 28 iulie, Serviciile Publice de Ambulan\u021b\u0103 din Rom\u00e2nia \u00eemplinesc 120 de ani de activitate ne\u00eentrerupt\u0103.<\/p>\n<p>Sunt 120 de ani \u00een care genera\u021bii de medici, asisten\u021bi medicali, ambulan\u021bieri \u0219i dispeceri au r\u0103spuns \u201ePrezent!\u201d ori de c\u00e2te ori via\u021ba unui semen a depins de rapiditatea \u0219i profesionalismul lor.<\/p>\n<p>Aniversarea din acest an se desf\u0103\u0219oar\u0103 \u00eentr-un context social \u0219i profesional deosebit.<\/p>\n<p>Al\u0103turi de celelalte federa\u021bii \u0219i organiza\u021bii sindicale din sistemul sanitar, personalul din serviciile de ambulan\u021b\u0103 particip\u0103 activ la ac\u021biunile de protest organizate la nivel na\u021bional pentru ap\u0103rarea drepturilor profesionale \u0219i pentru ob\u021binerea unui sprijin real acordat sistemului public de s\u0103n\u0103tate.<\/p>\n<p>Cu toate acestea, membrii echipajelor de salvare nu uit\u0103 nicio secund\u0103 jur\u0103m\u00e2ntul \u0219i profesia aleas\u0103.<\/p>\n<p>Suntem \u00een slujba oamenilor, iar misiunea noastr\u0103 r\u0103m\u00e2ne aceea de a fi al\u0103turi de cei afla\u021bi \u00een suferin\u021b\u0103, indiferent de \u00eemprejur\u0103ri.<\/p>\n<p>Chiar \u0219i \u00een aceast\u0103 perioad\u0103 marcat\u0103 de proteste, Ambulan\u021ba Vrancea r\u0103m\u00e2ne la datorie, asigur\u00e2nd continuitatea serviciilor medicale de urgen\u021b\u0103 pentru \u00eentreaga comunitate.<\/p>\n<p>Pentru a marca aceast\u0103 aniversare istoric\u0103 prin fapte, Serviciul de Ambulan\u021b\u0103 Jude\u021bean Vrancea cu sprijinul Sindicatului Liber Ambulan\u021ba Vrancea, organizeaz\u0103 mar\u021bi, 28 iulie, o serie de ac\u021biuni medicale dedicate direct popula\u021biei.<\/p>\n<p>\u00centre orele 10:00 \u0219i 12:00, echipajele Serviciului de Ambulan\u021b\u0103, alaturi de voluntarii no\u0219tri dedica\u021bi, vor fi prezente \u00een localit\u0103\u021bile Foc\u0219ani, Adjud, Panciu, Odobe\u0219ti \u0219i Vidra.<\/p>\n<p>Activit\u0103\u021bile destinate popula\u021biei se vor desf\u0103\u0219ura \u00een centrul fiec\u0103rei localit\u0103\u021bi, \u00een spa\u021biile special amenajate cu sprijinul prim\u0103riilor locale.<\/p>\n<p>\u00cen cadrul acestor puncte mobile, cet\u0103\u021benii vor putea beneficia gratuit de:<\/p>\n<p>&#8211; M\u0103surarea tensiunii arteriale \u0219i a pulsului;<\/p>\n<p>&#8211; Determinarea satura\u021biei de oxigen \u0219i a glicemiei;<\/p>\n<p>&#8211; Efectuarea unui traseu EKG (la nevoie);<\/p>\n<p>&#8211; Recomand\u0103ri medicale preventive privind starea de s\u0103n\u0103tate.<\/p>\n<p>\u00cei invit\u0103m pe to\u021bi vr\u00e2ncenii s\u0103 fie al\u0103turi de noi \u00een aceast\u0103 zi special\u0103.<\/p>\n<p>Consider\u0103m c\u0103 cea mai onorabil\u0103 modalitate de a marca cei 120 de ani de existen\u021b\u0103 nu const\u0103 \u00een festivit\u0103\u021bi fastuoase, ci \u00een men\u021binerea proximit\u0103\u021bii fa\u021b\u0103 de oameni \u0219i \u00een grija activ\u0103 pentru s\u0103n\u0103tatea lor.<\/p>\n<p>La mul\u021bi ani tuturor celor care fac \u0219i au f\u0103cut parte din marea familie a Serviciului Public de Ambulan\u021b\u0103!<\/p>\n<p>Mul\u021bumim \u00eentregii comunit\u0103\u021bi pentru \u00eencrederea deplin\u0103 pe care ne-o acord\u0103 \u00een fiecare zi \u0219i \u00een fiecare misiune.<\/p>\n<p>120 de ani de via\u021b\u0103 salvat\u0103 de speran\u021b\u0103 \u0219i de \u00eencredere!<\/p>\n<p><strong>Citi\u021bi \u0219i:\u00a0<\/strong><\/p>\n<p><strong><a href=\"https:\/\/www.ziaruldevrancea.ro\/timp-liber\/astazi-despre-nicolae-minovici---pionier-al-medicinei-legale-documentand-primul-caz-de-identificare-prin-amprenta-si-al-serviciilor-de-urgenta-din-romania-primul-de-acest-fel-din-balcani\" target=\"_blank\">Ast\u0103zi despre: doctorul Nicolae Minovici \u2013 pionier al medicinei <\/a><\/strong><\/p>\n<p>legale. Primul succes rom\u00e2nesc \u00een identificarea prin amprent\u0103. Fondator <\/p>\n<p>al primului serviciu de urgen\u021b\u0103 din Balcani, sus\u021binut timp de peste 30 <\/p>\n<p>de ani din veniturile proprii<\/p>\n<hr>\n<div class=\"bloc-widget widget-rosu\">\n<p>\u00cen lipsa unui acord scris din partea Ziarului de Vrancea, pute\u0163i prelua maxim 500 de caractere din acest articol dac\u0103 preciza\u0163i sursa \u015fi insera\u0163i vizibil link-ul articolului:\u00a0<span>#insertcurrentlinkhere<\/span><\/p>\n<\/div>\n<div class=\"extra-articol listing-anunturi\">\n<h6>Anun\u021buri <span class=\"text-primary\">ZdV<\/span> Premium<\/h6>\n<div class=\"row\">\n<div class=\"col-lg-4 col-md-6 bloc-egal\"><a class=\"card-anunt\" href=\"https:\/\/ziaruldevrancea.ro\/anunturi\/altele\/servicii\/caut-o-persoana-sau-o-familie-pentru-ingrijirea-unei-batrane\"><strong class=\"titlu\">Servicii<\/strong><span class=\"text-anunt\">Caut o persoan\u0103\u00a0sau o familie serioas\u0103&#8230;<\/span><span class=\"data-anunt\">04.08.2026  <\/span><\/a><\/div>\n<div class=\"col-lg-4 col-md-6 bloc-egal\"><a class=\"card-anunt\" href=\"https:\/\/ziaruldevrancea.ro\/anunturi\/imobiliare\/vanzari-ap-2-camere\/vand-apartament-2-camere-in-focsani-anunt-72825\"><strong class=\"titlu\">V\u00e2nz\u0103ri ap 2 camere<\/strong><span class=\"text-anunt\">V\u00e2nd apartament 2 camere, hol p\u0103trat,&#8230;<\/span><span class=\"data-anunt\">04.08.2026  <\/span><\/a><\/div>\n<div class=\"col-lg-4 col-md-6 bloc-egal\"><a class=\"card-anunt\" href=\"https:\/\/ziaruldevrancea.ro\/anunturi\/angajari\/oferte-angajari\/angajam-asistente-medicale\"><strong class=\"titlu\">Oferte<\/strong><span class=\"text-anunt\">Crucea Ro\u0219ie Vrancea angajeaz\u0103 asistente\u00a0&#8230;<\/span><span class=\"data-anunt\">04.08.2026  <\/span><\/a><\/div>\n<\/div>\n<\/div>\n<div class=\"extra-articol alte-articole\">\n<div class=\"row\">\n<div class=\"col-lg-6 bloc-egal\">\n<div class=\"card articol-listing\">\n<h6>\u00cen categoria <a href=\"https:\/\/ziaruldevrancea.ro\/promo\/evenimente-speciale\">Evenimente speciale<\/a><\/h6>\n<div class=\"grup-articol-listing\">\n<div class=\"cont-pils\"><a href=\"https:\/\/ziaruldevrancea.ro\/promo\/evenimente-speciale\/vrancea-marcheaza-109-ani-de-la-batalia-de-la-marasesti.-programul-complet-al-ceremoniilor-de-la-mausoleele-eroilor-din-marasesti-si-focsani\"><img decoding=\"async\" src=\"https:\/\/zdvi.cname.ro\/180_135\/promo\/evenimente-speciale\/vrancea-marcheaza-109-ani-de-la-batalia-de-la-marasesti.-programul-complet-al-ceremoniilor-de-la-mausoleele-eroilor-din-marasesti-si-focsani\/mediaPool\/uxIPXt5.jpeg\" class=\"img-responsive img-180\" alt><\/a><\/div>\n<h2><a class=\"link-titlu\" href=\"https:\/\/ziaruldevrancea.ro\/promo\/evenimente-speciale\/vrancea-marcheaza-109-ani-de-la-batalia-de-la-marasesti.-programul-complet-al-ceremoniilor-de-la-mausoleele-eroilor-din-marasesti-si-focsani\">Vrancea marcheaz\u0103 109 ani de la B\u0103t\u0103lia de la M\u0103r\u0103\u0219e\u0219ti. Programul complet al ceremoniilor de la Mausoleele Eroilor din M\u0103r\u0103\u0219e\u0219ti \u0219i Foc\u0219ani<\/a><\/h2>\n<div class=\"date-post\"><a href=\"https:\/\/ziaruldevrancea.ro\/autor\/anca-vasiliu\">Anca Vasiliu<\/a>,  4 aug 2026  <\/div>\n<\/div>\n<div class=\"grup-articol-listing\">\n<div class=\"cont-pils\"><a href=\"https:\/\/ziaruldevrancea.ro\/promo\/evenimente-speciale\/video-balciul-anual-din-adjud-2026-a-inceput-program-restrictii-de-circulatie-si-recomandari-pentru-participanti\"><img decoding=\"async\" src=\"https:\/\/zdvi.cname.ro\/180_135\/promo\/evenimente-speciale\/video-balciul-anual-din-adjud-2026-a-inceput-program-restrictii-de-circulatie-si-recomandari-pentru-participanti\/mediaPool\/u98Fjoj.jpg\" class=\"img-responsive img-180\" alt><\/a><\/div>\n<h2><a class=\"link-titlu\" href=\"https:\/\/ziaruldevrancea.ro\/promo\/evenimente-speciale\/video-balciul-anual-din-adjud-2026-a-inceput-program-restrictii-de-circulatie-si-recomandari-pentru-participanti\">VIDEO | B\u00e2lciul Anual din Adjud 2026 a \u00eenceput: program, restric\u021bii de circula\u021bie \u0219i recomand\u0103ri pentru participan\u021bi<\/a><\/h2>\n<div class=\"date-post\"><a href=\"https:\/\/ziaruldevrancea.ro\/autor\/camelia-marin\">Camelia Marin<\/a>,  2 aug 2026  <\/div>\n<\/div>\n<div class=\"grup-articol-listing\">\n<div class=\"cont-pils\"><a href=\"https:\/\/ziaruldevrancea.ro\/promo\/evenimente-speciale\/video--foto-elevii-vranceni-premiati-de-consiliului-judetean-pentru-performanta-obtinuta-la-infoeducatie-2026\"><img decoding=\"async\" src=\"https:\/\/zdvi.cname.ro\/180_135\/promo\/evenimente-speciale\/video--foto-elevii-vranceni-premiati-de-consiliului-judetean-pentru-performanta-obtinuta-la-infoeducatie-2026\/mediaPool\/u6Sjqgn.jpeg\" class=\"img-responsive img-180\" alt><\/a><\/div>\n<h2><a class=\"link-titlu\" href=\"https:\/\/ziaruldevrancea.ro\/promo\/evenimente-speciale\/video--foto-elevii-vranceni-premiati-de-consiliului-judetean-pentru-performanta-obtinuta-la-infoeducatie-2026\">VIDEO + Foto | Elevii vr\u00e2nceni premia\u021bi de Consiliului Jude\u021bean pentru performan\u021ba ob\u021binut\u0103 la InfoEduca\u021bie 2026<\/a><\/h2>\n<div class=\"date-post\"><a href=\"https:\/\/ziaruldevrancea.ro\/autor\/maria-bratu\">Maria BRATU<\/a>,  1 aug 2026  <\/div>\n<\/div>\n<\/div>\n<\/div>\n<div class=\"col-lg-6 bloc-egal\">\n<div class=\"card articol-listing\">\n<h6>De acela\u0219i <a href=\"https:\/\/ziaruldevrancea.ro\/autor\/radu-tomescu\/\">autor<\/a><\/h6>\n<div class=\"grup-articol-listing\">\n<div class=\"cont-pils\"><a href=\"https:\/\/ziaruldevrancea.ro\/promo\/brand-voice\/video-investitii-in-nord-vestul-vrancei-lucrarile-de-pe-ruta-jitia---vintileasca-avanseaza-iar-dn-2r-ramane-pe-lista-prioritatilor\"><img decoding=\"async\" src=\"https:\/\/zdvi.cname.ro\/180_135\/promo\/brand-voice\/video-investitii-in-nord-vestul-vrancei-lucrarile-de-pe-ruta-jitia---vintileasca-avanseaza-iar-dn-2r-ramane-pe-lista-prioritatilor\/mediaPool\/uxMR6Vq.jpg\" class=\"img-responsive img-180\" alt><\/a><\/div>\n<h2><a class=\"link-titlu\" href=\"https:\/\/ziaruldevrancea.ro\/promo\/brand-voice\/video-investitii-in-nord-vestul-vrancei-lucrarile-de-pe-ruta-jitia---vintileasca-avanseaza-iar-dn-2r-ramane-pe-lista-prioritatilor\">VIDEO | Investi\u021bii \u00een nord-vestul Vrancei: lucr\u0103rile de pe ruta Jitia \u2013 Vintileasca avanseaz\u0103, iar DN 2R r\u0103m\u00e2ne pe lista priorit\u0103\u021bilor<\/a><\/h2>\n<div class=\"date-post\"><a href=\"https:\/\/ziaruldevrancea.ro\/autor\/radu-tomescu\">Radu Tomescu<\/a>,  4 aug 2026  <\/div>\n<\/div>\n<div class=\"grup-articol-listing\">\n<div class=\"cont-pils\"><a href=\"https:\/\/ziaruldevrancea.ro\/actualitatea\/stiri-locale\/doliu-in-focsani-si-in-vrancea-miruna-teodora-neghina-tanara-ranita-grav-in-accidentul-de-pe-strada-bucegi-a-incetat-din-viata\"><img decoding=\"async\" src=\"https:\/\/zdvi.cname.ro\/180_135\/actualitatea\/stiri-locale\/doliu-in-focsani-si-in-vrancea-miruna-teodora-neghina-tanara-ranita-grav-in-accidentul-de-pe-strada-bucegi-a-incetat-din-viata\/mediaPool\/uXx16WK.PNG\" class=\"img-responsive img-180\" alt><\/a><\/div>\n<h2><a class=\"link-titlu\" href=\"https:\/\/ziaruldevrancea.ro\/actualitatea\/stiri-locale\/doliu-in-focsani-si-in-vrancea-miruna-teodora-neghina-tanara-ranita-grav-in-accidentul-de-pe-strada-bucegi-a-incetat-din-viata\">Doliu \u00een Foc\u0219ani \u0219i \u00een Vrancea: Miruna Teodora Neghin\u0103, t\u00e2n\u0103ra r\u0103nit\u0103 grav \u00een accidentul de pe strada Bucegi, a \u00eencetat din via\u021b\u0103<\/a><\/h2>\n<div class=\"date-post\"><a href=\"https:\/\/ziaruldevrancea.ro\/autor\/radu-tomescu\">Radu Tomescu<\/a>,  4 aug 2026  <\/div>\n<\/div>\n<div class=\"grup-articol-listing\">\n<div class=\"cont-pils\"><a href=\"https:\/\/ziaruldevrancea.ro\/actualitatea\/stiri-locale\/vrancea-pe-locul-3-in-romania-la-incidentele-din-retelele-de-comunicatii\"><img decoding=\"async\" src=\"https:\/\/zdvi.cname.ro\/180_135\/actualitatea\/stiri-locale\/vrancea-pe-locul-3-in-romania-la-incidentele-din-retelele-de-comunicatii\/mediaPool\/uJT1Lfc.jpg\" class=\"img-responsive img-180\" alt><\/a><\/div>\n<h2><a class=\"link-titlu\" href=\"https:\/\/ziaruldevrancea.ro\/actualitatea\/stiri-locale\/vrancea-pe-locul-3-in-romania-la-incidentele-din-retelele-de-comunicatii\">Vrancea, pe locul 3 \u00een Rom\u00e2nia la incidentele din re\u021belele de comunica\u021bii<\/a><\/h2>\n<div class=\"date-post\"><a href=\"https:\/\/ziaruldevrancea.ro\/autor\/radu-tomescu\">Radu Tomescu<\/a>,  4 aug 2026  <\/div>\n<\/div>\n<\/div>\n<\/div>\n<\/div>\n<\/div>\n<div class=\"extra-articol listing-anunturi\">\n<h6>Anun\u021buri <span class=\"text-primary\">ZdV<\/span> Premium<\/h6>\n<div class=\"row\">\n<div class=\"col-lg-4 col-md-6 bloc-egal\"><a class=\"card-anunt\" href=\"https:\/\/ziaruldevrancea.ro\/anunturi\/necrolog\/condoleante\/sincere-condoleante-familiei-neghina\"><strong class=\"titlu\">Condolean\u021be<\/strong><span class=\"text-anunt\">Nimic nu poate alina durerea familiei \u00een&#8230;<\/span><span class=\"data-anunt\">04.08.2026  <\/span><\/a><\/div>\n<div class=\"col-lg-4 col-md-6 bloc-egal\"><a class=\"card-anunt\" href=\"https:\/\/ziaruldevrancea.ro\/anunturi\/inchirieri\/locuinte-oferte\/Inchiriez-camera-anunt-72823\"><strong class=\"titlu\">Locuin\u021be oferte<\/strong><span class=\"text-anunt\">\u00cenchiriez camer\u0103 la apartament. Rog&#8230;<\/span><span class=\"data-anunt\">03.08.2026  <\/span><\/a><\/div>\n<div class=\"col-lg-4 col-md-6 bloc-egal\"><a class=\"card-anunt\" href=\"https:\/\/ziaruldevrancea.ro\/anunturi\/imobiliare\/vanzari-terenuri\/vand-teren-in-panciu\"><strong class=\"titlu\">V\u00e2nz\u0103ri terenuri<\/strong><span class=\"text-anunt\">Teren Panciu 1170 mp, cu num\u0103r cas\u0103, ap\u0103&#8230;<\/span><span class=\"data-anunt\">29.07.2026  <\/span><\/a><\/div>\n<\/div>\n<\/div>\n<div class=\"bloc-widget widget-albastru\">\n    Ziarul de Vrancea \u00a0nu este responsabil juridic pentru con\u0163inutul textelor din comentariile de mai jos. Responsabilitatea pentru mesajele dumneavoastra v\u0103 revine \u00een exclusivitate.\n<\/div>\n<div class=\"comentarii-articol\" id=\"comentarii\">\n<h3>Comentarii: <span class=\"text-primary\">0<\/span><\/h3>\n<p><a href=\"https:\/\/ziaruldevrancea.ro\/promo\/evenimente-speciale\/ambulanta-vrancea-marcheaza-120-de-ani-ai-serviciului-public-de-ambulanta-prin-actiuni-gratuite-dedicate-vrancenilor\" class=\"btn btn-success btn-adauga-com\" data-toggle=\"modal\" data-parent=\"0\" data-target=\"#commentModal\">Adaug\u0103 comentariu<\/a><\/p>\n<div class=\"loadMask comments-mask\"><img decoding=\"async\" src=\"https:\/\/zdvs.cname.ro\/images\/loader_40.gif\"><\/div>\n<div class=\"comenteaza-jos\">Trebuie s\u0103 fii <a href=\"https:\/\/ziaruldevrancea.ro\/account\">autentificat<\/a> pentru a putea <a href=\"https:\/\/ziaruldevrancea.ro\/promo\/evenimente-speciale\/ambulanta-vrancea-marcheaza-120-de-ani-ai-serviciului-public-de-ambulanta-prin-actiuni-gratuite-dedicate-vrancenilor\" class data-toggle=\"modal\" data-parent=\"0\" data-target=\"#commentModal\">posta un comentariu<\/a>.<\/div>\n<\/div>\n<div class=\"modal fade\" id=\"commentModal\" role=\"dialog\" aria-labelledby=\"commentModalLabel\">\n<div class=\"modal-dialog modal-lg\" role=\"document\">\n<div class=\"modal-content\">\n<div class=\"modal-header\">\n<h3 class=\"modal-title\" id=\"commentModalLabel\">Comenteaz\u0103<\/h3>\n<\/div>\n<div class=\"modal-body\">\n<div class=\"tabel tabel-full\">\n<div class=\"celula\">\n              Trebuie s\u0103 fii <a href=\"https:\/\/ziaruldevrancea.ro\/account\">autentificat<\/a> pentru a putea posta un comentariu.\n            <\/div>\n<\/div>\n<\/div>\n<div class=\"modal-footer\">\n<div id=\"commentPending\" class=\"formPending pull-left\"><img decoding=\"async\" src=\"https:\/\/zdvs.cname.ro\/images\/loader_40.gif\"> In curs de procesare&#8230;<\/div>\n<p><a href=\"https:\/\/ziaruldevrancea.ro\/promo\/evenimente-speciale\/ambulanta-vrancea-marcheaza-120-de-ani-ai-serviciului-public-de-ambulanta-prin-actiuni-gratuite-dedicate-vrancenilor\" class=\"btn btn-default\" data-dismiss=\"modal\">Anuleaz\u0103<\/a><\/div>\n<\/div>\n<\/div>\n<\/div>\n<div class=\"modal fade\" id=\"commentReportModal\" role=\"dialog\" aria-labelledby=\"commentReportModalLabel\">\n<div class=\"modal-dialog modal-lg\" role=\"document\">\n<div class=\"modal-content\">\n<div class=\"modal-header\">\n<h3 class=\"modal-title\" id=\"commentReportModalLabel\">Raporteaza comentariu<\/h3>\n<\/div>\n<div class=\"modal-body\">\n<div class=\"tabel tabel-full\">\n<div class=\"celula\">\n              Trebuie s\u0103 fii <a href=\"https:\/\/ziaruldevrancea.ro\/account\">autentificat<\/a> pentru a putea raporta un comentariu.\n            <\/div>\n<\/div>\n<\/div>\n<div class=\"modal-footer\">\n<div id=\"commentReportPending\" class=\"formPending pull-left\"><img decoding=\"async\" src=\"https:\/\/zdvs.cname.ro\/images\/loader_40.gif\"> In curs de procesare&#8230;<\/div>\n<p><a href=\"https:\/\/ziaruldevrancea.ro\/promo\/evenimente-speciale\/ambulanta-vrancea-marcheaza-120-de-ani-ai-serviciului-public-de-ambulanta-prin-actiuni-gratuite-dedicate-vrancenilor\" class=\"btn btn-default\" data-dismiss=\"modal\">Anuleaz\u0103<\/a><\/div>\n<\/div>\n<\/div>\n<\/div>\n<div class=\"modal fade\" id=\"commentLikeModal\" role=\"dialog\" aria-labelledby=\"commentLikeModalLabel\">\n<div class=\"modal-dialog modal-lg\" role=\"document\">\n<div class=\"modal-content\">\n<div class=\"modal-header\">\n<h3 class=\"modal-title\" id=\"commentReportModalLabel\">Apreciaza comentariu<\/h3>\n<\/div>\n<div class=\"modal-body\">\n<div class=\"tabel tabel-full\">\n<div class=\"celula\">\n            Trebuie s\u0103 fii <a href=\"https:\/\/ziaruldevrancea.ro\/account\">autentificat<\/a> pentru a putea aprecia un comentariu.\n          <\/div>\n<\/div>\n<\/div>\n<div class=\"modal-footer\"><a href=\"https:\/\/ziaruldevrancea.ro\/promo\/evenimente-speciale\/ambulanta-vrancea-marcheaza-120-de-ani-ai-serviciului-public-de-ambulanta-prin-actiuni-gratuite-dedicate-vrancenilor\" class=\"btn btn-default\" data-dismiss=\"modal\">Anuleaz\u0103<\/a><\/div>\n<\/div>\n<\/div>\n<\/div>\n<div class=\"bloc-widget widget-rosu\"><span><small>Ziarul de Vrancea doreste ca acest site sa fie un spatiu al discutiilor civilizate, al comentariilor de bun simt. Din acest motiv, cei care posteaza comentarii la articole trebuie sa respecte urmatoarele reguli:<br \/>\n1. Sa se refere doar la articolul la care posteaza comentarii.<br \/>\n2. Sa foloseasca un limbaj civilizat, fara injurii, calomnii, comentarii antisemite, xenofobe sau rasiste.<br \/>\n3. Sunt interzise atacurile la adresa autorilor, daca acestea nu au legatura cu textul.<br \/>\n4. Username-ul sa nu fie nume de personalitati ale vietii publice sau parodieri ale acestora.<br \/>\nAutorul unui articol poate fi criticat pentru eventuale greseli, incoerenta, lipsa de documentare etc.<br \/>\nNerespectarea regulilor mentionate mai sus va duce la stergerea comentariilor, fara avertisment si fara explicatii.<br \/>\nAbaterile repetate vor avea drept consecinta interdictia accesului la aceasta facilitate a site-ului.<\/small><\/span><\/div>\n<\/div>\n<p>[analyse_source url=&#8221;https:\/\/ziaruldevrancea.ro\/promo\/evenimente-speciale\/ambulanta-vrancea-marcheaza-120-de-ani-ai-serviciului-public-de-ambulanta-prin-actiuni-gratuite-dedicate-vrancenilor&#8221;]<\/p>\n","protected":false},"excerpt":{"rendered":"<p>[analyse_image type=&#8221;featured&#8221; src=&#8221;https:\/\/zdvi.cname.ro\/_\/ambulanta-vrancea-marcheaza-120-de-ani-ai-serviciului-public-de-ambulanta-prin-actiuni-gratuite-dedicate-vrancenilor\/mediaPool\/umQkB7h.jpg&#8221;] Evenimente speciale Ambulan\u021ba Vrancea marcheaz\u0103 120 de ani ai Serviciului Public de Ambulan\u021b\u0103 prin ac\u021biuni gratuite dedicate vr\u00e2ncenilor Distribuie: \u00a0 | Radu Tomescu 27 iul 2026683 vizualiz\u0103ri Serviciul de Ambulan\u021b\u0103 Jude\u021bean (SAJ) Vrancea marcheaz\u0103 mar\u021bi, 28 iulie 2026, aniversarea a 120 de ani de la \u00eenfiin\u021barea Serviciului Public de Ambulan\u021b\u0103 din Rom\u00e2nia [&hellip;]<\/p>\n","protected":false},"author":1,"featured_media":0,"comment_status":"open","ping_status":"","sticky":false,"template":"","format":"standard","meta":{"footnotes":""},"categories":[89],"tags":[226,208],"class_list":["post-2077264","post","type-post","status-publish","format-standard","hentry","category-romania","tag-crawlmanager","tag-ziaruldevrancea-ro"],"_links":{"self":[{"href":"https:\/\/analyse.optim.biz\/index.php?rest_route=\/wp\/v2\/posts\/2077264","targetHints":{"allow":["GET"]}}],"collection":[{"href":"https:\/\/analyse.optim.biz\/index.php?rest_route=\/wp\/v2\/posts"}],"about":[{"href":"https:\/\/analyse.optim.biz\/index.php?rest_route=\/wp\/v2\/types\/post"}],"author":[{"embeddable":true,"href":"https:\/\/analyse.optim.biz\/index.php?rest_route=\/wp\/v2\/users\/1"}],"replies":[{"embeddable":true,"href":"https:\/\/analyse.optim.biz\/index.php?rest_route=%2Fwp%2Fv2%2Fcomments&post=2077264"}],"version-history":[{"count":0,"href":"https:\/\/analyse.optim.biz\/index.php?rest_route=\/wp\/v2\/posts\/2077264\/revisions"}],"wp:attachment":[{"href":"https:\/\/analyse.optim.biz\/index.php?rest_route=%2Fwp%2Fv2%2Fmedia&parent=2077264"}],"wp:term":[{"taxonomy":"category","embeddable":true,"href":"https:\/\/analyse.optim.biz\/index.php?rest_route=%2Fwp%2Fv2%2Fcategories&post=2077264"},{"taxonomy":"post_tag","embeddable":true,"href":"https:\/\/analyse.optim.biz\/index.php?rest_route=%2Fwp%2Fv2%2Ftags&post=2077264"}],"curies":[{"name":"wp","href":"https:\/\/api.w.org\/{rel}","templated":true}]}}