{"id":2077263,"date":"2026-07-27T00:00:00","date_gmt":"2026-07-26T21:00:00","guid":{"rendered":"https:\/\/analyse.optim.biz\/?p=2077263"},"modified":"2026-07-27T00:00:00","modified_gmt":"2026-07-26T21:00:00","slug":"hram-la-spitalul-judetean-focsani-slujbe-religioase-si-300-de-pachete-pentru-pacienti-de-sfantul-pantelimon","status":"publish","type":"post","link":"https:\/\/analyse.optim.biz\/?p=2077263","title":{"rendered":"Hram la Spitalul Jude\u021bean Foc\u0219ani: slujbe religioase \u0219i 300 de pachete pentru pacien\u021bi, de Sf\u00e2ntul Pantelimon"},"content":{"rendered":"<p>[analyse_image type=&#8221;featured&#8221; src=&#8221;https:\/\/zdvi.cname.ro\/_\/hram-la-spitalul-judetean-focsani-slujbe-religioase-si-300-de-pachete-pentru-pacienti-de-sfantul-pantelimon\/mediaPool\/ukoruCX.jpg&#8221;]<\/p>\n<div class=\"main-content detaliu-articol\"><a class=\"titlu-cat-list\" href=\"https:\/\/ziaruldevrancea.ro\/promo\/evenimente-speciale\">Evenimente speciale<\/a><\/p>\n<h1>Hram la Spitalul Jude\u021bean Foc\u0219ani: slujbe religioase \u0219i 300 de pachete pentru pacien\u021bi, de Sf\u00e2ntul Pantelimon<\/h1>\n<div class=\"date-articol clearfix\">\n<div class=\"distribuie-articol dropdown\">\n    Distribuie: \u00a0<br \/>\n    <em>|<\/em><\/div>\n<div class=\"autor-articol\"><a href=\"https:\/\/ziaruldevrancea.ro\/autor\/camelia-marin\/\"><img decoding=\"async\" class=\"img-circle\" src=\"https:\/\/zdvi.cname.ro\/50_50\/articleAuthor\/camelia-marin\/articleAuthor\/u9DOVkc.jpg\" alt><\/a><\/p>\n<h5><a href=\"https:\/\/ziaruldevrancea.ro\/autor\/camelia-marin\/\">Camelia Marin<\/a><\/h5>\n<div class=\"grup-spatiere\"><span class=\"cu-spatiere\">27 iul 2026<\/span><span class=\"cu-spatiere\">1069 vizualiz\u0103ri<\/span><\/div>\n<\/div>\n<\/div>\n<div class=\"poza-mare\"><a href class=\"openGallery\"><img decoding=\"async\" class=\"img-responsive\" src=\"https:\/\/zdvi.cname.ro\/850_530\/hram-la-spitalul-judetean-focsani-slujbe-religioase-si-300-de-pachete-pentru-pacienti-de-sfantul-pantelimon\/article\/mediaPool\/ukoruCX.jpg\" alt><\/a><\/div>\n<p><strong>Spitalul Jude\u021bean de Urgen\u021b\u0103 \u201eSf\u00e2ntul Pantelimon\u201d Foc\u0219ani marcheaz\u0103, pe 26 \u0219i 27 iulie, hramul capelei. Personalul medical, pacien\u021bii, apar\u021bin\u0103torii \u0219i credincio\u0219ii sunt invita\u021bi s\u0103 participe la slujbele religioase dedicate ocrotitorului spiritual al unit\u0103\u021bii sanitare.<\/strong><\/p>\n<p><strong>Hram la Spitalul Jude\u021bean Foc\u0219ani: slujbe religioase \u0219i 300 de pachete pentru pacien\u021bi, de Sf\u00e2ntul Pantelimon<\/strong><\/p>\n<p>Spitalul Jude\u021bean de Urgen\u021b\u0103 \u201eSf\u00e2ntul Pantelimon\u201d Foc\u0219ani organizeaz\u0103, \u00een zilele de <strong>26 \u0219i 27 iulie 2026<\/strong>, manifest\u0103rile religioase dedicate <strong>Sf\u00e2ntului Mare Mucenic \u0219i T\u0103m\u0103duitor Pantelimon<\/strong>, ocrotitorul celor bolnavi, al personalului medical \u0219i patronul spiritual al celei mai mari unit\u0103\u021bi sanitare din jude\u021bul Vrancea.<\/p>\n<p>Potrivit unei inform\u0103ri transmise vineri, 24 iulie, de purt\u0103torul de cuv\u00e2nt al spitalului, prin intermediul Capelei Spitalului \u0219i al preotului <strong>Ion Gherman<\/strong>, cadrele medicale, pacien\u021bii, apar\u021bin\u0103torii \u0219i to\u021bi credincio\u0219ii sunt invita\u021bi s\u0103 participe la slujbele religioase organizate cu prilejul hramului.<\/p>\n<p><strong>Programul manifest\u0103rilor religioase<\/strong><\/p>\n<p>Programul \u00eencepe <strong>duminic\u0103, 26 iulie<\/strong>, c\u00e2nd sunt programate:<\/p>\n<ul>\n<li><strong>ora 17:30<\/strong> \u2013 Acatistul Sf\u00e2ntului Mare Mucenic \u0219i T\u0103m\u0103duitor Pantelimon;<\/li>\n<li><strong>ora 18:00<\/strong> \u2013 Vecernia Mare cu Litie.<\/li>\n<\/ul>\n<p>Manifest\u0103rile vor continua <strong>luni, 27 iulie<\/strong>, ziua de pr\u0103znuire a Sf\u00e2ntului Pantelimon, dup\u0103 urm\u0103torul program:<\/p>\n<ul>\n<li><strong>ora 07:00<\/strong> \u2013 Utrenia;<\/li>\n<li><strong>ora 08:00<\/strong> \u2013 Sf\u00e2nta Liturghie, urmat\u0103 de un parastas \u00een memoria cadrelor medicale trecute la cele ve\u0219nice.<\/li>\n<\/ul>\n<p><strong>Un moment de rug\u0103ciune pentru comunitatea spitalului<\/strong><\/p>\n<p>Reprezentan\u021bii Spitalului Jude\u021bean de Urgen\u021b\u0103 \u201eSf\u00e2ntul Pantelimon\u201d Foc\u0219ani arat\u0103 c\u0103 hramul capelei este un prilej de rug\u0103ciune \u0219i recuno\u0219tin\u021b\u0103 pentru \u00eentreaga comunitate a spitalului, reunind personalul medical, pacien\u021bii, apar\u021bin\u0103torii \u0219i credincio\u0219ii.<\/p>\n<p>Evenimentul are \u0219i o component\u0103 caritabil\u0103. La finalul Sfintei Liturghii vor fi distribuite <strong>300 de pachete cu alimente neperisabile<\/strong> pacien\u021bilor interna\u021bi \u0219i persoanelor care vor participa la slujb\u0103.<\/p>\n<p>Conducerea unit\u0103\u021bii medicale a transmis mul\u021bumiri tuturor celor care au contribuit la organizarea evenimentului \u0219i au sprijinit aceast\u0103 ac\u021biune de solidaritate, subliniind c\u0103 astfel de gesturi aduc un sprijin moral \u0219i material persoanelor aflate \u00een suferin\u021b\u0103.<\/p>\n<p>Prin aceast\u0103 ini\u021biativ\u0103, Spitalul Jude\u021bean de Urgen\u021b\u0103 \u201eSf\u00e2ntul Pantelimon\u201d Foc\u0219ani continu\u0103 tradi\u021bia organiz\u0103rii hramului capelei, un eveniment care \u00eembin\u0103 dimensiunea spiritual\u0103 cu cea comunitar\u0103 \u0219i care \u00eei reune\u0219te, an de an, pe cei implica\u021bi \u00een actul medical \u0219i pe cei afla\u021bi \u00een \u00eengrijirea lor.<\/p>\n<p><strong>Camelia Marin\u00a0<\/strong><\/p>\n<p><strong>Citi\u021bi \u00een continuare con\u021binutul integral al inform\u0103rii de pres\u0103 f\u0103cut\u0103 public, vineri 24 iulie 2026, ora 09:46, de purt\u0103torul de cuv\u00e2nt al\u00a0Spitalului Jude\u021bean de Urgen\u021b\u0103 \u201eSf\u00e2ntul Pantelimon\u201d Foc\u0219ani\u00a0 \u00een leg\u0103tur\u0103 cu acest articol\u00a0<\/strong><\/p>\n<div>Capela Spitalului Jude\u021bean de Urgen\u021b\u0103 \u201eSf\u00e2ntul Pantelimon\u201d Foc\u0219ani, prin preotul Ion Gherman, v\u0103 aduce la cuno\u0219tin\u021b\u0103 cu bucurie c\u0103 \u00een data de 27 iulie este pr\u0103znuit Sf\u00e2ntul Mare Mucenic \u0219i T\u0103m\u0103duitor Pantelimon, ocrotitorul celor bolnavi \u0219i al personalului medical, precum \u0219i patronul spiritual al Spitalului Jude\u021bean de Urgen\u021b\u0103 \u201eSf\u00e2ntul Pantelimon\u201d Foc\u0219ani.<\/div>\n<div>Cu acest prilej, cadrele medicale, pacien\u021bii, apar\u021bin\u0103torii \u0219i to\u021bi credincio\u0219ii sunt invita\u021bi s\u0103 participe la slujbele religioase organizate cu ocazia hramului Capelei Spitalului, \u00eenchinate Sf\u00e2ntului Mare Mucenic \u0219i T\u0103m\u0103duitor Pantelimon.<\/div>\n<div><strong>Programul slujbelor religioase:<\/strong><\/div>\n<div><strong>Duminic\u0103, 26 iulie<\/strong><\/div>\n<div>* ora 17:30 \u2013 Acatistul Sf\u00e2ntului Mare Mucenic \u0219i T\u0103m\u0103duitor Pantelimon;<\/div>\n<div>* ora 18:00 \u2013 Vecernia Mare cu Litie.<\/div>\n<div><strong>Luni, 27 iulie<\/strong><\/div>\n<div>* ora 07:00 \u2013 Utrenia;<\/div>\n<div>* ora 08:00 \u2013 Sf\u00e2nta Liturghie, urmat\u0103 de parastasul pentru cadrele medicale trecute la cele ve\u0219nice.<\/div>\n<div>Hramul Capelei Spitalului reprezint\u0103 un moment de rug\u0103ciune, recuno\u0219tin\u021b\u0103 \u0219i comuniune pentru \u00eentreaga comunitate a spitalului \u2013 pentru cei care se afl\u0103 \u00een slujba s\u0103n\u0103t\u0103\u021bii, pentru pacien\u021bi \u0219i pentru to\u021bi cei care \u00ee\u0219i pun n\u0103dejdea \u00een ajutorul lui Dumnezeu.<\/div>\n<div>La finalul Sfintei Liturghii, vor fi oferite 300 de pachete cu alimente neperisabile pacien\u021bilor interna\u021bi \u0219i credincio\u0219ilor participan\u021bi la slujb\u0103.<\/div>\n<div>Mul\u021bumim tuturor oamenilor de bine care au sprijinit organizarea acestui eveniment \u0219i care, prin generozitatea lor, contribuie la aducerea unui strop de bucurie \u0219i alinare celor afla\u021bi \u00een suferin\u021b\u0103.<\/div>\n<div>V\u0103 a\u0219tept\u0103m cu drag s\u0103 lua\u021bi parte la aceste momente de rug\u0103ciune, binecuv\u00e2ntare \u0219i comuniune sufleteasc\u0103.<\/div>\n<div><strong>Spitalul Jude\u021bean de Urgen\u021b\u0103 \u201eSf\u00e2ntul Pantelimon\u201d Foc\u0219ani \u200e<\/strong><\/div>\n<hr>\n<div class=\"bloc-widget widget-rosu\">\n<p>\u00cen lipsa unui acord scris din partea Ziarului de Vrancea, pute\u0163i prelua maxim 500 de caractere din acest articol dac\u0103 preciza\u0163i sursa \u015fi insera\u0163i vizibil link-ul articolului:\u00a0<span>#insertcurrentlinkhere<\/span><\/p>\n<\/div>\n<div class=\"extra-articol listing-anunturi\">\n<h6>Anun\u021buri <span class=\"text-primary\">ZdV<\/span> Premium<\/h6>\n<div class=\"row\">\n<div class=\"col-lg-4 col-md-6 bloc-egal\"><a class=\"card-anunt\" href=\"https:\/\/ziaruldevrancea.ro\/anunturi\/altele\/servicii\/caut-o-persoana-sau-o-familie-pentru-ingrijirea-unei-batrane\"><strong class=\"titlu\">Servicii<\/strong><span class=\"text-anunt\">Caut o persoan\u0103\u00a0sau o familie serioas\u0103&#8230;<\/span><span class=\"data-anunt\">04.08.2026  <\/span><\/a><\/div>\n<div class=\"col-lg-4 col-md-6 bloc-egal\"><a class=\"card-anunt\" href=\"https:\/\/ziaruldevrancea.ro\/anunturi\/imobiliare\/vanzari-ap-2-camere\/vand-apartament-2-camere-in-focsani-anunt-72825\"><strong class=\"titlu\">V\u00e2nz\u0103ri ap 2 camere<\/strong><span class=\"text-anunt\">V\u00e2nd apartament 2 camere, hol p\u0103trat,&#8230;<\/span><span class=\"data-anunt\">04.08.2026  <\/span><\/a><\/div>\n<div class=\"col-lg-4 col-md-6 bloc-egal\"><a class=\"card-anunt\" href=\"https:\/\/ziaruldevrancea.ro\/anunturi\/angajari\/oferte-angajari\/angajam-asistente-medicale\"><strong class=\"titlu\">Oferte<\/strong><span class=\"text-anunt\">Crucea Ro\u0219ie Vrancea angajeaz\u0103 asistente\u00a0&#8230;<\/span><span class=\"data-anunt\">04.08.2026  <\/span><\/a><\/div>\n<\/div>\n<\/div>\n<div class=\"extra-articol alte-articole\">\n<div class=\"row\">\n<div class=\"col-lg-6 bloc-egal\">\n<div class=\"card articol-listing\">\n<h6>\u00cen categoria <a href=\"https:\/\/ziaruldevrancea.ro\/promo\/evenimente-speciale\">Evenimente speciale<\/a><\/h6>\n<div class=\"grup-articol-listing\">\n<div class=\"cont-pils\"><a href=\"https:\/\/ziaruldevrancea.ro\/promo\/evenimente-speciale\/vrancea-marcheaza-109-ani-de-la-batalia-de-la-marasesti.-programul-complet-al-ceremoniilor-de-la-mausoleele-eroilor-din-marasesti-si-focsani\"><img decoding=\"async\" src=\"https:\/\/zdvi.cname.ro\/180_135\/promo\/evenimente-speciale\/vrancea-marcheaza-109-ani-de-la-batalia-de-la-marasesti.-programul-complet-al-ceremoniilor-de-la-mausoleele-eroilor-din-marasesti-si-focsani\/mediaPool\/uxIPXt5.jpeg\" class=\"img-responsive img-180\" alt><\/a><\/div>\n<h2><a class=\"link-titlu\" href=\"https:\/\/ziaruldevrancea.ro\/promo\/evenimente-speciale\/vrancea-marcheaza-109-ani-de-la-batalia-de-la-marasesti.-programul-complet-al-ceremoniilor-de-la-mausoleele-eroilor-din-marasesti-si-focsani\">Vrancea marcheaz\u0103 109 ani de la B\u0103t\u0103lia de la M\u0103r\u0103\u0219e\u0219ti. Programul complet al ceremoniilor de la Mausoleele Eroilor din M\u0103r\u0103\u0219e\u0219ti \u0219i Foc\u0219ani<\/a><\/h2>\n<div class=\"date-post\"><a href=\"https:\/\/ziaruldevrancea.ro\/autor\/anca-vasiliu\">Anca Vasiliu<\/a>,  4 aug 2026  <\/div>\n<\/div>\n<div class=\"grup-articol-listing\">\n<div class=\"cont-pils\"><a href=\"https:\/\/ziaruldevrancea.ro\/promo\/evenimente-speciale\/video-balciul-anual-din-adjud-2026-a-inceput-program-restrictii-de-circulatie-si-recomandari-pentru-participanti\"><img decoding=\"async\" src=\"https:\/\/zdvi.cname.ro\/180_135\/promo\/evenimente-speciale\/video-balciul-anual-din-adjud-2026-a-inceput-program-restrictii-de-circulatie-si-recomandari-pentru-participanti\/mediaPool\/u98Fjoj.jpg\" class=\"img-responsive img-180\" alt><\/a><\/div>\n<h2><a class=\"link-titlu\" href=\"https:\/\/ziaruldevrancea.ro\/promo\/evenimente-speciale\/video-balciul-anual-din-adjud-2026-a-inceput-program-restrictii-de-circulatie-si-recomandari-pentru-participanti\">VIDEO | B\u00e2lciul Anual din Adjud 2026 a \u00eenceput: program, restric\u021bii de circula\u021bie \u0219i recomand\u0103ri pentru participan\u021bi<\/a><\/h2>\n<div class=\"date-post\"><a href=\"https:\/\/ziaruldevrancea.ro\/autor\/camelia-marin\">Camelia Marin<\/a>,  2 aug 2026  <\/div>\n<\/div>\n<div class=\"grup-articol-listing\">\n<div class=\"cont-pils\"><a href=\"https:\/\/ziaruldevrancea.ro\/promo\/evenimente-speciale\/video--foto-elevii-vranceni-premiati-de-consiliului-judetean-pentru-performanta-obtinuta-la-infoeducatie-2026\"><img decoding=\"async\" src=\"https:\/\/zdvi.cname.ro\/180_135\/promo\/evenimente-speciale\/video--foto-elevii-vranceni-premiati-de-consiliului-judetean-pentru-performanta-obtinuta-la-infoeducatie-2026\/mediaPool\/u6Sjqgn.jpeg\" class=\"img-responsive img-180\" alt><\/a><\/div>\n<h2><a class=\"link-titlu\" href=\"https:\/\/ziaruldevrancea.ro\/promo\/evenimente-speciale\/video--foto-elevii-vranceni-premiati-de-consiliului-judetean-pentru-performanta-obtinuta-la-infoeducatie-2026\">VIDEO + Foto | Elevii vr\u00e2nceni premia\u021bi de Consiliului Jude\u021bean pentru performan\u021ba ob\u021binut\u0103 la InfoEduca\u021bie 2026<\/a><\/h2>\n<div class=\"date-post\"><a href=\"https:\/\/ziaruldevrancea.ro\/autor\/maria-bratu\">Maria BRATU<\/a>,  1 aug 2026  <\/div>\n<\/div>\n<\/div>\n<\/div>\n<div class=\"col-lg-6 bloc-egal\">\n<div class=\"card articol-listing\">\n<h6>De acela\u0219i <a href=\"https:\/\/ziaruldevrancea.ro\/autor\/camelia-marin\/\">autor<\/a><\/h6>\n<div class=\"grup-articol-listing\">\n<div class=\"cont-pils\"><a href=\"https:\/\/ziaruldevrancea.ro\/promo\/brand-voice\/investigatii-complete-pentru-sanatatea-femeii-disponibile-in-vrancea-la-acelasi-medic-specialist\"><img decoding=\"async\" src=\"https:\/\/zdvi.cname.ro\/180_135\/promo\/brand-voice\/investigatii-complete-pentru-sanatatea-femeii-disponibile-in-vrancea-la-acelasi-medic-specialist\/mediaPool\/ui2xC62.PNG\" class=\"img-responsive img-180\" alt><\/a><\/div>\n<h2><a class=\"link-titlu\" href=\"https:\/\/ziaruldevrancea.ro\/promo\/brand-voice\/investigatii-complete-pentru-sanatatea-femeii-disponibile-in-vrancea-la-acelasi-medic-specialist\">Investiga\u021bii complete pentru s\u0103n\u0103tatea femeii, disponibile \u00een Vrancea la acela\u0219i medic specialist<\/a><\/h2>\n<div class=\"date-post\"><a href=\"https:\/\/ziaruldevrancea.ro\/autor\/camelia-marin\">Camelia Marin<\/a>,  4 aug 2026  <\/div>\n<\/div>\n<div class=\"grup-articol-listing\">\n<div class=\"cont-pils\"><a href=\"https:\/\/ziaruldevrancea.ro\/timp-liber\/the-motans-concerteaza-la-focsani-piata-unirii-va-gazdui-unul-dintre-cele-mai-asteptate-evenimente-ale-lunii-august\"><img decoding=\"async\" src=\"https:\/\/zdvi.cname.ro\/180_135\/timp-liber\/the-motans-concerteaza-la-focsani-piata-unirii-va-gazdui-unul-dintre-cele-mai-asteptate-evenimente-ale-lunii-august\/mediaPool\/uArjUvk.jpg\" class=\"img-responsive img-180\" alt><\/a><\/div>\n<h2><a class=\"link-titlu\" href=\"https:\/\/ziaruldevrancea.ro\/timp-liber\/the-motans-concerteaza-la-focsani-piata-unirii-va-gazdui-unul-dintre-cele-mai-asteptate-evenimente-ale-lunii-august\">The Mot\u00e1ns concerteaz\u0103 la Foc\u0219ani: Pia\u021ba Unirii va g\u0103zdui unul dintre cele mai a\u0219teptate evenimente ale lunii august<\/a><\/h2>\n<div class=\"date-post\"><a href=\"https:\/\/ziaruldevrancea.ro\/autor\/camelia-marin\">Camelia Marin<\/a>,  3 aug 2026  <\/div>\n<\/div>\n<div class=\"grup-articol-listing\">\n<div class=\"cont-pils\"><a href=\"https:\/\/ziaruldevrancea.ro\/actualitatea\/stiri-locale\/canicula-face-tot-mai-multe-victime-in-vrancea.-saj-ambulantele-intervin-la-tot-mai-multe-urgente-provocate-de-temperaturile-extreme\"><img decoding=\"async\" src=\"https:\/\/zdvi.cname.ro\/180_135\/actualitatea\/stiri-locale\/canicula-face-tot-mai-multe-victime-in-vrancea.-saj-ambulantele-intervin-la-tot-mai-multe-urgente-provocate-de-temperaturile-extreme\/mediaPool\/uKI4cjh.jpg\" class=\"img-responsive img-180\" alt><\/a><\/div>\n<h2><a class=\"link-titlu\" href=\"https:\/\/ziaruldevrancea.ro\/actualitatea\/stiri-locale\/canicula-face-tot-mai-multe-victime-in-vrancea.-saj-ambulantele-intervin-la-tot-mai-multe-urgente-provocate-de-temperaturile-extreme\">Canicula face tot mai multe victime \u00een Vrancea. SAJ: Ambulan\u021bele intervin la tot mai multe urgen\u021be provocate de temperaturile extreme<\/a><\/h2>\n<div class=\"date-post\"><a href=\"https:\/\/ziaruldevrancea.ro\/autor\/camelia-marin\">Camelia Marin<\/a>,  3 aug 2026  <\/div>\n<\/div>\n<\/div>\n<\/div>\n<\/div>\n<\/div>\n<div class=\"extra-articol listing-anunturi\">\n<h6>Anun\u021buri <span class=\"text-primary\">ZdV<\/span> Premium<\/h6>\n<div class=\"row\">\n<div class=\"col-lg-4 col-md-6 bloc-egal\"><a class=\"card-anunt\" href=\"https:\/\/ziaruldevrancea.ro\/anunturi\/necrolog\/condoleante\/sincere-condoleante-familiei-neghina\"><strong class=\"titlu\">Condolean\u021be<\/strong><span class=\"text-anunt\">Nimic nu poate alina durerea familiei \u00een&#8230;<\/span><span class=\"data-anunt\">04.08.2026  <\/span><\/a><\/div>\n<div class=\"col-lg-4 col-md-6 bloc-egal\"><a class=\"card-anunt\" href=\"https:\/\/ziaruldevrancea.ro\/anunturi\/inchirieri\/locuinte-oferte\/Inchiriez-camera-anunt-72823\"><strong class=\"titlu\">Locuin\u021be oferte<\/strong><span class=\"text-anunt\">\u00cenchiriez camer\u0103 la apartament. Rog&#8230;<\/span><span class=\"data-anunt\">03.08.2026  <\/span><\/a><\/div>\n<div class=\"col-lg-4 col-md-6 bloc-egal\"><a class=\"card-anunt\" href=\"https:\/\/ziaruldevrancea.ro\/anunturi\/imobiliare\/vanzari-terenuri\/vand-teren-in-panciu\"><strong class=\"titlu\">V\u00e2nz\u0103ri terenuri<\/strong><span class=\"text-anunt\">Teren Panciu 1170 mp, cu num\u0103r cas\u0103, ap\u0103&#8230;<\/span><span class=\"data-anunt\">29.07.2026  <\/span><\/a><\/div>\n<\/div>\n<\/div>\n<div class=\"bloc-widget widget-albastru\">\n    Ziarul de Vrancea \u00a0nu este responsabil juridic pentru con\u0163inutul textelor din comentariile de mai jos. Responsabilitatea pentru mesajele dumneavoastra v\u0103 revine \u00een exclusivitate.\n<\/div>\n<div class=\"comentarii-articol\" id=\"comentarii\">\n<h3>Comentarii: <span class=\"text-primary\">0<\/span><\/h3>\n<p><a href=\"https:\/\/ziaruldevrancea.ro\/promo\/evenimente-speciale\/hram-la-spitalul-judetean-focsani-slujbe-religioase-si-300-de-pachete-pentru-pacienti-de-sfantul-pantelimon\" class=\"btn btn-success btn-adauga-com\" data-toggle=\"modal\" data-parent=\"0\" data-target=\"#commentModal\">Adaug\u0103 comentariu<\/a><\/p>\n<div class=\"loadMask comments-mask\"><img decoding=\"async\" src=\"https:\/\/zdvs.cname.ro\/images\/loader_40.gif\"><\/div>\n<div class=\"comenteaza-jos\">Trebuie s\u0103 fii <a href=\"https:\/\/ziaruldevrancea.ro\/account\">autentificat<\/a> pentru a putea <a href=\"https:\/\/ziaruldevrancea.ro\/promo\/evenimente-speciale\/hram-la-spitalul-judetean-focsani-slujbe-religioase-si-300-de-pachete-pentru-pacienti-de-sfantul-pantelimon\" class data-toggle=\"modal\" data-parent=\"0\" data-target=\"#commentModal\">posta un comentariu<\/a>.<\/div>\n<\/div>\n<div class=\"modal fade\" id=\"commentModal\" role=\"dialog\" aria-labelledby=\"commentModalLabel\">\n<div class=\"modal-dialog modal-lg\" role=\"document\">\n<div class=\"modal-content\">\n<div class=\"modal-header\">\n<h3 class=\"modal-title\" id=\"commentModalLabel\">Comenteaz\u0103<\/h3>\n<\/div>\n<div class=\"modal-body\">\n<div class=\"tabel tabel-full\">\n<div class=\"celula\">\n              Trebuie s\u0103 fii <a href=\"https:\/\/ziaruldevrancea.ro\/account\">autentificat<\/a> pentru a putea posta un comentariu.\n            <\/div>\n<\/div>\n<\/div>\n<div class=\"modal-footer\">\n<div id=\"commentPending\" class=\"formPending pull-left\"><img decoding=\"async\" src=\"https:\/\/zdvs.cname.ro\/images\/loader_40.gif\"> In curs de procesare&#8230;<\/div>\n<p><a href=\"https:\/\/ziaruldevrancea.ro\/promo\/evenimente-speciale\/hram-la-spitalul-judetean-focsani-slujbe-religioase-si-300-de-pachete-pentru-pacienti-de-sfantul-pantelimon\" class=\"btn btn-default\" data-dismiss=\"modal\">Anuleaz\u0103<\/a><\/div>\n<\/div>\n<\/div>\n<\/div>\n<div class=\"modal fade\" id=\"commentReportModal\" role=\"dialog\" aria-labelledby=\"commentReportModalLabel\">\n<div class=\"modal-dialog modal-lg\" role=\"document\">\n<div class=\"modal-content\">\n<div class=\"modal-header\">\n<h3 class=\"modal-title\" id=\"commentReportModalLabel\">Raporteaza comentariu<\/h3>\n<\/div>\n<div class=\"modal-body\">\n<div class=\"tabel tabel-full\">\n<div class=\"celula\">\n              Trebuie s\u0103 fii <a href=\"https:\/\/ziaruldevrancea.ro\/account\">autentificat<\/a> pentru a putea raporta un comentariu.\n            <\/div>\n<\/div>\n<\/div>\n<div class=\"modal-footer\">\n<div id=\"commentReportPending\" class=\"formPending pull-left\"><img decoding=\"async\" src=\"https:\/\/zdvs.cname.ro\/images\/loader_40.gif\"> In curs de procesare&#8230;<\/div>\n<p><a href=\"https:\/\/ziaruldevrancea.ro\/promo\/evenimente-speciale\/hram-la-spitalul-judetean-focsani-slujbe-religioase-si-300-de-pachete-pentru-pacienti-de-sfantul-pantelimon\" class=\"btn btn-default\" data-dismiss=\"modal\">Anuleaz\u0103<\/a><\/div>\n<\/div>\n<\/div>\n<\/div>\n<div class=\"modal fade\" id=\"commentLikeModal\" role=\"dialog\" aria-labelledby=\"commentLikeModalLabel\">\n<div class=\"modal-dialog modal-lg\" role=\"document\">\n<div class=\"modal-content\">\n<div class=\"modal-header\">\n<h3 class=\"modal-title\" id=\"commentReportModalLabel\">Apreciaza comentariu<\/h3>\n<\/div>\n<div class=\"modal-body\">\n<div class=\"tabel tabel-full\">\n<div class=\"celula\">\n            Trebuie s\u0103 fii <a href=\"https:\/\/ziaruldevrancea.ro\/account\">autentificat<\/a> pentru a putea aprecia un comentariu.\n          <\/div>\n<\/div>\n<\/div>\n<div class=\"modal-footer\"><a href=\"https:\/\/ziaruldevrancea.ro\/promo\/evenimente-speciale\/hram-la-spitalul-judetean-focsani-slujbe-religioase-si-300-de-pachete-pentru-pacienti-de-sfantul-pantelimon\" class=\"btn btn-default\" data-dismiss=\"modal\">Anuleaz\u0103<\/a><\/div>\n<\/div>\n<\/div>\n<\/div>\n<div class=\"bloc-widget widget-rosu\"><span><small>Ziarul de Vrancea doreste ca acest site sa fie un spatiu al discutiilor civilizate, al comentariilor de bun simt. Din acest motiv, cei care posteaza comentarii la articole trebuie sa respecte urmatoarele reguli:<br \/>\n1. Sa se refere doar la articolul la care posteaza comentarii.<br \/>\n2. Sa foloseasca un limbaj civilizat, fara injurii, calomnii, comentarii antisemite, xenofobe sau rasiste.<br \/>\n3. Sunt interzise atacurile la adresa autorilor, daca acestea nu au legatura cu textul.<br \/>\n4. Username-ul sa nu fie nume de personalitati ale vietii publice sau parodieri ale acestora.<br \/>\nAutorul unui articol poate fi criticat pentru eventuale greseli, incoerenta, lipsa de documentare etc.<br \/>\nNerespectarea regulilor mentionate mai sus va duce la stergerea comentariilor, fara avertisment si fara explicatii.<br \/>\nAbaterile repetate vor avea drept consecinta interdictia accesului la aceasta facilitate a site-ului.<\/small><\/span><\/div>\n<\/div>\n<p>[analyse_source url=&#8221;https:\/\/ziaruldevrancea.ro\/promo\/evenimente-speciale\/hram-la-spitalul-judetean-focsani-slujbe-religioase-si-300-de-pachete-pentru-pacienti-de-sfantul-pantelimon&#8221;]<\/p>\n","protected":false},"excerpt":{"rendered":"<p>[analyse_image type=&#8221;featured&#8221; src=&#8221;https:\/\/zdvi.cname.ro\/_\/hram-la-spitalul-judetean-focsani-slujbe-religioase-si-300-de-pachete-pentru-pacienti-de-sfantul-pantelimon\/mediaPool\/ukoruCX.jpg&#8221;] Evenimente speciale Hram la Spitalul Jude\u021bean Foc\u0219ani: slujbe religioase \u0219i 300 de pachete pentru pacien\u021bi, de Sf\u00e2ntul Pantelimon Distribuie: \u00a0 | Camelia Marin 27 iul 20261069 vizualiz\u0103ri Spitalul Jude\u021bean de Urgen\u021b\u0103 \u201eSf\u00e2ntul Pantelimon\u201d Foc\u0219ani marcheaz\u0103, pe 26 \u0219i 27 iulie, hramul capelei. Personalul medical, pacien\u021bii, apar\u021bin\u0103torii \u0219i credincio\u0219ii sunt invita\u021bi s\u0103 participe [&hellip;]<\/p>\n","protected":false},"author":1,"featured_media":0,"comment_status":"open","ping_status":"","sticky":false,"template":"","format":"standard","meta":{"footnotes":""},"categories":[89],"tags":[226,208],"class_list":["post-2077263","post","type-post","status-publish","format-standard","hentry","category-romania","tag-crawlmanager","tag-ziaruldevrancea-ro"],"_links":{"self":[{"href":"https:\/\/analyse.optim.biz\/index.php?rest_route=\/wp\/v2\/posts\/2077263","targetHints":{"allow":["GET"]}}],"collection":[{"href":"https:\/\/analyse.optim.biz\/index.php?rest_route=\/wp\/v2\/posts"}],"about":[{"href":"https:\/\/analyse.optim.biz\/index.php?rest_route=\/wp\/v2\/types\/post"}],"author":[{"embeddable":true,"href":"https:\/\/analyse.optim.biz\/index.php?rest_route=\/wp\/v2\/users\/1"}],"replies":[{"embeddable":true,"href":"https:\/\/analyse.optim.biz\/index.php?rest_route=%2Fwp%2Fv2%2Fcomments&post=2077263"}],"version-history":[{"count":0,"href":"https:\/\/analyse.optim.biz\/index.php?rest_route=\/wp\/v2\/posts\/2077263\/revisions"}],"wp:attachment":[{"href":"https:\/\/analyse.optim.biz\/index.php?rest_route=%2Fwp%2Fv2%2Fmedia&parent=2077263"}],"wp:term":[{"taxonomy":"category","embeddable":true,"href":"https:\/\/analyse.optim.biz\/index.php?rest_route=%2Fwp%2Fv2%2Fcategories&post=2077263"},{"taxonomy":"post_tag","embeddable":true,"href":"https:\/\/analyse.optim.biz\/index.php?rest_route=%2Fwp%2Fv2%2Ftags&post=2077263"}],"curies":[{"name":"wp","href":"https:\/\/api.w.org\/{rel}","templated":true}]}}