{"id":2077261,"date":"2026-07-26T00:00:00","date_gmt":"2026-07-25T21:00:00","guid":{"rendered":"https:\/\/analyse.optim.biz\/?p=2077261"},"modified":"2026-07-26T00:00:00","modified_gmt":"2026-07-25T21:00:00","slug":"vrancea-exemplu-de-solidaritate-peste-360-de-voluntari-au-transformat-satul-farcas-intr-un-urias-santier-pentru-copiii-cu-autism","status":"publish","type":"post","link":"https:\/\/analyse.optim.biz\/?p=2077261","title":{"rendered":"Vrancea, exemplu de solidaritate: peste 360 de voluntari au transformat satul Farca\u0219 \u00eentr-un uria\u0219 \u0219antier pentru copiii cu autism"},"content":{"rendered":"<p>[analyse_image type=&#8221;featured&#8221; src=&#8221;https:\/\/zdvi.cname.ro\/_\/vrancea-exemplu-de-solidaritate-peste-360-de-voluntari-au-transformat-satul-farcas-intr-un-urias-santier-pentru-copiii-cu-autism\/mediaPool\/uhOnBUP.jpg&#8221;]<\/p>\n<div class=\"main-content detaliu-articol\"><a class=\"titlu-cat-list\" href=\"https:\/\/ziaruldevrancea.ro\/promo\/evenimente-speciale\">Evenimente speciale<\/a><\/p>\n<h1>Vrancea, exemplu de solidaritate: peste 360 de voluntari au transformat satul Farca\u0219 \u00eentr-un uria\u0219 \u0219antier pentru copiii cu autism<\/h1>\n<div class=\"date-articol clearfix\">\n<div class=\"distribuie-articol dropdown\">\n    Distribuie: \u00a0<br \/>\n    <em>|<\/em><\/div>\n<div class=\"autor-articol\"><a href=\"https:\/\/ziaruldevrancea.ro\/autor\/mircea-pavel\/\"><img decoding=\"async\" class=\"img-circle\" src=\"https:\/\/zdvi.cname.ro\/50_50\/articleAuthor\/mircea-pavel\/articleAuthor\/uqcCx6q.jpg\" alt><\/a><\/p>\n<h5><a href=\"https:\/\/ziaruldevrancea.ro\/autor\/mircea-pavel\/\">Mircea Pavel<\/a><\/h5>\n<div class=\"grup-spatiere\"><span class=\"cu-spatiere\">26 iul 2026<\/span><span class=\"cu-spatiere\">832 vizualiz\u0103ri<\/span><\/div>\n<\/div>\n<\/div>\n<div class=\"poza-mare\"><a href class=\"openGallery\"><img decoding=\"async\" class=\"img-responsive\" src=\"https:\/\/zdvi.cname.ro\/850_530\/vrancea-exemplu-de-solidaritate-peste-360-de-voluntari-au-transformat-satul-farcas-intr-un-urias-santier-pentru-copiii-cu-autism\/article\/mediaPool\/uhOnBUP.jpg\" alt><\/a><\/div>\n<p><strong>Trupa foc\u0219\u0103nean\u0103 Warblade a \u00eencheiat weekendul printr-un concert caritabil.<\/strong><\/p>\n<p><strong>Comunitatea Bikers for Humanity Rom\u00e2nia a aniversat 10 ani de voluntariat printr-o ampl\u0103 ac\u021biune desf\u0103\u0219urat\u0103 \u00een satul Farca\u0219, comuna Reghiu. \u00cen doar trei zile, sute de voluntari au lucrat la viitorul Centru Terapeutic pentru Copiii cu Autism, iar seara de s\u00e2mb\u0103t\u0103 a fost marcat\u0103 de un concert caritabil sus\u021binut inclusiv de tinerii muzicieni foc\u0219\u0103neni din trupa Warblade.<\/strong><\/p>\n<p><strong>Vrancea, exemplu de solidaritate: peste 360 de voluntari au transformat satul Farca\u0219 \u00eentr-un uria\u0219 \u0219antier pentru copiii cu autism. Trupa Warblade a \u00eencheiat weekendul printr-un concert caritabil<\/strong><\/p>\n<p>Satul Farca\u0219, din comuna vr\u00e2ncean\u0103 Reghiu, a devenit \u00een weekendul 24\u201326 iulie unul dintre cele mai importante puncte ale voluntariatului din Rom\u00e2nia. Peste 360 de voluntari din \u00eentreaga \u021bar\u0103, reuni\u021bi sub egida <strong>Bikers for Humanity Rom\u00e2nia<\/strong>, au lucrat la dezvoltarea viitorului <strong>Centru Terapeutic pentru Copiii cu Autism<\/strong>, proiect ini\u021biat de <strong>Asocia\u021bia \u201eSf\u00e2ntul Stelian \u2013 Ocrotitorul Copiilor\u201d<\/strong> din Foc\u0219ani.<\/p>\n<iframe loading=\"lazy\" frameborder height=\"560\" scrolling=\"no\" src=\"https:\/\/www.youtube.com\/embed\/dhdxiISD1Xc?si=1LK2JtOeBQ9yhE2P\" width=\"100%\"><\/iframe>\n<p>\u00centr-o postare publicat\u0103 duminic\u0103, 26 iulie 2026, pe pagina oficial\u0103 de Facebook, reprezentan\u021bii Bikers for Humanity au anun\u021bat c\u0103 obiectivele stabilite pentru aceast\u0103 etap\u0103 au fost \u00eendeplinite \u0219i c\u0103 lucr\u0103rile vor continua p\u00e2n\u0103 la finalizarea complexului terapeutic.<\/p>\n<blockquote>\n<p>\u201e<strong>365 de voluntari au \u00abcotropit\u00bb localitatea Farca\u0219 din Vrancea, un sat locuit de aproximativ 200 de suflete. Tot ce ne-am propus am realizat. P\u00e2n\u0103 la finalizarea Centrului Terapeutic pentru Copiii cu Autism toate resursele noastre vor fi concentrate acolo. Anul viitor ne vedem tot la Farca\u0219<\/strong>\u201d, au transmis <strong>organizatorii.<\/strong><\/p>\n<\/blockquote>\n<p><strong>Un proiect construit exclusiv prin dona\u021bii \u0219i voluntariat<\/strong><\/p>\n<p>Timp de trei zile, motocicli\u0219ti, voluntari \u0219i sus\u021bin\u0103tori veni\u021bi din toate regiunile \u021b\u0103rii au lucrat cot la cot pentru realizarea primelor structuri ale complexului terapeutic.<\/p>\n<p>Au fost executate lucr\u0103ri la funda\u021bii, infrastructura de baz\u0103 \u0219i elementele necesare ridic\u0103rii celor cinci cl\u0103diri prev\u0103zute \u00een proiect. Viitorul centru va include spa\u021bii dedicate terapiei copiilor diagnostica\u021bi cu tulbur\u0103ri din spectrul autist, dar \u0219i un pavilion destinat p\u0103rin\u021bilor, conceput pentru consiliere, sprijin \u0219i recuperare emo\u021bional\u0103.<\/p>\n<p>Potrivit organizatorilor, \u00eentregul proiect este finan\u021bat exclusiv din dona\u021bii \u0219i contribu\u021bii private, f\u0103r\u0103 finan\u021bare public\u0103, fiind construit prin implicarea voluntarilor \u0219i a partenerilor care aleg s\u0103 sus\u021bin\u0103 cauza.<\/p>\n<p><strong>Zece ani de Bikers for Humanity<\/strong><\/p>\n<p>Ac\u021biunea de la Farca\u0219 a marcat \u0219i aniversarea a zece ani de existen\u021b\u0103 a comunit\u0103\u021bii <strong>Bikers for Humanity Rom\u00e2nia<\/strong>, proiect ini\u021biat \u00een 2015 de cunoscutul om de radio \u0219i televiziune <strong>Cristian Hrubaru<\/strong>, originar din Foc\u0219ani.<\/p>\n<p>Conform prezent\u0103rii organiza\u021biei, ideea a luat na\u0219tere \u00een timpul unui proiect Habitat for Humanity, iar primul apel adresat comunit\u0103\u021bii motocicli\u0219tilor a adunat aproximativ 400 de voluntari. De atunci, Bikers for Humanity a devenit una dintre cele mai importante comunit\u0103\u021bi de voluntariat din Rom\u00e2nia, implicat\u0103 \u00een numeroase proiecte sociale \u0219i de construc\u021bii destinate persoanelor vulnerabile.<\/p>\n<p>Ziarul de Vrancea a prezentat \u00een repetate r\u00e2nduri activitatea lui Cristian Hrubaru \u0219i evolu\u021bia acestui proiect umanitar, \u00eenc\u0103 din anul 2019, c\u00e2nd publica\u021bia relata povestea foc\u0219\u0103neanului care a transformat pasiunea pentru motociclete \u00eentr-o ampl\u0103 mi\u0219care de solidaritate.<\/p>\n<p><strong>De pe \u0219antier, direct \u00een fa\u021ba scenei<\/strong><\/p>\n<p>S\u00e2mb\u0103t\u0103 seara, dup\u0103 \u00eencheierea lucr\u0103rilor, voluntarii au participat la festivitatea de \u00eenm\u00e2nare a diplomelor de merit, urmat\u0103 de un concert rock organizat \u00een semn de recuno\u0219tin\u021b\u0103 pentru efortul depus.<\/p>\n<p>Printre forma\u021biile invitate s-a aflat \u0219i <strong>Warblade<\/strong>, trupa de thrash metal format\u0103 din adolescen\u021bi din Foc\u0219ani, care a oferit unul dintre cele mai apreciate momente ale serii.<\/p>\n<p>Publicul a asistat \u0219i la un moment special \u00een care <strong>Cristian Hrubaru<\/strong> a urcat pe scen\u0103 \u0219i a c\u00e2ntat al\u0103turi de membrii forma\u021biei, \u00eentr-un gest simbolic de sus\u021binere a noii genera\u021bii de muzicieni.<\/p>\n<p><strong>Warblade, un nume tot mai prezent pe scena rock<\/strong><\/p>\n<p>Forma\u021bia foc\u0219\u0103nean\u0103, alc\u0103tuit\u0103 din <strong>R\u0103zvan Toader, Luca Zlatan, Ghindi, Petru Chenderes \u0219i Mathias<\/strong>, continu\u0103 s\u0103 atrag\u0103 aten\u021bia at\u00e2t prin concertele sus\u021binute, c\u00e2t \u0219i prin evolu\u021bia artistic\u0103.<\/p>\n<p>Dup\u0103 participarea \u00een finala competi\u021biei europene <strong>Odyssea Band Clash<\/strong>, recitalul caritabil de la Farca\u0219 reprezint\u0103 o nou\u0103 etap\u0103 important\u0103 pentru tinerii muzicieni, care lucreaz\u0103 \u00een prezent la propriul album.<\/p>\n<p>Potrivit informa\u021biilor transmise redac\u021biei Ziarului de Vrancea, membrii Warblade au fost implica\u021bi nu doar \u00een concertul caritabil, ci \u0219i \u00een activit\u0103\u021bile desf\u0103\u0219urate pe \u0219antier, aleg\u00e2nd s\u0103 sus\u021bin\u0103 proiectul dedicat copiilor cu autism at\u00e2t prin munc\u0103 voluntar\u0103, c\u00e2t \u0219i prin muzic\u0103.<\/p>\n<p><strong>Un proiect \u00eenceput \u0219i sus\u021binut de comunitatea vr\u00e2ncean\u0103<\/strong><\/p>\n<p>Centrul Terapeutic pentru Copiii cu Autism din Farca\u0219 reprezint\u0103 unul dintre cele mai ambi\u021bioase proiecte sociale dezvoltate \u00een jude\u021bul Vrancea.<\/p>\n<p>\u00cen prim\u0103vara acestui an, Ziarul de Vrancea a relatat despre concertul caritabil <strong>Rock for Hope 3<\/strong>, organizat la Sala Polivalent\u0103 din Foc\u0219ani, unde fondurile str\u00e2nse au fost direc\u021bionate c\u0103tre dezvoltarea acestui centru.<\/p>\n<p>Mobilizarea din weekend demonstreaz\u0103 c\u0103 proiectul continu\u0103 s\u0103 beneficieze de sprijinul voluntarilor, al comunit\u0103\u021bii moto, al arti\u0219tilor \u0219i al numero\u0219ilor donatori care contribuie la transformarea unei ini\u021biative locale \u00eentr-un proiect cu impact na\u021bional.<\/p>\n<p>Dac\u0103 ritmul lucr\u0103rilor va continua, organizatorii estimeaz\u0103 c\u0103 \u0219i \u00een perioada urm\u0103toare toate resursele Bikers for Humanity vor fi concentrate la Farca\u0219, p\u00e2n\u0103 la finalizarea complexului terapeutic destinat copiilor cu autism \u0219i familiilor acestora.<\/p>\n<p><strong>Mircea Pavel\u00a0<\/strong><\/p>\n<hr>\n<div class=\"bloc-widget widget-rosu\">\n<p>\u00cen lipsa unui acord scris din partea Ziarului de Vrancea, pute\u0163i prelua maxim 500 de caractere din acest articol dac\u0103 preciza\u0163i sursa \u015fi insera\u0163i vizibil link-ul articolului:\u00a0<span>#insertcurrentlinkhere<\/span><\/p>\n<\/div>\n<div class=\"extra-articol listing-anunturi\">\n<h6>Anun\u021buri <span class=\"text-primary\">ZdV<\/span> Premium<\/h6>\n<div class=\"row\">\n<div class=\"col-lg-4 col-md-6 bloc-egal\"><a class=\"card-anunt\" href=\"https:\/\/ziaruldevrancea.ro\/anunturi\/altele\/servicii\/caut-o-persoana-sau-o-familie-pentru-ingrijirea-unei-batrane\"><strong class=\"titlu\">Servicii<\/strong><span class=\"text-anunt\">Caut o persoan\u0103\u00a0sau o familie serioas\u0103&#8230;<\/span><span class=\"data-anunt\">04.08.2026  <\/span><\/a><\/div>\n<div class=\"col-lg-4 col-md-6 bloc-egal\"><a class=\"card-anunt\" href=\"https:\/\/ziaruldevrancea.ro\/anunturi\/imobiliare\/vanzari-ap-2-camere\/vand-apartament-2-camere-in-focsani-anunt-72825\"><strong class=\"titlu\">V\u00e2nz\u0103ri ap 2 camere<\/strong><span class=\"text-anunt\">V\u00e2nd apartament 2 camere, hol p\u0103trat,&#8230;<\/span><span class=\"data-anunt\">04.08.2026  <\/span><\/a><\/div>\n<div class=\"col-lg-4 col-md-6 bloc-egal\"><a class=\"card-anunt\" href=\"https:\/\/ziaruldevrancea.ro\/anunturi\/angajari\/oferte-angajari\/angajam-asistente-medicale\"><strong class=\"titlu\">Oferte<\/strong><span class=\"text-anunt\">Crucea Ro\u0219ie Vrancea angajeaz\u0103 asistente\u00a0&#8230;<\/span><span class=\"data-anunt\">04.08.2026  <\/span><\/a><\/div>\n<\/div>\n<\/div>\n<div class=\"extra-articol alte-articole\">\n<div class=\"row\">\n<div class=\"col-lg-6 bloc-egal\">\n<div class=\"card articol-listing\">\n<h6>\u00cen categoria <a href=\"https:\/\/ziaruldevrancea.ro\/promo\/evenimente-speciale\">Evenimente speciale<\/a><\/h6>\n<div class=\"grup-articol-listing\">\n<div class=\"cont-pils\"><a href=\"https:\/\/ziaruldevrancea.ro\/promo\/evenimente-speciale\/vrancea-marcheaza-109-ani-de-la-batalia-de-la-marasesti.-programul-complet-al-ceremoniilor-de-la-mausoleele-eroilor-din-marasesti-si-focsani\"><img decoding=\"async\" src=\"https:\/\/zdvi.cname.ro\/180_135\/promo\/evenimente-speciale\/vrancea-marcheaza-109-ani-de-la-batalia-de-la-marasesti.-programul-complet-al-ceremoniilor-de-la-mausoleele-eroilor-din-marasesti-si-focsani\/mediaPool\/uxIPXt5.jpeg\" class=\"img-responsive img-180\" alt><\/a><\/div>\n<h2><a class=\"link-titlu\" href=\"https:\/\/ziaruldevrancea.ro\/promo\/evenimente-speciale\/vrancea-marcheaza-109-ani-de-la-batalia-de-la-marasesti.-programul-complet-al-ceremoniilor-de-la-mausoleele-eroilor-din-marasesti-si-focsani\">Vrancea marcheaz\u0103 109 ani de la B\u0103t\u0103lia de la M\u0103r\u0103\u0219e\u0219ti. Programul complet al ceremoniilor de la Mausoleele Eroilor din M\u0103r\u0103\u0219e\u0219ti \u0219i Foc\u0219ani<\/a><\/h2>\n<div class=\"date-post\"><a href=\"https:\/\/ziaruldevrancea.ro\/autor\/anca-vasiliu\">Anca Vasiliu<\/a>,  4 aug 2026  <\/div>\n<\/div>\n<div class=\"grup-articol-listing\">\n<div class=\"cont-pils\"><a href=\"https:\/\/ziaruldevrancea.ro\/promo\/evenimente-speciale\/video-balciul-anual-din-adjud-2026-a-inceput-program-restrictii-de-circulatie-si-recomandari-pentru-participanti\"><img decoding=\"async\" src=\"https:\/\/zdvi.cname.ro\/180_135\/promo\/evenimente-speciale\/video-balciul-anual-din-adjud-2026-a-inceput-program-restrictii-de-circulatie-si-recomandari-pentru-participanti\/mediaPool\/u98Fjoj.jpg\" class=\"img-responsive img-180\" alt><\/a><\/div>\n<h2><a class=\"link-titlu\" href=\"https:\/\/ziaruldevrancea.ro\/promo\/evenimente-speciale\/video-balciul-anual-din-adjud-2026-a-inceput-program-restrictii-de-circulatie-si-recomandari-pentru-participanti\">VIDEO | B\u00e2lciul Anual din Adjud 2026 a \u00eenceput: program, restric\u021bii de circula\u021bie \u0219i recomand\u0103ri pentru participan\u021bi<\/a><\/h2>\n<div class=\"date-post\"><a href=\"https:\/\/ziaruldevrancea.ro\/autor\/camelia-marin\">Camelia Marin<\/a>,  2 aug 2026  <\/div>\n<\/div>\n<div class=\"grup-articol-listing\">\n<div class=\"cont-pils\"><a href=\"https:\/\/ziaruldevrancea.ro\/promo\/evenimente-speciale\/video--foto-elevii-vranceni-premiati-de-consiliului-judetean-pentru-performanta-obtinuta-la-infoeducatie-2026\"><img decoding=\"async\" src=\"https:\/\/zdvi.cname.ro\/180_135\/promo\/evenimente-speciale\/video--foto-elevii-vranceni-premiati-de-consiliului-judetean-pentru-performanta-obtinuta-la-infoeducatie-2026\/mediaPool\/u6Sjqgn.jpeg\" class=\"img-responsive img-180\" alt><\/a><\/div>\n<h2><a class=\"link-titlu\" href=\"https:\/\/ziaruldevrancea.ro\/promo\/evenimente-speciale\/video--foto-elevii-vranceni-premiati-de-consiliului-judetean-pentru-performanta-obtinuta-la-infoeducatie-2026\">VIDEO + Foto | Elevii vr\u00e2nceni premia\u021bi de Consiliului Jude\u021bean pentru performan\u021ba ob\u021binut\u0103 la InfoEduca\u021bie 2026<\/a><\/h2>\n<div class=\"date-post\"><a href=\"https:\/\/ziaruldevrancea.ro\/autor\/maria-bratu\">Maria BRATU<\/a>,  1 aug 2026  <\/div>\n<\/div>\n<\/div>\n<\/div>\n<div class=\"col-lg-6 bloc-egal\">\n<div class=\"card articol-listing\">\n<h6>De acela\u0219i <a href=\"https:\/\/ziaruldevrancea.ro\/autor\/mircea-pavel\/\">autor<\/a><\/h6>\n<div class=\"grup-articol-listing\">\n<div class=\"cont-pils\"><a href=\"https:\/\/ziaruldevrancea.ro\/actualitatea\/stiri-locale\/tribunalul-vrancea-invita-cetatenii-sa-evalueze-activitatea-instantelor.-chestionar-disponibil-atat-online-cat-si-in-format-tiparit\"><img decoding=\"async\" src=\"https:\/\/zdvi.cname.ro\/180_135\/actualitatea\/stiri-locale\/tribunalul-vrancea-invita-cetatenii-sa-evalueze-activitatea-instantelor.-chestionar-disponibil-atat-online-cat-si-in-format-tiparit\/mediaPool\/uvy9aDh.jpg\" class=\"img-responsive img-180\" alt><\/a><\/div>\n<h2><a class=\"link-titlu\" href=\"https:\/\/ziaruldevrancea.ro\/actualitatea\/stiri-locale\/tribunalul-vrancea-invita-cetatenii-sa-evalueze-activitatea-instantelor.-chestionar-disponibil-atat-online-cat-si-in-format-tiparit\">Tribunalul Vrancea invit\u0103 cet\u0103\u021benii s\u0103 evalueze activitatea instan\u021belor. Chestionar disponibil at\u00e2t online, c\u00e2t \u0219i \u00een format tip\u0103rit<\/a><\/h2>\n<div class=\"date-post\"><a href=\"https:\/\/ziaruldevrancea.ro\/autor\/mircea-pavel\">Mircea Pavel<\/a>,  4 aug 2026  <\/div>\n<\/div>\n<div class=\"grup-articol-listing\">\n<div class=\"cont-pils\"><a href=\"https:\/\/ziaruldevrancea.ro\/special\/economic\/vrancea-printre-judetele-in-care-gospodariile-economisesc-cel-mai-putin.-ce-arata-cele-mai-noi-date-ale-ins\"><img decoding=\"async\" src=\"https:\/\/zdvi.cname.ro\/180_135\/special\/economic\/vrancea-printre-judetele-in-care-gospodariile-economisesc-cel-mai-putin.-ce-arata-cele-mai-noi-date-ale-ins\/mediaPool\/uBeKDnl.jpg\" class=\"img-responsive img-180\" alt><\/a><\/div>\n<h2><a class=\"link-titlu\" href=\"https:\/\/ziaruldevrancea.ro\/special\/economic\/vrancea-printre-judetele-in-care-gospodariile-economisesc-cel-mai-putin.-ce-arata-cele-mai-noi-date-ale-ins\">Vrancea, printre jude\u021bele \u00een care gospod\u0103riile economisesc cel mai pu\u021bin. Ce arat\u0103 cele mai noi date ale INS<\/a><\/h2>\n<div class=\"date-post\"><a href=\"https:\/\/ziaruldevrancea.ro\/autor\/mircea-pavel\">Mircea Pavel<\/a>,  4 aug 2026  <\/div>\n<\/div>\n<div class=\"grup-articol-listing\">\n<div class=\"cont-pils\"><a href=\"https:\/\/ziaruldevrancea.ro\/actualitatea\/stiri-locale\/canicula-se-intensifica-in-romania-vrancea-sub-cod-galben-de-caldura\"><img decoding=\"async\" src=\"https:\/\/zdvi.cname.ro\/180_135\/actualitatea\/stiri-locale\/canicula-se-intensifica-in-romania-vrancea-sub-cod-galben-de-caldura\/mediaPool\/uucGrcd.jpg\" class=\"img-responsive img-180\" alt><\/a><\/div>\n<h2><a class=\"link-titlu\" href=\"https:\/\/ziaruldevrancea.ro\/actualitatea\/stiri-locale\/canicula-se-intensifica-in-romania-vrancea-sub-cod-galben-de-caldura\">Canicula se intensific\u0103 \u00een Rom\u00e2nia: Vrancea, sub Cod galben de c\u0103ldur\u0103 <\/a><\/h2>\n<div class=\"date-post\"><a href=\"https:\/\/ziaruldevrancea.ro\/autor\/mircea-pavel\">Mircea Pavel<\/a>,  2 aug 2026  <\/div>\n<\/div>\n<\/div>\n<\/div>\n<\/div>\n<\/div>\n<div class=\"extra-articol listing-anunturi\">\n<h6>Anun\u021buri <span class=\"text-primary\">ZdV<\/span> Premium<\/h6>\n<div class=\"row\">\n<div class=\"col-lg-4 col-md-6 bloc-egal\"><a class=\"card-anunt\" href=\"https:\/\/ziaruldevrancea.ro\/anunturi\/necrolog\/condoleante\/sincere-condoleante-familiei-neghina\"><strong class=\"titlu\">Condolean\u021be<\/strong><span class=\"text-anunt\">Nimic nu poate alina durerea familiei \u00een&#8230;<\/span><span class=\"data-anunt\">04.08.2026  <\/span><\/a><\/div>\n<div class=\"col-lg-4 col-md-6 bloc-egal\"><a class=\"card-anunt\" href=\"https:\/\/ziaruldevrancea.ro\/anunturi\/inchirieri\/locuinte-oferte\/Inchiriez-camera-anunt-72823\"><strong class=\"titlu\">Locuin\u021be oferte<\/strong><span class=\"text-anunt\">\u00cenchiriez camer\u0103 la apartament. Rog&#8230;<\/span><span class=\"data-anunt\">03.08.2026  <\/span><\/a><\/div>\n<div class=\"col-lg-4 col-md-6 bloc-egal\"><a class=\"card-anunt\" href=\"https:\/\/ziaruldevrancea.ro\/anunturi\/imobiliare\/vanzari-terenuri\/vand-teren-in-panciu\"><strong class=\"titlu\">V\u00e2nz\u0103ri terenuri<\/strong><span class=\"text-anunt\">Teren Panciu 1170 mp, cu num\u0103r cas\u0103, ap\u0103&#8230;<\/span><span class=\"data-anunt\">29.07.2026  <\/span><\/a><\/div>\n<\/div>\n<\/div>\n<div class=\"bloc-widget widget-albastru\">\n    Ziarul de Vrancea \u00a0nu este responsabil juridic pentru con\u0163inutul textelor din comentariile de mai jos. Responsabilitatea pentru mesajele dumneavoastra v\u0103 revine \u00een exclusivitate.\n<\/div>\n<div class=\"comentarii-articol\" id=\"comentarii\">\n<h3>Comentarii: <span class=\"text-primary\">0<\/span><\/h3>\n<p><a href=\"https:\/\/ziaruldevrancea.ro\/promo\/evenimente-speciale\/vrancea-exemplu-de-solidaritate-peste-360-de-voluntari-au-transformat-satul-farcas-intr-un-urias-santier-pentru-copiii-cu-autism\" class=\"btn btn-success btn-adauga-com\" data-toggle=\"modal\" data-parent=\"0\" data-target=\"#commentModal\">Adaug\u0103 comentariu<\/a><\/p>\n<div class=\"loadMask comments-mask\"><img decoding=\"async\" src=\"https:\/\/zdvs.cname.ro\/images\/loader_40.gif\"><\/div>\n<div class=\"comenteaza-jos\">Trebuie s\u0103 fii <a href=\"https:\/\/ziaruldevrancea.ro\/account\">autentificat<\/a> pentru a putea <a href=\"https:\/\/ziaruldevrancea.ro\/promo\/evenimente-speciale\/vrancea-exemplu-de-solidaritate-peste-360-de-voluntari-au-transformat-satul-farcas-intr-un-urias-santier-pentru-copiii-cu-autism\" class data-toggle=\"modal\" data-parent=\"0\" data-target=\"#commentModal\">posta un comentariu<\/a>.<\/div>\n<\/div>\n<div class=\"modal fade\" id=\"commentModal\" role=\"dialog\" aria-labelledby=\"commentModalLabel\">\n<div class=\"modal-dialog modal-lg\" role=\"document\">\n<div class=\"modal-content\">\n<div class=\"modal-header\">\n<h3 class=\"modal-title\" id=\"commentModalLabel\">Comenteaz\u0103<\/h3>\n<\/div>\n<div class=\"modal-body\">\n<div class=\"tabel tabel-full\">\n<div class=\"celula\">\n              Trebuie s\u0103 fii <a href=\"https:\/\/ziaruldevrancea.ro\/account\">autentificat<\/a> pentru a putea posta un comentariu.\n            <\/div>\n<\/div>\n<\/div>\n<div class=\"modal-footer\">\n<div id=\"commentPending\" class=\"formPending pull-left\"><img decoding=\"async\" src=\"https:\/\/zdvs.cname.ro\/images\/loader_40.gif\"> In curs de procesare&#8230;<\/div>\n<p><a href=\"https:\/\/ziaruldevrancea.ro\/promo\/evenimente-speciale\/vrancea-exemplu-de-solidaritate-peste-360-de-voluntari-au-transformat-satul-farcas-intr-un-urias-santier-pentru-copiii-cu-autism\" class=\"btn btn-default\" data-dismiss=\"modal\">Anuleaz\u0103<\/a><\/div>\n<\/div>\n<\/div>\n<\/div>\n<div class=\"modal fade\" id=\"commentReportModal\" role=\"dialog\" aria-labelledby=\"commentReportModalLabel\">\n<div class=\"modal-dialog modal-lg\" role=\"document\">\n<div class=\"modal-content\">\n<div class=\"modal-header\">\n<h3 class=\"modal-title\" id=\"commentReportModalLabel\">Raporteaza comentariu<\/h3>\n<\/div>\n<div class=\"modal-body\">\n<div class=\"tabel tabel-full\">\n<div class=\"celula\">\n              Trebuie s\u0103 fii <a href=\"https:\/\/ziaruldevrancea.ro\/account\">autentificat<\/a> pentru a putea raporta un comentariu.\n            <\/div>\n<\/div>\n<\/div>\n<div class=\"modal-footer\">\n<div id=\"commentReportPending\" class=\"formPending pull-left\"><img decoding=\"async\" src=\"https:\/\/zdvs.cname.ro\/images\/loader_40.gif\"> In curs de procesare&#8230;<\/div>\n<p><a href=\"https:\/\/ziaruldevrancea.ro\/promo\/evenimente-speciale\/vrancea-exemplu-de-solidaritate-peste-360-de-voluntari-au-transformat-satul-farcas-intr-un-urias-santier-pentru-copiii-cu-autism\" class=\"btn btn-default\" data-dismiss=\"modal\">Anuleaz\u0103<\/a><\/div>\n<\/div>\n<\/div>\n<\/div>\n<div class=\"modal fade\" id=\"commentLikeModal\" role=\"dialog\" aria-labelledby=\"commentLikeModalLabel\">\n<div class=\"modal-dialog modal-lg\" role=\"document\">\n<div class=\"modal-content\">\n<div class=\"modal-header\">\n<h3 class=\"modal-title\" id=\"commentReportModalLabel\">Apreciaza comentariu<\/h3>\n<\/div>\n<div class=\"modal-body\">\n<div class=\"tabel tabel-full\">\n<div class=\"celula\">\n            Trebuie s\u0103 fii <a href=\"https:\/\/ziaruldevrancea.ro\/account\">autentificat<\/a> pentru a putea aprecia un comentariu.\n          <\/div>\n<\/div>\n<\/div>\n<div class=\"modal-footer\"><a href=\"https:\/\/ziaruldevrancea.ro\/promo\/evenimente-speciale\/vrancea-exemplu-de-solidaritate-peste-360-de-voluntari-au-transformat-satul-farcas-intr-un-urias-santier-pentru-copiii-cu-autism\" class=\"btn btn-default\" data-dismiss=\"modal\">Anuleaz\u0103<\/a><\/div>\n<\/div>\n<\/div>\n<\/div>\n<div class=\"bloc-widget widget-rosu\"><span><small>Ziarul de Vrancea doreste ca acest site sa fie un spatiu al discutiilor civilizate, al comentariilor de bun simt. Din acest motiv, cei care posteaza comentarii la articole trebuie sa respecte urmatoarele reguli:<br \/>\n1. Sa se refere doar la articolul la care posteaza comentarii.<br \/>\n2. Sa foloseasca un limbaj civilizat, fara injurii, calomnii, comentarii antisemite, xenofobe sau rasiste.<br \/>\n3. Sunt interzise atacurile la adresa autorilor, daca acestea nu au legatura cu textul.<br \/>\n4. Username-ul sa nu fie nume de personalitati ale vietii publice sau parodieri ale acestora.<br \/>\nAutorul unui articol poate fi criticat pentru eventuale greseli, incoerenta, lipsa de documentare etc.<br \/>\nNerespectarea regulilor mentionate mai sus va duce la stergerea comentariilor, fara avertisment si fara explicatii.<br \/>\nAbaterile repetate vor avea drept consecinta interdictia accesului la aceasta facilitate a site-ului.<\/small><\/span><\/div>\n<\/div>\n<p>[analyse_source url=&#8221;https:\/\/ziaruldevrancea.ro\/promo\/evenimente-speciale\/vrancea-exemplu-de-solidaritate-peste-360-de-voluntari-au-transformat-satul-farcas-intr-un-urias-santier-pentru-copiii-cu-autism&#8221;]<\/p>\n","protected":false},"excerpt":{"rendered":"<p>[analyse_image type=&#8221;featured&#8221; src=&#8221;https:\/\/zdvi.cname.ro\/_\/vrancea-exemplu-de-solidaritate-peste-360-de-voluntari-au-transformat-satul-farcas-intr-un-urias-santier-pentru-copiii-cu-autism\/mediaPool\/uhOnBUP.jpg&#8221;] Evenimente speciale Vrancea, exemplu de solidaritate: peste 360 de voluntari au transformat satul Farca\u0219 \u00eentr-un uria\u0219 \u0219antier pentru copiii cu autism Distribuie: \u00a0 | Mircea Pavel 26 iul 2026832 vizualiz\u0103ri Trupa foc\u0219\u0103nean\u0103 Warblade a \u00eencheiat weekendul printr-un concert caritabil. Comunitatea Bikers for Humanity Rom\u00e2nia a aniversat 10 ani de voluntariat printr-o ampl\u0103 [&hellip;]<\/p>\n","protected":false},"author":1,"featured_media":0,"comment_status":"open","ping_status":"","sticky":false,"template":"","format":"standard","meta":{"footnotes":""},"categories":[89],"tags":[226,208],"class_list":["post-2077261","post","type-post","status-publish","format-standard","hentry","category-romania","tag-crawlmanager","tag-ziaruldevrancea-ro"],"_links":{"self":[{"href":"https:\/\/analyse.optim.biz\/index.php?rest_route=\/wp\/v2\/posts\/2077261","targetHints":{"allow":["GET"]}}],"collection":[{"href":"https:\/\/analyse.optim.biz\/index.php?rest_route=\/wp\/v2\/posts"}],"about":[{"href":"https:\/\/analyse.optim.biz\/index.php?rest_route=\/wp\/v2\/types\/post"}],"author":[{"embeddable":true,"href":"https:\/\/analyse.optim.biz\/index.php?rest_route=\/wp\/v2\/users\/1"}],"replies":[{"embeddable":true,"href":"https:\/\/analyse.optim.biz\/index.php?rest_route=%2Fwp%2Fv2%2Fcomments&post=2077261"}],"version-history":[{"count":0,"href":"https:\/\/analyse.optim.biz\/index.php?rest_route=\/wp\/v2\/posts\/2077261\/revisions"}],"wp:attachment":[{"href":"https:\/\/analyse.optim.biz\/index.php?rest_route=%2Fwp%2Fv2%2Fmedia&parent=2077261"}],"wp:term":[{"taxonomy":"category","embeddable":true,"href":"https:\/\/analyse.optim.biz\/index.php?rest_route=%2Fwp%2Fv2%2Fcategories&post=2077261"},{"taxonomy":"post_tag","embeddable":true,"href":"https:\/\/analyse.optim.biz\/index.php?rest_route=%2Fwp%2Fv2%2Ftags&post=2077261"}],"curies":[{"name":"wp","href":"https:\/\/api.w.org\/{rel}","templated":true}]}}