{"id":2077255,"date":"2026-07-26T00:00:00","date_gmt":"2026-07-25T21:00:00","guid":{"rendered":"https:\/\/analyse.optim.biz\/?p=2077255"},"modified":"2026-07-26T00:00:00","modified_gmt":"2026-07-25T21:00:00","slug":"video-ansamblurile-din-vrancea-au-dominat-concursul-national-pe-plaiul-tojanului-2026","status":"publish","type":"post","link":"https:\/\/analyse.optim.biz\/?p=2077255","title":{"rendered":"VIDEO | Ansamblurile din Vrancea au dominat Concursul Na\u021bional \u201ePe Plaiul Tojanului\u201d 2026"},"content":{"rendered":"<p>[analyse_image type=&#8221;featured&#8221; src=&#8221;https:\/\/zdvi.cname.ro\/_\/video-ansamblurile-din-vrancea-au-dominat-concursul-national-pe-plaiul-tojanului-2026\/mediaPool\/uqvPndV.jpg&#8221;]<\/p>\n<div class=\"main-content detaliu-articol\"><a class=\"titlu-cat-list\" href=\"https:\/\/ziaruldevrancea.ro\/promo\/evenimente-speciale\">Evenimente speciale<\/a><\/p>\n<h1>VIDEO | Ansamblurile din Vrancea au dominat Concursul Na\u021bional \u201ePe Plaiul Tojanului\u201d 2026<\/h1>\n<div class=\"date-articol clearfix\">\n<div class=\"distribuie-articol dropdown\">\n    Distribuie: \u00a0<br \/>\n    <em>|<\/em><\/div>\n<div class=\"autor-articol\"><a href=\"https:\/\/ziaruldevrancea.ro\/autor\/camelia-marin\/\"><img decoding=\"async\" class=\"img-circle\" src=\"https:\/\/zdvi.cname.ro\/50_50\/articleAuthor\/camelia-marin\/articleAuthor\/u9DOVkc.jpg\" alt><\/a><\/p>\n<h5><a href=\"https:\/\/ziaruldevrancea.ro\/autor\/camelia-marin\/\">Camelia Marin<\/a><\/h5>\n<div class=\"grup-spatiere\"><span class=\"cu-spatiere\">26 iul 2026<\/span><span class=\"cu-spatiere\">716 vizualiz\u0103ri<\/span><\/div>\n<\/div>\n<\/div>\n<div class=\"poza-mare\">\n<div class=\"poza-mare galerie-detaliu\">\n<div id=\"carousel-poza-mare\" class=\"carousel slide carusel-poza\" data-ride=\"carousel\" data-interval=\"0\">\n<div class=\"carousel-inner\" role=\"listbox\">\n<div class=\"item imagine-carusel active\"><a href class=\"openGallery\"><img decoding=\"async\" class=\"img-responsive\" src=\"https:\/\/zdvi.cname.ro\/850_530\/video-ansamblurile-din-vrancea-au-dominat-concursul-national-pe-plaiul-tojanului-2026\/article\/mediaPool\/uqvPndV.jpg\" alt><\/a><\/div>\n<div class=\"item imagine-carusel \"><a href class=\"openGallery\"><img decoding=\"async\" class=\"img-responsive\" src=\"https:\/\/zdvi.cname.ro\/850_530\/video-ansamblurile-din-vrancea-au-dominat-concursul-national-pe-plaiul-tojanului-2026\/article\/mediaPool\/uk4xRbu.jpg\" alt><\/a><\/div>\n<div class=\"item imagine-carusel \"><a href class=\"openGallery\"><img decoding=\"async\" class=\"img-responsive\" src=\"https:\/\/zdvi.cname.ro\/850_530\/video-ansamblurile-din-vrancea-au-dominat-concursul-national-pe-plaiul-tojanului-2026\/article\/mediaPool\/ugLcAHH.jpg\" alt><\/a><\/div>\n<\/div>\n<\/div>\n<div id=\"carousel-poze-mici\" class=\"carousel slide carusel-mici\" data-ride=\"carousel\" data-interval=\"0\">\n<div class=\"carousel-inner\" role=\"listbox\">\n<div class=\"item active\">\n<ul class=\"navigare-carusel-imagini\">\n<li data-target=\"#carousel-poza-mare\" data-slide-to=\"0\"><img decoding=\"async\" class=\"img-responsive\" src=\"https:\/\/zdvi.cname.ro\/_90\/video-ansamblurile-din-vrancea-au-dominat-concursul-national-pe-plaiul-tojanului-2026\/article\/mediaPool\/uqvPndV.jpg\" alt><\/li>\n<li data-target=\"#carousel-poza-mare\" data-slide-to=\"1\"><img decoding=\"async\" class=\"img-responsive\" src=\"https:\/\/zdvi.cname.ro\/_90\/video-ansamblurile-din-vrancea-au-dominat-concursul-national-pe-plaiul-tojanului-2026\/article\/mediaPool\/uk4xRbu.jpg\" alt><\/li>\n<li data-target=\"#carousel-poza-mare\" data-slide-to=\"2\"><img decoding=\"async\" class=\"img-responsive\" src=\"https:\/\/zdvi.cname.ro\/_90\/video-ansamblurile-din-vrancea-au-dominat-concursul-national-pe-plaiul-tojanului-2026\/article\/mediaPool\/ugLcAHH.jpg\" alt><\/li>\n<\/ul>\n<\/div>\n<\/div>\n<\/div>\n<\/div>\n<\/div>\n<p><strong>Paltin \u0219i Vulturu, pe cea mai \u00eenalt\u0103 treapt\u0103 a podiumului.<\/strong><\/p>\n<p><strong>Festivalul de la Dealul Tojanului s-a \u00eencheiat cu premii importante pentru forma\u021biile folclorice vr\u00e2ncene, \u00eentr-o edi\u021bie organizat\u0103 de Consiliul Jude\u021bean Vrancea \u0219i Centrul Cultural Vrancea, \u00een parteneriat cu Prim\u0103ria \u0219i Consiliul Local Paltin.<\/strong><\/p>\n<p><strong>Paltin\u00a0Vrancea.<\/strong> Festivalul de la Dealul Tojanului a g\u0103zduit duminic\u0103, 26 iulie 2026, o nou\u0103 edi\u021bie a <strong>Concursului Na\u021bional \u201ePe Plaiul Tojanului\u201d<\/strong>, eveniment dedicat promov\u0103rii \u0219i valorific\u0103rii tradi\u021biilor populare rom\u00e2ne\u0219ti. Organizat de <strong>Consiliul Jude\u021bean Vrancea<\/strong> \u0219i <strong>Centrul Cultural Vrancea<\/strong>, cu sprijinul <strong>Prim\u0103riei \u0219i Consiliului Local Paltin<\/strong>, concursul a reunit pe scen\u0103 ansambluri folclorice din mai multe jude\u021be ale \u021b\u0103rii.<\/p>\n<div class=\"video-embed\"><iframe loading=\"lazy\" frameborder height=\"560\" scrolling=\"no\" src=\"https:\/\/www.youtube.com\/embed\/2rJE3F0PZho?si=tKaI58EOtE8Nkr72\" width=\"100%\"><\/iframe><\/div>\n<p>\u00a0<\/p>\n<p>Potrivit informa\u021biilor publicate de <strong>Centrul Cultural Vrancea<\/strong>, edi\u021bia din acest an a adus \u00een fa\u021ba publicului forma\u021bii de dansuri \u0219i c\u00e2ntece populare care au prezentat momente inspirate din patrimoniul cultural tradi\u021bional, \u00eentr-un cadru specific zonei montane vr\u00e2ncene.<\/p>\n<p>La finalul competi\u021biei, juriul a desemnat c\u00e2\u0219tig\u0103torii celor dou\u0103 sec\u021biuni de concurs, iar ansamblurile din jude\u021bul Vrancea au ob\u021binut cele mai importante distinc\u021bii.<\/p>\n<p><strong>Palmaresul Concursului Na\u021bional \u201ePe Plaiul Tojanului\u201d 2026<\/strong><\/p>\n<p><strong>Sec\u021biunea 10 \u2013 18 ani<\/strong><\/p>\n<ul>\n<li><strong>Premiul I<\/strong> \u2013 Ansamblul <strong>Rapsodia Vulturen\u0103<\/strong> (Vulturu, Vrancea);<\/li>\n<li><strong>Premiul II<\/strong> \u2013 Ansamblul <strong>P\u0103ltina\u0219ii<\/strong> (Paltin, Vrancea);<\/li>\n<li><strong>Premiul III<\/strong> \u2013 Ansamblul <strong>Hora M\u0103xinenilor<\/strong> (M\u0103xineni, jude\u021bul Br\u0103ila);<\/li>\n<li><strong>Men\u021biune<\/strong> \u2013 Ansamblul <strong>Ml\u0103di\u021be Vintilene<\/strong> (Vintil\u0103 Vod\u0103, jude\u021bul Buz\u0103u).<\/li>\n<\/ul>\n<p><strong>Sec\u021biunea peste 18 ani<\/strong><\/p>\n<ul>\n<li><strong>Premiul I<\/strong> \u2013 Ansamblul <strong>P\u0103ltineanca<\/strong> (Paltin, Vrancea);<\/li>\n<li><strong>Premiul II<\/strong> \u2013 Ansamblul <strong>Chip\u0103ru\u0219ul<\/strong> (Nereju, Vrancea);<\/li>\n<li><strong>Premiul III<\/strong> \u2013 Ansamblul <strong>Valea Siretului<\/strong> (Dolhasca, jude\u021bul Suceava).<\/li>\n<\/ul>\n<p>Rezultatele confirm\u0103 prezen\u021ba puternic\u0103 a forma\u021biilor vr\u00e2ncene \u00een competi\u021bie, at\u00e2t la categoria dedicat\u0103 tinerilor, c\u00e2t \u0219i la cea rezervat\u0103 ansamblurilor de adul\u021bi.<\/p>\n<p>\u00cen mesajul transmis dup\u0103 \u00eencheierea concursului, <strong>Centrul Cultural Vrancea<\/strong> a mul\u021bumit tuturor participan\u021bilor, membrilor juriului \u0219i partenerilor locali pentru implicarea \u00een organizarea evenimentului \u0219i pentru contribu\u021bia la desf\u0103\u0219urarea unei noi edi\u021bii a festivalului.<\/p>\n<p>Festivalul <strong>\u201ePe Plaiul Tojanului\u201d<\/strong> r\u0103m\u00e2ne unul dintre cele mai cunoscute evenimente de promovare a folclorului din zona de munte a jude\u021bului Vrancea, reunind anual ansambluri din mai multe regiuni ale Rom\u00e2niei \u0219i oferind publicului spectacole inspirate din tradi\u021biile autentice rom\u00e2ne\u0219ti.<\/p>\n<p><strong>Camelia Marin\u00a0<\/strong><\/p>\n<hr>\n<div class=\"bloc-widget widget-rosu\">\n<p>\u00cen lipsa unui acord scris din partea Ziarului de Vrancea, pute\u0163i prelua maxim 500 de caractere din acest articol dac\u0103 preciza\u0163i sursa \u015fi insera\u0163i vizibil link-ul articolului:\u00a0<span>#insertcurrentlinkhere<\/span><\/p>\n<\/div>\n<div class=\"extra-articol listing-anunturi\">\n<h6>Anun\u021buri <span class=\"text-primary\">ZdV<\/span> Premium<\/h6>\n<div class=\"row\">\n<div class=\"col-lg-4 col-md-6 bloc-egal\"><a class=\"card-anunt\" href=\"https:\/\/ziaruldevrancea.ro\/anunturi\/altele\/servicii\/caut-o-persoana-sau-o-familie-pentru-ingrijirea-unei-batrane\"><strong class=\"titlu\">Servicii<\/strong><span class=\"text-anunt\">Caut o persoan\u0103\u00a0sau o familie serioas\u0103&#8230;<\/span><span class=\"data-anunt\">04.08.2026  <\/span><\/a><\/div>\n<div class=\"col-lg-4 col-md-6 bloc-egal\"><a class=\"card-anunt\" href=\"https:\/\/ziaruldevrancea.ro\/anunturi\/imobiliare\/vanzari-ap-2-camere\/vand-apartament-2-camere-in-focsani-anunt-72825\"><strong class=\"titlu\">V\u00e2nz\u0103ri ap 2 camere<\/strong><span class=\"text-anunt\">V\u00e2nd apartament 2 camere, hol p\u0103trat,&#8230;<\/span><span class=\"data-anunt\">04.08.2026  <\/span><\/a><\/div>\n<div class=\"col-lg-4 col-md-6 bloc-egal\"><a class=\"card-anunt\" href=\"https:\/\/ziaruldevrancea.ro\/anunturi\/angajari\/oferte-angajari\/angajam-asistente-medicale\"><strong class=\"titlu\">Oferte<\/strong><span class=\"text-anunt\">Crucea Ro\u0219ie Vrancea angajeaz\u0103 asistente\u00a0&#8230;<\/span><span class=\"data-anunt\">04.08.2026  <\/span><\/a><\/div>\n<\/div>\n<\/div>\n<div class=\"extra-articol alte-articole\">\n<div class=\"row\">\n<div class=\"col-lg-6 bloc-egal\">\n<div class=\"card articol-listing\">\n<h6>\u00cen categoria <a href=\"https:\/\/ziaruldevrancea.ro\/promo\/evenimente-speciale\">Evenimente speciale<\/a><\/h6>\n<div class=\"grup-articol-listing\">\n<div class=\"cont-pils\"><a href=\"https:\/\/ziaruldevrancea.ro\/promo\/evenimente-speciale\/vrancea-marcheaza-109-ani-de-la-batalia-de-la-marasesti.-programul-complet-al-ceremoniilor-de-la-mausoleele-eroilor-din-marasesti-si-focsani\"><img decoding=\"async\" src=\"https:\/\/zdvi.cname.ro\/180_135\/promo\/evenimente-speciale\/vrancea-marcheaza-109-ani-de-la-batalia-de-la-marasesti.-programul-complet-al-ceremoniilor-de-la-mausoleele-eroilor-din-marasesti-si-focsani\/mediaPool\/uxIPXt5.jpeg\" class=\"img-responsive img-180\" alt><\/a><\/div>\n<h2><a class=\"link-titlu\" href=\"https:\/\/ziaruldevrancea.ro\/promo\/evenimente-speciale\/vrancea-marcheaza-109-ani-de-la-batalia-de-la-marasesti.-programul-complet-al-ceremoniilor-de-la-mausoleele-eroilor-din-marasesti-si-focsani\">Vrancea marcheaz\u0103 109 ani de la B\u0103t\u0103lia de la M\u0103r\u0103\u0219e\u0219ti. Programul complet al ceremoniilor de la Mausoleele Eroilor din M\u0103r\u0103\u0219e\u0219ti \u0219i Foc\u0219ani<\/a><\/h2>\n<div class=\"date-post\"><a href=\"https:\/\/ziaruldevrancea.ro\/autor\/anca-vasiliu\">Anca Vasiliu<\/a>,  4 aug 2026  <\/div>\n<\/div>\n<div class=\"grup-articol-listing\">\n<div class=\"cont-pils\"><a href=\"https:\/\/ziaruldevrancea.ro\/promo\/evenimente-speciale\/video-balciul-anual-din-adjud-2026-a-inceput-program-restrictii-de-circulatie-si-recomandari-pentru-participanti\"><img decoding=\"async\" src=\"https:\/\/zdvi.cname.ro\/180_135\/promo\/evenimente-speciale\/video-balciul-anual-din-adjud-2026-a-inceput-program-restrictii-de-circulatie-si-recomandari-pentru-participanti\/mediaPool\/u98Fjoj.jpg\" class=\"img-responsive img-180\" alt><\/a><\/div>\n<h2><a class=\"link-titlu\" href=\"https:\/\/ziaruldevrancea.ro\/promo\/evenimente-speciale\/video-balciul-anual-din-adjud-2026-a-inceput-program-restrictii-de-circulatie-si-recomandari-pentru-participanti\">VIDEO | B\u00e2lciul Anual din Adjud 2026 a \u00eenceput: program, restric\u021bii de circula\u021bie \u0219i recomand\u0103ri pentru participan\u021bi<\/a><\/h2>\n<div class=\"date-post\"><a href=\"https:\/\/ziaruldevrancea.ro\/autor\/camelia-marin\">Camelia Marin<\/a>,  2 aug 2026  <\/div>\n<\/div>\n<div class=\"grup-articol-listing\">\n<div class=\"cont-pils\"><a href=\"https:\/\/ziaruldevrancea.ro\/promo\/evenimente-speciale\/video--foto-elevii-vranceni-premiati-de-consiliului-judetean-pentru-performanta-obtinuta-la-infoeducatie-2026\"><img decoding=\"async\" src=\"https:\/\/zdvi.cname.ro\/180_135\/promo\/evenimente-speciale\/video--foto-elevii-vranceni-premiati-de-consiliului-judetean-pentru-performanta-obtinuta-la-infoeducatie-2026\/mediaPool\/u6Sjqgn.jpeg\" class=\"img-responsive img-180\" alt><\/a><\/div>\n<h2><a class=\"link-titlu\" href=\"https:\/\/ziaruldevrancea.ro\/promo\/evenimente-speciale\/video--foto-elevii-vranceni-premiati-de-consiliului-judetean-pentru-performanta-obtinuta-la-infoeducatie-2026\">VIDEO + Foto | Elevii vr\u00e2nceni premia\u021bi de Consiliului Jude\u021bean pentru performan\u021ba ob\u021binut\u0103 la InfoEduca\u021bie 2026<\/a><\/h2>\n<div class=\"date-post\"><a href=\"https:\/\/ziaruldevrancea.ro\/autor\/maria-bratu\">Maria BRATU<\/a>,  1 aug 2026  <\/div>\n<\/div>\n<\/div>\n<\/div>\n<div class=\"col-lg-6 bloc-egal\">\n<div class=\"card articol-listing\">\n<h6>De acela\u0219i <a href=\"https:\/\/ziaruldevrancea.ro\/autor\/camelia-marin\/\">autor<\/a><\/h6>\n<div class=\"grup-articol-listing\">\n<div class=\"cont-pils\"><a href=\"https:\/\/ziaruldevrancea.ro\/promo\/brand-voice\/investigatii-complete-pentru-sanatatea-femeii-disponibile-in-vrancea-la-acelasi-medic-specialist\"><img decoding=\"async\" src=\"https:\/\/zdvi.cname.ro\/180_135\/promo\/brand-voice\/investigatii-complete-pentru-sanatatea-femeii-disponibile-in-vrancea-la-acelasi-medic-specialist\/mediaPool\/ui2xC62.PNG\" class=\"img-responsive img-180\" alt><\/a><\/div>\n<h2><a class=\"link-titlu\" href=\"https:\/\/ziaruldevrancea.ro\/promo\/brand-voice\/investigatii-complete-pentru-sanatatea-femeii-disponibile-in-vrancea-la-acelasi-medic-specialist\">Investiga\u021bii complete pentru s\u0103n\u0103tatea femeii, disponibile \u00een Vrancea la acela\u0219i medic specialist<\/a><\/h2>\n<div class=\"date-post\"><a href=\"https:\/\/ziaruldevrancea.ro\/autor\/camelia-marin\">Camelia Marin<\/a>,  4 aug 2026  <\/div>\n<\/div>\n<div class=\"grup-articol-listing\">\n<div class=\"cont-pils\"><a href=\"https:\/\/ziaruldevrancea.ro\/timp-liber\/the-motans-concerteaza-la-focsani-piata-unirii-va-gazdui-unul-dintre-cele-mai-asteptate-evenimente-ale-lunii-august\"><img decoding=\"async\" src=\"https:\/\/zdvi.cname.ro\/180_135\/timp-liber\/the-motans-concerteaza-la-focsani-piata-unirii-va-gazdui-unul-dintre-cele-mai-asteptate-evenimente-ale-lunii-august\/mediaPool\/uArjUvk.jpg\" class=\"img-responsive img-180\" alt><\/a><\/div>\n<h2><a class=\"link-titlu\" href=\"https:\/\/ziaruldevrancea.ro\/timp-liber\/the-motans-concerteaza-la-focsani-piata-unirii-va-gazdui-unul-dintre-cele-mai-asteptate-evenimente-ale-lunii-august\">The Mot\u00e1ns concerteaz\u0103 la Foc\u0219ani: Pia\u021ba Unirii va g\u0103zdui unul dintre cele mai a\u0219teptate evenimente ale lunii august<\/a><\/h2>\n<div class=\"date-post\"><a href=\"https:\/\/ziaruldevrancea.ro\/autor\/camelia-marin\">Camelia Marin<\/a>,  3 aug 2026  <\/div>\n<\/div>\n<div class=\"grup-articol-listing\">\n<div class=\"cont-pils\"><a href=\"https:\/\/ziaruldevrancea.ro\/actualitatea\/stiri-locale\/canicula-face-tot-mai-multe-victime-in-vrancea.-saj-ambulantele-intervin-la-tot-mai-multe-urgente-provocate-de-temperaturile-extreme\"><img decoding=\"async\" src=\"https:\/\/zdvi.cname.ro\/180_135\/actualitatea\/stiri-locale\/canicula-face-tot-mai-multe-victime-in-vrancea.-saj-ambulantele-intervin-la-tot-mai-multe-urgente-provocate-de-temperaturile-extreme\/mediaPool\/uKI4cjh.jpg\" class=\"img-responsive img-180\" alt><\/a><\/div>\n<h2><a class=\"link-titlu\" href=\"https:\/\/ziaruldevrancea.ro\/actualitatea\/stiri-locale\/canicula-face-tot-mai-multe-victime-in-vrancea.-saj-ambulantele-intervin-la-tot-mai-multe-urgente-provocate-de-temperaturile-extreme\">Canicula face tot mai multe victime \u00een Vrancea. SAJ: Ambulan\u021bele intervin la tot mai multe urgen\u021be provocate de temperaturile extreme<\/a><\/h2>\n<div class=\"date-post\"><a href=\"https:\/\/ziaruldevrancea.ro\/autor\/camelia-marin\">Camelia Marin<\/a>,  3 aug 2026  <\/div>\n<\/div>\n<\/div>\n<\/div>\n<\/div>\n<\/div>\n<div class=\"extra-articol listing-anunturi\">\n<h6>Anun\u021buri <span class=\"text-primary\">ZdV<\/span> Premium<\/h6>\n<div class=\"row\">\n<div class=\"col-lg-4 col-md-6 bloc-egal\"><a class=\"card-anunt\" href=\"https:\/\/ziaruldevrancea.ro\/anunturi\/necrolog\/condoleante\/sincere-condoleante-familiei-neghina\"><strong class=\"titlu\">Condolean\u021be<\/strong><span class=\"text-anunt\">Nimic nu poate alina durerea familiei \u00een&#8230;<\/span><span class=\"data-anunt\">04.08.2026  <\/span><\/a><\/div>\n<div class=\"col-lg-4 col-md-6 bloc-egal\"><a class=\"card-anunt\" href=\"https:\/\/ziaruldevrancea.ro\/anunturi\/inchirieri\/locuinte-oferte\/Inchiriez-camera-anunt-72823\"><strong class=\"titlu\">Locuin\u021be oferte<\/strong><span class=\"text-anunt\">\u00cenchiriez camer\u0103 la apartament. Rog&#8230;<\/span><span class=\"data-anunt\">03.08.2026  <\/span><\/a><\/div>\n<div class=\"col-lg-4 col-md-6 bloc-egal\"><a class=\"card-anunt\" href=\"https:\/\/ziaruldevrancea.ro\/anunturi\/imobiliare\/vanzari-terenuri\/vand-teren-in-panciu\"><strong class=\"titlu\">V\u00e2nz\u0103ri terenuri<\/strong><span class=\"text-anunt\">Teren Panciu 1170 mp, cu num\u0103r cas\u0103, ap\u0103&#8230;<\/span><span class=\"data-anunt\">29.07.2026  <\/span><\/a><\/div>\n<\/div>\n<\/div>\n<div class=\"bloc-widget widget-albastru\">\n    Ziarul de Vrancea \u00a0nu este responsabil juridic pentru con\u0163inutul textelor din comentariile de mai jos. Responsabilitatea pentru mesajele dumneavoastra v\u0103 revine \u00een exclusivitate.\n<\/div>\n<div class=\"comentarii-articol\" id=\"comentarii\">\n<h3>Comentarii: <span class=\"text-primary\">0<\/span><\/h3>\n<p><a href=\"https:\/\/ziaruldevrancea.ro\/promo\/evenimente-speciale\/video-ansamblurile-din-vrancea-au-dominat-concursul-national-pe-plaiul-tojanului-2026\" class=\"btn btn-success btn-adauga-com\" data-toggle=\"modal\" data-parent=\"0\" data-target=\"#commentModal\">Adaug\u0103 comentariu<\/a><\/p>\n<div class=\"loadMask comments-mask\"><img decoding=\"async\" src=\"https:\/\/zdvs.cname.ro\/images\/loader_40.gif\"><\/div>\n<div class=\"comenteaza-jos\">Trebuie s\u0103 fii <a href=\"https:\/\/ziaruldevrancea.ro\/account\">autentificat<\/a> pentru a putea <a href=\"https:\/\/ziaruldevrancea.ro\/promo\/evenimente-speciale\/video-ansamblurile-din-vrancea-au-dominat-concursul-national-pe-plaiul-tojanului-2026\" class data-toggle=\"modal\" data-parent=\"0\" data-target=\"#commentModal\">posta un comentariu<\/a>.<\/div>\n<\/div>\n<div class=\"modal fade\" id=\"commentModal\" role=\"dialog\" aria-labelledby=\"commentModalLabel\">\n<div class=\"modal-dialog modal-lg\" role=\"document\">\n<div class=\"modal-content\">\n<div class=\"modal-header\">\n<h3 class=\"modal-title\" id=\"commentModalLabel\">Comenteaz\u0103<\/h3>\n<\/div>\n<div class=\"modal-body\">\n<div class=\"tabel tabel-full\">\n<div class=\"celula\">\n              Trebuie s\u0103 fii <a href=\"https:\/\/ziaruldevrancea.ro\/account\">autentificat<\/a> pentru a putea posta un comentariu.\n            <\/div>\n<\/div>\n<\/div>\n<div class=\"modal-footer\">\n<div id=\"commentPending\" class=\"formPending pull-left\"><img decoding=\"async\" src=\"https:\/\/zdvs.cname.ro\/images\/loader_40.gif\"> In curs de procesare&#8230;<\/div>\n<p><a href=\"https:\/\/ziaruldevrancea.ro\/promo\/evenimente-speciale\/video-ansamblurile-din-vrancea-au-dominat-concursul-national-pe-plaiul-tojanului-2026\" class=\"btn btn-default\" data-dismiss=\"modal\">Anuleaz\u0103<\/a><\/div>\n<\/div>\n<\/div>\n<\/div>\n<div class=\"modal fade\" id=\"commentReportModal\" role=\"dialog\" aria-labelledby=\"commentReportModalLabel\">\n<div class=\"modal-dialog modal-lg\" role=\"document\">\n<div class=\"modal-content\">\n<div class=\"modal-header\">\n<h3 class=\"modal-title\" id=\"commentReportModalLabel\">Raporteaza comentariu<\/h3>\n<\/div>\n<div class=\"modal-body\">\n<div class=\"tabel tabel-full\">\n<div class=\"celula\">\n              Trebuie s\u0103 fii <a href=\"https:\/\/ziaruldevrancea.ro\/account\">autentificat<\/a> pentru a putea raporta un comentariu.\n            <\/div>\n<\/div>\n<\/div>\n<div class=\"modal-footer\">\n<div id=\"commentReportPending\" class=\"formPending pull-left\"><img decoding=\"async\" src=\"https:\/\/zdvs.cname.ro\/images\/loader_40.gif\"> In curs de procesare&#8230;<\/div>\n<p><a href=\"https:\/\/ziaruldevrancea.ro\/promo\/evenimente-speciale\/video-ansamblurile-din-vrancea-au-dominat-concursul-national-pe-plaiul-tojanului-2026\" class=\"btn btn-default\" data-dismiss=\"modal\">Anuleaz\u0103<\/a><\/div>\n<\/div>\n<\/div>\n<\/div>\n<div class=\"modal fade\" id=\"commentLikeModal\" role=\"dialog\" aria-labelledby=\"commentLikeModalLabel\">\n<div class=\"modal-dialog modal-lg\" role=\"document\">\n<div class=\"modal-content\">\n<div class=\"modal-header\">\n<h3 class=\"modal-title\" id=\"commentReportModalLabel\">Apreciaza comentariu<\/h3>\n<\/div>\n<div class=\"modal-body\">\n<div class=\"tabel tabel-full\">\n<div class=\"celula\">\n            Trebuie s\u0103 fii <a href=\"https:\/\/ziaruldevrancea.ro\/account\">autentificat<\/a> pentru a putea aprecia un comentariu.\n          <\/div>\n<\/div>\n<\/div>\n<div class=\"modal-footer\"><a href=\"https:\/\/ziaruldevrancea.ro\/promo\/evenimente-speciale\/video-ansamblurile-din-vrancea-au-dominat-concursul-national-pe-plaiul-tojanului-2026\" class=\"btn btn-default\" data-dismiss=\"modal\">Anuleaz\u0103<\/a><\/div>\n<\/div>\n<\/div>\n<\/div>\n<div class=\"bloc-widget widget-rosu\"><span><small>Ziarul de Vrancea doreste ca acest site sa fie un spatiu al discutiilor civilizate, al comentariilor de bun simt. Din acest motiv, cei care posteaza comentarii la articole trebuie sa respecte urmatoarele reguli:<br \/>\n1. Sa se refere doar la articolul la care posteaza comentarii.<br \/>\n2. Sa foloseasca un limbaj civilizat, fara injurii, calomnii, comentarii antisemite, xenofobe sau rasiste.<br \/>\n3. Sunt interzise atacurile la adresa autorilor, daca acestea nu au legatura cu textul.<br \/>\n4. Username-ul sa nu fie nume de personalitati ale vietii publice sau parodieri ale acestora.<br \/>\nAutorul unui articol poate fi criticat pentru eventuale greseli, incoerenta, lipsa de documentare etc.<br \/>\nNerespectarea regulilor mentionate mai sus va duce la stergerea comentariilor, fara avertisment si fara explicatii.<br \/>\nAbaterile repetate vor avea drept consecinta interdictia accesului la aceasta facilitate a site-ului.<\/small><\/span><\/div>\n<\/div>\n<p>[analyse_source url=&#8221;https:\/\/ziaruldevrancea.ro\/promo\/evenimente-speciale\/video-ansamblurile-din-vrancea-au-dominat-concursul-national-pe-plaiul-tojanului-2026&#8243;]<\/p>\n","protected":false},"excerpt":{"rendered":"<p>[analyse_image type=&#8221;featured&#8221; src=&#8221;https:\/\/zdvi.cname.ro\/_\/video-ansamblurile-din-vrancea-au-dominat-concursul-national-pe-plaiul-tojanului-2026\/mediaPool\/uqvPndV.jpg&#8221;] Evenimente speciale VIDEO | Ansamblurile din Vrancea au dominat Concursul Na\u021bional \u201ePe Plaiul Tojanului\u201d 2026 Distribuie: \u00a0 | Camelia Marin 26 iul 2026716 vizualiz\u0103ri Paltin \u0219i Vulturu, pe cea mai \u00eenalt\u0103 treapt\u0103 a podiumului. Festivalul de la Dealul Tojanului s-a \u00eencheiat cu premii importante pentru forma\u021biile folclorice vr\u00e2ncene, \u00eentr-o edi\u021bie organizat\u0103 de [&hellip;]<\/p>\n","protected":false},"author":1,"featured_media":0,"comment_status":"open","ping_status":"","sticky":false,"template":"","format":"standard","meta":{"footnotes":""},"categories":[89],"tags":[226,208],"class_list":["post-2077255","post","type-post","status-publish","format-standard","hentry","category-romania","tag-crawlmanager","tag-ziaruldevrancea-ro"],"_links":{"self":[{"href":"https:\/\/analyse.optim.biz\/index.php?rest_route=\/wp\/v2\/posts\/2077255","targetHints":{"allow":["GET"]}}],"collection":[{"href":"https:\/\/analyse.optim.biz\/index.php?rest_route=\/wp\/v2\/posts"}],"about":[{"href":"https:\/\/analyse.optim.biz\/index.php?rest_route=\/wp\/v2\/types\/post"}],"author":[{"embeddable":true,"href":"https:\/\/analyse.optim.biz\/index.php?rest_route=\/wp\/v2\/users\/1"}],"replies":[{"embeddable":true,"href":"https:\/\/analyse.optim.biz\/index.php?rest_route=%2Fwp%2Fv2%2Fcomments&post=2077255"}],"version-history":[{"count":0,"href":"https:\/\/analyse.optim.biz\/index.php?rest_route=\/wp\/v2\/posts\/2077255\/revisions"}],"wp:attachment":[{"href":"https:\/\/analyse.optim.biz\/index.php?rest_route=%2Fwp%2Fv2%2Fmedia&parent=2077255"}],"wp:term":[{"taxonomy":"category","embeddable":true,"href":"https:\/\/analyse.optim.biz\/index.php?rest_route=%2Fwp%2Fv2%2Fcategories&post=2077255"},{"taxonomy":"post_tag","embeddable":true,"href":"https:\/\/analyse.optim.biz\/index.php?rest_route=%2Fwp%2Fv2%2Ftags&post=2077255"}],"curies":[{"name":"wp","href":"https:\/\/api.w.org\/{rel}","templated":true}]}}