{"id":2077239,"date":"2026-07-31T00:00:00","date_gmt":"2026-07-30T21:00:00","guid":{"rendered":"https:\/\/analyse.optim.biz\/?p=2077239"},"modified":"2026-07-31T00:00:00","modified_gmt":"2026-07-30T21:00:00","slug":"vrancea-27-de-jandarmi-au-fost-avansati-in-grad-iar-un-militar-din-soveja-a-primit-diploma-de-merit-a-ministrului-afacerilor-interne","status":"publish","type":"post","link":"https:\/\/analyse.optim.biz\/?p=2077239","title":{"rendered":"Vrancea: 27 de jandarmi au fost avansa\u021bi \u00een grad, iar un militar din Soveja a primit Diploma de Merit a ministrului Afacerilor Interne"},"content":{"rendered":"<p>[analyse_image type=&#8221;featured&#8221; src=&#8221;https:\/\/zdvi.cname.ro\/_\/vrancea-27-de-jandarmi-au-fost-avansati-in-grad-iar-un-militar-din-soveja-a-primit-diploma-de-merit-a-ministrului-afacerilor-interne\/mediaPool\/uCuk5Pq.jpeg&#8221;]<\/p>\n<div class=\"main-content detaliu-articol\"><a class=\"titlu-cat-list\" href=\"https:\/\/ziaruldevrancea.ro\/promo\/evenimente-speciale\">Evenimente speciale<\/a><\/p>\n<h1>Vrancea: 27 de jandarmi au fost avansa\u021bi \u00een grad, iar un militar din Soveja a primit Diploma de Merit a ministrului Afacerilor Interne<\/h1>\n<div class=\"date-articol clearfix\">\n<div class=\"distribuie-articol dropdown\">\n    Distribuie: \u00a0<br \/>\n    <em>|<\/em><\/div>\n<div class=\"autor-articol\"><a href=\"https:\/\/ziaruldevrancea.ro\/autor\/paul-petrache\/\"><img decoding=\"async\" class=\"img-circle\" src=\"https:\/\/zdvi.cname.ro\/50_50\/articleAuthor\/paul-petrache\/articleAuthor\/uNItZQs.PNG\" alt><\/a><\/p>\n<h5><a href=\"https:\/\/ziaruldevrancea.ro\/autor\/paul-petrache\/\">Paul Petrache<\/a><\/h5>\n<div class=\"grup-spatiere\"><span class=\"cu-spatiere\">31 iul 2026<\/span><span class=\"cu-spatiere\">769 vizualiz\u0103ri<\/span><\/div>\n<\/div>\n<\/div>\n<div class=\"poza-mare\">\n<div class=\"poza-mare galerie-detaliu\">\n<div id=\"carousel-poza-mare\" class=\"carousel slide carusel-poza\" data-ride=\"carousel\" data-interval=\"0\">\n<div class=\"carousel-inner\" role=\"listbox\">\n<div class=\"item imagine-carusel active\"><a href class=\"openGallery\"><img decoding=\"async\" class=\"img-responsive\" src=\"https:\/\/zdvi.cname.ro\/850_530\/vrancea-27-de-jandarmi-au-fost-avansati-in-grad-iar-un-militar-din-soveja-a-primit-diploma-de-merit-a-ministrului-afacerilor-interne\/article\/mediaPool\/uCuk5Pq.jpeg\" alt><\/a><\/div>\n<div class=\"item imagine-carusel \"><a href class=\"openGallery\"><img decoding=\"async\" class=\"img-responsive\" src=\"https:\/\/zdvi.cname.ro\/850_530\/vrancea-27-de-jandarmi-au-fost-avansati-in-grad-iar-un-militar-din-soveja-a-primit-diploma-de-merit-a-ministrului-afacerilor-interne\/article\/mediaPool\/uIcjCes.jpeg\" alt><\/a><\/div>\n<div class=\"item imagine-carusel \"><a href class=\"openGallery\"><img decoding=\"async\" class=\"img-responsive\" src=\"https:\/\/zdvi.cname.ro\/850_530\/vrancea-27-de-jandarmi-au-fost-avansati-in-grad-iar-un-militar-din-soveja-a-primit-diploma-de-merit-a-ministrului-afacerilor-interne\/article\/mediaPool\/u2VlbDt.jpeg\" alt><\/a><\/div>\n<div class=\"item imagine-carusel \"><a href class=\"openGallery\"><img decoding=\"async\" class=\"img-responsive\" src=\"https:\/\/zdvi.cname.ro\/850_530\/vrancea-27-de-jandarmi-au-fost-avansati-in-grad-iar-un-militar-din-soveja-a-primit-diploma-de-merit-a-ministrului-afacerilor-interne\/article\/mediaPool\/uo8YL1u.jpeg\" alt><\/a><\/div>\n<div class=\"item imagine-carusel \"><a href class=\"openGallery\"><img decoding=\"async\" class=\"img-responsive\" src=\"https:\/\/zdvi.cname.ro\/850_530\/vrancea-27-de-jandarmi-au-fost-avansati-in-grad-iar-un-militar-din-soveja-a-primit-diploma-de-merit-a-ministrului-afacerilor-interne\/article\/mediaPool\/u4LLoqw.jpeg\" alt><\/a><\/div>\n<div class=\"item imagine-carusel \"><a href class=\"openGallery\"><img decoding=\"async\" class=\"img-responsive\" src=\"https:\/\/zdvi.cname.ro\/850_530\/vrancea-27-de-jandarmi-au-fost-avansati-in-grad-iar-un-militar-din-soveja-a-primit-diploma-de-merit-a-ministrului-afacerilor-interne\/article\/mediaPool\/u45y4Ox.jpeg\" alt><\/a><\/div>\n<div class=\"item imagine-carusel \"><a href class=\"openGallery\"><img decoding=\"async\" class=\"img-responsive\" src=\"https:\/\/zdvi.cname.ro\/850_530\/vrancea-27-de-jandarmi-au-fost-avansati-in-grad-iar-un-militar-din-soveja-a-primit-diploma-de-merit-a-ministrului-afacerilor-interne\/article\/mediaPool\/u6slNdz.jpeg\" alt><\/a><\/div>\n<\/div>\n<\/div>\n<div id=\"carousel-poze-mici\" class=\"carousel slide carusel-mici\" data-ride=\"carousel\" data-interval=\"0\">\n<div class=\"carousel-inner\" role=\"listbox\">\n<div class=\"item active\">\n<ul class=\"navigare-carusel-imagini\">\n<li data-target=\"#carousel-poza-mare\" data-slide-to=\"0\"><img decoding=\"async\" class=\"img-responsive\" src=\"https:\/\/zdvi.cname.ro\/_90\/vrancea-27-de-jandarmi-au-fost-avansati-in-grad-iar-un-militar-din-soveja-a-primit-diploma-de-merit-a-ministrului-afacerilor-interne\/article\/mediaPool\/uCuk5Pq.jpeg\" alt><\/li>\n<li data-target=\"#carousel-poza-mare\" data-slide-to=\"1\"><img decoding=\"async\" class=\"img-responsive\" src=\"https:\/\/zdvi.cname.ro\/_90\/vrancea-27-de-jandarmi-au-fost-avansati-in-grad-iar-un-militar-din-soveja-a-primit-diploma-de-merit-a-ministrului-afacerilor-interne\/article\/mediaPool\/uIcjCes.jpeg\" alt><\/li>\n<li data-target=\"#carousel-poza-mare\" data-slide-to=\"2\"><img decoding=\"async\" class=\"img-responsive\" src=\"https:\/\/zdvi.cname.ro\/_90\/vrancea-27-de-jandarmi-au-fost-avansati-in-grad-iar-un-militar-din-soveja-a-primit-diploma-de-merit-a-ministrului-afacerilor-interne\/article\/mediaPool\/u2VlbDt.jpeg\" alt><\/li>\n<li data-target=\"#carousel-poza-mare\" data-slide-to=\"3\"><img decoding=\"async\" class=\"img-responsive\" src=\"https:\/\/zdvi.cname.ro\/_90\/vrancea-27-de-jandarmi-au-fost-avansati-in-grad-iar-un-militar-din-soveja-a-primit-diploma-de-merit-a-ministrului-afacerilor-interne\/article\/mediaPool\/uo8YL1u.jpeg\" alt><\/li>\n<li data-target=\"#carousel-poza-mare\" data-slide-to=\"4\"><img decoding=\"async\" class=\"img-responsive\" src=\"https:\/\/zdvi.cname.ro\/_90\/vrancea-27-de-jandarmi-au-fost-avansati-in-grad-iar-un-militar-din-soveja-a-primit-diploma-de-merit-a-ministrului-afacerilor-interne\/article\/mediaPool\/u4LLoqw.jpeg\" alt><\/li>\n<\/ul>\n<\/div>\n<div class=\"item \">\n<ul class=\"navigare-carusel-imagini\">\n<li data-target=\"#carousel-poza-mare\" data-slide-to=\"5\"><img decoding=\"async\" class=\"img-responsive\" src=\"https:\/\/zdvi.cname.ro\/_90\/vrancea-27-de-jandarmi-au-fost-avansati-in-grad-iar-un-militar-din-soveja-a-primit-diploma-de-merit-a-ministrului-afacerilor-interne\/article\/mediaPool\/u45y4Ox.jpeg\" alt><\/li>\n<li data-target=\"#carousel-poza-mare\" data-slide-to=\"6\"><img decoding=\"async\" class=\"img-responsive\" src=\"https:\/\/zdvi.cname.ro\/_90\/vrancea-27-de-jandarmi-au-fost-avansati-in-grad-iar-un-militar-din-soveja-a-primit-diploma-de-merit-a-ministrului-afacerilor-interne\/article\/mediaPool\/u6slNdz.jpeg\" alt><\/li>\n<\/ul>\n<\/div>\n<\/div>\n<p><a class=\"control left\" href=\"https:\/\/ziaruldevrancea.ro\/promo\/evenimente-speciale\/vrancea-27-de-jandarmi-au-fost-avansati-in-grad-iar-un-militar-din-soveja-a-primit-diploma-de-merit-a-ministrului-afacerilor-interne#carousel-poze-mici\" role=\"button\" data-slide=\"prev\"><span class=\"sr-only\">Previous<\/span><\/a><a class=\"control right\" href=\"https:\/\/ziaruldevrancea.ro\/promo\/evenimente-speciale\/vrancea-27-de-jandarmi-au-fost-avansati-in-grad-iar-un-militar-din-soveja-a-primit-diploma-de-merit-a-ministrului-afacerilor-interne#carousel-poze-mici\" role=\"button\" data-slide=\"next\"><span class=\"sr-only\">Next<\/span><\/a><\/div>\n<\/div>\n<\/div>\n<p><strong>Ceremonie la Inspectoratul de Jandarmi Jude\u021bean Vrancea: trei ofi\u021beri \u0219i 24 de subofi\u021beri au fost avansa\u021bi \u00een grad, iar plutonierul adjutant \u0219ef Ghinea Marius a fost recompensat pentru interven\u021bia din timpul incendiului de amploare de la Ruc\u0103reni, comuna Soveja.<\/strong><\/p>\n<p><strong>Vrancea: 27 de jandarmi au fost avansa\u021bi \u00een grad, iar un militar din Soveja a primit Diploma de Merit a ministrului Afacerilor Interne<\/strong><\/p>\n<p>Inspectoratul de Jandarmi Jude\u021bean (IJJ) Vrancea a organizat vineri, 31 iulie 2026, o ceremonie dedicat\u0103 recunoa\u0219terii activit\u0103\u021bii profesionale a cadrelor militare din unitate. \u00cen cadrul evenimentului au avut loc at\u00e2t avans\u0103ri \u00een grad la termen, c\u00e2t \u0219i recompensarea unui jandarm care s-a remarcat prin modul \u00een care a intervenit \u00een sprijinul comunit\u0103\u021bii \u00een timpul incendiului de amploare produs \u00een satul Ruc\u0103reni, comuna Soveja.<\/p>\n<p>Potrivit informa\u021biilor transmise de purt\u0103torul de cuv\u00e2nt al IJJ Vrancea, \u00een cadrul ceremoniei au fost avansa\u021bi \u00een gradul militar urm\u0103tor <strong>3 ofi\u021beri \u0219i 24 de subofi\u021beri<\/strong>, \u00een prezen\u021ba conducerii inspectoratului \u0219i a colegilor de serviciu.<\/p>\n<p>Reprezentan\u021bii institu\u021biei arat\u0103 c\u0103 avansarea \u00een grad reprezint\u0103 o recunoa\u0219tere a activit\u0103\u021bii desf\u0103\u0219urate, a responsabilit\u0103\u021bii \u0219i a profesionalismului demonstrate \u00een \u00eendeplinirea atribu\u021biilor de serviciu, dar \u0219i asumarea unor noi responsabilit\u0103\u021bi \u00een activitatea desf\u0103\u0219urat\u0103 \u00een sprijinul cet\u0103\u021benilor.<\/p>\n<p><strong>Diploma de Merit pentru un jandarm din Postul Montan Soveja<\/strong><\/p>\n<p>\u00cen cadrul aceleia\u0219i ceremonii, <strong>plutonierul adjutant \u0219ef Ghinea Marius<\/strong>, din cadrul Postului de Jandarmi Montan Soveja, a primit <strong>Diploma de Merit<\/strong> acordat\u0103 de ministrul Afacerilor Interne, <strong>C\u0103t\u0103lin Predoiu<\/strong>, pentru modul \u00een care a ac\u021bionat \u00een timpul incendiului de amploare izbucnit \u00een satul Ruc\u0103reni, comuna Soveja.<\/p>\n<p>Distinc\u021bia i-a fost acordat\u0103, potrivit motiv\u0103rii oficiale, <em>\u201e\u00een semn de profund respect \u0219i recuno\u0219tin\u021b\u0103 pentru curajul, profesionalismul \u0219i spiritul de sacrificiu \u00een slujba siguran\u021bei comunit\u0103\u021bii \u0219i pentru modul exemplar \u00een care v-a\u021bi \u00eendeplinit datoria fa\u021b\u0103 de cet\u0103\u021beni \u0219i de \u021bar\u0103\u201d<\/em>.<\/p>\n<p>Conform IJJ Vrancea, subofi\u021berul s-a num\u0103rat printre primii reprezentan\u021bi ai structurilor de ordine public\u0103 ajun\u0219i la locul interven\u021biei, contribuind la coordonarea efectivelor de jandarmi \u0219i la desf\u0103\u0219urarea \u00een condi\u021bii de siguran\u021b\u0103 a misiunilor operative.<\/p>\n<p><strong>Sprijin acordat comunit\u0103\u021bii \u0219i dup\u0103 \u00eencheierea interven\u021biei<\/strong><\/p>\n<p>Inspectoratul precizeaz\u0103 c\u0103 implicarea plutonierului adjutant \u0219ef Ghinea Marius nu s-a oprit odat\u0103 cu stingerea incendiului. Acesta a continuat s\u0103 sprijine familiile afectate, particip\u00e2nd \u00een mod voluntar, inclusiv \u00een timpul liber, la ac\u021biunile de \u00eenl\u0103turare a efectelor produse de incendiu.<\/p>\n<p>Pentru aceast\u0103 implicare, jandarmul a primit anterior \u0219i o <strong>diplom\u0103 de apreciere din partea Prim\u0103riei comunei Soveja<\/strong>, \u00een cadrul evenimentului <strong>Soveja Mountain Fun<\/strong>.<\/p>\n<p>La finalul ceremoniei, conducerea Inspectoratului de Jandarmi Jude\u021bean Vrancea i-a felicitat pe to\u021bi cei avansa\u021bi \u00een grad \u0219i pe jandarmul recompensat pentru activitatea desf\u0103\u0219urat\u0103, apreciind c\u0103 astfel de distinc\u021bii reprezint\u0103 o recunoa\u0219tere a profesionalismului \u0219i responsabilit\u0103\u021bii manifestate \u00een \u00eendeplinirea misiunilor specifice.<\/p>\n<p><strong>Paul Petrache\u00a0<\/strong><\/p>\n<hr>\n<div class=\"bloc-widget widget-rosu\">\n<p>\u00cen lipsa unui acord scris din partea Ziarului de Vrancea, pute\u0163i prelua maxim 500 de caractere din acest articol dac\u0103 preciza\u0163i sursa \u015fi insera\u0163i vizibil link-ul articolului:\u00a0<span>#insertcurrentlinkhere<\/span><\/p>\n<\/div>\n<div class=\"extra-articol listing-anunturi\">\n<h6>Anun\u021buri <span class=\"text-primary\">ZdV<\/span> Premium<\/h6>\n<div class=\"row\">\n<div class=\"col-lg-4 col-md-6 bloc-egal\"><a class=\"card-anunt\" href=\"https:\/\/ziaruldevrancea.ro\/anunturi\/altele\/servicii\/caut-o-persoana-sau-o-familie-pentru-ingrijirea-unei-batrane\"><strong class=\"titlu\">Servicii<\/strong><span class=\"text-anunt\">Caut o persoan\u0103\u00a0sau o familie serioas\u0103&#8230;<\/span><span class=\"data-anunt\">04.08.2026  <\/span><\/a><\/div>\n<div class=\"col-lg-4 col-md-6 bloc-egal\"><a class=\"card-anunt\" href=\"https:\/\/ziaruldevrancea.ro\/anunturi\/imobiliare\/vanzari-ap-2-camere\/vand-apartament-2-camere-in-focsani-anunt-72825\"><strong class=\"titlu\">V\u00e2nz\u0103ri ap 2 camere<\/strong><span class=\"text-anunt\">V\u00e2nd apartament 2 camere, hol p\u0103trat,&#8230;<\/span><span class=\"data-anunt\">04.08.2026  <\/span><\/a><\/div>\n<div class=\"col-lg-4 col-md-6 bloc-egal\"><a class=\"card-anunt\" href=\"https:\/\/ziaruldevrancea.ro\/anunturi\/angajari\/oferte-angajari\/angajam-asistente-medicale\"><strong class=\"titlu\">Oferte<\/strong><span class=\"text-anunt\">Crucea Ro\u0219ie Vrancea angajeaz\u0103 asistente\u00a0&#8230;<\/span><span class=\"data-anunt\">04.08.2026  <\/span><\/a><\/div>\n<\/div>\n<\/div>\n<div class=\"extra-articol alte-articole\">\n<div class=\"row\">\n<div class=\"col-lg-6 bloc-egal\">\n<div class=\"card articol-listing\">\n<h6>\u00cen categoria <a href=\"https:\/\/ziaruldevrancea.ro\/promo\/evenimente-speciale\">Evenimente speciale<\/a><\/h6>\n<div class=\"grup-articol-listing\">\n<div class=\"cont-pils\"><a href=\"https:\/\/ziaruldevrancea.ro\/promo\/evenimente-speciale\/vrancea-marcheaza-109-ani-de-la-batalia-de-la-marasesti.-programul-complet-al-ceremoniilor-de-la-mausoleele-eroilor-din-marasesti-si-focsani\"><img decoding=\"async\" src=\"https:\/\/zdvi.cname.ro\/180_135\/promo\/evenimente-speciale\/vrancea-marcheaza-109-ani-de-la-batalia-de-la-marasesti.-programul-complet-al-ceremoniilor-de-la-mausoleele-eroilor-din-marasesti-si-focsani\/mediaPool\/uxIPXt5.jpeg\" class=\"img-responsive img-180\" alt><\/a><\/div>\n<h2><a class=\"link-titlu\" href=\"https:\/\/ziaruldevrancea.ro\/promo\/evenimente-speciale\/vrancea-marcheaza-109-ani-de-la-batalia-de-la-marasesti.-programul-complet-al-ceremoniilor-de-la-mausoleele-eroilor-din-marasesti-si-focsani\">Vrancea marcheaz\u0103 109 ani de la B\u0103t\u0103lia de la M\u0103r\u0103\u0219e\u0219ti. Programul complet al ceremoniilor de la Mausoleele Eroilor din M\u0103r\u0103\u0219e\u0219ti \u0219i Foc\u0219ani<\/a><\/h2>\n<div class=\"date-post\"><a href=\"https:\/\/ziaruldevrancea.ro\/autor\/anca-vasiliu\">Anca Vasiliu<\/a>,  4 aug 2026  <\/div>\n<\/div>\n<div class=\"grup-articol-listing\">\n<div class=\"cont-pils\"><a href=\"https:\/\/ziaruldevrancea.ro\/promo\/evenimente-speciale\/video-balciul-anual-din-adjud-2026-a-inceput-program-restrictii-de-circulatie-si-recomandari-pentru-participanti\"><img decoding=\"async\" src=\"https:\/\/zdvi.cname.ro\/180_135\/promo\/evenimente-speciale\/video-balciul-anual-din-adjud-2026-a-inceput-program-restrictii-de-circulatie-si-recomandari-pentru-participanti\/mediaPool\/u98Fjoj.jpg\" class=\"img-responsive img-180\" alt><\/a><\/div>\n<h2><a class=\"link-titlu\" href=\"https:\/\/ziaruldevrancea.ro\/promo\/evenimente-speciale\/video-balciul-anual-din-adjud-2026-a-inceput-program-restrictii-de-circulatie-si-recomandari-pentru-participanti\">VIDEO | B\u00e2lciul Anual din Adjud 2026 a \u00eenceput: program, restric\u021bii de circula\u021bie \u0219i recomand\u0103ri pentru participan\u021bi<\/a><\/h2>\n<div class=\"date-post\"><a href=\"https:\/\/ziaruldevrancea.ro\/autor\/camelia-marin\">Camelia Marin<\/a>,  2 aug 2026  <\/div>\n<\/div>\n<div class=\"grup-articol-listing\">\n<div class=\"cont-pils\"><a href=\"https:\/\/ziaruldevrancea.ro\/promo\/evenimente-speciale\/video--foto-elevii-vranceni-premiati-de-consiliului-judetean-pentru-performanta-obtinuta-la-infoeducatie-2026\"><img decoding=\"async\" src=\"https:\/\/zdvi.cname.ro\/180_135\/promo\/evenimente-speciale\/video--foto-elevii-vranceni-premiati-de-consiliului-judetean-pentru-performanta-obtinuta-la-infoeducatie-2026\/mediaPool\/u6Sjqgn.jpeg\" class=\"img-responsive img-180\" alt><\/a><\/div>\n<h2><a class=\"link-titlu\" href=\"https:\/\/ziaruldevrancea.ro\/promo\/evenimente-speciale\/video--foto-elevii-vranceni-premiati-de-consiliului-judetean-pentru-performanta-obtinuta-la-infoeducatie-2026\">VIDEO + Foto | Elevii vr\u00e2nceni premia\u021bi de Consiliului Jude\u021bean pentru performan\u021ba ob\u021binut\u0103 la InfoEduca\u021bie 2026<\/a><\/h2>\n<div class=\"date-post\"><a href=\"https:\/\/ziaruldevrancea.ro\/autor\/maria-bratu\">Maria BRATU<\/a>,  1 aug 2026  <\/div>\n<\/div>\n<\/div>\n<\/div>\n<div class=\"col-lg-6 bloc-egal\">\n<div class=\"card articol-listing\">\n<h6>De acela\u0219i <a href=\"https:\/\/ziaruldevrancea.ro\/autor\/paul-petrache\/\">autor<\/a><\/h6>\n<div class=\"grup-articol-listing\">\n<div class=\"cont-pils\"><a href=\"https:\/\/ziaruldevrancea.ro\/promo\/brand-voice\/focsani-reduce-consumul-de-energie-electrica-iluminatul-public-va-functiona-la-50-dupa-ora-2300-pe-159-de-strazi\"><img decoding=\"async\" src=\"https:\/\/zdvi.cname.ro\/180_135\/promo\/brand-voice\/focsani-reduce-consumul-de-energie-electrica-iluminatul-public-va-functiona-la-50-dupa-ora-2300-pe-159-de-strazi\/mediaPool\/uxYzyaW.jpg\" class=\"img-responsive img-180\" alt><\/a><\/div>\n<h2><a class=\"link-titlu\" href=\"https:\/\/ziaruldevrancea.ro\/promo\/brand-voice\/focsani-reduce-consumul-de-energie-electrica-iluminatul-public-va-functiona-la-50-dupa-ora-2300-pe-159-de-strazi\">Foc\u0219ani reduce consumul de energie electric\u0103: iluminatul public va func\u021biona la 50% dup\u0103 ora 23:00 pe 159 de str\u0103zi<\/a><\/h2>\n<div class=\"date-post\"><a href=\"https:\/\/ziaruldevrancea.ro\/autor\/paul-petrache\">Paul Petrache<\/a>,  4 aug 2026  <\/div>\n<\/div>\n<div class=\"grup-articol-listing\">\n<div class=\"cont-pils\"><a href=\"https:\/\/ziaruldevrancea.ro\/actualitatea\/stiri-locale\/update-vrancea-tanarul-ranit-grav-in-accidentul-de-pe-strada-bucegi-transportat-cu-elicopterul-smurd-la-bucuresti\"><img decoding=\"async\" src=\"https:\/\/zdvi.cname.ro\/180_135\/actualitatea\/stiri-locale\/update-vrancea-tanarul-ranit-grav-in-accidentul-de-pe-strada-bucegi-transportat-cu-elicopterul-smurd-la-bucuresti\/mediaPool\/u6PHwyc.jpeg\" class=\"img-responsive img-180\" alt><\/a><\/div>\n<h2><a class=\"link-titlu\" href=\"https:\/\/ziaruldevrancea.ro\/actualitatea\/stiri-locale\/update-vrancea-tanarul-ranit-grav-in-accidentul-de-pe-strada-bucegi-transportat-cu-elicopterul-smurd-la-bucuresti\">UPDATE | Vrancea: T\u00e2n\u0103rul r\u0103nit grav \u00een accidentul de pe strada Bucegi, transportat cu elicopterul SMURD la Bucure\u0219ti<\/a><\/h2>\n<div class=\"date-post\"><a href=\"https:\/\/ziaruldevrancea.ro\/autor\/paul-petrache\">Paul Petrache<\/a>,  4 aug 2026  <\/div>\n<\/div>\n<div class=\"grup-articol-listing\">\n<div class=\"cont-pils\"><a href=\"https:\/\/ziaruldevrancea.ro\/actualitatea\/stiri-locale\/accident-in-focsani-trei-pietoni-loviti-pe-trecerea-de-pietoni-de-un-conducator-de-trotineta-electrica.victimele-au-ajuns-la-upu\"><img decoding=\"async\" src=\"https:\/\/zdvi.cname.ro\/180_135\/actualitatea\/stiri-locale\/accident-in-focsani-trei-pietoni-loviti-pe-trecerea-de-pietoni-de-un-conducator-de-trotineta-electrica.victimele-au-ajuns-la-upu\/mediaPool\/uKQYDBf.jpg\" class=\"img-responsive img-180\" alt><\/a><\/div>\n<h2><a class=\"link-titlu\" href=\"https:\/\/ziaruldevrancea.ro\/actualitatea\/stiri-locale\/accident-in-focsani-trei-pietoni-loviti-pe-trecerea-de-pietoni-de-un-conducator-de-trotineta-electrica.victimele-au-ajuns-la-upu\">Accident \u00een Foc\u0219ani: trei pietoni lovi\u021bi pe trecerea de pietoni de un conduc\u0103tor de trotinet\u0103 electric\u0103.Victimele au ajuns la UPU<\/a><\/h2>\n<div class=\"date-post\"><a href=\"https:\/\/ziaruldevrancea.ro\/autor\/paul-petrache\">Paul Petrache<\/a>,  3 aug 2026  <\/div>\n<\/div>\n<\/div>\n<\/div>\n<\/div>\n<\/div>\n<div class=\"extra-articol listing-anunturi\">\n<h6>Anun\u021buri <span class=\"text-primary\">ZdV<\/span> Premium<\/h6>\n<div class=\"row\">\n<div class=\"col-lg-4 col-md-6 bloc-egal\"><a class=\"card-anunt\" href=\"https:\/\/ziaruldevrancea.ro\/anunturi\/necrolog\/condoleante\/sincere-condoleante-familiei-neghina\"><strong class=\"titlu\">Condolean\u021be<\/strong><span class=\"text-anunt\">Nimic nu poate alina durerea familiei \u00een&#8230;<\/span><span class=\"data-anunt\">04.08.2026  <\/span><\/a><\/div>\n<div class=\"col-lg-4 col-md-6 bloc-egal\"><a class=\"card-anunt\" href=\"https:\/\/ziaruldevrancea.ro\/anunturi\/inchirieri\/locuinte-oferte\/Inchiriez-camera-anunt-72823\"><strong class=\"titlu\">Locuin\u021be oferte<\/strong><span class=\"text-anunt\">\u00cenchiriez camer\u0103 la apartament. Rog&#8230;<\/span><span class=\"data-anunt\">03.08.2026  <\/span><\/a><\/div>\n<div class=\"col-lg-4 col-md-6 bloc-egal\"><a class=\"card-anunt\" href=\"https:\/\/ziaruldevrancea.ro\/anunturi\/imobiliare\/vanzari-terenuri\/vand-teren-in-panciu\"><strong class=\"titlu\">V\u00e2nz\u0103ri terenuri<\/strong><span class=\"text-anunt\">Teren Panciu 1170 mp, cu num\u0103r cas\u0103, ap\u0103&#8230;<\/span><span class=\"data-anunt\">29.07.2026  <\/span><\/a><\/div>\n<\/div>\n<\/div>\n<div class=\"bloc-widget widget-albastru\">\n    Ziarul de Vrancea \u00a0nu este responsabil juridic pentru con\u0163inutul textelor din comentariile de mai jos. Responsabilitatea pentru mesajele dumneavoastra v\u0103 revine \u00een exclusivitate.\n<\/div>\n<div class=\"comentarii-articol\" id=\"comentarii\">\n<h3>Comentarii: <span class=\"text-primary\">0<\/span><\/h3>\n<p><a href=\"https:\/\/ziaruldevrancea.ro\/promo\/evenimente-speciale\/vrancea-27-de-jandarmi-au-fost-avansati-in-grad-iar-un-militar-din-soveja-a-primit-diploma-de-merit-a-ministrului-afacerilor-interne\" class=\"btn btn-success btn-adauga-com\" data-toggle=\"modal\" data-parent=\"0\" data-target=\"#commentModal\">Adaug\u0103 comentariu<\/a><\/p>\n<div class=\"loadMask comments-mask\"><img decoding=\"async\" src=\"https:\/\/zdvs.cname.ro\/images\/loader_40.gif\"><\/div>\n<div class=\"comenteaza-jos\">Trebuie s\u0103 fii <a href=\"https:\/\/ziaruldevrancea.ro\/account\">autentificat<\/a> pentru a putea <a href=\"https:\/\/ziaruldevrancea.ro\/promo\/evenimente-speciale\/vrancea-27-de-jandarmi-au-fost-avansati-in-grad-iar-un-militar-din-soveja-a-primit-diploma-de-merit-a-ministrului-afacerilor-interne\" class data-toggle=\"modal\" data-parent=\"0\" data-target=\"#commentModal\">posta un comentariu<\/a>.<\/div>\n<\/div>\n<div class=\"modal fade\" id=\"commentModal\" role=\"dialog\" aria-labelledby=\"commentModalLabel\">\n<div class=\"modal-dialog modal-lg\" role=\"document\">\n<div class=\"modal-content\">\n<div class=\"modal-header\">\n<h3 class=\"modal-title\" id=\"commentModalLabel\">Comenteaz\u0103<\/h3>\n<\/div>\n<div class=\"modal-body\">\n<div class=\"tabel tabel-full\">\n<div class=\"celula\">\n              Trebuie s\u0103 fii <a href=\"https:\/\/ziaruldevrancea.ro\/account\">autentificat<\/a> pentru a putea posta un comentariu.\n            <\/div>\n<\/div>\n<\/div>\n<div class=\"modal-footer\">\n<div id=\"commentPending\" class=\"formPending pull-left\"><img decoding=\"async\" src=\"https:\/\/zdvs.cname.ro\/images\/loader_40.gif\"> In curs de procesare&#8230;<\/div>\n<p><a href=\"https:\/\/ziaruldevrancea.ro\/promo\/evenimente-speciale\/vrancea-27-de-jandarmi-au-fost-avansati-in-grad-iar-un-militar-din-soveja-a-primit-diploma-de-merit-a-ministrului-afacerilor-interne\" class=\"btn btn-default\" data-dismiss=\"modal\">Anuleaz\u0103<\/a><\/div>\n<\/div>\n<\/div>\n<\/div>\n<div class=\"modal fade\" id=\"commentReportModal\" role=\"dialog\" aria-labelledby=\"commentReportModalLabel\">\n<div class=\"modal-dialog modal-lg\" role=\"document\">\n<div class=\"modal-content\">\n<div class=\"modal-header\">\n<h3 class=\"modal-title\" id=\"commentReportModalLabel\">Raporteaza comentariu<\/h3>\n<\/div>\n<div class=\"modal-body\">\n<div class=\"tabel tabel-full\">\n<div class=\"celula\">\n              Trebuie s\u0103 fii <a href=\"https:\/\/ziaruldevrancea.ro\/account\">autentificat<\/a> pentru a putea raporta un comentariu.\n            <\/div>\n<\/div>\n<\/div>\n<div class=\"modal-footer\">\n<div id=\"commentReportPending\" class=\"formPending pull-left\"><img decoding=\"async\" src=\"https:\/\/zdvs.cname.ro\/images\/loader_40.gif\"> In curs de procesare&#8230;<\/div>\n<p><a href=\"https:\/\/ziaruldevrancea.ro\/promo\/evenimente-speciale\/vrancea-27-de-jandarmi-au-fost-avansati-in-grad-iar-un-militar-din-soveja-a-primit-diploma-de-merit-a-ministrului-afacerilor-interne\" class=\"btn btn-default\" data-dismiss=\"modal\">Anuleaz\u0103<\/a><\/div>\n<\/div>\n<\/div>\n<\/div>\n<div class=\"modal fade\" id=\"commentLikeModal\" role=\"dialog\" aria-labelledby=\"commentLikeModalLabel\">\n<div class=\"modal-dialog modal-lg\" role=\"document\">\n<div class=\"modal-content\">\n<div class=\"modal-header\">\n<h3 class=\"modal-title\" id=\"commentReportModalLabel\">Apreciaza comentariu<\/h3>\n<\/div>\n<div class=\"modal-body\">\n<div class=\"tabel tabel-full\">\n<div class=\"celula\">\n            Trebuie s\u0103 fii <a href=\"https:\/\/ziaruldevrancea.ro\/account\">autentificat<\/a> pentru a putea aprecia un comentariu.\n          <\/div>\n<\/div>\n<\/div>\n<div class=\"modal-footer\"><a href=\"https:\/\/ziaruldevrancea.ro\/promo\/evenimente-speciale\/vrancea-27-de-jandarmi-au-fost-avansati-in-grad-iar-un-militar-din-soveja-a-primit-diploma-de-merit-a-ministrului-afacerilor-interne\" class=\"btn btn-default\" data-dismiss=\"modal\">Anuleaz\u0103<\/a><\/div>\n<\/div>\n<\/div>\n<\/div>\n<div class=\"bloc-widget widget-rosu\"><span><small>Ziarul de Vrancea doreste ca acest site sa fie un spatiu al discutiilor civilizate, al comentariilor de bun simt. Din acest motiv, cei care posteaza comentarii la articole trebuie sa respecte urmatoarele reguli:<br \/>\n1. Sa se refere doar la articolul la care posteaza comentarii.<br \/>\n2. Sa foloseasca un limbaj civilizat, fara injurii, calomnii, comentarii antisemite, xenofobe sau rasiste.<br \/>\n3. Sunt interzise atacurile la adresa autorilor, daca acestea nu au legatura cu textul.<br \/>\n4. Username-ul sa nu fie nume de personalitati ale vietii publice sau parodieri ale acestora.<br \/>\nAutorul unui articol poate fi criticat pentru eventuale greseli, incoerenta, lipsa de documentare etc.<br \/>\nNerespectarea regulilor mentionate mai sus va duce la stergerea comentariilor, fara avertisment si fara explicatii.<br \/>\nAbaterile repetate vor avea drept consecinta interdictia accesului la aceasta facilitate a site-ului.<\/small><\/span><\/div>\n<\/div>\n<p>[analyse_source url=&#8221;https:\/\/ziaruldevrancea.ro\/promo\/evenimente-speciale\/vrancea-27-de-jandarmi-au-fost-avansati-in-grad-iar-un-militar-din-soveja-a-primit-diploma-de-merit-a-ministrului-afacerilor-interne&#8221;]<\/p>\n","protected":false},"excerpt":{"rendered":"<p>[analyse_image type=&#8221;featured&#8221; src=&#8221;https:\/\/zdvi.cname.ro\/_\/vrancea-27-de-jandarmi-au-fost-avansati-in-grad-iar-un-militar-din-soveja-a-primit-diploma-de-merit-a-ministrului-afacerilor-interne\/mediaPool\/uCuk5Pq.jpeg&#8221;] Evenimente speciale Vrancea: 27 de jandarmi au fost avansa\u021bi \u00een grad, iar un militar din Soveja a primit Diploma de Merit a ministrului Afacerilor Interne Distribuie: \u00a0 | Paul Petrache 31 iul 2026769 vizualiz\u0103ri PreviousNext Ceremonie la Inspectoratul de Jandarmi Jude\u021bean Vrancea: trei ofi\u021beri \u0219i 24 de subofi\u021beri au fost avansa\u021bi \u00een [&hellip;]<\/p>\n","protected":false},"author":1,"featured_media":0,"comment_status":"open","ping_status":"","sticky":false,"template":"","format":"standard","meta":{"footnotes":""},"categories":[89],"tags":[226,208],"class_list":["post-2077239","post","type-post","status-publish","format-standard","hentry","category-romania","tag-crawlmanager","tag-ziaruldevrancea-ro"],"_links":{"self":[{"href":"https:\/\/analyse.optim.biz\/index.php?rest_route=\/wp\/v2\/posts\/2077239","targetHints":{"allow":["GET"]}}],"collection":[{"href":"https:\/\/analyse.optim.biz\/index.php?rest_route=\/wp\/v2\/posts"}],"about":[{"href":"https:\/\/analyse.optim.biz\/index.php?rest_route=\/wp\/v2\/types\/post"}],"author":[{"embeddable":true,"href":"https:\/\/analyse.optim.biz\/index.php?rest_route=\/wp\/v2\/users\/1"}],"replies":[{"embeddable":true,"href":"https:\/\/analyse.optim.biz\/index.php?rest_route=%2Fwp%2Fv2%2Fcomments&post=2077239"}],"version-history":[{"count":0,"href":"https:\/\/analyse.optim.biz\/index.php?rest_route=\/wp\/v2\/posts\/2077239\/revisions"}],"wp:attachment":[{"href":"https:\/\/analyse.optim.biz\/index.php?rest_route=%2Fwp%2Fv2%2Fmedia&parent=2077239"}],"wp:term":[{"taxonomy":"category","embeddable":true,"href":"https:\/\/analyse.optim.biz\/index.php?rest_route=%2Fwp%2Fv2%2Fcategories&post=2077239"},{"taxonomy":"post_tag","embeddable":true,"href":"https:\/\/analyse.optim.biz\/index.php?rest_route=%2Fwp%2Fv2%2Ftags&post=2077239"}],"curies":[{"name":"wp","href":"https:\/\/api.w.org\/{rel}","templated":true}]}}