{"id":2077224,"date":"2026-08-04T07:56:36","date_gmt":"2026-08-04T04:56:36","guid":{"rendered":"https:\/\/analyse.optim.biz\/?p=2077224"},"modified":"2026-08-04T07:56:36","modified_gmt":"2026-08-04T04:56:36","slug":"timisul-doua-zile-sub-cod-rosu-de-canicula-dsp-recomanda-evitarea-expunerii-prelungite-la-soare","status":"publish","type":"post","link":"https:\/\/analyse.optim.biz\/?p=2077224","title":{"rendered":"Timi\u015ful, dou\u0103 zile sub cod ro\u015fu de canicul\u0103! DSP recomand\u0103 evitarea expunerii prelungite la soare"},"content":{"rendered":"<p>[analyse_image type=&#8221;featured&#8221; src=&#8221;http:\/\/www.banatulmeu.ro\/wp-content\/uploads\/2022\/05\/canicula.jpg&#8221;]<\/p>\n<div class=\"post-content-bd\">\n<p>Ne a\u015fteapt\u0103 dou\u0103 zile cu temperaturi extreme \u00een zona de vest a \u0163\u0103rii. Potrivit Administra\u0163iei Na\u0163ionale de Meteorologie, mar\u0163i \u015fi miercuri, mai multe jude\u0163e, printre care \u015fi Timi\u015ful, se afl\u0103 sub cod ro\u015fu de canicul\u0103.<\/p>\n<p>\u00cen contextul temperaturilor extreme, Direc\u021bia de S\u0103n\u0103tate Public\u0103 Timi\u0219 recomand\u0103 cet\u0103\u021benilor s\u0103 evite expunerea prelungit\u0103 la soare \u00een intervalul orar 11:00 \u2013 18:00, s\u0103 se hidrateze corespunz\u0103tor \u0219i s\u0103 poarte \u00eembr\u0103c\u0103minte lejer\u0103, deschis\u0103 la culoare. O aten\u021bie deosebit\u0103 trebuie acordat\u0103 copiilor, v\u00e2rstnicilor \u0219i persoanelor cu afec\u021biuni cronice.<\/p>\n<p><em>\u201cDe asemenea, DSP Timi\u0219 a opera\u021bionalizat punctele de prim ajutor \u0219i a dispus verificarea m\u0103surilor de prevenire \u0219i interven\u021bie \u00een toate spitalele din jude\u021b. Aceste m\u0103suri includ asigurarea continuit\u0103\u021bii asisten\u021bei medicale, verificarea stocurilor de medicamente \u0219i a func\u021bion\u0103rii sistemelor de climatizare. Totodat\u0103, institu\u021bia a solicitat spitalelor \u0219i Serviciului de Ambulan\u021b\u0103 s\u0103 \u00ee\u0219i adapteze capacitatea de r\u0103spuns pentru un posibil aflux de pacien\u021bi<\/em>\u201c, a informat DSP Timi\u015f.<\/p>\n<p>Persoanele care resimt efectele caniculei se pot adresa celor \u0219ase puncte de prim ajutor amenajate \u00een Timi\u0219oara \u0219i Lugoj. Acestea sunt deservite de personal din cadrul \u0219colilor postliceale de specialitate \u0219i de voluntari ai Societ\u0103\u021bii de Cruce Ro\u0219ie \u2013 Filiala Timi\u0219, iar prim\u0103riile celor dou\u0103 municipii asigur\u0103 aprovizionarea cu ap\u0103 \u00eembuteliat\u0103.<\/p>\n<p><em>\u201cFacem precizarea c\u0103 aceste puncte de prim ajutor nu substituie controlul medical de specialitate sau consulta\u021biile medicului de familie. \u00cen cazul apari\u021biei simptomelor severe de insola\u021bie sau al alter\u0103rii st\u0103rii de con\u015ftien\u0163\u0103, este necesar\u0103 apelarea imediat\u0103 a num\u0103rului unic de urgen\u021b\u0103 112 \u015fi prezentarea la unit\u0103\u0163ile de primiri urgen\u0163e\u201d<\/em>, a transmis DSP Timi\u015f.<\/p>\n<\/div>\n<p>[analyse_source url=&#8221;https:\/\/www.banatulmeu.ro\/timisul-doua-zile-sub-cod-rosu-de-canicula-dsp-recomanda-evitarea-expunerii-prelungite-la-soare\/&#8221;]<\/p>\n","protected":false},"excerpt":{"rendered":"<p>[analyse_image type=&#8221;featured&#8221; src=&#8221;http:\/\/www.banatulmeu.ro\/wp-content\/uploads\/2022\/05\/canicula.jpg&#8221;] Ne a\u015fteapt\u0103 dou\u0103 zile cu temperaturi extreme \u00een zona de vest a \u0163\u0103rii. Potrivit Administra\u0163iei Na\u0163ionale de Meteorologie, mar\u0163i \u015fi miercuri, mai multe jude\u0163e, printre care \u015fi Timi\u015ful, se afl\u0103 sub cod ro\u015fu de canicul\u0103. \u00cen contextul temperaturilor extreme, Direc\u021bia de S\u0103n\u0103tate Public\u0103 Timi\u0219 recomand\u0103 cet\u0103\u021benilor s\u0103 evite expunerea prelungit\u0103 la soare [&hellip;]<\/p>\n","protected":false},"author":1,"featured_media":0,"comment_status":"open","ping_status":"","sticky":false,"template":"","format":"standard","meta":{"footnotes":""},"categories":[89],"tags":[204,226],"class_list":["post-2077224","post","type-post","status-publish","format-standard","hentry","category-romania","tag-banatulmeu-ro","tag-crawlmanager"],"_links":{"self":[{"href":"https:\/\/analyse.optim.biz\/index.php?rest_route=\/wp\/v2\/posts\/2077224","targetHints":{"allow":["GET"]}}],"collection":[{"href":"https:\/\/analyse.optim.biz\/index.php?rest_route=\/wp\/v2\/posts"}],"about":[{"href":"https:\/\/analyse.optim.biz\/index.php?rest_route=\/wp\/v2\/types\/post"}],"author":[{"embeddable":true,"href":"https:\/\/analyse.optim.biz\/index.php?rest_route=\/wp\/v2\/users\/1"}],"replies":[{"embeddable":true,"href":"https:\/\/analyse.optim.biz\/index.php?rest_route=%2Fwp%2Fv2%2Fcomments&post=2077224"}],"version-history":[{"count":0,"href":"https:\/\/analyse.optim.biz\/index.php?rest_route=\/wp\/v2\/posts\/2077224\/revisions"}],"wp:attachment":[{"href":"https:\/\/analyse.optim.biz\/index.php?rest_route=%2Fwp%2Fv2%2Fmedia&parent=2077224"}],"wp:term":[{"taxonomy":"category","embeddable":true,"href":"https:\/\/analyse.optim.biz\/index.php?rest_route=%2Fwp%2Fv2%2Fcategories&post=2077224"},{"taxonomy":"post_tag","embeddable":true,"href":"https:\/\/analyse.optim.biz\/index.php?rest_route=%2Fwp%2Fv2%2Ftags&post=2077224"}],"curies":[{"name":"wp","href":"https:\/\/api.w.org\/{rel}","templated":true}]}}