{"id":2077204,"date":"2026-08-04T13:54:00","date_gmt":"2026-08-04T10:54:00","guid":{"rendered":"https:\/\/analyse.optim.biz\/?p=2077204"},"modified":"2026-08-04T13:54:00","modified_gmt":"2026-08-04T10:54:00","slug":"fetita-de-6-ani-lovita-in-plin-pe-o-strada-din-vatra-dornei-dupa-ce-a-iesit-in-fata-masinii-prin-loc-nepermis","status":"publish","type":"post","link":"https:\/\/analyse.optim.biz\/?p=2077204","title":{"rendered":"Feti\u021b\u0103 de 6 ani lovit\u0103 \u00een plin pe o strad\u0103 din Vatra Dornei, dup\u0103 ce a ie\u0219it \u00een fa\u021ba ma\u0219inii prin loc nepermis"},"content":{"rendered":"<p>[analyse_image type=&#8221;featured&#8221; src=&#8221;https:\/\/blogger.googleusercontent.com\/img\/b\/R29vZ2xl\/AVvXsEj0berDhHfLH8sJV7mFglN_8bTYZkdHKKwRGfgTZ5ngmIGo7aMcZC0VVLy199jA95Dq0Js0k9vwY6e4GBSnGNMkHaLi0VjADB5qdjPbQv1cnF8EDWR_4ejuDT2k2upXCTPlQ6hKbtkgCq_FGXk1ue_xVFpZ5XkTISfMj_5ieIE1PpKXlUItb819et5jsME\/w1600\/accident.jpg&#8221;]<\/p>\n<div class=\"post-body entry-content\" id=\"post-body\">\n<div class=\"separator\"><a href=\"https:\/\/blogger.googleusercontent.com\/img\/b\/R29vZ2xl\/AVvXsEj0berDhHfLH8sJV7mFglN_8bTYZkdHKKwRGfgTZ5ngmIGo7aMcZC0VVLy199jA95Dq0Js0k9vwY6e4GBSnGNMkHaLi0VjADB5qdjPbQv1cnF8EDWR_4ejuDT2k2upXCTPlQ6hKbtkgCq_FGXk1ue_xVFpZ5XkTISfMj_5ieIE1PpKXlUItb819et5jsME\/s1280\/accident.jpg\"><img decoding=\"async\" alt=\"Feti\u021b\u0103 de 6 ani lovit\u0103 \u00een plin pe o strad\u0103 din Vatra Dornei, dup\u0103 ce a ie\u0219it \u00een fa\u021ba ma\u0219inii prin loc nepermis\" border=\"0\" height=\"335\" loading=\"lazy\" src=\"https:\/\/blogger.googleusercontent.com\/img\/b\/R29vZ2xl\/AVvXsEj0berDhHfLH8sJV7mFglN_8bTYZkdHKKwRGfgTZ5ngmIGo7aMcZC0VVLy199jA95Dq0Js0k9vwY6e4GBSnGNMkHaLi0VjADB5qdjPbQv1cnF8EDWR_4ejuDT2k2upXCTPlQ6hKbtkgCq_FGXk1ue_xVFpZ5XkTISfMj_5ieIE1PpKXlUItb819et5jsME\/w640-h335-rw\/accident.jpg\" title=\"Feti\u021b\u0103 de 6 ani lovit\u0103 \u00een plin pe o strad\u0103 din Vatra Dornei, dup\u0103 ce a ie\u0219it \u00een fa\u021ba ma\u0219inii prin loc nepermis\" width=\"640\"><\/a><\/div>\n<p><strong>Un accident rutier \u00een care a fost implicat un copil \u00een v\u00e2rst\u0103 de 6 ani a avut loc luni, 3 august 2026, pe o strad\u0103 din municipiul Vatra Dornei. Evenimentul s-a soldat cu r\u0103nirea minorului, care a fost transportat de urgen\u021b\u0103 la spital de c\u0103tre p\u0103rin\u021bi pentru \u00eengrijiri medicale.<\/strong><\/p>\n<p>Poli\u021bia municipiului Vatra Dornei a fost sesizat\u0103 la ora 13:10 de c\u0103tre Adrian B.. Acesta a relatat c\u0103, \u00een timp ce conducea autoturismul proprietate personal\u0103 pe strada Unirii din localitate, a acro\u0219at un minor.<\/p>\n<p>Echipa operativ\u0103 deplasat\u0103 la fa\u021ba locului a stabilit c\u0103 accidentul s-a produs \u00een jurul orei 12:30. Apelantul conducea un autoturism marca Audi pe strada Unirii, din direc\u021bia str\u0103zii 22 Decembrie spre strada Foresta. C\u00e2nd a ajuns \u00een intersec\u021bia cu strada Sondei, \u0219oferul a surprins \u0219i accidentat o feti\u021b\u0103 \u00een v\u00e2rst\u0103 de 6 ani.<\/p>\n<p>Din verific\u0103rile efectuate de poli\u021bi\u0219ti a reie\u0219it c\u0103 minore s-a angajat \u00een traversarea drumului public prin loc nepermis \u0219i f\u0103r\u0103 s\u0103 se asigure corespunz\u0103tor \u00een momentul impactului.<\/p>\n<p>\u00cen urma incidentului, feti\u021ba a fost transportat\u0103 de p\u0103rin\u021bi la Spitalul Municipal Vatra Dornei. \u00cen urma investiga\u021biilor de specialitate, medicii din cadrul unit\u0103\u021bii spitalice\u0219ti i-au stabilit un diagnostic preliminar care include:<\/p>\n<ul>\n<li>Traumatism cranio-cerebral (TCC) minor, f\u0103r\u0103 pierderea cuno\u0219tin\u021bei;<\/li>\n<li>Plag\u0103 escoriat\u0103 la nivelul cotului drept.<\/li>\n<\/ul>\n<p>Conduc\u0103torul autoturismului a fost testat de poli\u021bi\u0219ti cu aparatul etilometru, rezultatul indicat fiind negativ (0,00 mg\/l alcool pur \u00een aerul expirat).<\/p>\n<p>\u00cen cauz\u0103 a fost \u00eentocmit un dosar de cercetare penal\u0103 sub aspectul s\u0103v\u00e2r\u0219irii infrac\u021biunii de \u201ev\u0103t\u0103mare corporal\u0103 din culp\u0103\u201d, prev\u0103zut\u0103 \u0219i pedepsit\u0103 de art. 196 alin. (2) \u0219i (3) din Codul Penal. Cercet\u0103rile sunt continuate de lucr\u0103torii Compartimentului Rutier Vatra Dornei pentru stabilirea tuturor circumstan\u021belor \u00een care s-a produs evenimentul.<\/p>\n<\/div>\n<div class=\"post-body entry-content\" id=\"post-body\">\n<div class=\"separator\"><a href=\"https:\/\/blogger.googleusercontent.com\/img\/b\/R29vZ2xl\/AVvXsEj0berDhHfLH8sJV7mFglN_8bTYZkdHKKwRGfgTZ5ngmIGo7aMcZC0VVLy199jA95Dq0Js0k9vwY6e4GBSnGNMkHaLi0VjADB5qdjPbQv1cnF8EDWR_4ejuDT2k2upXCTPlQ6hKbtkgCq_FGXk1ue_xVFpZ5XkTISfMj_5ieIE1PpKXlUItb819et5jsME\/s1280\/accident.jpg\"><img decoding=\"async\" alt=\"Feti\u021b\u0103 de 6 ani lovit\u0103 \u00een plin pe o strad\u0103 din Vatra Dornei, dup\u0103 ce a ie\u0219it \u00een fa\u021ba ma\u0219inii prin loc nepermis\" border=\"0\" height=\"335\" loading=\"lazy\" src=\"https:\/\/blogger.googleusercontent.com\/img\/b\/R29vZ2xl\/AVvXsEj0berDhHfLH8sJV7mFglN_8bTYZkdHKKwRGfgTZ5ngmIGo7aMcZC0VVLy199jA95Dq0Js0k9vwY6e4GBSnGNMkHaLi0VjADB5qdjPbQv1cnF8EDWR_4ejuDT2k2upXCTPlQ6hKbtkgCq_FGXk1ue_xVFpZ5XkTISfMj_5ieIE1PpKXlUItb819et5jsME\/w640-h335-rw\/accident.jpg\" title=\"Feti\u021b\u0103 de 6 ani lovit\u0103 \u00een plin pe o strad\u0103 din Vatra Dornei, dup\u0103 ce a ie\u0219it \u00een fa\u021ba ma\u0219inii prin loc nepermis\" width=\"640\"><\/a><\/div>\n<p><strong>Un accident rutier \u00een care a fost implicat un copil \u00een v\u00e2rst\u0103 de 6 ani a avut loc luni, 3 august 2026, pe o strad\u0103 din municipiul Vatra Dornei. Evenimentul s-a soldat cu r\u0103nirea minorului, care a fost transportat de urgen\u021b\u0103 la spital de c\u0103tre p\u0103rin\u021bi pentru \u00eengrijiri medicale.<\/strong><\/p>\n<p>Poli\u021bia municipiului Vatra Dornei a fost sesizat\u0103 la ora 13:10 de c\u0103tre Adrian B.. Acesta a relatat c\u0103, \u00een timp ce conducea autoturismul proprietate personal\u0103 pe strada Unirii din localitate, a acro\u0219at un minor.<\/p>\n<p>Echipa operativ\u0103 deplasat\u0103 la fa\u021ba locului a stabilit c\u0103 accidentul s-a produs \u00een jurul orei 12:30. Apelantul conducea un autoturism marca Audi pe strada Unirii, din direc\u021bia str\u0103zii 22 Decembrie spre strada Foresta. C\u00e2nd a ajuns \u00een intersec\u021bia cu strada Sondei, \u0219oferul a surprins \u0219i accidentat o feti\u021b\u0103 \u00een v\u00e2rst\u0103 de 6 ani.<\/p>\n<p>Din verific\u0103rile efectuate de poli\u021bi\u0219ti a reie\u0219it c\u0103 minore s-a angajat \u00een traversarea drumului public prin loc nepermis \u0219i f\u0103r\u0103 s\u0103 se asigure corespunz\u0103tor \u00een momentul impactului.<\/p>\n<p>\u00cen urma incidentului, feti\u021ba a fost transportat\u0103 de p\u0103rin\u021bi la Spitalul Municipal Vatra Dornei. \u00cen urma investiga\u021biilor de specialitate, medicii din cadrul unit\u0103\u021bii spitalice\u0219ti i-au stabilit un diagnostic preliminar care include:<\/p>\n<ul>\n<li>Traumatism cranio-cerebral (TCC) minor, f\u0103r\u0103 pierderea cuno\u0219tin\u021bei;<\/li>\n<li>Plag\u0103 escoriat\u0103 la nivelul cotului drept.<\/li>\n<\/ul>\n<p>Conduc\u0103torul autoturismului a fost testat de poli\u021bi\u0219ti cu aparatul etilometru, rezultatul indicat fiind negativ (0,00 mg\/l alcool pur \u00een aerul expirat).<\/p>\n<p>\u00cen cauz\u0103 a fost \u00eentocmit un dosar de cercetare penal\u0103 sub aspectul s\u0103v\u00e2r\u0219irii infrac\u021biunii de \u201ev\u0103t\u0103mare corporal\u0103 din culp\u0103\u201d, prev\u0103zut\u0103 \u0219i pedepsit\u0103 de art. 196 alin. (2) \u0219i (3) din Codul Penal. Cercet\u0103rile sunt continuate de lucr\u0103torii Compartimentului Rutier Vatra Dornei pentru stabilirea tuturor circumstan\u021belor \u00een care s-a produs evenimentul.<\/p>\n<\/div>\n<p>[analyse_source url=&#8221;https:\/\/www.stirisuceava.net\/2026\/08\/fetita-de-6-ani-lovita-in-plin-pe-o.html&#8221;]<\/p>\n","protected":false},"excerpt":{"rendered":"<p>[analyse_image type=&#8221;featured&#8221; src=&#8221;https:\/\/blogger.googleusercontent.com\/img\/b\/R29vZ2xl\/AVvXsEj0berDhHfLH8sJV7mFglN_8bTYZkdHKKwRGfgTZ5ngmIGo7aMcZC0VVLy199jA95Dq0Js0k9vwY6e4GBSnGNMkHaLi0VjADB5qdjPbQv1cnF8EDWR_4ejuDT2k2upXCTPlQ6hKbtkgCq_FGXk1ue_xVFpZ5XkTISfMj_5ieIE1PpKXlUItb819et5jsME\/w1600\/accident.jpg&#8221;] Un accident rutier \u00een care a fost implicat un copil \u00een v\u00e2rst\u0103 de 6 ani a avut loc luni, 3 august 2026, pe o strad\u0103 din municipiul Vatra Dornei. Evenimentul s-a soldat cu r\u0103nirea minorului, care a fost transportat de urgen\u021b\u0103 la spital de c\u0103tre p\u0103rin\u021bi pentru \u00eengrijiri medicale. Poli\u021bia municipiului Vatra [&hellip;]<\/p>\n","protected":false},"author":1,"featured_media":0,"comment_status":"open","ping_status":"","sticky":false,"template":"","format":"standard","meta":{"footnotes":""},"categories":[89],"tags":[226,172],"class_list":["post-2077204","post","type-post","status-publish","format-standard","hentry","category-romania","tag-crawlmanager","tag-stirisuceava-net"],"_links":{"self":[{"href":"https:\/\/analyse.optim.biz\/index.php?rest_route=\/wp\/v2\/posts\/2077204","targetHints":{"allow":["GET"]}}],"collection":[{"href":"https:\/\/analyse.optim.biz\/index.php?rest_route=\/wp\/v2\/posts"}],"about":[{"href":"https:\/\/analyse.optim.biz\/index.php?rest_route=\/wp\/v2\/types\/post"}],"author":[{"embeddable":true,"href":"https:\/\/analyse.optim.biz\/index.php?rest_route=\/wp\/v2\/users\/1"}],"replies":[{"embeddable":true,"href":"https:\/\/analyse.optim.biz\/index.php?rest_route=%2Fwp%2Fv2%2Fcomments&post=2077204"}],"version-history":[{"count":0,"href":"https:\/\/analyse.optim.biz\/index.php?rest_route=\/wp\/v2\/posts\/2077204\/revisions"}],"wp:attachment":[{"href":"https:\/\/analyse.optim.biz\/index.php?rest_route=%2Fwp%2Fv2%2Fmedia&parent=2077204"}],"wp:term":[{"taxonomy":"category","embeddable":true,"href":"https:\/\/analyse.optim.biz\/index.php?rest_route=%2Fwp%2Fv2%2Fcategories&post=2077204"},{"taxonomy":"post_tag","embeddable":true,"href":"https:\/\/analyse.optim.biz\/index.php?rest_route=%2Fwp%2Fv2%2Ftags&post=2077204"}],"curies":[{"name":"wp","href":"https:\/\/api.w.org\/{rel}","templated":true}]}}