{"id":2077203,"date":"2026-08-04T09:02:11","date_gmt":"2026-08-04T06:02:11","guid":{"rendered":"https:\/\/analyse.optim.biz\/?p=2077203"},"modified":"2026-08-04T09:02:11","modified_gmt":"2026-08-04T06:02:11","slug":"a-inceput-turnarea-ultimului-strat-de-asfalt-pe-noul-drum-spre-aeroportul-suceava-gheorghe-soldan-drumul-ar-putea-fi-deschis-circulatiei-inca-din-acest-an","status":"publish","type":"post","link":"https:\/\/analyse.optim.biz\/?p=2077203","title":{"rendered":"A \u00eenceput turnarea ultimului strat de asfalt pe noul drum spre Aeroportul Suceava. Gheorghe \u0218oldan: Drumul ar putea fi deschis circula\u021biei \u00eenc\u0103 din acest an"},"content":{"rendered":"<p>[analyse_image type=&#8221;featured&#8221; src=&#8221;https:\/\/www.radiotop.ro\/img\/media\/2026\/08\/drum-aeroport.jpg&#8221;]<\/p>\n<div class=\"entry-content no-share\">\n<div class=\"content-inner \">\n<div class=\"jeg_preview_slider gallery_1\" data-selector=\"gallery_1\">\n<div class=\"jeg_preview_holder\">\n<div class=\"jeg_preview_media\">\n<div class=\"jeg_preview_media_holder\">\n<h3>\u00a0<\/h3>\n<div class=\"jeg_preview_control\">\n<div class=\"left_control\">\n<div class=\"counter\"><span class=\"current\">1<\/span> of  7<\/div>\n<\/div>\n<div class=\"zoom\"><span class=\"reduce\">&#8211;<\/span><span class=\"increase\">+<\/span><\/div>\n<\/div>\n<\/div>\n<\/div>\n<div class=\"jeg_preview_bottom_slider\"><a data-id=\"0\" data-title data-image=\"https:\/\/www.radiotop.ro\/img\/media\/2026\/08\/drum-aeroport-7.jpg\" href=\"https:\/\/www.radiotop.ro\/img\/media\/2026\/08\/drum-aeroport-7.jpg\" class=\"jeg_preview_item active\"><\/p>\n<div class=\"jeg_preview_item_thumbnail\"><img loading=\"lazy\" decoding=\"async\" width=\"120\" height=\"86\" src=\"https:\/\/www.radiotop.ro\/img\/media\/2026\/08\/drum-aeroport-7-120x86.jpg\" class=\"attachment-jnews-120x86 size-jnews-120x86\" alt><\/div>\n<p><\/a><a data-id=\"1\" data-title data-image=\"https:\/\/www.radiotop.ro\/img\/media\/2026\/08\/drum-aeroport-1.jpg\" href=\"https:\/\/www.radiotop.ro\/img\/media\/2026\/08\/drum-aeroport-1.jpg\" class=\"jeg_preview_item \"><\/p>\n<div class=\"jeg_preview_item_thumbnail\"><img loading=\"lazy\" decoding=\"async\" width=\"120\" height=\"86\" src=\"https:\/\/www.radiotop.ro\/img\/media\/2026\/08\/drum-aeroport-1-120x86.jpg\" class=\"attachment-jnews-120x86 size-jnews-120x86\" alt><\/div>\n<p><\/a><a data-id=\"2\" data-title data-image=\"https:\/\/www.radiotop.ro\/img\/media\/2026\/08\/drum-aeroport-2.jpg\" href=\"https:\/\/www.radiotop.ro\/img\/media\/2026\/08\/drum-aeroport-2.jpg\" class=\"jeg_preview_item \"><\/p>\n<div class=\"jeg_preview_item_thumbnail\"><img loading=\"lazy\" decoding=\"async\" width=\"120\" height=\"86\" src=\"https:\/\/www.radiotop.ro\/img\/media\/2026\/08\/drum-aeroport-2-120x86.jpg\" class=\"attachment-jnews-120x86 size-jnews-120x86\" alt><\/div>\n<p><\/a><a data-id=\"3\" data-title data-image=\"https:\/\/www.radiotop.ro\/img\/media\/2026\/08\/drum-aeroport-3.jpg\" href=\"https:\/\/www.radiotop.ro\/img\/media\/2026\/08\/drum-aeroport-3.jpg\" class=\"jeg_preview_item \"><\/p>\n<div class=\"jeg_preview_item_thumbnail\"><img loading=\"lazy\" decoding=\"async\" width=\"120\" height=\"86\" src=\"https:\/\/www.radiotop.ro\/img\/media\/2026\/08\/drum-aeroport-3-120x86.jpg\" class=\"attachment-jnews-120x86 size-jnews-120x86\" alt><\/div>\n<p><\/a><a data-id=\"4\" data-title data-image=\"https:\/\/www.radiotop.ro\/img\/media\/2026\/08\/drum-aeroport-4.jpg\" href=\"https:\/\/www.radiotop.ro\/img\/media\/2026\/08\/drum-aeroport-4.jpg\" class=\"jeg_preview_item \"><\/p>\n<div class=\"jeg_preview_item_thumbnail\"><img loading=\"lazy\" decoding=\"async\" width=\"120\" height=\"86\" src=\"https:\/\/www.radiotop.ro\/img\/media\/2026\/08\/drum-aeroport-4-120x86.jpg\" class=\"attachment-jnews-120x86 size-jnews-120x86\" alt><\/div>\n<p><\/a><a data-id=\"5\" data-title data-image=\"https:\/\/www.radiotop.ro\/img\/media\/2026\/08\/drum-aeroport-5.jpg\" href=\"https:\/\/www.radiotop.ro\/img\/media\/2026\/08\/drum-aeroport-5.jpg\" class=\"jeg_preview_item \"><\/p>\n<div class=\"jeg_preview_item_thumbnail\"><img loading=\"lazy\" decoding=\"async\" width=\"120\" height=\"86\" src=\"https:\/\/www.radiotop.ro\/img\/media\/2026\/08\/drum-aeroport-5-120x86.jpg\" class=\"attachment-jnews-120x86 size-jnews-120x86\" alt><\/div>\n<p><\/a><a data-id=\"6\" data-title data-image=\"https:\/\/www.radiotop.ro\/img\/media\/2026\/08\/drum-aeroport-6.jpg\" href=\"https:\/\/www.radiotop.ro\/img\/media\/2026\/08\/drum-aeroport-6.jpg\" class=\"jeg_preview_item \"><\/p>\n<div class=\"jeg_preview_item_thumbnail\"><img loading=\"lazy\" decoding=\"async\" width=\"120\" height=\"86\" src=\"https:\/\/www.radiotop.ro\/img\/media\/2026\/08\/drum-aeroport-6-120x86.jpg\" class=\"attachment-jnews-120x86 size-jnews-120x86\" alt><\/div>\n<p><\/a><\/div>\n<\/div>\n<\/div>\n<p>Pe noul drum de leg\u0103tur\u0103 c\u0103tre Aeroportul Interna\u021bional \u201d\u0218tefan cel Mare\u201d Suceava a \u00eenceput turnarea ultimului strat de asfalt, cel de uzur\u0103.<\/p>\n<p>Anun\u021bul a fost f\u0103cut de pre\u0219edintele Consiliului Jude\u021bean Suceava, Gheorghe \u0218oldan, care a precizat c\u0103 este vorba despre al treilea \u0219i ultimul strat de asfalt, ce asigur\u0103 aderen\u021ba \u0219i rezisten\u021ba carosabilului.<\/p>\n<p>Drumul, cu o lungime de aproximativ cinci kilometri, va lega strada Plevnei din cartierul Burdujeni de aeroport. Dup\u0103 \u00eencheierea asfalt\u0103rii vor continua lucr\u0103rile la sistemul de scurgere a apelor, montarea parapetelor, semnalizarea rutier\u0103 \u0219i amenajarea sensului giratoriu din zona aeroportului.<\/p>\n<p>Investi\u021bia este finan\u021bat\u0103 din bugetul Consiliului Jude\u021bean Suceava \u0219i are o valoare de 23,77 milioane de lei.<\/p>\n<p>Potrivit lui Gheorghe \u0218oldan, noua arter\u0103 va asigura o rut\u0103 alternativ\u0103 spre aeroport \u0219i se va conecta, prin sensul giratoriu, cu DJ 290A, parcarea aeroportului, Centrul Economic Bucovina \u0219i, \u00een viitor, cu breteaua de leg\u0103tur\u0103 la Autostrada A7.<\/p>\n<p>De\u0219i termenul contractual de finalizare este luna martie 2027, pre\u0219edintele Consiliului Jude\u021bean sus\u021bine c\u0103 \u201dritmul foarte bun al lucr\u0103rilor ne d\u0103 motive s\u0103 credem c\u0103 acest drum ar putea fi deschis circula\u021biei \u00eenc\u0103 din acest an\u201d.<\/p>\n<\/div>\n<\/div>\n<div class=\"content-inner \">\n<div class=\"jeg_preview_slider gallery_1\" data-selector=\"gallery_1\">\n<div class=\"jeg_preview_holder\">\n<div class=\"jeg_preview_media\">\n<div class=\"jeg_preview_media_holder\">\n<h3>\u00a0<\/h3>\n<div class=\"jeg_preview_control\">\n<div class=\"left_control\">\n<div class=\"counter\"><span class=\"current\">1<\/span> of  7<\/div>\n<\/div>\n<div class=\"zoom\"><span class=\"reduce\">&#8211;<\/span><span class=\"increase\">+<\/span><\/div>\n<\/div>\n<\/div>\n<\/div>\n<div class=\"jeg_preview_bottom_slider\"><a data-id=\"0\" data-title data-image=\"https:\/\/www.radiotop.ro\/img\/media\/2026\/08\/drum-aeroport-7.jpg\" href=\"https:\/\/www.radiotop.ro\/img\/media\/2026\/08\/drum-aeroport-7.jpg\" class=\"jeg_preview_item active\"><\/p>\n<div class=\"jeg_preview_item_thumbnail\"><img loading=\"lazy\" decoding=\"async\" width=\"120\" height=\"86\" src=\"https:\/\/www.radiotop.ro\/img\/media\/2026\/08\/drum-aeroport-7-120x86.jpg\" class=\"attachment-jnews-120x86 size-jnews-120x86\" alt><\/div>\n<p><\/a><a data-id=\"1\" data-title data-image=\"https:\/\/www.radiotop.ro\/img\/media\/2026\/08\/drum-aeroport-1.jpg\" href=\"https:\/\/www.radiotop.ro\/img\/media\/2026\/08\/drum-aeroport-1.jpg\" class=\"jeg_preview_item \"><\/p>\n<div class=\"jeg_preview_item_thumbnail\"><img loading=\"lazy\" decoding=\"async\" width=\"120\" height=\"86\" src=\"https:\/\/www.radiotop.ro\/img\/media\/2026\/08\/drum-aeroport-1-120x86.jpg\" class=\"attachment-jnews-120x86 size-jnews-120x86\" alt><\/div>\n<p><\/a><a data-id=\"2\" data-title data-image=\"https:\/\/www.radiotop.ro\/img\/media\/2026\/08\/drum-aeroport-2.jpg\" href=\"https:\/\/www.radiotop.ro\/img\/media\/2026\/08\/drum-aeroport-2.jpg\" class=\"jeg_preview_item \"><\/p>\n<div class=\"jeg_preview_item_thumbnail\"><img loading=\"lazy\" decoding=\"async\" width=\"120\" height=\"86\" src=\"https:\/\/www.radiotop.ro\/img\/media\/2026\/08\/drum-aeroport-2-120x86.jpg\" class=\"attachment-jnews-120x86 size-jnews-120x86\" alt><\/div>\n<p><\/a><a data-id=\"3\" data-title data-image=\"https:\/\/www.radiotop.ro\/img\/media\/2026\/08\/drum-aeroport-3.jpg\" href=\"https:\/\/www.radiotop.ro\/img\/media\/2026\/08\/drum-aeroport-3.jpg\" class=\"jeg_preview_item \"><\/p>\n<div class=\"jeg_preview_item_thumbnail\"><img loading=\"lazy\" decoding=\"async\" width=\"120\" height=\"86\" src=\"https:\/\/www.radiotop.ro\/img\/media\/2026\/08\/drum-aeroport-3-120x86.jpg\" class=\"attachment-jnews-120x86 size-jnews-120x86\" alt><\/div>\n<p><\/a><a data-id=\"4\" data-title data-image=\"https:\/\/www.radiotop.ro\/img\/media\/2026\/08\/drum-aeroport-4.jpg\" href=\"https:\/\/www.radiotop.ro\/img\/media\/2026\/08\/drum-aeroport-4.jpg\" class=\"jeg_preview_item \"><\/p>\n<div class=\"jeg_preview_item_thumbnail\"><img loading=\"lazy\" decoding=\"async\" width=\"120\" height=\"86\" src=\"https:\/\/www.radiotop.ro\/img\/media\/2026\/08\/drum-aeroport-4-120x86.jpg\" class=\"attachment-jnews-120x86 size-jnews-120x86\" alt><\/div>\n<p><\/a><a data-id=\"5\" data-title data-image=\"https:\/\/www.radiotop.ro\/img\/media\/2026\/08\/drum-aeroport-5.jpg\" href=\"https:\/\/www.radiotop.ro\/img\/media\/2026\/08\/drum-aeroport-5.jpg\" class=\"jeg_preview_item \"><\/p>\n<div class=\"jeg_preview_item_thumbnail\"><img loading=\"lazy\" decoding=\"async\" width=\"120\" height=\"86\" src=\"https:\/\/www.radiotop.ro\/img\/media\/2026\/08\/drum-aeroport-5-120x86.jpg\" class=\"attachment-jnews-120x86 size-jnews-120x86\" alt><\/div>\n<p><\/a><a data-id=\"6\" data-title data-image=\"https:\/\/www.radiotop.ro\/img\/media\/2026\/08\/drum-aeroport-6.jpg\" href=\"https:\/\/www.radiotop.ro\/img\/media\/2026\/08\/drum-aeroport-6.jpg\" class=\"jeg_preview_item \"><\/p>\n<div class=\"jeg_preview_item_thumbnail\"><img loading=\"lazy\" decoding=\"async\" width=\"120\" height=\"86\" src=\"https:\/\/www.radiotop.ro\/img\/media\/2026\/08\/drum-aeroport-6-120x86.jpg\" class=\"attachment-jnews-120x86 size-jnews-120x86\" alt><\/div>\n<p><\/a><\/div>\n<\/div>\n<\/div>\n<p>Pe noul drum de leg\u0103tur\u0103 c\u0103tre Aeroportul Interna\u021bional \u201d\u0218tefan cel Mare\u201d Suceava a \u00eenceput turnarea ultimului strat de asfalt, cel de uzur\u0103.<\/p>\n<p>Anun\u021bul a fost f\u0103cut de pre\u0219edintele Consiliului Jude\u021bean Suceava, Gheorghe \u0218oldan, care a precizat c\u0103 este vorba despre al treilea \u0219i ultimul strat de asfalt, ce asigur\u0103 aderen\u021ba \u0219i rezisten\u021ba carosabilului.<\/p>\n<p>Drumul, cu o lungime de aproximativ cinci kilometri, va lega strada Plevnei din cartierul Burdujeni de aeroport. Dup\u0103 \u00eencheierea asfalt\u0103rii vor continua lucr\u0103rile la sistemul de scurgere a apelor, montarea parapetelor, semnalizarea rutier\u0103 \u0219i amenajarea sensului giratoriu din zona aeroportului.<\/p>\n<p>Investi\u021bia este finan\u021bat\u0103 din bugetul Consiliului Jude\u021bean Suceava \u0219i are o valoare de 23,77 milioane de lei.<\/p>\n<p>Potrivit lui Gheorghe \u0218oldan, noua arter\u0103 va asigura o rut\u0103 alternativ\u0103 spre aeroport \u0219i se va conecta, prin sensul giratoriu, cu DJ 290A, parcarea aeroportului, Centrul Economic Bucovina \u0219i, \u00een viitor, cu breteaua de leg\u0103tur\u0103 la Autostrada A7.<\/p>\n<p>De\u0219i termenul contractual de finalizare este luna martie 2027, pre\u0219edintele Consiliului Jude\u021bean sus\u021bine c\u0103 \u201dritmul foarte bun al lucr\u0103rilor ne d\u0103 motive s\u0103 credem c\u0103 acest drum ar putea fi deschis circula\u021biei \u00eenc\u0103 din acest an\u201d.<\/p>\n<\/div>\n<p>[analyse_source url=&#8221;https:\/\/www.radiotop.ro\/actualitate\/a-inceput-turnarea-ultimului-strat-de-asfalt-pe-noul-drum-spre-aeroportul-suceava-gheorghe-soldan-drumul-ar-putea-fi-deschis-circulatiei-inca-din-acest-an.html&#8221;]<\/p>\n","protected":false},"excerpt":{"rendered":"<p>[analyse_image type=&#8221;featured&#8221; src=&#8221;https:\/\/www.radiotop.ro\/img\/media\/2026\/08\/drum-aeroport.jpg&#8221;] \u00a0 1 of 7 &#8211;+ Pe noul drum de leg\u0103tur\u0103 c\u0103tre Aeroportul Interna\u021bional \u201d\u0218tefan cel Mare\u201d Suceava a \u00eenceput turnarea ultimului strat de asfalt, cel de uzur\u0103. Anun\u021bul a fost f\u0103cut de pre\u0219edintele Consiliului Jude\u021bean Suceava, Gheorghe \u0218oldan, care a precizat c\u0103 este vorba despre al treilea \u0219i ultimul strat de asfalt, [&hellip;]<\/p>\n","protected":false},"author":1,"featured_media":0,"comment_status":"open","ping_status":"","sticky":false,"template":"","format":"standard","meta":{"footnotes":""},"categories":[89],"tags":[226,163],"class_list":["post-2077203","post","type-post","status-publish","format-standard","hentry","category-romania","tag-crawlmanager","tag-radiotop-ro"],"_links":{"self":[{"href":"https:\/\/analyse.optim.biz\/index.php?rest_route=\/wp\/v2\/posts\/2077203","targetHints":{"allow":["GET"]}}],"collection":[{"href":"https:\/\/analyse.optim.biz\/index.php?rest_route=\/wp\/v2\/posts"}],"about":[{"href":"https:\/\/analyse.optim.biz\/index.php?rest_route=\/wp\/v2\/types\/post"}],"author":[{"embeddable":true,"href":"https:\/\/analyse.optim.biz\/index.php?rest_route=\/wp\/v2\/users\/1"}],"replies":[{"embeddable":true,"href":"https:\/\/analyse.optim.biz\/index.php?rest_route=%2Fwp%2Fv2%2Fcomments&post=2077203"}],"version-history":[{"count":0,"href":"https:\/\/analyse.optim.biz\/index.php?rest_route=\/wp\/v2\/posts\/2077203\/revisions"}],"wp:attachment":[{"href":"https:\/\/analyse.optim.biz\/index.php?rest_route=%2Fwp%2Fv2%2Fmedia&parent=2077203"}],"wp:term":[{"taxonomy":"category","embeddable":true,"href":"https:\/\/analyse.optim.biz\/index.php?rest_route=%2Fwp%2Fv2%2Fcategories&post=2077203"},{"taxonomy":"post_tag","embeddable":true,"href":"https:\/\/analyse.optim.biz\/index.php?rest_route=%2Fwp%2Fv2%2Ftags&post=2077203"}],"curies":[{"name":"wp","href":"https:\/\/api.w.org\/{rel}","templated":true}]}}