{"id":2077202,"date":"2026-08-04T10:40:56","date_gmt":"2026-08-04T07:40:56","guid":{"rendered":"https:\/\/analyse.optim.biz\/?p=2077202"},"modified":"2026-08-04T10:40:56","modified_gmt":"2026-08-04T07:40:56","slug":"record-de-ciini-capturati-in-suceava-in-luna-iulie-adapostul-problema-ciinilor-fara-stapin-continua-sa-necesite-interventii-permanente","status":"publish","type":"post","link":"https:\/\/analyse.optim.biz\/?p=2077202","title":{"rendered":"Record de c\u00eeini captura\u021bi \u00een Suceava \u00een luna iulie. Ad\u0103postul: Problema c\u00eeinilor f\u0103r\u0103 st\u0103p\u00een continu\u0103 s\u0103 necesite interven\u021bii permanente"},"content":{"rendered":"<p>[analyse_image type=&#8221;featured&#8221; src=&#8221;https:\/\/www.radiotop.ro\/img\/media\/2026\/08\/763722502_1571236121055815_102623846403484442_n-e1785839996453.jpg&#8221;]<\/p>\n<div class=\"entry-content no-share\">\n<div class=\"content-inner \">\n<div class=\"jeg_preview_slider gallery_1\" data-selector=\"gallery_1\">\n<div class=\"jeg_preview_holder\">\n<div class=\"jeg_preview_media\">\n<div class=\"jeg_preview_media_holder\">\n<h3>\u00a0<\/h3>\n<div class=\"jeg_preview_control\">\n<div class=\"left_control\">\n<div class=\"counter\"><span class=\"current\">1<\/span> of  3<\/div>\n<\/div>\n<div class=\"zoom\"><span class=\"reduce\">&#8211;<\/span><span class=\"increase\">+<\/span><\/div>\n<\/div>\n<\/div>\n<\/div>\n<div class=\"jeg_preview_bottom_slider\"><a data-id=\"0\" data-title data-image=\"https:\/\/www.radiotop.ro\/img\/media\/2026\/08\/763089249_1792002575579271_6496936227368960952_n.jpg\" href=\"https:\/\/www.radiotop.ro\/img\/media\/2026\/08\/763089249_1792002575579271_6496936227368960952_n.jpg\" class=\"jeg_preview_item active\"><\/p>\n<div class=\"jeg_preview_item_thumbnail\"><img loading=\"lazy\" decoding=\"async\" width=\"120\" height=\"86\" src=\"https:\/\/www.radiotop.ro\/img\/media\/2026\/08\/763089249_1792002575579271_6496936227368960952_n-120x86.jpg\" class=\"attachment-jnews-120x86 size-jnews-120x86\" alt><\/div>\n<p><\/a><a data-id=\"1\" data-title data-image=\"https:\/\/www.radiotop.ro\/img\/media\/2026\/08\/762629867_987288551002964_5929184001220754648_n.jpg\" href=\"https:\/\/www.radiotop.ro\/img\/media\/2026\/08\/762629867_987288551002964_5929184001220754648_n.jpg\" class=\"jeg_preview_item \"><\/p>\n<div class=\"jeg_preview_item_thumbnail\"><img loading=\"lazy\" decoding=\"async\" width=\"120\" height=\"86\" src=\"https:\/\/www.radiotop.ro\/img\/media\/2026\/08\/762629867_987288551002964_5929184001220754648_n-120x86.jpg\" class=\"attachment-jnews-120x86 size-jnews-120x86\" alt><\/div>\n<p><\/a><a data-id=\"2\" data-title data-image=\"https:\/\/www.radiotop.ro\/img\/media\/2026\/08\/762629869_2447917412357573_5288665955124265486_n.jpg\" href=\"https:\/\/www.radiotop.ro\/img\/media\/2026\/08\/762629869_2447917412357573_5288665955124265486_n.jpg\" class=\"jeg_preview_item \"><\/p>\n<div class=\"jeg_preview_item_thumbnail\"><img loading=\"lazy\" decoding=\"async\" width=\"120\" height=\"86\" src=\"https:\/\/www.radiotop.ro\/img\/media\/2026\/08\/762629869_2447917412357573_5288665955124265486_n-120x86.jpg\" class=\"attachment-jnews-120x86 size-jnews-120x86\" alt><\/div>\n<p><\/a><\/div>\n<\/div>\n<\/div>\n<p>Ad\u0103postul Public Suceava a capturat 54 de c\u00eeini f\u0103r\u0103 st\u0103p\u00een \u00een luna iulie, cel mai mare num\u0103r \u00eenregistrat \u00een ultimele luni. Reprezentan\u021bii ad\u0103postului spun c\u0103 aceast\u0103 situa\u021bie demonstreaz\u0103 c\u0103 \u201dproblema c\u00eeinilor f\u0103r\u0103 st\u0103p\u00een continu\u0103 s\u0103 necesite interven\u021bii permanente \u00een municipiul Suceava\u201d.<\/p>\n<p>Potrivit raportului, al\u021bi 19 c\u00eeini au fost abandona\u021bi direct la ad\u0103post, iar 21 au fost adopta\u021bi. \u00cen acela\u0219i timp, intr\u0103rile au continuat s\u0103 dep\u0103\u0219easc\u0103 ie\u0219irile, iar reprezentan\u021bii ad\u0103postului spun c\u0103 ritmul adop\u021biilor r\u0103m\u00eene insuficient \u00een raport cu num\u0103rul mare de animale care ajung \u00een grija lor.<\/p>\n<p>\u00cen luna iulie au fost \u00eenregistrate \u0219i 33 de decese, majoritatea \u00een r\u00eendul puilor foarte mici. \u201dParvoviroza continu\u0103 s\u0103 fie cea mai mare provocare cu care ne confrunt\u0103m \u00een aceast\u0103 perioad\u0103\u201d, se mai arat\u0103 \u00een comunicat.<\/p>\n<p>Reprezentan\u021bii Ad\u0103postului Public Suceava subliniaz\u0103 c\u0103 nici un c\u00eeine nu a fost eutanasiat din motive administrative, institu\u021bia continu\u00eend s\u0103 respecte politica \u201dNo-Kill\u201d, \u0219i \u00eei \u00eencurajeaz\u0103 pe suceveni s\u0103 aleag\u0103 adop\u021bia, pentru a oferi o \u0219ans\u0103 la o via\u021b\u0103 mai bun\u0103 c\u00eeinilor f\u0103r\u0103 st\u0103p\u00een.<\/p>\n<\/div>\n<\/div>\n<div class=\"content-inner \">\n<div class=\"jeg_preview_slider gallery_1\" data-selector=\"gallery_1\">\n<div class=\"jeg_preview_holder\">\n<div class=\"jeg_preview_media\">\n<div class=\"jeg_preview_media_holder\">\n<h3>\u00a0<\/h3>\n<div class=\"jeg_preview_control\">\n<div class=\"left_control\">\n<div class=\"counter\"><span class=\"current\">1<\/span> of  3<\/div>\n<\/div>\n<div class=\"zoom\"><span class=\"reduce\">&#8211;<\/span><span class=\"increase\">+<\/span><\/div>\n<\/div>\n<\/div>\n<\/div>\n<div class=\"jeg_preview_bottom_slider\"><a data-id=\"0\" data-title data-image=\"https:\/\/www.radiotop.ro\/img\/media\/2026\/08\/763089249_1792002575579271_6496936227368960952_n.jpg\" href=\"https:\/\/www.radiotop.ro\/img\/media\/2026\/08\/763089249_1792002575579271_6496936227368960952_n.jpg\" class=\"jeg_preview_item active\"><\/p>\n<div class=\"jeg_preview_item_thumbnail\"><img loading=\"lazy\" decoding=\"async\" width=\"120\" height=\"86\" src=\"https:\/\/www.radiotop.ro\/img\/media\/2026\/08\/763089249_1792002575579271_6496936227368960952_n-120x86.jpg\" class=\"attachment-jnews-120x86 size-jnews-120x86\" alt><\/div>\n<p><\/a><a data-id=\"1\" data-title data-image=\"https:\/\/www.radiotop.ro\/img\/media\/2026\/08\/762629867_987288551002964_5929184001220754648_n.jpg\" href=\"https:\/\/www.radiotop.ro\/img\/media\/2026\/08\/762629867_987288551002964_5929184001220754648_n.jpg\" class=\"jeg_preview_item \"><\/p>\n<div class=\"jeg_preview_item_thumbnail\"><img loading=\"lazy\" decoding=\"async\" width=\"120\" height=\"86\" src=\"https:\/\/www.radiotop.ro\/img\/media\/2026\/08\/762629867_987288551002964_5929184001220754648_n-120x86.jpg\" class=\"attachment-jnews-120x86 size-jnews-120x86\" alt><\/div>\n<p><\/a><a data-id=\"2\" data-title data-image=\"https:\/\/www.radiotop.ro\/img\/media\/2026\/08\/762629869_2447917412357573_5288665955124265486_n.jpg\" href=\"https:\/\/www.radiotop.ro\/img\/media\/2026\/08\/762629869_2447917412357573_5288665955124265486_n.jpg\" class=\"jeg_preview_item \"><\/p>\n<div class=\"jeg_preview_item_thumbnail\"><img loading=\"lazy\" decoding=\"async\" width=\"120\" height=\"86\" src=\"https:\/\/www.radiotop.ro\/img\/media\/2026\/08\/762629869_2447917412357573_5288665955124265486_n-120x86.jpg\" class=\"attachment-jnews-120x86 size-jnews-120x86\" alt><\/div>\n<p><\/a><\/div>\n<\/div>\n<\/div>\n<p>Ad\u0103postul Public Suceava a capturat 54 de c\u00eeini f\u0103r\u0103 st\u0103p\u00een \u00een luna iulie, cel mai mare num\u0103r \u00eenregistrat \u00een ultimele luni. Reprezentan\u021bii ad\u0103postului spun c\u0103 aceast\u0103 situa\u021bie demonstreaz\u0103 c\u0103 \u201dproblema c\u00eeinilor f\u0103r\u0103 st\u0103p\u00een continu\u0103 s\u0103 necesite interven\u021bii permanente \u00een municipiul Suceava\u201d.<\/p>\n<p>Potrivit raportului, al\u021bi 19 c\u00eeini au fost abandona\u021bi direct la ad\u0103post, iar 21 au fost adopta\u021bi. \u00cen acela\u0219i timp, intr\u0103rile au continuat s\u0103 dep\u0103\u0219easc\u0103 ie\u0219irile, iar reprezentan\u021bii ad\u0103postului spun c\u0103 ritmul adop\u021biilor r\u0103m\u00eene insuficient \u00een raport cu num\u0103rul mare de animale care ajung \u00een grija lor.<\/p>\n<p>\u00cen luna iulie au fost \u00eenregistrate \u0219i 33 de decese, majoritatea \u00een r\u00eendul puilor foarte mici. \u201dParvoviroza continu\u0103 s\u0103 fie cea mai mare provocare cu care ne confrunt\u0103m \u00een aceast\u0103 perioad\u0103\u201d, se mai arat\u0103 \u00een comunicat.<\/p>\n<p>Reprezentan\u021bii Ad\u0103postului Public Suceava subliniaz\u0103 c\u0103 nici un c\u00eeine nu a fost eutanasiat din motive administrative, institu\u021bia continu\u00eend s\u0103 respecte politica \u201dNo-Kill\u201d, \u0219i \u00eei \u00eencurajeaz\u0103 pe suceveni s\u0103 aleag\u0103 adop\u021bia, pentru a oferi o \u0219ans\u0103 la o via\u021b\u0103 mai bun\u0103 c\u00eeinilor f\u0103r\u0103 st\u0103p\u00een.<\/p>\n<\/div>\n<p>[analyse_source url=&#8221;https:\/\/www.radiotop.ro\/social\/record-de-ciini-capturati-in-suceava-in-luna-iulie-adapostul-problema-ciinilor-fara-stapin-continua-sa-necesite-interventii-permanente.html&#8221;]<\/p>\n","protected":false},"excerpt":{"rendered":"<p>[analyse_image type=&#8221;featured&#8221; src=&#8221;https:\/\/www.radiotop.ro\/img\/media\/2026\/08\/763722502_1571236121055815_102623846403484442_n-e1785839996453.jpg&#8221;] \u00a0 1 of 3 &#8211;+ Ad\u0103postul Public Suceava a capturat 54 de c\u00eeini f\u0103r\u0103 st\u0103p\u00een \u00een luna iulie, cel mai mare num\u0103r \u00eenregistrat \u00een ultimele luni. Reprezentan\u021bii ad\u0103postului spun c\u0103 aceast\u0103 situa\u021bie demonstreaz\u0103 c\u0103 \u201dproblema c\u00eeinilor f\u0103r\u0103 st\u0103p\u00een continu\u0103 s\u0103 necesite interven\u021bii permanente \u00een municipiul Suceava\u201d. Potrivit raportului, al\u021bi 19 c\u00eeini au [&hellip;]<\/p>\n","protected":false},"author":1,"featured_media":0,"comment_status":"open","ping_status":"","sticky":false,"template":"","format":"standard","meta":{"footnotes":""},"categories":[89],"tags":[226,163],"class_list":["post-2077202","post","type-post","status-publish","format-standard","hentry","category-romania","tag-crawlmanager","tag-radiotop-ro"],"_links":{"self":[{"href":"https:\/\/analyse.optim.biz\/index.php?rest_route=\/wp\/v2\/posts\/2077202","targetHints":{"allow":["GET"]}}],"collection":[{"href":"https:\/\/analyse.optim.biz\/index.php?rest_route=\/wp\/v2\/posts"}],"about":[{"href":"https:\/\/analyse.optim.biz\/index.php?rest_route=\/wp\/v2\/types\/post"}],"author":[{"embeddable":true,"href":"https:\/\/analyse.optim.biz\/index.php?rest_route=\/wp\/v2\/users\/1"}],"replies":[{"embeddable":true,"href":"https:\/\/analyse.optim.biz\/index.php?rest_route=%2Fwp%2Fv2%2Fcomments&post=2077202"}],"version-history":[{"count":0,"href":"https:\/\/analyse.optim.biz\/index.php?rest_route=\/wp\/v2\/posts\/2077202\/revisions"}],"wp:attachment":[{"href":"https:\/\/analyse.optim.biz\/index.php?rest_route=%2Fwp%2Fv2%2Fmedia&parent=2077202"}],"wp:term":[{"taxonomy":"category","embeddable":true,"href":"https:\/\/analyse.optim.biz\/index.php?rest_route=%2Fwp%2Fv2%2Fcategories&post=2077202"},{"taxonomy":"post_tag","embeddable":true,"href":"https:\/\/analyse.optim.biz\/index.php?rest_route=%2Fwp%2Fv2%2Ftags&post=2077202"}],"curies":[{"name":"wp","href":"https:\/\/api.w.org\/{rel}","templated":true}]}}