{"id":2077199,"date":"2026-08-04T10:06:38","date_gmt":"2026-08-04T07:06:38","guid":{"rendered":"https:\/\/analyse.optim.biz\/?p=2077199"},"modified":"2026-08-04T10:06:38","modified_gmt":"2026-08-04T07:06:38","slug":"parcul-regina-maria-din-ipotesti-va-avea-receptia-partiala-cel-tirziu-la-inceputul-lunii-septembrie","status":"publish","type":"post","link":"https:\/\/analyse.optim.biz\/?p=2077199","title":{"rendered":"Parcul \u201dRegina Maria\u201d din Ipote\u0219ti va avea recep\u021bia par\u021bial\u0103 cel t\u00eerziu la \u00eenceputul lunii septembrie"},"content":{"rendered":"<p>[analyse_image type=&#8221;featured&#8221; src=&#8221;https:\/\/www.radiotop.ro\/img\/media\/2026\/08\/parc-ipotesti.jpg&#8221;]<\/p>\n<div class=\"entry-content no-share\">\n<div class=\"content-inner \">\n<div class=\"jeg_preview_slider gallery_1\" data-selector=\"gallery_1\">\n<div class=\"jeg_preview_holder\">\n<div class=\"jeg_preview_media\">\n<div class=\"jeg_preview_media_holder\">\n<h3>\u00a0<\/h3>\n<div class=\"jeg_preview_control\">\n<div class=\"left_control\">\n<div class=\"counter\"><span class=\"current\">1<\/span> of  3<\/div>\n<\/div>\n<div class=\"zoom\"><span class=\"reduce\">&#8211;<\/span><span class=\"increase\">+<\/span><\/div>\n<\/div>\n<\/div>\n<\/div>\n<div class=\"jeg_preview_bottom_slider\"><a data-id=\"0\" data-title data-image=\"https:\/\/www.radiotop.ro\/img\/media\/2026\/08\/parc-ipotesti-1.jpg\" href=\"https:\/\/www.radiotop.ro\/img\/media\/2026\/08\/parc-ipotesti-1.jpg\" class=\"jeg_preview_item active\"><\/p>\n<div class=\"jeg_preview_item_thumbnail\"><img loading=\"lazy\" decoding=\"async\" width=\"120\" height=\"86\" src=\"https:\/\/www.radiotop.ro\/img\/media\/2026\/08\/parc-ipotesti-1-120x86.jpg\" class=\"attachment-jnews-120x86 size-jnews-120x86\" alt><\/div>\n<p><\/a><a data-id=\"1\" data-title data-image=\"https:\/\/www.radiotop.ro\/img\/media\/2026\/08\/parc-ipotesti-2.jpg\" href=\"https:\/\/www.radiotop.ro\/img\/media\/2026\/08\/parc-ipotesti-2.jpg\" class=\"jeg_preview_item \"><\/p>\n<div class=\"jeg_preview_item_thumbnail\"><img loading=\"lazy\" decoding=\"async\" width=\"120\" height=\"86\" src=\"https:\/\/www.radiotop.ro\/img\/media\/2026\/08\/parc-ipotesti-2-120x86.jpg\" class=\"attachment-jnews-120x86 size-jnews-120x86\" alt><\/div>\n<p><\/a><a data-id=\"2\" data-title data-image=\"https:\/\/www.radiotop.ro\/img\/media\/2026\/08\/parc-ipotesti-3.jpg\" href=\"https:\/\/www.radiotop.ro\/img\/media\/2026\/08\/parc-ipotesti-3.jpg\" class=\"jeg_preview_item \"><\/p>\n<div class=\"jeg_preview_item_thumbnail\"><img loading=\"lazy\" decoding=\"async\" width=\"120\" height=\"86\" src=\"https:\/\/www.radiotop.ro\/img\/media\/2026\/08\/parc-ipotesti-3-120x86.jpg\" class=\"attachment-jnews-120x86 size-jnews-120x86\" alt><\/div>\n<p><\/a><\/div>\n<\/div>\n<\/div>\n<p>Recep\u021bia par\u021bial\u0103 a lucr\u0103rilor la noul parc \u201eRegina Maria\u201d din comuna Ipote\u0219ti s\u00eent programate la finalul lunii august sau cel t\u00eerziu la \u00eenceputul lunii septembrie. Conform primarului Dumitru Gulei, parcul va fi finalizat cu excep\u021bia sc\u0103rilor care vor face leg\u0103tura c\u0103tre parc\u0103rile pentru autoturisme, acestea urm\u00eend s\u0103 fie realizate dup\u0103 \u00eencheierea lucr\u0103rilor la drumul din zon\u0103. Investi\u021bia este realizat\u0103 de asocierea format\u0103 din firmele Guliciuc Consulting Ipote\u0219ti \u0219i Test Prima Suceava. Parcul \u201eRegina Maria\u201d se \u00eentinde pe o suprafa\u021b\u0103 de aproximativ 1,5 hectare, \u00een zona str\u0103zii Mihail Sadoveanu, \u0219i va include alei pietonale, piste pentru biciclete \u00een jurul \u00eentregii zone, un foi\u0219or, loc de joac\u0103 pentru copii, spa\u021bii dotate cu echipamente sportive, iluminat public cu panouri fotovoltaice, precum \u0219i o parcare cu 60 de locuri. Valoarea investi\u021biei este de aproape 2 milioane de lei, fondurile provenind de la bugetul local al comunei Ipote\u0219ti. \u00cen paralel, Prim\u0103ria Ipote\u0219ti are un proiect amplu pentru consolidarea drumului din fa\u021ba parcului, pe strada Mihail Sadoveanu, pe o por\u021biune de peste 500 de metri, p\u00een\u0103 la strada \u0218tefan cel Mare.<\/p>\n<\/div>\n<\/div>\n<div class=\"content-inner \">\n<div class=\"jeg_preview_slider gallery_1\" data-selector=\"gallery_1\">\n<div class=\"jeg_preview_holder\">\n<div class=\"jeg_preview_media\">\n<div class=\"jeg_preview_media_holder\">\n<h3>\u00a0<\/h3>\n<div class=\"jeg_preview_control\">\n<div class=\"left_control\">\n<div class=\"counter\"><span class=\"current\">1<\/span> of  3<\/div>\n<\/div>\n<div class=\"zoom\"><span class=\"reduce\">&#8211;<\/span><span class=\"increase\">+<\/span><\/div>\n<\/div>\n<\/div>\n<\/div>\n<div class=\"jeg_preview_bottom_slider\"><a data-id=\"0\" data-title data-image=\"https:\/\/www.radiotop.ro\/img\/media\/2026\/08\/parc-ipotesti-1.jpg\" href=\"https:\/\/www.radiotop.ro\/img\/media\/2026\/08\/parc-ipotesti-1.jpg\" class=\"jeg_preview_item active\"><\/p>\n<div class=\"jeg_preview_item_thumbnail\"><img loading=\"lazy\" decoding=\"async\" width=\"120\" height=\"86\" src=\"https:\/\/www.radiotop.ro\/img\/media\/2026\/08\/parc-ipotesti-1-120x86.jpg\" class=\"attachment-jnews-120x86 size-jnews-120x86\" alt><\/div>\n<p><\/a><a data-id=\"1\" data-title data-image=\"https:\/\/www.radiotop.ro\/img\/media\/2026\/08\/parc-ipotesti-2.jpg\" href=\"https:\/\/www.radiotop.ro\/img\/media\/2026\/08\/parc-ipotesti-2.jpg\" class=\"jeg_preview_item \"><\/p>\n<div class=\"jeg_preview_item_thumbnail\"><img loading=\"lazy\" decoding=\"async\" width=\"120\" height=\"86\" src=\"https:\/\/www.radiotop.ro\/img\/media\/2026\/08\/parc-ipotesti-2-120x86.jpg\" class=\"attachment-jnews-120x86 size-jnews-120x86\" alt><\/div>\n<p><\/a><a data-id=\"2\" data-title data-image=\"https:\/\/www.radiotop.ro\/img\/media\/2026\/08\/parc-ipotesti-3.jpg\" href=\"https:\/\/www.radiotop.ro\/img\/media\/2026\/08\/parc-ipotesti-3.jpg\" class=\"jeg_preview_item \"><\/p>\n<div class=\"jeg_preview_item_thumbnail\"><img loading=\"lazy\" decoding=\"async\" width=\"120\" height=\"86\" src=\"https:\/\/www.radiotop.ro\/img\/media\/2026\/08\/parc-ipotesti-3-120x86.jpg\" class=\"attachment-jnews-120x86 size-jnews-120x86\" alt><\/div>\n<p><\/a><\/div>\n<\/div>\n<\/div>\n<p>Recep\u021bia par\u021bial\u0103 a lucr\u0103rilor la noul parc \u201eRegina Maria\u201d din comuna Ipote\u0219ti s\u00eent programate la finalul lunii august sau cel t\u00eerziu la \u00eenceputul lunii septembrie. Conform primarului Dumitru Gulei, parcul va fi finalizat cu excep\u021bia sc\u0103rilor care vor face leg\u0103tura c\u0103tre parc\u0103rile pentru autoturisme, acestea urm\u00eend s\u0103 fie realizate dup\u0103 \u00eencheierea lucr\u0103rilor la drumul din zon\u0103. Investi\u021bia este realizat\u0103 de asocierea format\u0103 din firmele Guliciuc Consulting Ipote\u0219ti \u0219i Test Prima Suceava. Parcul \u201eRegina Maria\u201d se \u00eentinde pe o suprafa\u021b\u0103 de aproximativ 1,5 hectare, \u00een zona str\u0103zii Mihail Sadoveanu, \u0219i va include alei pietonale, piste pentru biciclete \u00een jurul \u00eentregii zone, un foi\u0219or, loc de joac\u0103 pentru copii, spa\u021bii dotate cu echipamente sportive, iluminat public cu panouri fotovoltaice, precum \u0219i o parcare cu 60 de locuri. Valoarea investi\u021biei este de aproape 2 milioane de lei, fondurile provenind de la bugetul local al comunei Ipote\u0219ti. \u00cen paralel, Prim\u0103ria Ipote\u0219ti are un proiect amplu pentru consolidarea drumului din fa\u021ba parcului, pe strada Mihail Sadoveanu, pe o por\u021biune de peste 500 de metri, p\u00een\u0103 la strada \u0218tefan cel Mare.<\/p>\n<\/div>\n<p>[analyse_source url=&#8221;https:\/\/www.radiotop.ro\/administratie\/parcul-regina-maria-din-ipotesti-va-avea-receptia-partiala-cel-tirziu-la-inceputul-lunii-septembrie.html&#8221;]<\/p>\n","protected":false},"excerpt":{"rendered":"<p>[analyse_image type=&#8221;featured&#8221; src=&#8221;https:\/\/www.radiotop.ro\/img\/media\/2026\/08\/parc-ipotesti.jpg&#8221;] \u00a0 1 of 3 &#8211;+ Recep\u021bia par\u021bial\u0103 a lucr\u0103rilor la noul parc \u201eRegina Maria\u201d din comuna Ipote\u0219ti s\u00eent programate la finalul lunii august sau cel t\u00eerziu la \u00eenceputul lunii septembrie. Conform primarului Dumitru Gulei, parcul va fi finalizat cu excep\u021bia sc\u0103rilor care vor face leg\u0103tura c\u0103tre parc\u0103rile pentru autoturisme, acestea urm\u00eend s\u0103 [&hellip;]<\/p>\n","protected":false},"author":1,"featured_media":0,"comment_status":"open","ping_status":"","sticky":false,"template":"","format":"standard","meta":{"footnotes":""},"categories":[89],"tags":[226,163],"class_list":["post-2077199","post","type-post","status-publish","format-standard","hentry","category-romania","tag-crawlmanager","tag-radiotop-ro"],"_links":{"self":[{"href":"https:\/\/analyse.optim.biz\/index.php?rest_route=\/wp\/v2\/posts\/2077199","targetHints":{"allow":["GET"]}}],"collection":[{"href":"https:\/\/analyse.optim.biz\/index.php?rest_route=\/wp\/v2\/posts"}],"about":[{"href":"https:\/\/analyse.optim.biz\/index.php?rest_route=\/wp\/v2\/types\/post"}],"author":[{"embeddable":true,"href":"https:\/\/analyse.optim.biz\/index.php?rest_route=\/wp\/v2\/users\/1"}],"replies":[{"embeddable":true,"href":"https:\/\/analyse.optim.biz\/index.php?rest_route=%2Fwp%2Fv2%2Fcomments&post=2077199"}],"version-history":[{"count":0,"href":"https:\/\/analyse.optim.biz\/index.php?rest_route=\/wp\/v2\/posts\/2077199\/revisions"}],"wp:attachment":[{"href":"https:\/\/analyse.optim.biz\/index.php?rest_route=%2Fwp%2Fv2%2Fmedia&parent=2077199"}],"wp:term":[{"taxonomy":"category","embeddable":true,"href":"https:\/\/analyse.optim.biz\/index.php?rest_route=%2Fwp%2Fv2%2Fcategories&post=2077199"},{"taxonomy":"post_tag","embeddable":true,"href":"https:\/\/analyse.optim.biz\/index.php?rest_route=%2Fwp%2Fv2%2Ftags&post=2077199"}],"curies":[{"name":"wp","href":"https:\/\/api.w.org\/{rel}","templated":true}]}}