{"id":2077198,"date":"2026-08-04T08:52:28","date_gmt":"2026-08-04T05:52:28","guid":{"rendered":"https:\/\/analyse.optim.biz\/?p=2077198"},"modified":"2026-08-04T08:52:28","modified_gmt":"2026-08-04T05:52:28","slug":"toti-directorii-de-scoli-din-judetul-suceava-vor-sustine-concurs-mandatele-expira-in-octombrie","status":"publish","type":"post","link":"https:\/\/analyse.optim.biz\/?p=2077198","title":{"rendered":"To\u021bi directorii de \u0219coli din jude\u021bul Suceava vor sus\u021bine concurs. Mandatele expir\u0103 \u00een octombrie"},"content":{"rendered":"<p>[analyse_image type=&#8221;featured&#8221; src=&#8221;https:\/\/www.radiotop.ro\/img\/media\/2025\/11\/clasa2-liceu-thenologic-ion-nistor-e1762845441166.jpg&#8221;]<\/p>\n<div class=\"entry-content no-share\">\n<div class=\"content-inner \">\n<p>Toate func\u021biile de director \u0219i director adjunct din unit\u0103\u021bile de \u00eenv\u0103\u021b\u0103m\u00eent din jude\u021bul Suceava vor fi scoase la concurs \u00een aceast\u0103 toamn\u0103, iar noii directori \u00ee\u0219i vor prelua mandatele \u00eencep\u00eend cu 1 ianuarie 2027.<\/p>\n<p>\u00centr-o interven\u021bie telefonic\u0103 la Radio Top, liderul Pro Educa\u021bia Suceava, profesorul Traian P\u0103dure\u021b, a declarat c\u0103 procedura este \u00eenc\u0103 \u00een dezbatere public\u0103, \u00eens\u0103 calendarul este aproape stabilit. A spus acesta: \u201dCu concursurile, \u00een momentul de fa\u021b\u0103 este tot \u00een dezbatere public\u0103. Din ce \u0219tiu eu, \u00een jurul datei de 17 august va fi promovat proiectul prin ordin de ministru, \u00een Monitorul Oficial, \u0219i de atunci va fi oficial. Este acolo dat \u0219i un calendar. \u00cen luna octombrie se vor desf\u0103\u0219ura efectiv probele\u201d.<\/p>\n<p>Acesta a precizat c\u0103 \u00een jude\u021bul Suceava, \u201d\u00een octombrie, expir\u0103 toate mandatele\u201d. A ad\u0103ugat domnul P\u0103dure\u021b: \u201dToat\u0103 lumea va trebui s\u0103 se \u00eenscrie la concurs\u201d.<\/p>\n<p>Potrivit profesorului, \u00eenscrierile ar urma s\u0103 \u00eenceap\u0103 la \u00eenceputul lunii septembrie, dup\u0103 \u00eencheierea concediilor. A afirmat Traian P\u0103dure\u021b: \u201dCalendarul nu prea avantajeaz\u0103 pe nimeni, pentru c\u0103 se termin\u0103 concediile. \u00censcrierile vor fi \u00eencep\u00eend cu 2 septembrie, dac\u0103 va r\u0103m\u00eene b\u0103tut \u00een cuie. Deci, toat\u0103 lumea va fi \u00een activitate \u0219i to\u021bi vor putea s\u0103 se \u00eenscrie, doritorii, la acest concurs\u201d.<\/p>\n<p>Liderul Pro Educa\u021bia Suceava a mai precizat c\u0103 profesorii care vor c\u00ee\u0219tiga concursul din luna octombrie nu vor prelua imediat func\u021biile de conducere, ci cu data de 1 ianuarie.<\/p>\n<p>\u00a0<\/p>\n<\/div>\n<\/div>\n<div class=\"content-inner \">\n<p>Toate func\u021biile de director \u0219i director adjunct din unit\u0103\u021bile de \u00eenv\u0103\u021b\u0103m\u00eent din jude\u021bul Suceava vor fi scoase la concurs \u00een aceast\u0103 toamn\u0103, iar noii directori \u00ee\u0219i vor prelua mandatele \u00eencep\u00eend cu 1 ianuarie 2027.<\/p>\n<p>\u00centr-o interven\u021bie telefonic\u0103 la Radio Top, liderul Pro Educa\u021bia Suceava, profesorul Traian P\u0103dure\u021b, a declarat c\u0103 procedura este \u00eenc\u0103 \u00een dezbatere public\u0103, \u00eens\u0103 calendarul este aproape stabilit. A spus acesta: \u201dCu concursurile, \u00een momentul de fa\u021b\u0103 este tot \u00een dezbatere public\u0103. Din ce \u0219tiu eu, \u00een jurul datei de 17 august va fi promovat proiectul prin ordin de ministru, \u00een Monitorul Oficial, \u0219i de atunci va fi oficial. Este acolo dat \u0219i un calendar. \u00cen luna octombrie se vor desf\u0103\u0219ura efectiv probele\u201d.<\/p>\n<p>Acesta a precizat c\u0103 \u00een jude\u021bul Suceava, \u201d\u00een octombrie, expir\u0103 toate mandatele\u201d. A ad\u0103ugat domnul P\u0103dure\u021b: \u201dToat\u0103 lumea va trebui s\u0103 se \u00eenscrie la concurs\u201d.<\/p>\n<p>Potrivit profesorului, \u00eenscrierile ar urma s\u0103 \u00eenceap\u0103 la \u00eenceputul lunii septembrie, dup\u0103 \u00eencheierea concediilor. A afirmat Traian P\u0103dure\u021b: \u201dCalendarul nu prea avantajeaz\u0103 pe nimeni, pentru c\u0103 se termin\u0103 concediile. \u00censcrierile vor fi \u00eencep\u00eend cu 2 septembrie, dac\u0103 va r\u0103m\u00eene b\u0103tut \u00een cuie. Deci, toat\u0103 lumea va fi \u00een activitate \u0219i to\u021bi vor putea s\u0103 se \u00eenscrie, doritorii, la acest concurs\u201d.<\/p>\n<p>Liderul Pro Educa\u021bia Suceava a mai precizat c\u0103 profesorii care vor c\u00ee\u0219tiga concursul din luna octombrie nu vor prelua imediat func\u021biile de conducere, ci cu data de 1 ianuarie.<\/p>\n<p>\u00a0<\/p>\n<\/div>\n<p>[analyse_source url=&#8221;https:\/\/www.radiotop.ro\/educatie\/toti-directorii-de-scoli-din-judetul-suceava-vor-sustine-concurs-mandatele-expira-in-octombrie.html&#8221;]<\/p>\n","protected":false},"excerpt":{"rendered":"<p>[analyse_image type=&#8221;featured&#8221; src=&#8221;https:\/\/www.radiotop.ro\/img\/media\/2025\/11\/clasa2-liceu-thenologic-ion-nistor-e1762845441166.jpg&#8221;] Toate func\u021biile de director \u0219i director adjunct din unit\u0103\u021bile de \u00eenv\u0103\u021b\u0103m\u00eent din jude\u021bul Suceava vor fi scoase la concurs \u00een aceast\u0103 toamn\u0103, iar noii directori \u00ee\u0219i vor prelua mandatele \u00eencep\u00eend cu 1 ianuarie 2027. \u00centr-o interven\u021bie telefonic\u0103 la Radio Top, liderul Pro Educa\u021bia Suceava, profesorul Traian P\u0103dure\u021b, a declarat c\u0103 procedura este [&hellip;]<\/p>\n","protected":false},"author":1,"featured_media":0,"comment_status":"open","ping_status":"","sticky":false,"template":"","format":"standard","meta":{"footnotes":""},"categories":[89],"tags":[226,163],"class_list":["post-2077198","post","type-post","status-publish","format-standard","hentry","category-romania","tag-crawlmanager","tag-radiotop-ro"],"_links":{"self":[{"href":"https:\/\/analyse.optim.biz\/index.php?rest_route=\/wp\/v2\/posts\/2077198","targetHints":{"allow":["GET"]}}],"collection":[{"href":"https:\/\/analyse.optim.biz\/index.php?rest_route=\/wp\/v2\/posts"}],"about":[{"href":"https:\/\/analyse.optim.biz\/index.php?rest_route=\/wp\/v2\/types\/post"}],"author":[{"embeddable":true,"href":"https:\/\/analyse.optim.biz\/index.php?rest_route=\/wp\/v2\/users\/1"}],"replies":[{"embeddable":true,"href":"https:\/\/analyse.optim.biz\/index.php?rest_route=%2Fwp%2Fv2%2Fcomments&post=2077198"}],"version-history":[{"count":0,"href":"https:\/\/analyse.optim.biz\/index.php?rest_route=\/wp\/v2\/posts\/2077198\/revisions"}],"wp:attachment":[{"href":"https:\/\/analyse.optim.biz\/index.php?rest_route=%2Fwp%2Fv2%2Fmedia&parent=2077198"}],"wp:term":[{"taxonomy":"category","embeddable":true,"href":"https:\/\/analyse.optim.biz\/index.php?rest_route=%2Fwp%2Fv2%2Fcategories&post=2077198"},{"taxonomy":"post_tag","embeddable":true,"href":"https:\/\/analyse.optim.biz\/index.php?rest_route=%2Fwp%2Fv2%2Ftags&post=2077198"}],"curies":[{"name":"wp","href":"https:\/\/api.w.org\/{rel}","templated":true}]}}