{"id":2077195,"date":"2026-08-04T13:05:47","date_gmt":"2026-08-04T10:05:47","guid":{"rendered":"https:\/\/analyse.optim.biz\/?p=2077195"},"modified":"2026-08-04T13:05:47","modified_gmt":"2026-08-04T10:05:47","slug":"deputatul-petru-gabriel-negrea-cere-solutii-pentru-farmaciile-non-stop-in-judetul-suceava","status":"publish","type":"post","link":"https:\/\/analyse.optim.biz\/?p=2077195","title":{"rendered":"Deputatul Petru Gabriel Negrea cere solu\u021bii pentru farmaciile non-stop \u00een jude\u021bul Suceava"},"content":{"rendered":"<p>[analyse_image type=&#8221;featured&#8221; src=&#8221;https:\/\/www.newsbucovina.ro\/wp-content\/uploads\/2026\/08\/negrea.jpeghttps:\/\/cdn.newsbucovina.ro\/wp-content\/uploads\/2026\/08\/negrea.jpeg&#8221;]<\/p>\n<div class=\"td-post-content tagdiv-type\">\n<div class=\"td-a-rec td-a-rec-id-content_top  tdi_3 td_block_template_1\"><strong>Intr\u0103 acum \u0219i \u00een grupul de <\/p>\n<div class=\"wp-block-button\"><a class=\"wp-block-button__link wp-element-button\" href=\"https:\/\/t.me\/+TH8wcfnp8fw5NWI0\">Telegram News Bucovina<\/a><\/div>\n<p><\/strong><\/div>\n<p class=\"wp-block-paragraph\">Deputatul AUR de Suceava, Petru Gabriel Negrea, a adresat o \u00eentrebare oficial\u0103 Colegiului Farmaci\u0219tilor Suceava privind situa\u021bia farmaciilor cu program non-stop din jude\u021b.<\/p>\n<figure class=\"wp-block-image size-large\"><a href=\"https:\/\/cdn.newsbucovina.ro\/wp-content\/uploads\/2026\/08\/negrea.jpeg\"><img loading=\"lazy\" decoding=\"async\" width=\"1024\" height=\"683\" src=\"https:\/\/cdn.newsbucovina.ro\/wp-content\/uploads\/2026\/08\/negrea-1024x683.jpeg\" alt class=\"wp-image-445634\"><\/a><\/figure>\n<p class=\"wp-block-paragraph\">Parlamentarul atrage aten\u021bia c\u0103 numero\u0219i cet\u0103\u021beni i-au semnalat dificult\u0103\u021bi \u00een a procura medicamente urgente prescrise de medici dup\u0103 ora 22:00, mai ales cei care locuiesc la zeci sau chiar peste 100 de kilometri de municipiul Suceava. \u00cen comunicatul de pres\u0103, Negrea subliniaz\u0103 c\u0103 este inadmisibil ca oamenii s\u0103 fie nevoi\u021bi s\u0103 parcurg\u0103 distan\u021be at\u00e2t de mari pentru un medicament de care poate depinde s\u0103n\u0103tatea sau chiar via\u021ba lor.<\/p>\n<p class=\"wp-block-paragraph\">Prin solicitarea oficial\u0103, deputatul a cerut informa\u021bii despre num\u0103rul total al farmaciilor din jude\u021bul Suceava, c\u00e2te dintre acestea au program non-stop, precum \u0219i identificarea unor solu\u021bii pentru ca fiecare ora\u0219 \u0219i municipiu s\u0103 beneficieze, prin rota\u021bie sau program prelungit, de cel pu\u021bin o farmacie deschis\u0103 pe timpul nop\u021bii.<\/p>\n<p class=\"wp-block-paragraph\">\u201eAccesul la medicamente nu trebuie s\u0103 depind\u0103 de ora din zi sau de localitatea \u00een care tr\u0103ie\u0219ti. S\u0103n\u0103tatea cet\u0103\u021benilor trebuie s\u0103 fie o prioritate, iar accesul la medicamente nu poate fi un privilegiu rezervat doar celor care locuiesc \u00een apropierea municipiului re\u0219edin\u021b\u0103 de jude\u021b\u201d, a transmis Petru Gabriel Negrea.<\/p>\n<p class=\"wp-block-paragraph\">Deputatul a anun\u021bat c\u0103 va urm\u0103ri r\u0103spunsul autorit\u0103\u021bilor \u0219i va informa publicul cu privire la m\u0103surile care vor fi luate.<\/p>\n<figure class=\"wp-block-embed is-type-video is-provider-youtube wp-block-embed-youtube wp-embed-aspect-16-9 wp-has-aspect-ratio\">\n<div class=\"wp-block-embed__wrapper\">\n<div class=\"youtube-embed\" data-video_id=\"H5LcMzGH100\"><iframe loading=\"lazy\" title=\"Cum transformi Bucuria-n...SC\u00c2RB\u0102? Te plimbi cu ma\u0219ina Prim\u0103riei ...f\u0103r\u0103 acte! POLI\u021aIA o cam scald\u0103!\" width=\"696\" height=\"392\" src=\"https:\/\/www.youtube.com\/embed\/H5LcMzGH100?feature=oembed&amp;enablejsapi=1\" frameborder allow=\"accelerometer; autoplay; clipboard-write; encrypted-media; gyroscope; picture-in-picture; web-share\" referrerpolicy=\"strict-origin-when-cross-origin\" allowfullscreen><\/iframe><\/div>\n<\/div>\n<\/figure>\n<div class=\"td-a-rec td-a-rec-id-content_bottom  tdi_4 td_block_template_1\"><strong>Intr\u0103 acum \u0219i \u00een grupul de <\/p>\n<div class=\"wp-block-button\"><a class=\"wp-block-button__link wp-element-button\" href=\"https:\/\/t.me\/+TH8wcfnp8fw5NWI0\">Telegram News Bucovina<\/a><\/div>\n<p><\/strong><\/div>\n<\/div>\n<div class=\"td-post-content tagdiv-type\">\n<div class=\"td-a-rec td-a-rec-id-content_top  tdi_3 td_block_template_1\"><strong>Intr\u0103 acum \u0219i \u00een grupul de <\/p>\n<div class=\"wp-block-button\"><a class=\"wp-block-button__link wp-element-button\" href=\"https:\/\/t.me\/+TH8wcfnp8fw5NWI0\">Telegram News Bucovina<\/a><\/div>\n<p><\/strong><\/div>\n<p class=\"wp-block-paragraph\">Deputatul AUR de Suceava, Petru Gabriel Negrea, a adresat o \u00eentrebare oficial\u0103 Colegiului Farmaci\u0219tilor Suceava privind situa\u021bia farmaciilor cu program non-stop din jude\u021b.<\/p>\n<figure class=\"wp-block-image size-large\"><a href=\"https:\/\/cdn.newsbucovina.ro\/wp-content\/uploads\/2026\/08\/negrea.jpeg\"><img loading=\"lazy\" decoding=\"async\" width=\"1024\" height=\"683\" src=\"https:\/\/cdn.newsbucovina.ro\/wp-content\/uploads\/2026\/08\/negrea-1024x683.jpeg\" alt class=\"wp-image-445634\"><\/a><\/figure>\n<p class=\"wp-block-paragraph\">Parlamentarul atrage aten\u021bia c\u0103 numero\u0219i cet\u0103\u021beni i-au semnalat dificult\u0103\u021bi \u00een a procura medicamente urgente prescrise de medici dup\u0103 ora 22:00, mai ales cei care locuiesc la zeci sau chiar peste 100 de kilometri de municipiul Suceava. \u00cen comunicatul de pres\u0103, Negrea subliniaz\u0103 c\u0103 este inadmisibil ca oamenii s\u0103 fie nevoi\u021bi s\u0103 parcurg\u0103 distan\u021be at\u00e2t de mari pentru un medicament de care poate depinde s\u0103n\u0103tatea sau chiar via\u021ba lor.<\/p>\n<p class=\"wp-block-paragraph\">Prin solicitarea oficial\u0103, deputatul a cerut informa\u021bii despre num\u0103rul total al farmaciilor din jude\u021bul Suceava, c\u00e2te dintre acestea au program non-stop, precum \u0219i identificarea unor solu\u021bii pentru ca fiecare ora\u0219 \u0219i municipiu s\u0103 beneficieze, prin rota\u021bie sau program prelungit, de cel pu\u021bin o farmacie deschis\u0103 pe timpul nop\u021bii.<\/p>\n<p class=\"wp-block-paragraph\">\u201eAccesul la medicamente nu trebuie s\u0103 depind\u0103 de ora din zi sau de localitatea \u00een care tr\u0103ie\u0219ti. S\u0103n\u0103tatea cet\u0103\u021benilor trebuie s\u0103 fie o prioritate, iar accesul la medicamente nu poate fi un privilegiu rezervat doar celor care locuiesc \u00een apropierea municipiului re\u0219edin\u021b\u0103 de jude\u021b\u201d, a transmis Petru Gabriel Negrea.<\/p>\n<p class=\"wp-block-paragraph\">Deputatul a anun\u021bat c\u0103 va urm\u0103ri r\u0103spunsul autorit\u0103\u021bilor \u0219i va informa publicul cu privire la m\u0103surile care vor fi luate.<\/p>\n<figure class=\"wp-block-embed is-type-video is-provider-youtube wp-block-embed-youtube wp-embed-aspect-16-9 wp-has-aspect-ratio\">\n<div class=\"wp-block-embed__wrapper\">\n<div class=\"youtube-embed\" data-video_id=\"H5LcMzGH100\"><iframe loading=\"lazy\" title=\"Cum transformi Bucuria-n...SC\u00c2RB\u0102? Te plimbi cu ma\u0219ina Prim\u0103riei ...f\u0103r\u0103 acte! POLI\u021aIA o cam scald\u0103!\" width=\"696\" height=\"392\" src=\"https:\/\/www.youtube.com\/embed\/H5LcMzGH100?feature=oembed&amp;enablejsapi=1\" frameborder allow=\"accelerometer; autoplay; clipboard-write; encrypted-media; gyroscope; picture-in-picture; web-share\" referrerpolicy=\"strict-origin-when-cross-origin\" allowfullscreen><\/iframe><\/div>\n<\/div>\n<\/figure>\n<div class=\"td-a-rec td-a-rec-id-content_bottom  tdi_4 td_block_template_1\"><strong>Intr\u0103 acum \u0219i \u00een grupul de <\/p>\n<div class=\"wp-block-button\"><a class=\"wp-block-button__link wp-element-button\" href=\"https:\/\/t.me\/+TH8wcfnp8fw5NWI0\">Telegram News Bucovina<\/a><\/div>\n<p><\/strong><\/div>\n<\/div>\n<p>[analyse_source url=&#8221;https:\/\/www.newsbucovina.ro\/politica\/445633\/deputatul-petru-gabriel-negrea-cere-solutii-pentru-farmaciile-non-stop-in-judetul-suceava&#8221;]<\/p>\n","protected":false},"excerpt":{"rendered":"<p>[analyse_image type=&#8221;featured&#8221; src=&#8221;https:\/\/www.newsbucovina.ro\/wp-content\/uploads\/2026\/08\/negrea.jpeghttps:\/\/cdn.newsbucovina.ro\/wp-content\/uploads\/2026\/08\/negrea.jpeg&#8221;] Intr\u0103 acum \u0219i \u00een grupul de Telegram News Bucovina Deputatul AUR de Suceava, Petru Gabriel Negrea, a adresat o \u00eentrebare oficial\u0103 Colegiului Farmaci\u0219tilor Suceava privind situa\u021bia farmaciilor cu program non-stop din jude\u021b. Parlamentarul atrage aten\u021bia c\u0103 numero\u0219i cet\u0103\u021beni i-au semnalat dificult\u0103\u021bi \u00een a procura medicamente urgente prescrise de medici dup\u0103 ora 22:00, [&hellip;]<\/p>\n","protected":false},"author":1,"featured_media":0,"comment_status":"open","ping_status":"","sticky":false,"template":"","format":"standard","meta":{"footnotes":""},"categories":[89],"tags":[226,165],"class_list":["post-2077195","post","type-post","status-publish","format-standard","hentry","category-romania","tag-crawlmanager","tag-newsbucovina-ro"],"_links":{"self":[{"href":"https:\/\/analyse.optim.biz\/index.php?rest_route=\/wp\/v2\/posts\/2077195","targetHints":{"allow":["GET"]}}],"collection":[{"href":"https:\/\/analyse.optim.biz\/index.php?rest_route=\/wp\/v2\/posts"}],"about":[{"href":"https:\/\/analyse.optim.biz\/index.php?rest_route=\/wp\/v2\/types\/post"}],"author":[{"embeddable":true,"href":"https:\/\/analyse.optim.biz\/index.php?rest_route=\/wp\/v2\/users\/1"}],"replies":[{"embeddable":true,"href":"https:\/\/analyse.optim.biz\/index.php?rest_route=%2Fwp%2Fv2%2Fcomments&post=2077195"}],"version-history":[{"count":0,"href":"https:\/\/analyse.optim.biz\/index.php?rest_route=\/wp\/v2\/posts\/2077195\/revisions"}],"wp:attachment":[{"href":"https:\/\/analyse.optim.biz\/index.php?rest_route=%2Fwp%2Fv2%2Fmedia&parent=2077195"}],"wp:term":[{"taxonomy":"category","embeddable":true,"href":"https:\/\/analyse.optim.biz\/index.php?rest_route=%2Fwp%2Fv2%2Fcategories&post=2077195"},{"taxonomy":"post_tag","embeddable":true,"href":"https:\/\/analyse.optim.biz\/index.php?rest_route=%2Fwp%2Fv2%2Ftags&post=2077195"}],"curies":[{"name":"wp","href":"https:\/\/api.w.org\/{rel}","templated":true}]}}