{"id":2077188,"date":"2026-08-04T14:17:05","date_gmt":"2026-08-04T11:17:05","guid":{"rendered":"https:\/\/analyse.optim.biz\/?p=2077188"},"modified":"2026-08-04T14:17:05","modified_gmt":"2026-08-04T11:17:05","slug":"uber-introduce-plata-cash-in-noua-zeelanda-un-proiect-pilot-a-aratat-companiei-ca-acceptarea-numerarului-a-adus-mai-multi-clienti","status":"publish","type":"post","link":"https:\/\/analyse.optim.biz\/?p=2077188","title":{"rendered":"Uber introduce plata cash \u00een Noua Zeeland\u0103. Un proiect-pilot a ar\u0103tat companiei c\u0103 acceptarea numerarului a adus mai mul\u021bi clien\u021bi"},"content":{"rendered":"<p>[analyse_image type=&#8221;featured&#8221; src=&#8221;https:\/\/r3media.ro\/wp-content\/uploads\/2026\/08\/interior-masina-uber-scaled-e1785851996706.jpghttps:\/\/r3media.ro\/wp-content\/uploads\/2026\/08\/interior-masina-uber-scaled-e1785851996706.jpg&#8221;]<\/p>\n<article id=\"template-id-109\" class=\"post-109 tdb_templates type-tdb_templates status-publish post\">\n<div id=\"tdi_2\" class=\"tdc-zone\">\n<div class=\"tdc_zone tdi_3  wpb_row td-pb-row\">\n<div id=\"tdi_4\" class=\"tdc-row\">\n<div class=\"vc_row tdi_5  wpb_row td-pb-row\">\n<div class=\"vc_column tdi_7  wpb_column vc_column_container tdc-column td-pb-span8\">\n<div class=\"wpb_wrapper\">\n<div class=\"td_block_wrap tdb_breadcrumbs tdi_8 td-pb-border-top td_block_template_1 tdb-breadcrumbs \" data-td-block-uid=\"tdi_8\">\n<div class=\"tdb-block-inner td-fix-index\"><span><a title=\"Vede\u021bi toate articolele \u00een FEATURED\" class=\"tdb-entry-crumb\" href=\"https:\/\/r3media.ro\/category\/featured\/\">FEATURED<\/a><\/span><span class=\"tdb-bred-no-url-last\">Uber introduce plata cash \u00een Noua Zeeland\u0103. Un proiect-pilot a ar\u0103tat companiei&#8230;<\/span><\/div>\n<\/div>\n<div class=\"td_block_wrap tdb_single_categories tdi_9 td-pb-border-top td_block_template_1 \" data-td-block-uid=\"tdi_9\">\n<div class=\"tdb-category td-fix-index\"><a class=\"tdb-entry-category\" href=\"https:\/\/r3media.ro\/category\/featured\/\">FEATURED<\/a><a class=\"tdb-entry-category\" href=\"https:\/\/r3media.ro\/category\/stiri\/\">\u0218TIRI<\/a><\/div>\n<\/div>\n<div class=\"td_block_wrap tdb_title tdi_10 tdb-single-title td-pb-border-top td_block_template_1\" data-td-block-uid=\"tdi_10\">\n<div class=\"tdb-block-inner td-fix-index\">\n<h1 class=\"tdb-title-text\">Uber introduce plata cash \u00een Noua Zeeland\u0103. Un proiect-pilot a ar\u0103tat companiei c\u0103 acceptarea numerarului a adus mai mul\u021bi clien\u021bi<\/h1>\n<\/div>\n<\/div>\n<div class=\"vc_row_inner tdi_12  vc_row vc_inner wpb_row td-pb-row\">\n<div class=\"vc_column_inner tdi_14  wpb_column vc_column_container tdc-inner-column td-pb-span12\">\n<div class=\"vc_column-inner\">\n<div class=\"wpb_wrapper\">\n<div class=\"td_block_wrap tdb_single_author tdi_15 td-pb-border-top td_block_template_1 tdb-post-meta\" data-td-block-uid=\"tdi_15\">\n<div class=\"tdb-block-inner td-fix-index\">\n<div class=\"tdb-author-name-wrap\"><a class=\"tdb-author-name\" href=\"https:\/\/r3media.ro\/author\/oana\/\">Oana Ivan<\/a><\/div>\n<\/div>\n<\/div>\n<div class=\"td_block_wrap tdb_single_date tdi_16 td-pb-border-top td_block_template_1 tdb-post-meta\" data-td-block-uid=\"tdi_16\">\n<div class=\"tdb-block-inner td-fix-index\"><time class=\"entry-date updated td-module-date\" datetime=\"2026-08-04T17:17:05+03:00\">04\/08\/2026<\/time><\/div>\n<\/div>\n<\/div>\n<\/div>\n<\/div>\n<\/div>\n<div class=\"td_block_wrap tdb_single_featured_image tdi_17 tdb-content-horiz-left td-pb-border-top td_block_template_1\" data-td-block-uid=\"tdi_17\">\n<div class=\"tdb-block-inner td-fix-index\">\n<figure><figcaption class=\"tdb-caption-text\">Surs\u0103 &#8211; Unsplash<\/figcaption><\/figure>\n<\/div>\n<\/div>\n<div class=\"td_block_wrap tdb_single_content tdi_18 td-pb-border-top td_block_template_1 td-post-content tagdiv-type\" data-td-block-uid=\"tdi_18\">\n<div class=\"tdb-block-inner td-fix-index\">\n<p><strong>Cet\u0103\u021benii din Noua Zeeland\u0103 au de acum \u00eenainte o nou\u0103 modalitate de a-\u0219i pl\u0103ti cursele <a href=\"https:\/\/r3media.ro\/tag\/uber\/\" target=\"_blank\" rel=\"noopener\">Uber<\/a>. De la sf\u00e2r\u0219itul lunii iulie, Uber a lansat treptat numerarul ca o nou\u0103 op\u021biune de plat\u0103 pentru a oferi neozeelandezilor mai multe op\u021biuni. <a href=\"https:\/\/www.uber.com\/nz\/en\/newsroom\/cashnzlaunch\/\" target=\"_blank\" rel=\"noopener\">Compania<\/a> anun\u021b\u0103 c\u0103, astfel, se asigur\u0103 c\u0103 metodele de plat\u0103 nu reprezint\u0103 un obstacol \u00een calea accesului la un transport fiabil.<\/strong><\/p>\n<p>Lansarea la nivel na\u021bional vine \u00een urma unui proiect pilot de succes din New Plymouth la \u00eenceputul acestui an. Feedback-ul primit a ar\u0103tat c\u0103 activarea numerarului ca metod\u0103 de plat\u0103 le-a oferit pasagerilor mai multe op\u021biuni \u0219i a f\u0103cut Uber mai u\u0219or de utilizat pentru persoanele care prefer\u0103 sau au nevoie s\u0103 pl\u0103teasc\u0103 cu numerar. Pentru partenerii \u0219oferi, noua op\u021biune de plat\u0103 \u00eei ajut\u0103, de asemenea, s\u0103 se conecteze cu un grup mai larg de pasageri. Ace\u0219tia au fost solicita\u021bi pentru mai multe curse de c\u00e2nd s-a implementat numerarul.<\/p>\n<h2><strong>Acceptarea pl\u0103\u021bii cash de c\u0103tre Uber nu creeaz\u0103 probleme, dimpotriv\u0103<\/strong><\/h2>\n<p>\u00a0<\/p>\n<p>De\u0219i experien\u021ba digital\u0103 continu\u0103 s\u0103 fie \u00een centrul Uber, o op\u021biune revolu\u021bionat\u0103 de plat\u0103 cu numerar poate fi, de asemenea, digital\u0103 \u00een primul r\u00e2nd. Uber introduce aceast\u0103 func\u021bie de plat\u0103 pentru a face plata cu numerar f\u0103r\u0103 probleme at\u00e2t pentru pasageri, c\u00e2t \u0219i pentru partenerii \u0219oferi.<\/p>\n<ul>\n<li><strong>Pre\u021buri transparente.<\/strong> Ca toate cursele Uber, pasagerii vor vedea un pre\u021b \u00een avans \u00eenainte de a-\u0219i confirma cursa. Ei vor \u0219ti exact de c\u00e2\u021bi bani vor avea nevoie.<\/li>\n<li><strong>Dac\u0103 nu au suficien\u021bi bani cash, Uber gestioneaz\u0103 problema digital.<\/strong> \u00cen rara situa\u021bie \u00een care un pasager s-ar putea s\u0103 nu aib\u0103 suficien\u021bi numerar la sosire, acesta poate pl\u0103ti \u0219oferului cu suma pe care o are la \u00eendem\u00e2n\u0103. Uber va solicita pur \u0219i simplu pasagerului s\u0103 ramburseze soldul r\u0103mas \u00een aplica\u021bie \u00eenainte de a solicita urm\u0103toarea curs\u0103.<\/li>\n<li><strong>Dac\u0103 \u0219oferul nu are bani s\u0103 dea rest, Uber gestioneaz\u0103 \u0219i aceast\u0103 problem\u0103 tot digital.<\/strong> Dac\u0103 un \u0219ofer partener nu are suficient rest, Uber va credita automat diferen\u021ba exact\u0103 direct \u00een contul pasagerului ca Uber Cash dup\u0103 \u00eencheierea cursei. Creditele Uber Cash pot fi folosite at\u00e2t pentru Uber, c\u00e2t \u0219i pentru Uber Eats.<\/li>\n<li><strong>Dac\u0103 pasagerul se r\u0103zg\u00e2nde\u0219te sau schimb\u0103 op\u021biunea de plat\u0103 \u00een timpul c\u0103l\u0103toriei?<\/strong> Dac\u0103 un pasager \u00ee\u0219i d\u0103 seama \u00een timpul c\u0103l\u0103toriei c\u0103 nu are suficien\u021bi bani fizici sau pur \u0219i simplu prefer\u0103 s\u0103 utilizeze plata digital\u0103, pasagerii pot trece la un card bancar acceptat sau la o plat\u0103 digital\u0103 \u00een orice moment al c\u0103l\u0103toriei.<\/li>\n<\/ul>\n<h2><strong>Plata cash \u00een Uber: O nou\u0103 op\u021biune pentru flexibilitatea transportului<\/strong><\/h2>\n<p>\u00a0<\/p>\n<p>Uber \u00ee\u0219i extinde op\u021biunile de plat\u0103 \u0219i introduce numerarul pentru cursele din Noua Zeeland\u0103. M\u0103sura vine \u00een sprijinul persoanelor care \u00ee\u0219i gestioneaz\u0103 bugetul zilnic folosind bani lichizi. Noua metod\u0103 completeaz\u0103 cardurile de credit \u0219i debit, reduc\u00e2nd barierele din cale accesului la transport fiabil.<\/p>\n<p>\u201eTransportul fiabil ar trebui s\u0103 fie accesibil c\u00e2t mai multor persoane. Alegerea modului \u00een care oamenii pl\u0103tesc este o parte important\u0103 a acestui lucru. Pentru mul\u021bi neozeelandezi, numerarul joac\u0103 \u00eenc\u0103 un rol practic \u00een modul \u00een care \u00ee\u0219i stabilesc bugetul, pl\u0103tesc pentru lucrurile esen\u021biale de zi cu zi sau \u00ee\u0219i gestioneaz\u0103 cheltuielile zilnice. Introducerea numerarului ca metod\u0103 de plat\u0103 ofer\u0103 pasagerilor o alt\u0103 modalitate de a pl\u0103ti pentru cursele Uber, al\u0103turi de op\u021biuni digitale, cum ar fi cardurile de credit \u0219i de debit, \u0219i ajut\u0103 la reducerea barierelor \u00een calea ajungerii acolo unde trebuie.<\/p>\n<p>Este vorba despre a-i \u00eent\u00e2lni pe pasageri acolo unde se afl\u0103 \u0219i de a face Uber s\u0103 func\u021bioneze mai bine pentru diferitele moduri \u00een care oamenii \u00ee\u0219i gestioneaz\u0103 banii \u0219i se deplaseaz\u0103\u201d, a declarat Emma Foley, director general al Uber Australia \u0219i Noua Zeeland\u0103.<\/p>\n<h2><strong>Cet\u0103\u021benii din Noua Zeeland\u0103 continu\u0103 s\u0103 foloseasc\u0103 numerar<\/strong><\/h2>\n<p>\u00a0<\/p>\n<p>De\u0219i pl\u0103\u021bile digitale au fost rapid adoptate, numerarul \u00ee\u0219i are \u00eenc\u0103 locul \u00een portofelele neozeelandeze. Potrivit B\u0103ncii Rezervei Noii Zeelande, peste 80% dintre adul\u021bi folosesc uneori numerar. Totodat\u0103, peste jum\u0103tate (56%) p\u0103streaz\u0103 numerar la \u00eendem\u00e2n\u0103. Fie c\u0103 este vorba de achizi\u021bii mici, urgen\u021be, bugetare sau lucruri esen\u021biale de zi cu zi, neozeelandezii continu\u0103 s\u0103 pre\u021buiasc\u0103 posibilitatea de a alege atunci c\u00e2nd vine vorba de modul \u00een care pl\u0103tesc.<\/p>\n<p>Plata \u00een numerar cu Uber va fi lansat\u0103 la nivel na\u021bional pentru cursele UberX, Black, Comfort, Electric, UberXL, Uber Pet, Assist \u0219i Taxi \u00een Noua Zeeland\u0103 \u00eencep\u00e2nd cu sf\u00e2r\u0219itul lunii iulie, \u00een aplica\u021bia Uber. Plata \u00een numerar cu Uber este disponibil\u0103 \u0219i \u00een peste 70 de \u021b\u0103ri, inclusiv Australia, Japonia, Fran\u021ba \u0219i Regatul Unit.<\/p>\n<h2><strong>BNR le-a recomandat rom\u00e2nilor s\u0103 foloseasc\u0103 numerarul<\/strong><\/h2>\n<p>\u00a0<\/p>\n<p>Recent, <strong><a href=\"https:\/\/r3media.ro\/tag\/banca-nationala-a-romaniei-bnr\/\" target=\"_blank\" rel=\"noopener\">Banca Na\u021bional\u0103 a Rom\u00e2niei (BNR)<\/a><\/strong> le-a recomandat rom\u00e2nilor s\u0103 p\u0103streze rezerve de numerar. \u00centr-un comunicat publicat pe <a href=\"https:\/\/www.bnr.ro\/25676-2026-07-24-precizari-privind-securitatea-cibernetica-a-sistemului-financiar-si-rolul-numerarului\" target=\"_blank\" rel=\"noopener\">site<\/a>-ul institu\u021biei, BNR a informat c\u0103 CERS (Comitetul European pentru Risc Sistemic) a publicat Avertismentul CERS\/2026\/3 privind riscurile cibernetice sistemice generate de modelele de inteligen\u021b\u0103 artificial\u0103 de frontier\u0103.<\/p>\n<p>BNR a transmis c\u0103 numerarul r\u0103m\u00e2ne o component\u0103 esen\u021bial\u0103 a sistemului monetar. \u00cen plus, numerarul se poate dovedi relevant \u00een situa\u021bii de criz\u0103, potrivit BNR.<\/p>\n<p>Un alt jurnalist rom\u00e2n care s-a declarat pro-numerar este Mircea Badea. Acesta <strong><a href=\"https:\/\/r3media.ro\/plata-cu-cardul-mircea-badea-nu-mai-plec-de-acasa-fara-bani-cash-spalarea-pe-creier-a-oamenilor-de-pe-planeta-este-ingrozitoare-dar-oamenii-merita\/\" target=\"_blank\" rel=\"noopener\">a anun\u021bat c\u0103 nu mai pleac\u0103 f\u0103r\u0103 bani cash<\/a><\/strong> la el. De asemnea, M\u0103d\u0103lin Ionescu a spus c\u0103 prin eliminarea banilor cash <a href=\"https:\/\/r3media.ro\/madalin-ionescu-eliminare-bani-cash-inceput-dictatura-guverne-banci-corporatii-numerar-periculos-libertate\/\" target=\"_blank\" rel=\"noopener\"><strong>se construie\u0219te o dictatur\u0103 modern\u0103<\/strong><\/a>.<\/p>\n<p>\u201eA\u0219a \u00eencepe fiecare dictatur\u0103 modern\u0103: cu un z\u00e2mbet \u0219i o aplica\u021bie. C\u0103 dispari\u021bia cash-ului va\u00a0<em>\u201elimita sp\u0103larea banilor\u201d<\/em>. C\u0103\u00a0<em>\u201eva combate traficul \u0219i evaziunea fiscal\u0103\u201d<\/em>. C\u0103\u00a0<em>\u201etotul va fi mai curat, mai transparent\u201d <\/em>(\u2026)\u201d, a scris jurnalistul.<\/p>\n<div class=\"crp_related     crp-masonry\">\n<h2>\u00ceN CONTEXT<\/h2>\n<ul>\n<li><a href=\"https:\/\/r3media.ro\/fara-tine-in-google-r3media-dispare-iata-ce-poti-face-in-10-secunde\/\" class=\"crp_link post-119031\"><span class=\"crp_title\">F\u0103r\u0103 tine \u00een Google, R3media dispare. Iat\u0103 ce po\u021bi face \u00een 10 secunde<\/span><\/a><\/li>\n<li><a href=\"https:\/\/r3media.ro\/madalin-ionescu-eliminare-bani-cash-inceput-dictatura-guverne-banci-corporatii-numerar-periculos-libertate\/\" class=\"crp_link post-112240\"><span class=\"crp_title\">Jurnalistul M\u0103d\u0103lin Ionescu explic\u0103 de ce se \u00eencearc\u0103 eliminarea banilor cash: A\u0219a \u00eencepe\u2026<\/span><\/a><\/li>\n<li><a href=\"https:\/\/r3media.ro\/victorie-a-libertatii-slovenia-parlamentul-votat-introducere-constitutie-drept-utilizare-numerar-cetateni\/\" class=\"crp_link post-114394\"><span class=\"crp_title\">Victorie a libert\u0103\u021bii \u00een Slovenia: Parlamentul a votat introducerea \u00een Constitu\u021bie a\u2026<\/span><\/a><\/li>\n<li><a href=\"https:\/\/r3media.ro\/bnr-recomanda-romani-rezerve-de-cash-atacuri-cibernetice-numerar-relevant-criza\/\" class=\"crp_link post-120512\"><span class=\"crp_title\">BNR le recomand\u0103 rom\u00e2nilor s\u0103 p\u0103streze rezerve de cash: Numerarul se poate dovedi relevant \u00een criz\u0103<\/span><\/a><\/li>\n<li><a href=\"https:\/\/r3media.ro\/primul-pas-catre-interzicerea-banilor-cash-pasagerii-care-tranziteaza-aeroportul-otopeni-nu-mai-pot-plati-cu-numerar-serviciile-suplimentare\/\" class=\"crp_link post-115991\"><span class=\"crp_title\">Primul pas c\u0103tre interzicerea banilor cash: Pasagerii care tranziteaz\u0103 Aeroportul Otopeni nu\u2026<\/span><\/a><\/li>\n<li><a href=\"https:\/\/r3media.ro\/gheorghe-piperea-europarlamentar-aur-ecr-un-atac-cibernetic-poate-bloca-platile-bancomatele-si-accesul-la-conturile-bancare-numerarul-trebuie-protejat-ca-ultima-garantie-a-independentei-financiar\/\" class=\"crp_link post-120326\"><span class=\"crp_title\">Gheorghe Piperea (europarlamentar AUR\/ECR): Un atac cibernetic poate bloca pl\u0103\u021bile,\u2026<\/span><\/a><\/li>\n<li><a href=\"https:\/\/r3media.ro\/datele-personale-mastercard-portofel-electronic-limitare-cash\/\" class=\"crp_link post-116033\"><span class=\"crp_title\">Pentru toate datele personale ale rom\u00e2nilor exist\u0103 Mastercard. Guvernul vrea s\u0103 dea\u2026<\/span><\/a><\/li>\n<li><a href=\"https:\/\/r3media.ro\/elvetia-cetatean-lasat-scoata-propriii-bani-banca-cetatenii-revolta-magazine-cafenele-restaurante-nu-accepta-numerarul\/\" class=\"crp_link post-114582\"><span class=\"crp_title\">Elve\u021bia | Un cet\u0103\u021bean nu a fost l\u0103sat s\u0103-\u0219i scoat\u0103 propriii bani din banc\u0103. Cet\u0103\u021benii se\u2026<\/span><\/a><\/li>\n<\/ul>\n<\/div>\n<\/div>\n<\/div>\n<div class=\"td_block_wrap tdb_single_tags tdi_19 td-pb-border-top td_block_template_1\" data-td-block-uid=\"tdi_19\">\n<div class=\"tdb-block-inner td-fix-index\">\n<ul class=\"tdb-tags\">\n<li><span>SUBIECTE FIERBIN\u021aI<\/span><\/li>\n<li><a href=\"https:\/\/r3media.ro\/tag\/disparitia-banilor-fizici-numerar\/\">disparitia banilor fizici (numerar)<\/a><\/li>\n<li><a href=\"https:\/\/r3media.ro\/tag\/plati-online-vs-plati-cash\/\">plati online vs plati cash<\/a><\/li>\n<li><a href=\"https:\/\/r3media.ro\/tag\/uber\/\">uber<\/a><\/li>\n<\/ul>\n<\/div>\n<\/div>\n<div class=\"td_block_wrap td_block_9 tdi_20 td_with_ajax_pagination td-pb-border-top td_block_template_1 td-column-2 td_block_padding td_block_bot_line\" data-td-block-uid=\"tdi_20\">\n<div class=\"td-block-title-wrap\">\n<h4 class=\"block-title td-block-title\"><span class=\"td-pulldown-size\">CITE\u0218TE MAI MULT<\/span><\/h4>\n<\/div>\n<div id=\"tdi_20\" class=\"td_block_inner\">\n<div class=\"td-block-row\">\n<div class=\"td-block-span6\">\n<div class=\"td_module_8 td_module_wrap\">\n<div class=\"item-details\">\n<h3 class=\"entry-title td-module-title\"><a href=\"https:\/\/r3media.ro\/tara-europa-norvegia-masini-electrice-inmatriculate-cota-ridicata\/\" rel=\"bookmark\" title=\"\u021aara din Europa unde aproape toate ma\u0219inile \u00eenmatriculate sune electrice. Cota a ajuns la 97,6% \u00een iulie\">\u021aara din Europa unde aproape toate ma\u0219inile \u00eenmatriculate sune electrice. Cota a ajuns la&#8230;<\/a><\/h3>\n<div class=\"td-module-meta-info\"><a href=\"https:\/\/r3media.ro\/category\/actualitate\/\" class=\"td-post-category\">ACTUALITATE<\/a><span class=\"td-post-author-name\"><a href=\"https:\/\/r3media.ro\/author\/oana\/\">Oana Ivan<\/a><span>&#8211;<\/span><\/span><span class=\"td-post-date\"><time class=\"entry-date updated td-module-date\" datetime=\"2026-08-03T17:01:21+03:00\">03\/08\/2026<\/time><\/span><\/div>\n<\/div>\n<\/div>\n<\/div>\n<div class=\"td-block-span6\">\n<div class=\"td_module_8 td_module_wrap\">\n<div class=\"item-details\">\n<h3 class=\"entry-title td-module-title\"><a href=\"https:\/\/r3media.ro\/puterea-mitologica-instalata-a-romaniei\/\" rel=\"bookmark\" title=\"Puterea mitologic\u0103 instalat\u0103 a Rom\u00e2niei\">Puterea mitologic\u0103 instalat\u0103 a Rom\u00e2niei<\/a><\/h3>\n<div class=\"td-module-meta-info\"><a href=\"https:\/\/r3media.ro\/category\/opinii\/\" class=\"td-post-category\">OPINII<\/a><span class=\"td-post-author-name\"><a href=\"https:\/\/r3media.ro\/author\/tru\/\">TRU (Traian Ungureanu)<\/a><span>&#8211;<\/span><\/span><span class=\"td-post-date\"><time class=\"entry-date updated td-module-date\" datetime=\"2026-08-02T22:08:04+03:00\">02\/08\/2026<\/time><\/span><\/div>\n<\/div>\n<\/div>\n<\/div>\n<\/div>\n<div class=\"td-block-row\">\n<div class=\"td-block-span6\">\n<div class=\"td_module_8 td_module_wrap\">\n<div class=\"item-details\">\n<h3 class=\"entry-title td-module-title\"><a href=\"https:\/\/r3media.ro\/hyundai-recheama-service-masini-electrice-inster-risc-incendiu\/\" rel=\"bookmark\" title=\"Hyundai recheam\u0103 \u00een service zeci de mii de ma\u0219ini electrice din cauza riscului de incendiu\">Hyundai recheam\u0103 \u00een service zeci de mii de ma\u0219ini electrice din cauza riscului de&#8230;<\/a><\/h3>\n<div class=\"td-module-meta-info\"><a href=\"https:\/\/r3media.ro\/category\/actualitate\/\" class=\"td-post-category\">ACTUALITATE<\/a><span class=\"td-post-author-name\"><a href=\"https:\/\/r3media.ro\/author\/oana\/\">Oana Ivan<\/a><span>&#8211;<\/span><\/span><span class=\"td-post-date\"><time class=\"entry-date updated td-module-date\" datetime=\"2026-08-02T08:34:05+03:00\">02\/08\/2026<\/time><\/span><\/div>\n<\/div>\n<\/div>\n<\/div>\n<div class=\"td-block-span6\">\n<div class=\"td_module_8 td_module_wrap\">\n<div class=\"item-details\">\n<h3 class=\"entry-title td-module-title\"><a href=\"https:\/\/r3media.ro\/dragostea-care-transcende-epoci-descult-in-parc-1967\/\" rel=\"bookmark\" title=\"Dragostea care transcende epoci \u2014 Descul\u021b \u00een parc (1967)\">Dragostea care transcende epoci \u2014 Descul\u021b \u00een parc (1967)<\/a><\/h3>\n<div class=\"td-module-meta-info\"><a href=\"https:\/\/r3media.ro\/category\/opinii\/\" class=\"td-post-category\">OPINII<\/a><span class=\"td-post-author-name\"><a href=\"https:\/\/r3media.ro\/author\/costi_balasoiu\/\">Constantin B\u0103l\u0103\u0219oiu<\/a><span>&#8211;<\/span><\/span><span class=\"td-post-date\"><time class=\"entry-date updated td-module-date\" datetime=\"2026-08-01T13:45:14+03:00\">01\/08\/2026<\/time><\/span><\/div>\n<\/div>\n<\/div>\n<\/div>\n<\/div>\n<div class=\"td-block-row\">\n<div class=\"td-block-span6\">\n<div class=\"td_module_8 td_module_wrap\">\n<div class=\"item-details\">\n<h3 class=\"entry-title td-module-title\"><a href=\"https:\/\/r3media.ro\/masina-electrica-foc-turcia-incarcat-vehicul-explozie-pompieri-stingere-incendiu-video\/\" rel=\"bookmark\" title=\"VIDEO | O ma\u0219in\u0103 electric\u0103 a luat foc \u00een timp ce se afla la \u00eenc\u0103rcat. Vehiculul a explodat chiar c\u00e2nd pompierii \u00eencercau s\u0103 sting\u0103 incendiul folosind o p\u0103tur\u0103 ignifug\u0103\">VIDEO | O ma\u0219in\u0103 electric\u0103 a luat foc \u00een timp ce se afla la&#8230;<\/a><\/h3>\n<div class=\"td-module-meta-info\"><a href=\"https:\/\/r3media.ro\/category\/actualitate\/\" class=\"td-post-category\">ACTUALITATE<\/a><span class=\"td-post-author-name\"><a href=\"https:\/\/r3media.ro\/author\/oana\/\">Oana Ivan<\/a><span>&#8211;<\/span><\/span><span class=\"td-post-date\"><time class=\"entry-date updated td-module-date\" datetime=\"2026-07-31T13:33:48+03:00\">31\/07\/2026<\/time><\/span><\/div>\n<\/div>\n<\/div>\n<\/div>\n<div class=\"td-block-span6\">\n<div class=\"td_module_8 td_module_wrap\">\n<div class=\"item-details\">\n<h3 class=\"entry-title td-module-title\"><a href=\"https:\/\/r3media.ro\/spania-asediu-migranti-exclava-ceuta-africa-madrid-trupe-securitate-video\/\" rel=\"bookmark\" title=\"VIDEO | Spania se afl\u0103 sub asediu: Mii de migran\u021bi au luat cu asalt exclava Ceuta din Africa. Madridul a trimis trupe pentru a consolida securitatea\">VIDEO | Spania se afl\u0103 sub asediu: Mii de migran\u021bi au luat cu asalt&#8230;<\/a><\/h3>\n<div class=\"td-module-meta-info\"><a href=\"https:\/\/r3media.ro\/category\/actualitate\/\" class=\"td-post-category\">ACTUALITATE<\/a><span class=\"td-post-author-name\"><a href=\"https:\/\/r3media.ro\/author\/oana\/\">Oana Ivan<\/a><span>&#8211;<\/span><\/span><span class=\"td-post-date\"><time class=\"entry-date updated td-module-date\" datetime=\"2026-07-31T12:39:57+03:00\">31\/07\/2026<\/time><\/span><\/div>\n<\/div>\n<\/div>\n<\/div>\n<\/div>\n<div class=\"td-block-row\">\n<div class=\"td-block-span6\">\n<div class=\"td_module_8 td_module_wrap\">\n<div class=\"item-details\">\n<h3 class=\"entry-title td-module-title\"><a href=\"https:\/\/r3media.ro\/expert-ucraina-faliment-agricultura-romaneasca-tehnologii-ue\/\" rel=\"bookmark\" title=\"Un expert explic\u0103 felul \u00een care concuren\u021ba din Ucraina bag\u0103 \u00een faliment agricultura rom\u00e2neasc\u0103: Folosesc tehnologii interzise \u00een UE\">Un expert explic\u0103 felul \u00een care concuren\u021ba din Ucraina bag\u0103 \u00een faliment agricultura rom\u00e2neasc\u0103:&#8230;<\/a><\/h3>\n<div class=\"td-module-meta-info\"><a href=\"https:\/\/r3media.ro\/category\/actualitate\/\" class=\"td-post-category\">ACTUALITATE<\/a><span class=\"td-post-author-name\"><a href=\"https:\/\/r3media.ro\/author\/radu_ursan\/\">Radu Ursan<\/a><span>&#8211;<\/span><\/span><span class=\"td-post-date\"><time class=\"entry-date updated td-module-date\" datetime=\"2026-07-30T09:51:48+03:00\">30\/07\/2026<\/time><\/span><\/div>\n<\/div>\n<\/div>\n<\/div>\n<div class=\"td-block-span6\">\n<div class=\"td_module_8 td_module_wrap\">\n<div class=\"item-details\">\n<h3 class=\"entry-title td-module-title\"><a href=\"https:\/\/r3media.ro\/cornel-nistorescu-drone-razboi-ucraina\/\" rel=\"bookmark\" title=\"Cornel Nistorescu, dup\u0103 incidentele cu drone: Adie a aer de r\u0103zboi. De mirare c\u0103 dronele ucrainene nu au st\u00e2rnit at\u00e2ta t\u0103r\u0103boi\">Cornel Nistorescu, dup\u0103 incidentele cu drone: Adie a aer de r\u0103zboi. De mirare c\u0103&#8230;<\/a><\/h3>\n<div class=\"td-module-meta-info\"><a href=\"https:\/\/r3media.ro\/category\/actualitate\/\" class=\"td-post-category\">ACTUALITATE<\/a><span class=\"td-post-author-name\"><a href=\"https:\/\/r3media.ro\/author\/radu_ursan\/\">Radu Ursan<\/a><span>&#8211;<\/span><\/span><span class=\"td-post-date\"><time class=\"entry-date updated td-module-date\" datetime=\"2026-07-28T10:21:51+03:00\">28\/07\/2026<\/time><\/span><\/div>\n<\/div>\n<\/div>\n<\/div>\n<\/div>\n<div class=\"td-block-row\">\n<div class=\"td-block-span6\">\n<div class=\"td_module_8 td_module_wrap\">\n<div class=\"item-details\">\n<h3 class=\"entry-title td-module-title\"><a href=\"https:\/\/r3media.ro\/bnr-recomanda-romani-rezerve-de-cash-atacuri-cibernetice-numerar-relevant-criza\/\" rel=\"bookmark\" title=\"BNR le recomand\u0103 rom\u00e2nilor s\u0103 p\u0103streze rezerve de cash: Numerarul se poate dovedi relevant \u00een criz\u0103\">BNR le recomand\u0103 rom\u00e2nilor s\u0103 p\u0103streze rezerve de cash: Numerarul se poate dovedi relevant&#8230;<\/a><\/h3>\n<div class=\"td-module-meta-info\"><a href=\"https:\/\/r3media.ro\/category\/actualitate\/\" class=\"td-post-category\">ACTUALITATE<\/a><span class=\"td-post-author-name\"><a href=\"https:\/\/r3media.ro\/author\/oana\/\">Oana Ivan<\/a><span>&#8211;<\/span><\/span><span class=\"td-post-date\"><time class=\"entry-date updated td-module-date\" datetime=\"2026-07-27T13:11:47+03:00\">27\/07\/2026<\/time><\/span><\/div>\n<\/div>\n<\/div>\n<\/div>\n<div class=\"td-block-span6\">\n<div class=\"td_module_8 td_module_wrap\">\n<div class=\"item-details\">\n<h3 class=\"entry-title td-module-title\"><a href=\"https:\/\/r3media.ro\/statul-roman-a-semnat-actul-propriei-disparitii\/\" rel=\"bookmark\" title=\"Statul rom\u00e2n a semnat actul propriei dispari\u021bii?\">Statul rom\u00e2n a semnat actul propriei dispari\u021bii?<\/a><\/h3>\n<div class=\"td-module-meta-info\"><a href=\"https:\/\/r3media.ro\/category\/opinii\/\" class=\"td-post-category\">OPINII<\/a><span class=\"td-post-author-name\"><a href=\"https:\/\/r3media.ro\/author\/gabipopa\/\">Gabriel Popa<\/a><span>&#8211;<\/span><\/span><span class=\"td-post-date\"><time class=\"entry-date updated td-module-date\" datetime=\"2026-07-27T15:07:05+03:00\">27\/07\/2026<\/time><\/span><\/div>\n<\/div>\n<\/div>\n<\/div>\n<\/div>\n<div class=\"td-block-row\">\n<div class=\"td-block-span6\">\n<div class=\"td_module_8 td_module_wrap\">\n<div class=\"item-details\">\n<h3 class=\"entry-title td-module-title\"><a href=\"https:\/\/r3media.ro\/prima-oara-istorie-presedintia-document-primplan-patriotism-european\/\" rel=\"bookmark\" title=\"Pentru prima oar\u0103 \u00een istorie, Pre\u0219edin\u021bia Rom\u00e2niei emite un document care pune pe primul plan o alt\u0103 entitate dec\u00e2t \u021bara noastr\u0103: patriotismul european\">Pentru prima oar\u0103 \u00een istorie, Pre\u0219edin\u021bia Rom\u00e2niei emite un document care pune pe primul&#8230;<\/a><\/h3>\n<div class=\"td-module-meta-info\"><a href=\"https:\/\/r3media.ro\/category\/actualitate\/\" class=\"td-post-category\">ACTUALITATE<\/a><span class=\"td-post-author-name\"><a href=\"https:\/\/r3media.ro\/author\/teodor_stan\/\">Teodor Stan<\/a><span>&#8211;<\/span><\/span><span class=\"td-post-date\"><time class=\"entry-date updated td-module-date\" datetime=\"2026-07-26T11:44:31+03:00\">26\/07\/2026<\/time><\/span><\/div>\n<\/div>\n<\/div>\n<\/div>\n<div class=\"td-block-span6\">\n<div class=\"td_module_8 td_module_wrap\">\n<div class=\"item-details\">\n<h3 class=\"entry-title td-module-title\"><a href=\"https:\/\/r3media.ro\/film-nou-stapanul-inelelor-corect-politic-regizor-andy-serkis-diversitate-tolkien-mitologie-nordica\/\" rel=\"bookmark\" title=\"Noul film \u201eSt\u0103p\u00e2nul Inelelor\u201d nu va fi corect politic. Regizorul Andy Serkis: J.R.R. Tolkien a fost influen\u021bat de mitologia nordic\u0103. Nu vrem o distribu\u021bie de dragul de a bifa c\u0103su\u021be\">Noul film \u201eSt\u0103p\u00e2nul Inelelor\u201d nu va fi corect politic. Regizorul Andy Serkis: J.R.R. Tolkien&#8230;<\/a><\/h3>\n<div class=\"td-module-meta-info\"><a href=\"https:\/\/r3media.ro\/category\/actualitate\/\" class=\"td-post-category\">ACTUALITATE<\/a><span class=\"td-post-author-name\"><a href=\"https:\/\/r3media.ro\/author\/oana\/\">Oana Ivan<\/a><span>&#8211;<\/span><\/span><span class=\"td-post-date\"><time class=\"entry-date updated td-module-date\" datetime=\"2026-07-26T15:49:31+03:00\">26\/07\/2026<\/time><\/span><\/div>\n<\/div>\n<\/div>\n<\/div>\n<\/div>\n<\/div>\n<div class=\"td-load-more-wrap td-load-more-infinite-wrap\" id=\"infinite-lm-tdi_20\"><a href=\"https:\/\/r3media.ro\/uber-introduce-plata-cash-noua-zeelanda-proiect-pilot-companie-acceptare-numerar-clienti\/\" class=\"td_ajax_load_more td_ajax_load_more_js\" aria-label=\"\u00cenc\u0103rca\u021bi mai multe\" id=\"next-page-tdi_20\" data-td_block_id=\"tdi_20\">\u00cenc\u0103rca\u021bi mai multe<\/a><\/div>\n<\/div>\n<div class=\"td_block_wrap tdb_single_comments tdi_21 tdb-comm-layout2 td-pb-border-top td_block_template_1\" data-td-block-uid=\"tdi_21\">\n<div class=\"tdb-block-inner td-fix-index\">\n<div class=\"comments\" id=\"comments\">\n<div id=\"respond\" class=\"comment-respond\">\n<h3 id=\"reply-title\" class=\"comment-reply-title\">AI CEVA DE SPUS? <small><a rel=\"nofollow\" id=\"cancel-comment-reply-link\" href=\"https:\/\/r3media.ro\/uber-introduce-plata-cash-noua-zeelanda-proiect-pilot-companie-acceptare-numerar-clienti\/#respond\">Renun\u021ba\u021bi la r\u0103spuns<\/a><\/small><\/h3>\n<div class=\"comment-form-input-wrap td-form-comment\">\n<div class=\"td-warning-comment\">V\u0103 rug\u0103m s\u0103 introduce\u021bi comentariul dvs.!<\/div>\n<\/div>\n<div class=\"comment-form-input-wrap td-form-author\">\n<div class=\"td-warning-author\">Introduce\u021bi aici numele dvs.<\/div>\n<\/div>\n<div class=\"comment-form-input-wrap td-form-email\">\n<div class=\"td-warning-email-error\">A\u021bi introdus o adres\u0103 de e-mail incorect\u0103!<\/div>\n<div class=\"td-warning-email\">V\u0103 rug\u0103m s\u0103 introduce\u021bi adresa dvs. de e-mail aici<\/div>\n<\/div>\n<\/div>\n<\/div>\n<\/div>\n<\/div>\n<\/div>\n<\/div>\n<div class=\"vc_column tdi_23  wpb_column vc_column_container tdc-column td-pb-span4 td-is-sticky\">\n<div class=\"wpb_wrapper\" data-sticky-enabled-on=\"W3RydWUsdHJ1ZSx0cnVlLHRydWVd\" data-sticky-offset=\"20\" data-sticky-is-width-auto=\"W2ZhbHNlLGZhbHNlLGZhbHNlLGZhbHNlXQ==\">\n<div class=\"wpb_wrapper td_block_wrap vc_widget_sidebar tdi_25 \">\n<div class=\"td_block_wrap td_block_7 td_block_widget tdi_26 td-pb-border-top td_block_template_1 td-column-1 td_block_padding\" data-td-block-uid=\"tdi_26\">\n<div class=\"td-block-title-wrap\">\n<h4 class=\"block-title td-block-title\"><span class=\"td-pulldown-size\">Articole RELA\u021aIONATE<\/span><\/h4>\n<\/div>\n<div id=\"tdi_26\" class=\"td_block_inner\">\n<div class=\"td-block-span12\">\n<div class=\"td_module_6 td_module_wrap td-animation-stack\">\n<div class=\"td-module-thumb\"><a href=\"https:\/\/r3media.ro\/ilie-bolojan-minte-romani-dacia-ford-suspendare-productie-economie-energie\/\" rel=\"bookmark\" class=\"td-image-wrap \" title=\"Ilie Bolojan i-a min\u021bit \u00een fa\u021b\u0103 pe rom\u00e2ni spun\u00e2ndu-le c\u0103 Dacia \u0219i Ford \u00ee\u0219i suspend\u0103 produc\u021bia pentru a face economie la energie\"><img loading=\"lazy\" decoding=\"async\" class=\"entry-thumb\" src=\"https:\/\/r3media.ro\/wp-content\/uploads\/2024\/11\/Ilie-Bolojan-100x70.avif\" alt title=\"Ilie Bolojan i-a min\u021bit \u00een fa\u021b\u0103 pe rom\u00e2ni spun\u00e2ndu-le c\u0103 Dacia \u0219i Ford \u00ee\u0219i suspend\u0103 produc\u021bia pentru a face economie la energie\" width=\"100\" height=\"70\"><\/a><\/div>\n<div class=\"item-details\">\n<h3 class=\"entry-title td-module-title\"><a href=\"https:\/\/r3media.ro\/ilie-bolojan-minte-romani-dacia-ford-suspendare-productie-economie-energie\/\" rel=\"bookmark\" title=\"Ilie Bolojan i-a min\u021bit \u00een fa\u021b\u0103 pe rom\u00e2ni spun\u00e2ndu-le c\u0103 Dacia \u0219i Ford \u00ee\u0219i suspend\u0103 produc\u021bia pentru a face economie la energie\">Ilie Bolojan i-a min\u021bit \u00een fa\u021b\u0103 pe rom\u00e2ni spun\u00e2ndu-le c\u0103 Dacia&#8230;<\/a><\/h3>\n<div class=\"td-module-meta-info\"><span class=\"td-post-date\"><time class=\"entry-date updated td-module-date\" datetime=\"2026-08-04T16:29:07+03:00\">04\/08\/2026<\/time><\/span><\/div>\n<\/div>\n<\/div>\n<\/div>\n<div class=\"td-block-span12\">\n<div class=\"td_module_6 td_module_wrap td-animation-stack\">\n<div class=\"td-module-thumb\"><a href=\"https:\/\/r3media.ro\/trotinetele-electrice-ravagii-republica-moldova-accidente-conducatori-bauti\/\" rel=\"bookmark\" class=\"td-image-wrap \" title=\"Trotinetele electrice fac ravagii \u00een Republica Moldova: Peste 70 de accidente \u00een 2026 \u0219i sute de conduc\u0103tori prin\u0219i b\u0103u\u021bi\"><img loading=\"lazy\" decoding=\"async\" class=\"entry-thumb\" src=\"https:\/\/r3media.ro\/wp-content\/uploads\/2025\/09\/control-judiciar-trotinetist-100x70.png\" alt title=\"Trotinetele electrice fac ravagii \u00een Republica Moldova: Peste 70 de accidente \u00een 2026 \u0219i sute de conduc\u0103tori prin\u0219i b\u0103u\u021bi\" width=\"100\" height=\"70\"><\/a><\/div>\n<div class=\"item-details\">\n<h3 class=\"entry-title td-module-title\"><a href=\"https:\/\/r3media.ro\/trotinetele-electrice-ravagii-republica-moldova-accidente-conducatori-bauti\/\" rel=\"bookmark\" title=\"Trotinetele electrice fac ravagii \u00een Republica Moldova: Peste 70 de accidente \u00een 2026 \u0219i sute de conduc\u0103tori prin\u0219i b\u0103u\u021bi\">Trotinetele electrice fac ravagii \u00een Republica Moldova: Peste 70 de accidente&#8230;<\/a><\/h3>\n<div class=\"td-module-meta-info\"><span class=\"td-post-date\"><time class=\"entry-date updated td-module-date\" datetime=\"2026-08-04T16:10:50+03:00\">04\/08\/2026<\/time><\/span><\/div>\n<\/div>\n<\/div>\n<\/div>\n<div class=\"td-block-span12\">\n<div class=\"td_module_6 td_module_wrap td-animation-stack\">\n<div class=\"td-module-thumb\"><a href=\"https:\/\/r3media.ro\/romania-consum-energie-electrica-locuitor-ue\/\" rel=\"bookmark\" class=\"td-image-wrap \" title=\"Rom\u00e2nia are cel mai mic consum de energie electric\u0103 pe cap locuitor din Uniunea European\u0103. Influencer: Cum s\u0103 mai economisim, din ce?\"><img loading=\"lazy\" decoding=\"async\" class=\"entry-thumb\" src=\"https:\/\/r3media.ro\/wp-content\/uploads\/2022\/09\/casa-cu-un-bec-100x70.jpg\" alt title=\"Rom\u00e2nia are cel mai mic consum de energie electric\u0103 pe cap locuitor din Uniunea European\u0103. Influencer: Cum s\u0103 mai economisim, din ce?\" width=\"100\" height=\"70\"><\/a><\/div>\n<div class=\"item-details\">\n<h3 class=\"entry-title td-module-title\"><a href=\"https:\/\/r3media.ro\/romania-consum-energie-electrica-locuitor-ue\/\" rel=\"bookmark\" title=\"Rom\u00e2nia are cel mai mic consum de energie electric\u0103 pe cap locuitor din Uniunea European\u0103. Influencer: Cum s\u0103 mai economisim, din ce?\">Rom\u00e2nia are cel mai mic consum de energie electric\u0103 pe cap&#8230;<\/a><\/h3>\n<div class=\"td-module-meta-info\"><span class=\"td-post-date\"><time class=\"entry-date updated td-module-date\" datetime=\"2026-08-04T15:07:49+03:00\">04\/08\/2026<\/time><\/span><\/div>\n<\/div>\n<\/div>\n<\/div>\n<div class=\"td-block-span12\">\n<div class=\"td_module_6 td_module_wrap td-animation-stack\">\n<div class=\"td-module-thumb\"><a href=\"https:\/\/r3media.ro\/niculina-stelea-aur-green-deal-bruxelles-energie\/\" rel=\"bookmark\" class=\"td-image-wrap \" title=\"Niculina Stelea (AUR): \u201eDelirul verde\u201d, intitulat pompos Green Deal de c\u0103tre Bruxelles, este \u00een mare m\u0103sur\u0103 vinovat de prezumtiva apocalips\u0103 energetic\u0103\"><img loading=\"lazy\" decoding=\"async\" class=\"entry-thumb\" src=\"https:\/\/r3media.ro\/wp-content\/uploads\/2026\/08\/Niculina-Stelea-100x70.jpeg\" alt title=\"Niculina Stelea (AUR): \u201eDelirul verde\u201d, intitulat pompos Green Deal de c\u0103tre Bruxelles, este \u00een mare m\u0103sur\u0103 vinovat de prezumtiva apocalips\u0103 energetic\u0103\" width=\"100\" height=\"70\"><\/a><\/div>\n<div class=\"item-details\">\n<h3 class=\"entry-title td-module-title\"><a href=\"https:\/\/r3media.ro\/niculina-stelea-aur-green-deal-bruxelles-energie\/\" rel=\"bookmark\" title=\"Niculina Stelea (AUR): \u201eDelirul verde\u201d, intitulat pompos Green Deal de c\u0103tre Bruxelles, este \u00een mare m\u0103sur\u0103 vinovat de prezumtiva apocalips\u0103 energetic\u0103\">Niculina Stelea (AUR): \u201eDelirul verde\u201d, intitulat pompos Green Deal de c\u0103tre&#8230;<\/a><\/h3>\n<div class=\"td-module-meta-info\"><span class=\"td-post-date\"><time class=\"entry-date updated td-module-date\" datetime=\"2026-08-04T14:13:44+03:00\">04\/08\/2026<\/time><\/span><\/div>\n<\/div>\n<\/div>\n<\/div>\n<div class=\"td-block-span12\">\n<div class=\"td_module_6 td_module_wrap td-animation-stack\">\n<div class=\"td-module-thumb\"><a href=\"https:\/\/r3media.ro\/la-multi-ani-timisoara\/\" rel=\"bookmark\" class=\"td-image-wrap \" title=\"La mul\u021bi ani, Timi\u0219oara!\"><img loading=\"lazy\" decoding=\"async\" class=\"entry-thumb\" src=\"https:\/\/r3media.ro\/wp-content\/uploads\/2026\/08\/Timisoara-980x581-1-100x70.jpg\" alt title=\"La mul\u021bi ani, Timi\u0219oara!\" width=\"100\" height=\"70\"><\/a><\/div>\n<div class=\"item-details\">\n<h3 class=\"entry-title td-module-title\"><a href=\"https:\/\/r3media.ro\/la-multi-ani-timisoara\/\" rel=\"bookmark\" title=\"La mul\u021bi ani, Timi\u0219oara!\">La mul\u021bi ani, Timi\u0219oara!<\/a><\/h3>\n<div class=\"td-module-meta-info\"><span class=\"td-post-date\"><time class=\"entry-date updated td-module-date\" datetime=\"2026-08-04T11:33:09+03:00\">04\/08\/2026<\/time><\/span><\/div>\n<\/div>\n<\/div>\n<\/div>\n<div class=\"td-block-span12\">\n<div class=\"td_module_6 td_module_wrap td-animation-stack\">\n<div class=\"td-module-thumb\"><a href=\"https:\/\/r3media.ro\/control-modele-inteligenta-artificiala-auto-programeaza-imbunatatesc-pe-cont-propriu\/\" rel=\"bookmark\" class=\"td-image-wrap \" title=\"Vom mai putea controla modelele de Inteligen\u021b\u0103 Artificial\u0103 care se auto-programeaz\u0103 \u015fi se \u00eembun\u0103t\u0103\u0163esc pe cont propriu?\"><img loading=\"lazy\" decoding=\"async\" class=\"entry-thumb\" src=\"https:\/\/r3media.ro\/wp-content\/uploads\/2023\/10\/AI-inteligenta-artificiala-1536x866-1-100x70.webp\" alt title=\"Vom mai putea controla modelele de Inteligen\u021b\u0103 Artificial\u0103 care se auto-programeaz\u0103 \u015fi se \u00eembun\u0103t\u0103\u0163esc pe cont propriu?\" width=\"100\" height=\"70\"><\/a><\/div>\n<div class=\"item-details\">\n<h3 class=\"entry-title td-module-title\"><a href=\"https:\/\/r3media.ro\/control-modele-inteligenta-artificiala-auto-programeaza-imbunatatesc-pe-cont-propriu\/\" rel=\"bookmark\" title=\"Vom mai putea controla modelele de Inteligen\u021b\u0103 Artificial\u0103 care se auto-programeaz\u0103 \u015fi se \u00eembun\u0103t\u0103\u0163esc pe cont propriu?\">Vom mai putea controla modelele de Inteligen\u021b\u0103 Artificial\u0103 care se auto-programeaz\u0103&#8230;<\/a><\/h3>\n<div class=\"td-module-meta-info\"><span class=\"td-post-date\"><time class=\"entry-date updated td-module-date\" datetime=\"2026-08-04T11:27:10+03:00\">04\/08\/2026<\/time><\/span><\/div>\n<\/div>\n<\/div>\n<\/div>\n<div class=\"td-block-span12\">\n<div class=\"td_module_6 td_module_wrap td-animation-stack\">\n<div class=\"td-module-thumb\"><a href=\"https:\/\/r3media.ro\/ministrul-interimar-aparare-partenerii-ucraineni-drone-constanta\/\" rel=\"bookmark\" class=\"td-image-wrap \" title=\"Ministrul interimar al Ap\u0103r\u0103rii: Cu tot respectul pentru partenerii ucrainieni, cu care avem o rela\u0163ie bun\u0103, astfel de drone n-au ce c\u0103uta la Constan\u021ba\"><img loading=\"lazy\" decoding=\"async\" class=\"entry-thumb\" src=\"https:\/\/r3media.ro\/wp-content\/uploads\/2026\/06\/explozie-drona-marina-constanta-100x70.png\" alt title=\"Ministrul interimar al Ap\u0103r\u0103rii: Cu tot respectul pentru partenerii ucrainieni, cu care avem o rela\u0163ie bun\u0103, astfel de drone n-au ce c\u0103uta la Constan\u021ba\" width=\"100\" height=\"70\"><\/a><\/div>\n<div class=\"item-details\">\n<h3 class=\"entry-title td-module-title\"><a href=\"https:\/\/r3media.ro\/ministrul-interimar-aparare-partenerii-ucraineni-drone-constanta\/\" rel=\"bookmark\" title=\"Ministrul interimar al Ap\u0103r\u0103rii: Cu tot respectul pentru partenerii ucrainieni, cu care avem o rela\u0163ie bun\u0103, astfel de drone n-au ce c\u0103uta la Constan\u021ba\">Ministrul interimar al Ap\u0103r\u0103rii: Cu tot respectul pentru partenerii ucrainieni, cu&#8230;<\/a><\/h3>\n<div class=\"td-module-meta-info\"><span class=\"td-post-date\"><time class=\"entry-date updated td-module-date\" datetime=\"2026-08-04T08:49:29+03:00\">04\/08\/2026<\/time><\/span><\/div>\n<\/div>\n<\/div>\n<\/div>\n<\/div>\n<\/div>\n<aside class=\"td_block_template_1 widget widget_recent_comments\">\n<h4 class=\"block-title\"><span>INTR\u0102 \u00ceN DISCU\u021aIE!<\/span><\/h4>\n<ul id=\"recentcomments\">\n<li class=\"recentcomments\"><span class=\"comment-author-link\">Nicu<\/span> la <a href=\"https:\/\/r3media.ro\/ministr-securitate-energetica-marea-britanie-subventii-net-zero-umfla-facturi-cetateni-energie\/#comment-40348\">Ministrul Securit\u0103\u021bii Energetice din Marea Britanie neag\u0103 faptul c\u0103 subven\u021biile Net Zero umfl\u0103 facturile cet\u0103\u021benilor la energie<\/a><\/li>\n<li class=\"recentcomments\"><span class=\"comment-author-link\">Nicu<\/span> la <a href=\"https:\/\/r3media.ro\/sursa-crizei-energetice-radu-miruta-romania-capacitati-carbune-seceta\/#comment-40347\">Sursa crizei energetice. Ministrul Radu Miru\u021b\u0103: Rom\u00e2nia a \u00eenchis capacit\u0103\u021bi de produc\u021bie pe carbune f\u0103r\u0103 s\u0103 pun\u0103 nimic \u00een loc. Nu te po\u021bi ascunde \u00een spatele secetei<\/a><\/li>\n<li class=\"recentcomments\"><span class=\"comment-author-link\">Gavril\u0103 Moldovan<\/span> la <a href=\"https:\/\/r3media.ro\/prima-oara-istorie-presedintia-document-primplan-patriotism-european\/#comment-40346\">Pentru prima oar\u0103 \u00een istorie, Pre\u0219edin\u021bia Rom\u00e2niei emite un document care pune pe primul plan o alt\u0103 entitate dec\u00e2t \u021bara noastr\u0103: patriotismul european<\/a><\/li>\n<li class=\"recentcomments\"><span class=\"comment-author-link\">Redac\u021bia<\/span> la <a href=\"https:\/\/r3media.ro\/statul-roman-a-semnat-actul-propriei-disparitii\/#comment-40345\">Statul rom\u00e2n a semnat actul propriei dispari\u021bii?<\/a><\/li>\n<li class=\"recentcomments\"><span class=\"comment-author-link\">Cet\u0103\u021bean<\/span> la <a href=\"https:\/\/r3media.ro\/sursa-crizei-energetice-radu-miruta-romania-capacitati-carbune-seceta\/#comment-40344\">Sursa crizei energetice. Ministrul Radu Miru\u021b\u0103: Rom\u00e2nia a \u00eenchis capacit\u0103\u021bi de produc\u021bie pe carbune f\u0103r\u0103 s\u0103 pun\u0103 nimic \u00een loc. Nu te po\u021bi ascunde \u00een spatele secetei<\/a><\/li>\n<li class=\"recentcomments\"><span class=\"comment-author-link\"><a href=\"https:\/\/r3media.ro\/statul-roman-a-semnat-actul-propriei-disparitii\/\" class=\"url\" rel=\"ugc\">Stalin<\/a><\/span> la <a href=\"https:\/\/r3media.ro\/statul-roman-a-semnat-actul-propriei-disparitii\/#comment-40343\">Statul rom\u00e2n a semnat actul propriei dispari\u021bii?<\/a><\/li>\n<li class=\"recentcomments\"><span class=\"comment-author-link\">B<\/span> la <a href=\"https:\/\/r3media.ro\/dragostea-care-transcende-epoci-descult-in-parc-1967\/#comment-40342\">Dragostea care transcende epoci \u2014 Descul\u021b \u00een parc (1967)<\/a><\/li>\n<\/ul>\n<\/aside>\n<aside class=\"td_block_template_1 widget widget_search\">\n<h4 class=\"block-title\"><span>CAUT\u0102 \u0218I VEI G\u0102SI<\/span><\/h4>\n<\/aside>\n<\/div>\n<\/div>\n<\/div>\n<\/div>\n<\/div>\n<\/div>\n<\/div>\n<p><span class=\"td-page-meta\"><\/span><span class=\"td-page-meta\"><span class=\"td-page-meta\"><\/span><\/span><span class=\"td-page-meta\"><\/span><\/article>\n<\/p>\n<div class=\"td_block_wrap tdb_single_content tdi_18 td-pb-border-top td_block_template_1 td-post-content tagdiv-type\" data-td-block-uid=\"tdi_18\">\n<div class=\"tdb-block-inner td-fix-index\">\n<p><strong>Cet\u0103\u021benii din Noua Zeeland\u0103 au de acum \u00eenainte o nou\u0103 modalitate de a-\u0219i pl\u0103ti cursele <a href=\"https:\/\/r3media.ro\/tag\/uber\/\" target=\"_blank\" rel=\"noopener\">Uber<\/a>. De la sf\u00e2r\u0219itul lunii iulie, Uber a lansat treptat numerarul ca o nou\u0103 op\u021biune de plat\u0103 pentru a oferi neozeelandezilor mai multe op\u021biuni. <a href=\"https:\/\/www.uber.com\/nz\/en\/newsroom\/cashnzlaunch\/\" target=\"_blank\" rel=\"noopener\">Compania<\/a> anun\u021b\u0103 c\u0103, astfel, se asigur\u0103 c\u0103 metodele de plat\u0103 nu reprezint\u0103 un obstacol \u00een calea accesului la un transport fiabil.<\/strong><\/p>\n<p>Lansarea la nivel na\u021bional vine \u00een urma unui proiect pilot de succes din New Plymouth la \u00eenceputul acestui an. Feedback-ul primit a ar\u0103tat c\u0103 activarea numerarului ca metod\u0103 de plat\u0103 le-a oferit pasagerilor mai multe op\u021biuni \u0219i a f\u0103cut Uber mai u\u0219or de utilizat pentru persoanele care prefer\u0103 sau au nevoie s\u0103 pl\u0103teasc\u0103 cu numerar. Pentru partenerii \u0219oferi, noua op\u021biune de plat\u0103 \u00eei ajut\u0103, de asemenea, s\u0103 se conecteze cu un grup mai larg de pasageri. Ace\u0219tia au fost solicita\u021bi pentru mai multe curse de c\u00e2nd s-a implementat numerarul.<\/p>\n<h2><strong>Acceptarea pl\u0103\u021bii cash de c\u0103tre Uber nu creeaz\u0103 probleme, dimpotriv\u0103<\/strong><\/h2>\n<p>\u00a0<\/p>\n<p>De\u0219i experien\u021ba digital\u0103 continu\u0103 s\u0103 fie \u00een centrul Uber, o op\u021biune revolu\u021bionat\u0103 de plat\u0103 cu numerar poate fi, de asemenea, digital\u0103 \u00een primul r\u00e2nd. Uber introduce aceast\u0103 func\u021bie de plat\u0103 pentru a face plata cu numerar f\u0103r\u0103 probleme at\u00e2t pentru pasageri, c\u00e2t \u0219i pentru partenerii \u0219oferi.<\/p>\n<ul>\n<li><strong>Pre\u021buri transparente.<\/strong> Ca toate cursele Uber, pasagerii vor vedea un pre\u021b \u00een avans \u00eenainte de a-\u0219i confirma cursa. Ei vor \u0219ti exact de c\u00e2\u021bi bani vor avea nevoie.<\/li>\n<li><strong>Dac\u0103 nu au suficien\u021bi bani cash, Uber gestioneaz\u0103 problema digital.<\/strong> \u00cen rara situa\u021bie \u00een care un pasager s-ar putea s\u0103 nu aib\u0103 suficien\u021bi numerar la sosire, acesta poate pl\u0103ti \u0219oferului cu suma pe care o are la \u00eendem\u00e2n\u0103. Uber va solicita pur \u0219i simplu pasagerului s\u0103 ramburseze soldul r\u0103mas \u00een aplica\u021bie \u00eenainte de a solicita urm\u0103toarea curs\u0103.<\/li>\n<li><strong>Dac\u0103 \u0219oferul nu are bani s\u0103 dea rest, Uber gestioneaz\u0103 \u0219i aceast\u0103 problem\u0103 tot digital.<\/strong> Dac\u0103 un \u0219ofer partener nu are suficient rest, Uber va credita automat diferen\u021ba exact\u0103 direct \u00een contul pasagerului ca Uber Cash dup\u0103 \u00eencheierea cursei. Creditele Uber Cash pot fi folosite at\u00e2t pentru Uber, c\u00e2t \u0219i pentru Uber Eats.<\/li>\n<li><strong>Dac\u0103 pasagerul se r\u0103zg\u00e2nde\u0219te sau schimb\u0103 op\u021biunea de plat\u0103 \u00een timpul c\u0103l\u0103toriei?<\/strong> Dac\u0103 un pasager \u00ee\u0219i d\u0103 seama \u00een timpul c\u0103l\u0103toriei c\u0103 nu are suficien\u021bi bani fizici sau pur \u0219i simplu prefer\u0103 s\u0103 utilizeze plata digital\u0103, pasagerii pot trece la un card bancar acceptat sau la o plat\u0103 digital\u0103 \u00een orice moment al c\u0103l\u0103toriei.<\/li>\n<\/ul>\n<h2><strong>Plata cash \u00een Uber: O nou\u0103 op\u021biune pentru flexibilitatea transportului<\/strong><\/h2>\n<p>\u00a0<\/p>\n<p>Uber \u00ee\u0219i extinde op\u021biunile de plat\u0103 \u0219i introduce numerarul pentru cursele din Noua Zeeland\u0103. M\u0103sura vine \u00een sprijinul persoanelor care \u00ee\u0219i gestioneaz\u0103 bugetul zilnic folosind bani lichizi. Noua metod\u0103 completeaz\u0103 cardurile de credit \u0219i debit, reduc\u00e2nd barierele din cale accesului la transport fiabil.<\/p>\n<p>\u201eTransportul fiabil ar trebui s\u0103 fie accesibil c\u00e2t mai multor persoane. Alegerea modului \u00een care oamenii pl\u0103tesc este o parte important\u0103 a acestui lucru. Pentru mul\u021bi neozeelandezi, numerarul joac\u0103 \u00eenc\u0103 un rol practic \u00een modul \u00een care \u00ee\u0219i stabilesc bugetul, pl\u0103tesc pentru lucrurile esen\u021biale de zi cu zi sau \u00ee\u0219i gestioneaz\u0103 cheltuielile zilnice. Introducerea numerarului ca metod\u0103 de plat\u0103 ofer\u0103 pasagerilor o alt\u0103 modalitate de a pl\u0103ti pentru cursele Uber, al\u0103turi de op\u021biuni digitale, cum ar fi cardurile de credit \u0219i de debit, \u0219i ajut\u0103 la reducerea barierelor \u00een calea ajungerii acolo unde trebuie.<\/p>\n<p>Este vorba despre a-i \u00eent\u00e2lni pe pasageri acolo unde se afl\u0103 \u0219i de a face Uber s\u0103 func\u021bioneze mai bine pentru diferitele moduri \u00een care oamenii \u00ee\u0219i gestioneaz\u0103 banii \u0219i se deplaseaz\u0103\u201d, a declarat Emma Foley, director general al Uber Australia \u0219i Noua Zeeland\u0103.<\/p>\n<h2><strong>Cet\u0103\u021benii din Noua Zeeland\u0103 continu\u0103 s\u0103 foloseasc\u0103 numerar<\/strong><\/h2>\n<p>\u00a0<\/p>\n<p>De\u0219i pl\u0103\u021bile digitale au fost rapid adoptate, numerarul \u00ee\u0219i are \u00eenc\u0103 locul \u00een portofelele neozeelandeze. Potrivit B\u0103ncii Rezervei Noii Zeelande, peste 80% dintre adul\u021bi folosesc uneori numerar. Totodat\u0103, peste jum\u0103tate (56%) p\u0103streaz\u0103 numerar la \u00eendem\u00e2n\u0103. Fie c\u0103 este vorba de achizi\u021bii mici, urgen\u021be, bugetare sau lucruri esen\u021biale de zi cu zi, neozeelandezii continu\u0103 s\u0103 pre\u021buiasc\u0103 posibilitatea de a alege atunci c\u00e2nd vine vorba de modul \u00een care pl\u0103tesc.<\/p>\n<p>Plata \u00een numerar cu Uber va fi lansat\u0103 la nivel na\u021bional pentru cursele UberX, Black, Comfort, Electric, UberXL, Uber Pet, Assist \u0219i Taxi \u00een Noua Zeeland\u0103 \u00eencep\u00e2nd cu sf\u00e2r\u0219itul lunii iulie, \u00een aplica\u021bia Uber. Plata \u00een numerar cu Uber este disponibil\u0103 \u0219i \u00een peste 70 de \u021b\u0103ri, inclusiv Australia, Japonia, Fran\u021ba \u0219i Regatul Unit.<\/p>\n<h2><strong>BNR le-a recomandat rom\u00e2nilor s\u0103 foloseasc\u0103 numerarul<\/strong><\/h2>\n<p>\u00a0<\/p>\n<p>Recent, <strong><a href=\"https:\/\/r3media.ro\/tag\/banca-nationala-a-romaniei-bnr\/\" target=\"_blank\" rel=\"noopener\">Banca Na\u021bional\u0103 a Rom\u00e2niei (BNR)<\/a><\/strong> le-a recomandat rom\u00e2nilor s\u0103 p\u0103streze rezerve de numerar. \u00centr-un comunicat publicat pe <a href=\"https:\/\/www.bnr.ro\/25676-2026-07-24-precizari-privind-securitatea-cibernetica-a-sistemului-financiar-si-rolul-numerarului\" target=\"_blank\" rel=\"noopener\">site<\/a>-ul institu\u021biei, BNR a informat c\u0103 CERS (Comitetul European pentru Risc Sistemic) a publicat Avertismentul CERS\/2026\/3 privind riscurile cibernetice sistemice generate de modelele de inteligen\u021b\u0103 artificial\u0103 de frontier\u0103.<\/p>\n<p>BNR a transmis c\u0103 numerarul r\u0103m\u00e2ne o component\u0103 esen\u021bial\u0103 a sistemului monetar. \u00cen plus, numerarul se poate dovedi relevant \u00een situa\u021bii de criz\u0103, potrivit BNR.<\/p>\n<p>Un alt jurnalist rom\u00e2n care s-a declarat pro-numerar este Mircea Badea. Acesta <strong><a href=\"https:\/\/r3media.ro\/plata-cu-cardul-mircea-badea-nu-mai-plec-de-acasa-fara-bani-cash-spalarea-pe-creier-a-oamenilor-de-pe-planeta-este-ingrozitoare-dar-oamenii-merita\/\" target=\"_blank\" rel=\"noopener\">a anun\u021bat c\u0103 nu mai pleac\u0103 f\u0103r\u0103 bani cash<\/a><\/strong> la el. De asemnea, M\u0103d\u0103lin Ionescu a spus c\u0103 prin eliminarea banilor cash <a href=\"https:\/\/r3media.ro\/madalin-ionescu-eliminare-bani-cash-inceput-dictatura-guverne-banci-corporatii-numerar-periculos-libertate\/\" target=\"_blank\" rel=\"noopener\"><strong>se construie\u0219te o dictatur\u0103 modern\u0103<\/strong><\/a>.<\/p>\n<p>\u201eA\u0219a \u00eencepe fiecare dictatur\u0103 modern\u0103: cu un z\u00e2mbet \u0219i o aplica\u021bie. C\u0103 dispari\u021bia cash-ului va\u00a0<em>\u201elimita sp\u0103larea banilor\u201d<\/em>. C\u0103\u00a0<em>\u201eva combate traficul \u0219i evaziunea fiscal\u0103\u201d<\/em>. C\u0103\u00a0<em>\u201etotul va fi mai curat, mai transparent\u201d <\/em>(\u2026)\u201d, a scris jurnalistul.<\/p>\n<div class=\"crp_related     crp-masonry\">\n<h2>\u00ceN CONTEXT<\/h2>\n<ul>\n<li><a href=\"https:\/\/r3media.ro\/fara-tine-in-google-r3media-dispare-iata-ce-poti-face-in-10-secunde\/\" class=\"crp_link post-119031\"><span class=\"crp_title\">F\u0103r\u0103 tine \u00een Google, R3media dispare. Iat\u0103 ce po\u021bi face \u00een 10 secunde<\/span><\/a><\/li>\n<li><a href=\"https:\/\/r3media.ro\/madalin-ionescu-eliminare-bani-cash-inceput-dictatura-guverne-banci-corporatii-numerar-periculos-libertate\/\" class=\"crp_link post-112240\"><span class=\"crp_title\">Jurnalistul M\u0103d\u0103lin Ionescu explic\u0103 de ce se \u00eencearc\u0103 eliminarea banilor cash: A\u0219a \u00eencepe\u2026<\/span><\/a><\/li>\n<li><a href=\"https:\/\/r3media.ro\/victorie-a-libertatii-slovenia-parlamentul-votat-introducere-constitutie-drept-utilizare-numerar-cetateni\/\" class=\"crp_link post-114394\"><span class=\"crp_title\">Victorie a libert\u0103\u021bii \u00een Slovenia: Parlamentul a votat introducerea \u00een Constitu\u021bie a\u2026<\/span><\/a><\/li>\n<li><a href=\"https:\/\/r3media.ro\/bnr-recomanda-romani-rezerve-de-cash-atacuri-cibernetice-numerar-relevant-criza\/\" class=\"crp_link post-120512\"><span class=\"crp_title\">BNR le recomand\u0103 rom\u00e2nilor s\u0103 p\u0103streze rezerve de cash: Numerarul se poate dovedi relevant \u00een criz\u0103<\/span><\/a><\/li>\n<li><a href=\"https:\/\/r3media.ro\/primul-pas-catre-interzicerea-banilor-cash-pasagerii-care-tranziteaza-aeroportul-otopeni-nu-mai-pot-plati-cu-numerar-serviciile-suplimentare\/\" class=\"crp_link post-115991\"><span class=\"crp_title\">Primul pas c\u0103tre interzicerea banilor cash: Pasagerii care tranziteaz\u0103 Aeroportul Otopeni nu\u2026<\/span><\/a><\/li>\n<li><a href=\"https:\/\/r3media.ro\/gheorghe-piperea-europarlamentar-aur-ecr-un-atac-cibernetic-poate-bloca-platile-bancomatele-si-accesul-la-conturile-bancare-numerarul-trebuie-protejat-ca-ultima-garantie-a-independentei-financiar\/\" class=\"crp_link post-120326\"><span class=\"crp_title\">Gheorghe Piperea (europarlamentar AUR\/ECR): Un atac cibernetic poate bloca pl\u0103\u021bile,\u2026<\/span><\/a><\/li>\n<li><a href=\"https:\/\/r3media.ro\/datele-personale-mastercard-portofel-electronic-limitare-cash\/\" class=\"crp_link post-116033\"><span class=\"crp_title\">Pentru toate datele personale ale rom\u00e2nilor exist\u0103 Mastercard. Guvernul vrea s\u0103 dea\u2026<\/span><\/a><\/li>\n<li><a href=\"https:\/\/r3media.ro\/elvetia-cetatean-lasat-scoata-propriii-bani-banca-cetatenii-revolta-magazine-cafenele-restaurante-nu-accepta-numerarul\/\" class=\"crp_link post-114582\"><span class=\"crp_title\">Elve\u021bia | Un cet\u0103\u021bean nu a fost l\u0103sat s\u0103-\u0219i scoat\u0103 propriii bani din banc\u0103. Cet\u0103\u021benii se\u2026<\/span><\/a><\/li>\n<\/ul>\n<\/div>\n<\/div>\n<\/div>\n<p>[analyse_source url=&#8221;https:\/\/r3media.ro\/uber-introduce-plata-cash-noua-zeelanda-proiect-pilot-companie-acceptare-numerar-clienti\/&#8221;]<\/p>\n","protected":false},"excerpt":{"rendered":"<p>[analyse_image type=&#8221;featured&#8221; src=&#8221;https:\/\/r3media.ro\/wp-content\/uploads\/2026\/08\/interior-masina-uber-scaled-e1785851996706.jpghttps:\/\/r3media.ro\/wp-content\/uploads\/2026\/08\/interior-masina-uber-scaled-e1785851996706.jpg&#8221;] FEATUREDUber introduce plata cash \u00een Noua Zeeland\u0103. Un proiect-pilot a ar\u0103tat companiei&#8230; FEATURED\u0218TIRI Uber introduce plata cash \u00een Noua Zeeland\u0103. Un proiect-pilot a ar\u0103tat companiei c\u0103 acceptarea numerarului a adus mai mul\u021bi clien\u021bi Oana Ivan 04\/08\/2026 Surs\u0103 &#8211; Unsplash Cet\u0103\u021benii din Noua Zeeland\u0103 au de acum \u00eenainte o nou\u0103 modalitate de a-\u0219i [&hellip;]<\/p>\n","protected":false},"author":1,"featured_media":0,"comment_status":"open","ping_status":"","sticky":false,"template":"","format":"standard","meta":{"footnotes":""},"categories":[89],"tags":[226,93],"class_list":["post-2077188","post","type-post","status-publish","format-standard","hentry","category-romania","tag-crawlmanager","tag-r3media-ro"],"_links":{"self":[{"href":"https:\/\/analyse.optim.biz\/index.php?rest_route=\/wp\/v2\/posts\/2077188","targetHints":{"allow":["GET"]}}],"collection":[{"href":"https:\/\/analyse.optim.biz\/index.php?rest_route=\/wp\/v2\/posts"}],"about":[{"href":"https:\/\/analyse.optim.biz\/index.php?rest_route=\/wp\/v2\/types\/post"}],"author":[{"embeddable":true,"href":"https:\/\/analyse.optim.biz\/index.php?rest_route=\/wp\/v2\/users\/1"}],"replies":[{"embeddable":true,"href":"https:\/\/analyse.optim.biz\/index.php?rest_route=%2Fwp%2Fv2%2Fcomments&post=2077188"}],"version-history":[{"count":0,"href":"https:\/\/analyse.optim.biz\/index.php?rest_route=\/wp\/v2\/posts\/2077188\/revisions"}],"wp:attachment":[{"href":"https:\/\/analyse.optim.biz\/index.php?rest_route=%2Fwp%2Fv2%2Fmedia&parent=2077188"}],"wp:term":[{"taxonomy":"category","embeddable":true,"href":"https:\/\/analyse.optim.biz\/index.php?rest_route=%2Fwp%2Fv2%2Fcategories&post=2077188"},{"taxonomy":"post_tag","embeddable":true,"href":"https:\/\/analyse.optim.biz\/index.php?rest_route=%2Fwp%2Fv2%2Ftags&post=2077188"}],"curies":[{"name":"wp","href":"https:\/\/api.w.org\/{rel}","templated":true}]}}