{"id":2077186,"date":"2026-08-04T13:10:50","date_gmt":"2026-08-04T10:10:50","guid":{"rendered":"https:\/\/analyse.optim.biz\/?p=2077186"},"modified":"2026-08-04T13:10:50","modified_gmt":"2026-08-04T10:10:50","slug":"trotinetele-electrice-fac-ravagii-in-republica-moldova-peste-70-de-accidente-in-2026-si-sute-de-conducatori-prinsi-bauti","status":"publish","type":"post","link":"https:\/\/analyse.optim.biz\/?p=2077186","title":{"rendered":"Trotinetele electrice fac ravagii \u00een Republica Moldova: Peste 70 de accidente \u00een 2026 \u0219i sute de conduc\u0103tori prin\u0219i b\u0103u\u021bi"},"content":{"rendered":"<p>[analyse_image type=&#8221;featured&#8221; src=&#8221;https:\/\/r3media.ro\/wp-content\/uploads\/2025\/09\/control-judiciar-trotinetist-e1756835479843.pnghttps:\/\/r3media.ro\/wp-content\/uploads\/2025\/09\/control-judiciar-trotinetist-e1756835479843.png&#8221;]<\/p>\n<article id=\"template-id-109\" class=\"post-109 tdb_templates type-tdb_templates status-publish post\">\n<div id=\"tdi_2\" class=\"tdc-zone\">\n<div class=\"tdc_zone tdi_3  wpb_row td-pb-row\">\n<div id=\"tdi_4\" class=\"tdc-row\">\n<div class=\"vc_row tdi_5  wpb_row td-pb-row\">\n<div class=\"vc_column tdi_7  wpb_column vc_column_container tdc-column td-pb-span8\">\n<div class=\"wpb_wrapper\">\n<div class=\"td_block_wrap tdb_breadcrumbs tdi_8 td-pb-border-top td_block_template_1 tdb-breadcrumbs \" data-td-block-uid=\"tdi_8\">\n<div class=\"tdb-block-inner td-fix-index\"><span><a title=\"Vede\u021bi toate articolele \u00een FEATURED\" class=\"tdb-entry-crumb\" href=\"https:\/\/r3media.ro\/category\/featured\/\">FEATURED<\/a><\/span><span class=\"tdb-bred-no-url-last\">Trotinetele electrice fac ravagii \u00een Republica Moldova: Peste 70 de accidente \u00een&#8230;<\/span><\/div>\n<\/div>\n<div class=\"td_block_wrap tdb_single_categories tdi_9 td-pb-border-top td_block_template_1 \" data-td-block-uid=\"tdi_9\">\n<div class=\"tdb-category td-fix-index\"><a class=\"tdb-entry-category\" href=\"https:\/\/r3media.ro\/category\/featured\/\">FEATURED<\/a><a class=\"tdb-entry-category\" href=\"https:\/\/r3media.ro\/category\/stiri\/\">\u0218TIRI<\/a><\/div>\n<\/div>\n<div class=\"td_block_wrap tdb_title tdi_10 tdb-single-title td-pb-border-top td_block_template_1\" data-td-block-uid=\"tdi_10\">\n<div class=\"tdb-block-inner td-fix-index\">\n<h1 class=\"tdb-title-text\">Trotinetele electrice fac ravagii \u00een Republica Moldova: Peste 70 de accidente \u00een 2026 \u0219i sute de conduc\u0103tori prin\u0219i b\u0103u\u021bi<\/h1>\n<\/div>\n<\/div>\n<div class=\"vc_row_inner tdi_12  vc_row vc_inner wpb_row td-pb-row\">\n<div class=\"vc_column_inner tdi_14  wpb_column vc_column_container tdc-inner-column td-pb-span12\">\n<div class=\"vc_column-inner\">\n<div class=\"wpb_wrapper\">\n<div class=\"td_block_wrap tdb_single_author tdi_15 td-pb-border-top td_block_template_1 tdb-post-meta\" data-td-block-uid=\"tdi_15\">\n<div class=\"tdb-block-inner td-fix-index\">\n<div class=\"tdb-author-name-wrap\"><a class=\"tdb-author-name\" href=\"https:\/\/r3media.ro\/author\/oana\/\">Oana Ivan<\/a><\/div>\n<\/div>\n<\/div>\n<div class=\"td_block_wrap tdb_single_date tdi_16 td-pb-border-top td_block_template_1 tdb-post-meta\" data-td-block-uid=\"tdi_16\">\n<div class=\"tdb-block-inner td-fix-index\"><time class=\"entry-date updated td-module-date\" datetime=\"2026-08-04T16:10:50+03:00\">04\/08\/2026<\/time><\/div>\n<\/div>\n<\/div>\n<\/div>\n<\/div>\n<\/div>\n<div class=\"td_block_wrap tdb_single_featured_image tdi_17 tdb-content-horiz-left td-pb-border-top td_block_template_1\" data-td-block-uid=\"tdi_17\">\n<div class=\"tdb-block-inner td-fix-index\">\n<figure><figcaption class=\"tdb-caption-text\">Surs\u0103 &#8211; Unsplash<\/figcaption><\/figure>\n<\/div>\n<\/div>\n<div class=\"td_block_wrap tdb_single_content tdi_18 td-pb-border-top td_block_template_1 td-post-content tagdiv-type\" data-td-block-uid=\"tdi_18\">\n<div class=\"tdb-block-inner td-fix-index\">\n<p><strong><a href=\"https:\/\/r3media.ro\/tag\/trotinete-electrice\/\" target=\"_blank\" rel=\"noopener\">Trotinetele electrice<\/a> au devenit o problem\u0103 \u0219i \u00een Republica Moldova. De la \u00eenceputul anului, aproape 1.700 de persoane au ajuns \u00een aten\u021bia Poli\u021biei. Dintre acestea, peste 300 de conduc\u0103tori de trotinete electrice au fost prin\u0219i \u00een stare de ebrietate, conform <a href=\"https:\/\/tvrmoldova.md\/article\/93d444002a9178b5\/pericol-pe-doua-roti-sute-de-conducatori-de-trotinete-prinsi-bauti-si-zeci-de-accidente-in-7-luni.html\" target=\"_blank\" rel=\"noopener\">TVR Moldova<\/a>.<\/strong><\/p>\n<p>Statisticile arat\u0103 \u0219i un num\u0103r \u00eengrijor\u0103tor de accidente. \u00cen primele \u0219apte luni au avut loc peste 70 de accidente rutiere cu implicarea conduc\u0103torilor de trotinete electrice. \u00cen urma acestora, dou\u0103 persoane \u0219i-au pierdut via\u021ba, iar 54 au fost traumatizate.<\/p>\n<p>Reprezentan\u0163ii Poli\u0163iei Na\u0163ionale spun c\u0103 trotinetele pot fi un pericol \u00een trafic. Statul nu are \u00eenc\u0103 un cadru legal clar privind folosirea lor. Oamenii legii \u00eendeamn\u0103 participan\u0163ii la trafic s\u0103 nu urce mai multe persoane pe o trotinet\u0103, s\u0103 adapteze viteza \u015fi s\u0103 fie echipa\u0163i corespunz\u0103tor.<\/p>\n<h2><strong>Ce se \u00eent\u00e2mpl\u0103 cu trotinetele electrice \u00een Rom\u00e2nia?<\/strong><\/h2>\n<p>\u00a0<\/p>\n<p>\u00cen Rom\u00e2nia Codul Rutier stabile\u0219te c\u0103 v\u00e2rsta minim\u0103 legal\u0103 pentru utilizarea trotinetei electrice pe domeniul public este de 14 ani. Exist\u0103 \u00eens\u0103 un proiect de lege (aprobat \u00een comisie \u0219i cu amendamente) care propune ridicarea acestei limite: conduc\u0103torul unei trotinete electrice ar urma s\u0103 aib\u0103 v\u00e2rsta de cel pu\u021bin 16 ani, iar pentru biciclete v\u00e2rsta minim\u0103 r\u0103m\u00e2ne 14 ani.<\/p>\n<p>\u00cen ultimii ani, \u021bara noastr\u0103 s-a confruntat cu nenum\u0103rate accidente \u00een care au fost implicate trotinete electrice. Multe dintre acestea s-au soldat cu r\u0103nirea grav\u0103 a celor implica\u021bi, iar \u00een cazuri nefericite, cu decese. De exemplu, la \u00eenceputul lunii trecute, un b\u0103rbat de 45 de ani din Istria, Constan\u021ba, <a href=\"https:\/\/r3media.ro\/barbat-45-ani-mort-cazut-trotineta-electrica-constanta\/\" target=\"_blank\" rel=\"noopener\"><strong>a murit<\/strong><\/a> dup\u0103 ce a c\u0103zut de pe trotineta electric\u0103. Accidentul a avut loc pe DJ226, \u00een zona Midia<\/p>\n<p>Totodat\u0103, multe trotinete electrice au luat foc din senin \u0219i au provocat pagube uria\u0219e. O\u00a0trotinet\u0103 electric\u0103 l\u0103sat\u0103 la \u00eenc\u0103rcat a provocat un incendiu cu pagube \u00eensemnate la o cas\u0103 din ora\u0219ul Curtici. Din fericire, nu au existat victime, pentru c\u0103 proprietarii locuin\u021bei s-au evacuat la timp<\/p>\n<h2><strong>Grecia a interzis trotinetele electrice pentru minori<\/strong><\/h2>\n<p>\u00a0<\/p>\n<p>Grecia a decis s\u0103 ia <a href=\"https:\/\/r3media.ro\/grecia-interzice-trotinete-electrice-pentru-minori\/\" target=\"_blank\" rel=\"noopener\"><strong>m\u0103suri dure<\/strong><\/a> \u00een ceea ce prive\u0219te utilizarea trotinetelor electrice de c\u0103tre minori. Din cauza num\u0103rului mare de accidente, utilizarea trotinetelor electrice este reglementat\u0103 prin reguli stricte care includ interzicerea acestora pentru persoanele sub 17 ani, limitarea vitezei maxime \u0219i amenzi mari pentru nerespectarea normelor.<\/p>\n<p>Regulile propuse includ, de asemenea, sanc\u021biuni mai aspre pentru conducerea periculoas\u0103 \u0219i obligativitatea unei asigur\u0103ri \u00een caz de accident. Datele Federa\u021biei Lucr\u0103torilor din Spitalele din Grecia arat\u0103 c\u0103 aproximativ 400 de copii \u0219i adolescen\u021bi au fost r\u0103ni\u021bi \u00een accidente cu trotinete electrice \u00een Grecia anul trecut.<\/p>\n<p>Unele dintre aceste incidente au avut consecin\u021be fatale, ceea ce a st\u00e2rnit \u00eengrijor\u0103ri legate de siguran\u021ba \u0219i a determinat autorit\u0103\u021bile s\u0103 ia m\u0103suri suplimentare.<\/p>\n<div class=\"crp_related     crp-masonry\">\n<h2>\u00ceN CONTEXT<\/h2>\n<ul>\n<li><a href=\"https:\/\/r3media.ro\/fara-tine-in-google-r3media-dispare-iata-ce-poti-face-in-10-secunde\/\" class=\"crp_link post-119031\"><span class=\"crp_title\">F\u0103r\u0103 tine \u00een Google, R3media dispare. Iat\u0103 ce po\u021bi face \u00een 10 secunde<\/span><\/a><\/li>\n<li><a href=\"https:\/\/r3media.ro\/procent-romani-unire-moldova-scadere-unionisti\/\" class=\"crp_link post-114910\"><span class=\"crp_title\">Procentul rom\u00e2nilor favorabili unirii cu Moldova, \u00een c\u0103dere liber\u0103: sunt cu 20% mai pu\u021bini\u2026<\/span><\/a><\/li>\n<li><a href=\"https:\/\/r3media.ro\/lege-sos-unirea-romaniei-cu-moldova-adoptat-disparitia-romaniei\/\" class=\"crp_link post-118965\"><span class=\"crp_title\">Un proiect de lege al SOS care prevede unirea Rom\u00e2niei cu Moldova, adoptat tacit de c\u0103tre\u2026<\/span><\/a><\/li>\n<li><a href=\"https:\/\/r3media.ro\/sondaj-curs-majoritate-romani-dreapta-prutului-vot-pentru-reunire-republica-moldova-romania\/\" class=\"crp_link post-114905\"><span class=\"crp_title\">Sondaj CURS | Majoritatea rom\u00e2nilor din dreapta Prutului ar vota pentru reunirea Republicii\u2026<\/span><\/a><\/li>\n<li><a href=\"https:\/\/r3media.ro\/republica-moldova-si-ucraina-aderare-ue\/\" class=\"crp_link post-118315\"><span class=\"crp_title\">Republica Moldova \u0219i Ucraina deschid primul capitol al negocierilor de aderare la UE<\/span><\/a><\/li>\n<li><a href=\"https:\/\/r3media.ro\/prof-dan-dungaciu-romania-ajutor-ucraina-republica-moldova\/\" class=\"crp_link post-120014\"><span class=\"crp_title\">Prof. Dan Dungaciu: Rom\u00e2nia s\u0103 nu mai ajute financiar Ucraina \u0219i Republica Moldova<\/span><\/a><\/li>\n<li><a href=\"https:\/\/r3media.ro\/blackout-masiv-republica-moldova-chisinau-regiuni-ramase-fara-curent-electric-salvare-romania\/\" class=\"crp_link post-114962\"><span class=\"crp_title\">Blackout masiv \u00een Republica Moldova: Chi\u0219in\u0103ul \u0219i mai multe regiuni au r\u0103mas f\u0103r\u0103 curent\u2026<\/span><\/a><\/li>\n<li><a href=\"https:\/\/r3media.ro\/maia-sandu-reunirea-republica-moldova-romania-organizare-referendum\/\" class=\"crp_link post-114747\"><span class=\"crp_title\">VIDEO | Maia Sandu: A\u0219 vota pentru reunirea cu Rom\u00e2nia, dac\u0103 s-ar organiza un referendum \u00een\u2026<\/span><\/a><\/li>\n<\/ul>\n<\/div>\n<\/div>\n<\/div>\n<div class=\"td_block_wrap tdb_single_tags tdi_19 td-pb-border-top td_block_template_1\" data-td-block-uid=\"tdi_19\">\n<div class=\"tdb-block-inner td-fix-index\">\n<ul class=\"tdb-tags\">\n<li><span>SUBIECTE FIERBIN\u021aI<\/span><\/li>\n<li><a href=\"https:\/\/r3media.ro\/tag\/republica-moldova\/\">Republica Moldova<\/a><\/li>\n<li><a href=\"https:\/\/r3media.ro\/tag\/trotinete-electrice\/\">trotinete electrice<\/a><\/li>\n<\/ul>\n<\/div>\n<\/div>\n<div class=\"td_block_wrap td_block_9 tdi_20 td_with_ajax_pagination td-pb-border-top td_block_template_1 td-column-2 td_block_padding td_block_bot_line\" data-td-block-uid=\"tdi_20\">\n<div class=\"td-block-title-wrap\">\n<h4 class=\"block-title td-block-title\"><span class=\"td-pulldown-size\">CITE\u0218TE MAI MULT<\/span><\/h4>\n<\/div>\n<div id=\"tdi_20\" class=\"td_block_inner\">\n<div class=\"td-block-row\">\n<div class=\"td-block-span6\">\n<div class=\"td_module_8 td_module_wrap\">\n<div class=\"item-details\">\n<h3 class=\"entry-title td-module-title\"><a href=\"https:\/\/r3media.ro\/tara-europa-norvegia-masini-electrice-inmatriculate-cota-ridicata\/\" rel=\"bookmark\" title=\"\u021aara din Europa unde aproape toate ma\u0219inile \u00eenmatriculate sune electrice. Cota a ajuns la 97,6% \u00een iulie\">\u021aara din Europa unde aproape toate ma\u0219inile \u00eenmatriculate sune electrice. Cota a ajuns la&#8230;<\/a><\/h3>\n<div class=\"td-module-meta-info\"><a href=\"https:\/\/r3media.ro\/category\/actualitate\/\" class=\"td-post-category\">ACTUALITATE<\/a><span class=\"td-post-author-name\"><a href=\"https:\/\/r3media.ro\/author\/oana\/\">Oana Ivan<\/a><span>&#8211;<\/span><\/span><span class=\"td-post-date\"><time class=\"entry-date updated td-module-date\" datetime=\"2026-08-03T17:01:21+03:00\">03\/08\/2026<\/time><\/span><\/div>\n<\/div>\n<\/div>\n<\/div>\n<div class=\"td-block-span6\">\n<div class=\"td_module_8 td_module_wrap\">\n<div class=\"item-details\">\n<h3 class=\"entry-title td-module-title\"><a href=\"https:\/\/r3media.ro\/puterea-mitologica-instalata-a-romaniei\/\" rel=\"bookmark\" title=\"Puterea mitologic\u0103 instalat\u0103 a Rom\u00e2niei\">Puterea mitologic\u0103 instalat\u0103 a Rom\u00e2niei<\/a><\/h3>\n<div class=\"td-module-meta-info\"><a href=\"https:\/\/r3media.ro\/category\/opinii\/\" class=\"td-post-category\">OPINII<\/a><span class=\"td-post-author-name\"><a href=\"https:\/\/r3media.ro\/author\/tru\/\">TRU (Traian Ungureanu)<\/a><span>&#8211;<\/span><\/span><span class=\"td-post-date\"><time class=\"entry-date updated td-module-date\" datetime=\"2026-08-02T22:08:04+03:00\">02\/08\/2026<\/time><\/span><\/div>\n<\/div>\n<\/div>\n<\/div>\n<\/div>\n<div class=\"td-block-row\">\n<div class=\"td-block-span6\">\n<div class=\"td_module_8 td_module_wrap\">\n<div class=\"item-details\">\n<h3 class=\"entry-title td-module-title\"><a href=\"https:\/\/r3media.ro\/hyundai-recheama-service-masini-electrice-inster-risc-incendiu\/\" rel=\"bookmark\" title=\"Hyundai recheam\u0103 \u00een service zeci de mii de ma\u0219ini electrice din cauza riscului de incendiu\">Hyundai recheam\u0103 \u00een service zeci de mii de ma\u0219ini electrice din cauza riscului de&#8230;<\/a><\/h3>\n<div class=\"td-module-meta-info\"><a href=\"https:\/\/r3media.ro\/category\/actualitate\/\" class=\"td-post-category\">ACTUALITATE<\/a><span class=\"td-post-author-name\"><a href=\"https:\/\/r3media.ro\/author\/oana\/\">Oana Ivan<\/a><span>&#8211;<\/span><\/span><span class=\"td-post-date\"><time class=\"entry-date updated td-module-date\" datetime=\"2026-08-02T08:34:05+03:00\">02\/08\/2026<\/time><\/span><\/div>\n<\/div>\n<\/div>\n<\/div>\n<div class=\"td-block-span6\">\n<div class=\"td_module_8 td_module_wrap\">\n<div class=\"item-details\">\n<h3 class=\"entry-title td-module-title\"><a href=\"https:\/\/r3media.ro\/dragostea-care-transcende-epoci-descult-in-parc-1967\/\" rel=\"bookmark\" title=\"Dragostea care transcende epoci \u2014 Descul\u021b \u00een parc (1967)\">Dragostea care transcende epoci \u2014 Descul\u021b \u00een parc (1967)<\/a><\/h3>\n<div class=\"td-module-meta-info\"><a href=\"https:\/\/r3media.ro\/category\/opinii\/\" class=\"td-post-category\">OPINII<\/a><span class=\"td-post-author-name\"><a href=\"https:\/\/r3media.ro\/author\/costi_balasoiu\/\">Constantin B\u0103l\u0103\u0219oiu<\/a><span>&#8211;<\/span><\/span><span class=\"td-post-date\"><time class=\"entry-date updated td-module-date\" datetime=\"2026-08-01T13:45:14+03:00\">01\/08\/2026<\/time><\/span><\/div>\n<\/div>\n<\/div>\n<\/div>\n<\/div>\n<div class=\"td-block-row\">\n<div class=\"td-block-span6\">\n<div class=\"td_module_8 td_module_wrap\">\n<div class=\"item-details\">\n<h3 class=\"entry-title td-module-title\"><a href=\"https:\/\/r3media.ro\/masina-electrica-foc-turcia-incarcat-vehicul-explozie-pompieri-stingere-incendiu-video\/\" rel=\"bookmark\" title=\"VIDEO | O ma\u0219in\u0103 electric\u0103 a luat foc \u00een timp ce se afla la \u00eenc\u0103rcat. Vehiculul a explodat chiar c\u00e2nd pompierii \u00eencercau s\u0103 sting\u0103 incendiul folosind o p\u0103tur\u0103 ignifug\u0103\">VIDEO | O ma\u0219in\u0103 electric\u0103 a luat foc \u00een timp ce se afla la&#8230;<\/a><\/h3>\n<div class=\"td-module-meta-info\"><a href=\"https:\/\/r3media.ro\/category\/actualitate\/\" class=\"td-post-category\">ACTUALITATE<\/a><span class=\"td-post-author-name\"><a href=\"https:\/\/r3media.ro\/author\/oana\/\">Oana Ivan<\/a><span>&#8211;<\/span><\/span><span class=\"td-post-date\"><time class=\"entry-date updated td-module-date\" datetime=\"2026-07-31T13:33:48+03:00\">31\/07\/2026<\/time><\/span><\/div>\n<\/div>\n<\/div>\n<\/div>\n<div class=\"td-block-span6\">\n<div class=\"td_module_8 td_module_wrap\">\n<div class=\"item-details\">\n<h3 class=\"entry-title td-module-title\"><a href=\"https:\/\/r3media.ro\/spania-asediu-migranti-exclava-ceuta-africa-madrid-trupe-securitate-video\/\" rel=\"bookmark\" title=\"VIDEO | Spania se afl\u0103 sub asediu: Mii de migran\u021bi au luat cu asalt exclava Ceuta din Africa. Madridul a trimis trupe pentru a consolida securitatea\">VIDEO | Spania se afl\u0103 sub asediu: Mii de migran\u021bi au luat cu asalt&#8230;<\/a><\/h3>\n<div class=\"td-module-meta-info\"><a href=\"https:\/\/r3media.ro\/category\/actualitate\/\" class=\"td-post-category\">ACTUALITATE<\/a><span class=\"td-post-author-name\"><a href=\"https:\/\/r3media.ro\/author\/oana\/\">Oana Ivan<\/a><span>&#8211;<\/span><\/span><span class=\"td-post-date\"><time class=\"entry-date updated td-module-date\" datetime=\"2026-07-31T12:39:57+03:00\">31\/07\/2026<\/time><\/span><\/div>\n<\/div>\n<\/div>\n<\/div>\n<\/div>\n<div class=\"td-block-row\">\n<div class=\"td-block-span6\">\n<div class=\"td_module_8 td_module_wrap\">\n<div class=\"item-details\">\n<h3 class=\"entry-title td-module-title\"><a href=\"https:\/\/r3media.ro\/expert-ucraina-faliment-agricultura-romaneasca-tehnologii-ue\/\" rel=\"bookmark\" title=\"Un expert explic\u0103 felul \u00een care concuren\u021ba din Ucraina bag\u0103 \u00een faliment agricultura rom\u00e2neasc\u0103: Folosesc tehnologii interzise \u00een UE\">Un expert explic\u0103 felul \u00een care concuren\u021ba din Ucraina bag\u0103 \u00een faliment agricultura rom\u00e2neasc\u0103:&#8230;<\/a><\/h3>\n<div class=\"td-module-meta-info\"><a href=\"https:\/\/r3media.ro\/category\/actualitate\/\" class=\"td-post-category\">ACTUALITATE<\/a><span class=\"td-post-author-name\"><a href=\"https:\/\/r3media.ro\/author\/radu_ursan\/\">Radu Ursan<\/a><span>&#8211;<\/span><\/span><span class=\"td-post-date\"><time class=\"entry-date updated td-module-date\" datetime=\"2026-07-30T09:51:48+03:00\">30\/07\/2026<\/time><\/span><\/div>\n<\/div>\n<\/div>\n<\/div>\n<div class=\"td-block-span6\">\n<div class=\"td_module_8 td_module_wrap\">\n<div class=\"item-details\">\n<h3 class=\"entry-title td-module-title\"><a href=\"https:\/\/r3media.ro\/cornel-nistorescu-drone-razboi-ucraina\/\" rel=\"bookmark\" title=\"Cornel Nistorescu, dup\u0103 incidentele cu drone: Adie a aer de r\u0103zboi. De mirare c\u0103 dronele ucrainene nu au st\u00e2rnit at\u00e2ta t\u0103r\u0103boi\">Cornel Nistorescu, dup\u0103 incidentele cu drone: Adie a aer de r\u0103zboi. De mirare c\u0103&#8230;<\/a><\/h3>\n<div class=\"td-module-meta-info\"><a href=\"https:\/\/r3media.ro\/category\/actualitate\/\" class=\"td-post-category\">ACTUALITATE<\/a><span class=\"td-post-author-name\"><a href=\"https:\/\/r3media.ro\/author\/radu_ursan\/\">Radu Ursan<\/a><span>&#8211;<\/span><\/span><span class=\"td-post-date\"><time class=\"entry-date updated td-module-date\" datetime=\"2026-07-28T10:21:51+03:00\">28\/07\/2026<\/time><\/span><\/div>\n<\/div>\n<\/div>\n<\/div>\n<\/div>\n<div class=\"td-block-row\">\n<div class=\"td-block-span6\">\n<div class=\"td_module_8 td_module_wrap\">\n<div class=\"item-details\">\n<h3 class=\"entry-title td-module-title\"><a href=\"https:\/\/r3media.ro\/bnr-recomanda-romani-rezerve-de-cash-atacuri-cibernetice-numerar-relevant-criza\/\" rel=\"bookmark\" title=\"BNR le recomand\u0103 rom\u00e2nilor s\u0103 p\u0103streze rezerve de cash: Numerarul se poate dovedi relevant \u00een criz\u0103\">BNR le recomand\u0103 rom\u00e2nilor s\u0103 p\u0103streze rezerve de cash: Numerarul se poate dovedi relevant&#8230;<\/a><\/h3>\n<div class=\"td-module-meta-info\"><a href=\"https:\/\/r3media.ro\/category\/actualitate\/\" class=\"td-post-category\">ACTUALITATE<\/a><span class=\"td-post-author-name\"><a href=\"https:\/\/r3media.ro\/author\/oana\/\">Oana Ivan<\/a><span>&#8211;<\/span><\/span><span class=\"td-post-date\"><time class=\"entry-date updated td-module-date\" datetime=\"2026-07-27T13:11:47+03:00\">27\/07\/2026<\/time><\/span><\/div>\n<\/div>\n<\/div>\n<\/div>\n<div class=\"td-block-span6\">\n<div class=\"td_module_8 td_module_wrap\">\n<div class=\"item-details\">\n<h3 class=\"entry-title td-module-title\"><a href=\"https:\/\/r3media.ro\/statul-roman-a-semnat-actul-propriei-disparitii\/\" rel=\"bookmark\" title=\"Statul rom\u00e2n a semnat actul propriei dispari\u021bii?\">Statul rom\u00e2n a semnat actul propriei dispari\u021bii?<\/a><\/h3>\n<div class=\"td-module-meta-info\"><a href=\"https:\/\/r3media.ro\/category\/opinii\/\" class=\"td-post-category\">OPINII<\/a><span class=\"td-post-author-name\"><a href=\"https:\/\/r3media.ro\/author\/gabipopa\/\">Gabriel Popa<\/a><span>&#8211;<\/span><\/span><span class=\"td-post-date\"><time class=\"entry-date updated td-module-date\" datetime=\"2026-07-27T15:07:05+03:00\">27\/07\/2026<\/time><\/span><\/div>\n<\/div>\n<\/div>\n<\/div>\n<\/div>\n<div class=\"td-block-row\">\n<div class=\"td-block-span6\">\n<div class=\"td_module_8 td_module_wrap\">\n<div class=\"item-details\">\n<h3 class=\"entry-title td-module-title\"><a href=\"https:\/\/r3media.ro\/prima-oara-istorie-presedintia-document-primplan-patriotism-european\/\" rel=\"bookmark\" title=\"Pentru prima oar\u0103 \u00een istorie, Pre\u0219edin\u021bia Rom\u00e2niei emite un document care pune pe primul plan o alt\u0103 entitate dec\u00e2t \u021bara noastr\u0103: patriotismul european\">Pentru prima oar\u0103 \u00een istorie, Pre\u0219edin\u021bia Rom\u00e2niei emite un document care pune pe primul&#8230;<\/a><\/h3>\n<div class=\"td-module-meta-info\"><a href=\"https:\/\/r3media.ro\/category\/actualitate\/\" class=\"td-post-category\">ACTUALITATE<\/a><span class=\"td-post-author-name\"><a href=\"https:\/\/r3media.ro\/author\/teodor_stan\/\">Teodor Stan<\/a><span>&#8211;<\/span><\/span><span class=\"td-post-date\"><time class=\"entry-date updated td-module-date\" datetime=\"2026-07-26T11:44:31+03:00\">26\/07\/2026<\/time><\/span><\/div>\n<\/div>\n<\/div>\n<\/div>\n<div class=\"td-block-span6\">\n<div class=\"td_module_8 td_module_wrap\">\n<div class=\"item-details\">\n<h3 class=\"entry-title td-module-title\"><a href=\"https:\/\/r3media.ro\/film-nou-stapanul-inelelor-corect-politic-regizor-andy-serkis-diversitate-tolkien-mitologie-nordica\/\" rel=\"bookmark\" title=\"Noul film \u201eSt\u0103p\u00e2nul Inelelor\u201d nu va fi corect politic. Regizorul Andy Serkis: J.R.R. Tolkien a fost influen\u021bat de mitologia nordic\u0103. Nu vrem o distribu\u021bie de dragul de a bifa c\u0103su\u021be\">Noul film \u201eSt\u0103p\u00e2nul Inelelor\u201d nu va fi corect politic. Regizorul Andy Serkis: J.R.R. Tolkien&#8230;<\/a><\/h3>\n<div class=\"td-module-meta-info\"><a href=\"https:\/\/r3media.ro\/category\/actualitate\/\" class=\"td-post-category\">ACTUALITATE<\/a><span class=\"td-post-author-name\"><a href=\"https:\/\/r3media.ro\/author\/oana\/\">Oana Ivan<\/a><span>&#8211;<\/span><\/span><span class=\"td-post-date\"><time class=\"entry-date updated td-module-date\" datetime=\"2026-07-26T15:49:31+03:00\">26\/07\/2026<\/time><\/span><\/div>\n<\/div>\n<\/div>\n<\/div>\n<\/div>\n<\/div>\n<div class=\"td-load-more-wrap td-load-more-infinite-wrap\" id=\"infinite-lm-tdi_20\"><a href=\"https:\/\/r3media.ro\/trotinetele-electrice-ravagii-republica-moldova-accidente-conducatori-bauti\/\" class=\"td_ajax_load_more td_ajax_load_more_js\" aria-label=\"\u00cenc\u0103rca\u021bi mai multe\" id=\"next-page-tdi_20\" data-td_block_id=\"tdi_20\">\u00cenc\u0103rca\u021bi mai multe<\/a><\/div>\n<\/div>\n<div class=\"td_block_wrap tdb_single_comments tdi_21 tdb-comm-layout2 td-pb-border-top td_block_template_1\" data-td-block-uid=\"tdi_21\">\n<div class=\"tdb-block-inner td-fix-index\">\n<div class=\"comments\" id=\"comments\">\n<div id=\"respond\" class=\"comment-respond\">\n<h3 id=\"reply-title\" class=\"comment-reply-title\">AI CEVA DE SPUS? <small><a rel=\"nofollow\" id=\"cancel-comment-reply-link\" href=\"https:\/\/r3media.ro\/trotinetele-electrice-ravagii-republica-moldova-accidente-conducatori-bauti\/#respond\">Renun\u021ba\u021bi la r\u0103spuns<\/a><\/small><\/h3>\n<div class=\"comment-form-input-wrap td-form-comment\">\n<div class=\"td-warning-comment\">V\u0103 rug\u0103m s\u0103 introduce\u021bi comentariul dvs.!<\/div>\n<\/div>\n<div class=\"comment-form-input-wrap td-form-author\">\n<div class=\"td-warning-author\">Introduce\u021bi aici numele dvs.<\/div>\n<\/div>\n<div class=\"comment-form-input-wrap td-form-email\">\n<div class=\"td-warning-email-error\">A\u021bi introdus o adres\u0103 de e-mail incorect\u0103!<\/div>\n<div class=\"td-warning-email\">V\u0103 rug\u0103m s\u0103 introduce\u021bi adresa dvs. de e-mail aici<\/div>\n<\/div>\n<\/div>\n<\/div>\n<\/div>\n<\/div>\n<\/div>\n<\/div>\n<div class=\"vc_column tdi_23  wpb_column vc_column_container tdc-column td-pb-span4 td-is-sticky\">\n<div class=\"wpb_wrapper\" data-sticky-enabled-on=\"W3RydWUsdHJ1ZSx0cnVlLHRydWVd\" data-sticky-offset=\"20\" data-sticky-is-width-auto=\"W2ZhbHNlLGZhbHNlLGZhbHNlLGZhbHNlXQ==\">\n<div class=\"wpb_wrapper td_block_wrap vc_widget_sidebar tdi_25 \">\n<div class=\"td_block_wrap td_block_7 td_block_widget tdi_26 td-pb-border-top td_block_template_1 td-column-1 td_block_padding\" data-td-block-uid=\"tdi_26\">\n<div class=\"td-block-title-wrap\">\n<h4 class=\"block-title td-block-title\"><span class=\"td-pulldown-size\">Articole RELA\u021aIONATE<\/span><\/h4>\n<\/div>\n<div id=\"tdi_26\" class=\"td_block_inner\">\n<div class=\"td-block-span12\">\n<div class=\"td_module_6 td_module_wrap td-animation-stack\">\n<div class=\"td-module-thumb\"><a href=\"https:\/\/r3media.ro\/uber-introduce-plata-cash-noua-zeelanda-proiect-pilot-companie-acceptare-numerar-clienti\/\" rel=\"bookmark\" class=\"td-image-wrap \" title=\"Uber introduce plata cash \u00een Noua Zeeland\u0103. Un proiect-pilot a ar\u0103tat companiei c\u0103 acceptarea numerarului a adus mai mul\u021bi clien\u021bi\"><img loading=\"lazy\" decoding=\"async\" class=\"entry-thumb\" src=\"https:\/\/r3media.ro\/wp-content\/uploads\/2026\/08\/interior-masina-uber-100x70.jpg\" alt title=\"Uber introduce plata cash \u00een Noua Zeeland\u0103. Un proiect-pilot a ar\u0103tat companiei c\u0103 acceptarea numerarului a adus mai mul\u021bi clien\u021bi\" width=\"100\" height=\"70\"><\/a><\/div>\n<div class=\"item-details\">\n<h3 class=\"entry-title td-module-title\"><a href=\"https:\/\/r3media.ro\/uber-introduce-plata-cash-noua-zeelanda-proiect-pilot-companie-acceptare-numerar-clienti\/\" rel=\"bookmark\" title=\"Uber introduce plata cash \u00een Noua Zeeland\u0103. Un proiect-pilot a ar\u0103tat companiei c\u0103 acceptarea numerarului a adus mai mul\u021bi clien\u021bi\">Uber introduce plata cash \u00een Noua Zeeland\u0103. Un proiect-pilot a ar\u0103tat&#8230;<\/a><\/h3>\n<div class=\"td-module-meta-info\"><span class=\"td-post-date\"><time class=\"entry-date updated td-module-date\" datetime=\"2026-08-04T17:17:05+03:00\">04\/08\/2026<\/time><\/span><\/div>\n<\/div>\n<\/div>\n<\/div>\n<div class=\"td-block-span12\">\n<div class=\"td_module_6 td_module_wrap td-animation-stack\">\n<div class=\"td-module-thumb\"><a href=\"https:\/\/r3media.ro\/ilie-bolojan-minte-romani-dacia-ford-suspendare-productie-economie-energie\/\" rel=\"bookmark\" class=\"td-image-wrap \" title=\"Ilie Bolojan i-a min\u021bit \u00een fa\u021b\u0103 pe rom\u00e2ni spun\u00e2ndu-le c\u0103 Dacia \u0219i Ford \u00ee\u0219i suspend\u0103 produc\u021bia pentru a face economie la energie\"><img loading=\"lazy\" decoding=\"async\" class=\"entry-thumb\" src=\"https:\/\/r3media.ro\/wp-content\/uploads\/2024\/11\/Ilie-Bolojan-100x70.avif\" alt title=\"Ilie Bolojan i-a min\u021bit \u00een fa\u021b\u0103 pe rom\u00e2ni spun\u00e2ndu-le c\u0103 Dacia \u0219i Ford \u00ee\u0219i suspend\u0103 produc\u021bia pentru a face economie la energie\" width=\"100\" height=\"70\"><\/a><\/div>\n<div class=\"item-details\">\n<h3 class=\"entry-title td-module-title\"><a href=\"https:\/\/r3media.ro\/ilie-bolojan-minte-romani-dacia-ford-suspendare-productie-economie-energie\/\" rel=\"bookmark\" title=\"Ilie Bolojan i-a min\u021bit \u00een fa\u021b\u0103 pe rom\u00e2ni spun\u00e2ndu-le c\u0103 Dacia \u0219i Ford \u00ee\u0219i suspend\u0103 produc\u021bia pentru a face economie la energie\">Ilie Bolojan i-a min\u021bit \u00een fa\u021b\u0103 pe rom\u00e2ni spun\u00e2ndu-le c\u0103 Dacia&#8230;<\/a><\/h3>\n<div class=\"td-module-meta-info\"><span class=\"td-post-date\"><time class=\"entry-date updated td-module-date\" datetime=\"2026-08-04T16:29:07+03:00\">04\/08\/2026<\/time><\/span><\/div>\n<\/div>\n<\/div>\n<\/div>\n<div class=\"td-block-span12\">\n<div class=\"td_module_6 td_module_wrap td-animation-stack\">\n<div class=\"td-module-thumb\"><a href=\"https:\/\/r3media.ro\/romania-consum-energie-electrica-locuitor-ue\/\" rel=\"bookmark\" class=\"td-image-wrap \" title=\"Rom\u00e2nia are cel mai mic consum de energie electric\u0103 pe cap locuitor din Uniunea European\u0103. Influencer: Cum s\u0103 mai economisim, din ce?\"><img loading=\"lazy\" decoding=\"async\" class=\"entry-thumb\" src=\"https:\/\/r3media.ro\/wp-content\/uploads\/2022\/09\/casa-cu-un-bec-100x70.jpg\" alt title=\"Rom\u00e2nia are cel mai mic consum de energie electric\u0103 pe cap locuitor din Uniunea European\u0103. Influencer: Cum s\u0103 mai economisim, din ce?\" width=\"100\" height=\"70\"><\/a><\/div>\n<div class=\"item-details\">\n<h3 class=\"entry-title td-module-title\"><a href=\"https:\/\/r3media.ro\/romania-consum-energie-electrica-locuitor-ue\/\" rel=\"bookmark\" title=\"Rom\u00e2nia are cel mai mic consum de energie electric\u0103 pe cap locuitor din Uniunea European\u0103. Influencer: Cum s\u0103 mai economisim, din ce?\">Rom\u00e2nia are cel mai mic consum de energie electric\u0103 pe cap&#8230;<\/a><\/h3>\n<div class=\"td-module-meta-info\"><span class=\"td-post-date\"><time class=\"entry-date updated td-module-date\" datetime=\"2026-08-04T15:07:49+03:00\">04\/08\/2026<\/time><\/span><\/div>\n<\/div>\n<\/div>\n<\/div>\n<div class=\"td-block-span12\">\n<div class=\"td_module_6 td_module_wrap td-animation-stack\">\n<div class=\"td-module-thumb\"><a href=\"https:\/\/r3media.ro\/niculina-stelea-aur-green-deal-bruxelles-energie\/\" rel=\"bookmark\" class=\"td-image-wrap \" title=\"Niculina Stelea (AUR): \u201eDelirul verde\u201d, intitulat pompos Green Deal de c\u0103tre Bruxelles, este \u00een mare m\u0103sur\u0103 vinovat de prezumtiva apocalips\u0103 energetic\u0103\"><img loading=\"lazy\" decoding=\"async\" class=\"entry-thumb\" src=\"https:\/\/r3media.ro\/wp-content\/uploads\/2026\/08\/Niculina-Stelea-100x70.jpeg\" alt title=\"Niculina Stelea (AUR): \u201eDelirul verde\u201d, intitulat pompos Green Deal de c\u0103tre Bruxelles, este \u00een mare m\u0103sur\u0103 vinovat de prezumtiva apocalips\u0103 energetic\u0103\" width=\"100\" height=\"70\"><\/a><\/div>\n<div class=\"item-details\">\n<h3 class=\"entry-title td-module-title\"><a href=\"https:\/\/r3media.ro\/niculina-stelea-aur-green-deal-bruxelles-energie\/\" rel=\"bookmark\" title=\"Niculina Stelea (AUR): \u201eDelirul verde\u201d, intitulat pompos Green Deal de c\u0103tre Bruxelles, este \u00een mare m\u0103sur\u0103 vinovat de prezumtiva apocalips\u0103 energetic\u0103\">Niculina Stelea (AUR): \u201eDelirul verde\u201d, intitulat pompos Green Deal de c\u0103tre&#8230;<\/a><\/h3>\n<div class=\"td-module-meta-info\"><span class=\"td-post-date\"><time class=\"entry-date updated td-module-date\" datetime=\"2026-08-04T14:13:44+03:00\">04\/08\/2026<\/time><\/span><\/div>\n<\/div>\n<\/div>\n<\/div>\n<div class=\"td-block-span12\">\n<div class=\"td_module_6 td_module_wrap td-animation-stack\">\n<div class=\"td-module-thumb\"><a href=\"https:\/\/r3media.ro\/la-multi-ani-timisoara\/\" rel=\"bookmark\" class=\"td-image-wrap \" title=\"La mul\u021bi ani, Timi\u0219oara!\"><img loading=\"lazy\" decoding=\"async\" class=\"entry-thumb\" src=\"https:\/\/r3media.ro\/wp-content\/uploads\/2026\/08\/Timisoara-980x581-1-100x70.jpg\" alt title=\"La mul\u021bi ani, Timi\u0219oara!\" width=\"100\" height=\"70\"><\/a><\/div>\n<div class=\"item-details\">\n<h3 class=\"entry-title td-module-title\"><a href=\"https:\/\/r3media.ro\/la-multi-ani-timisoara\/\" rel=\"bookmark\" title=\"La mul\u021bi ani, Timi\u0219oara!\">La mul\u021bi ani, Timi\u0219oara!<\/a><\/h3>\n<div class=\"td-module-meta-info\"><span class=\"td-post-date\"><time class=\"entry-date updated td-module-date\" datetime=\"2026-08-04T11:33:09+03:00\">04\/08\/2026<\/time><\/span><\/div>\n<\/div>\n<\/div>\n<\/div>\n<div class=\"td-block-span12\">\n<div class=\"td_module_6 td_module_wrap td-animation-stack\">\n<div class=\"td-module-thumb\"><a href=\"https:\/\/r3media.ro\/control-modele-inteligenta-artificiala-auto-programeaza-imbunatatesc-pe-cont-propriu\/\" rel=\"bookmark\" class=\"td-image-wrap \" title=\"Vom mai putea controla modelele de Inteligen\u021b\u0103 Artificial\u0103 care se auto-programeaz\u0103 \u015fi se \u00eembun\u0103t\u0103\u0163esc pe cont propriu?\"><img loading=\"lazy\" decoding=\"async\" class=\"entry-thumb\" src=\"https:\/\/r3media.ro\/wp-content\/uploads\/2023\/10\/AI-inteligenta-artificiala-1536x866-1-100x70.webp\" alt title=\"Vom mai putea controla modelele de Inteligen\u021b\u0103 Artificial\u0103 care se auto-programeaz\u0103 \u015fi se \u00eembun\u0103t\u0103\u0163esc pe cont propriu?\" width=\"100\" height=\"70\"><\/a><\/div>\n<div class=\"item-details\">\n<h3 class=\"entry-title td-module-title\"><a href=\"https:\/\/r3media.ro\/control-modele-inteligenta-artificiala-auto-programeaza-imbunatatesc-pe-cont-propriu\/\" rel=\"bookmark\" title=\"Vom mai putea controla modelele de Inteligen\u021b\u0103 Artificial\u0103 care se auto-programeaz\u0103 \u015fi se \u00eembun\u0103t\u0103\u0163esc pe cont propriu?\">Vom mai putea controla modelele de Inteligen\u021b\u0103 Artificial\u0103 care se auto-programeaz\u0103&#8230;<\/a><\/h3>\n<div class=\"td-module-meta-info\"><span class=\"td-post-date\"><time class=\"entry-date updated td-module-date\" datetime=\"2026-08-04T11:27:10+03:00\">04\/08\/2026<\/time><\/span><\/div>\n<\/div>\n<\/div>\n<\/div>\n<div class=\"td-block-span12\">\n<div class=\"td_module_6 td_module_wrap td-animation-stack\">\n<div class=\"td-module-thumb\"><a href=\"https:\/\/r3media.ro\/ministrul-interimar-aparare-partenerii-ucraineni-drone-constanta\/\" rel=\"bookmark\" class=\"td-image-wrap \" title=\"Ministrul interimar al Ap\u0103r\u0103rii: Cu tot respectul pentru partenerii ucrainieni, cu care avem o rela\u0163ie bun\u0103, astfel de drone n-au ce c\u0103uta la Constan\u021ba\"><img loading=\"lazy\" decoding=\"async\" class=\"entry-thumb\" src=\"https:\/\/r3media.ro\/wp-content\/uploads\/2026\/06\/explozie-drona-marina-constanta-100x70.png\" alt title=\"Ministrul interimar al Ap\u0103r\u0103rii: Cu tot respectul pentru partenerii ucrainieni, cu care avem o rela\u0163ie bun\u0103, astfel de drone n-au ce c\u0103uta la Constan\u021ba\" width=\"100\" height=\"70\"><\/a><\/div>\n<div class=\"item-details\">\n<h3 class=\"entry-title td-module-title\"><a href=\"https:\/\/r3media.ro\/ministrul-interimar-aparare-partenerii-ucraineni-drone-constanta\/\" rel=\"bookmark\" title=\"Ministrul interimar al Ap\u0103r\u0103rii: Cu tot respectul pentru partenerii ucrainieni, cu care avem o rela\u0163ie bun\u0103, astfel de drone n-au ce c\u0103uta la Constan\u021ba\">Ministrul interimar al Ap\u0103r\u0103rii: Cu tot respectul pentru partenerii ucrainieni, cu&#8230;<\/a><\/h3>\n<div class=\"td-module-meta-info\"><span class=\"td-post-date\"><time class=\"entry-date updated td-module-date\" datetime=\"2026-08-04T08:49:29+03:00\">04\/08\/2026<\/time><\/span><\/div>\n<\/div>\n<\/div>\n<\/div>\n<\/div>\n<\/div>\n<aside class=\"td_block_template_1 widget widget_recent_comments\">\n<h4 class=\"block-title\"><span>INTR\u0102 \u00ceN DISCU\u021aIE!<\/span><\/h4>\n<ul id=\"recentcomments\">\n<li class=\"recentcomments\"><span class=\"comment-author-link\">Nicu<\/span> la <a href=\"https:\/\/r3media.ro\/ministr-securitate-energetica-marea-britanie-subventii-net-zero-umfla-facturi-cetateni-energie\/#comment-40348\">Ministrul Securit\u0103\u021bii Energetice din Marea Britanie neag\u0103 faptul c\u0103 subven\u021biile Net Zero umfl\u0103 facturile cet\u0103\u021benilor la energie<\/a><\/li>\n<li class=\"recentcomments\"><span class=\"comment-author-link\">Nicu<\/span> la <a href=\"https:\/\/r3media.ro\/sursa-crizei-energetice-radu-miruta-romania-capacitati-carbune-seceta\/#comment-40347\">Sursa crizei energetice. Ministrul Radu Miru\u021b\u0103: Rom\u00e2nia a \u00eenchis capacit\u0103\u021bi de produc\u021bie pe carbune f\u0103r\u0103 s\u0103 pun\u0103 nimic \u00een loc. Nu te po\u021bi ascunde \u00een spatele secetei<\/a><\/li>\n<li class=\"recentcomments\"><span class=\"comment-author-link\">Gavril\u0103 Moldovan<\/span> la <a href=\"https:\/\/r3media.ro\/prima-oara-istorie-presedintia-document-primplan-patriotism-european\/#comment-40346\">Pentru prima oar\u0103 \u00een istorie, Pre\u0219edin\u021bia Rom\u00e2niei emite un document care pune pe primul plan o alt\u0103 entitate dec\u00e2t \u021bara noastr\u0103: patriotismul european<\/a><\/li>\n<li class=\"recentcomments\"><span class=\"comment-author-link\">Redac\u021bia<\/span> la <a href=\"https:\/\/r3media.ro\/statul-roman-a-semnat-actul-propriei-disparitii\/#comment-40345\">Statul rom\u00e2n a semnat actul propriei dispari\u021bii?<\/a><\/li>\n<li class=\"recentcomments\"><span class=\"comment-author-link\">Cet\u0103\u021bean<\/span> la <a href=\"https:\/\/r3media.ro\/sursa-crizei-energetice-radu-miruta-romania-capacitati-carbune-seceta\/#comment-40344\">Sursa crizei energetice. Ministrul Radu Miru\u021b\u0103: Rom\u00e2nia a \u00eenchis capacit\u0103\u021bi de produc\u021bie pe carbune f\u0103r\u0103 s\u0103 pun\u0103 nimic \u00een loc. Nu te po\u021bi ascunde \u00een spatele secetei<\/a><\/li>\n<li class=\"recentcomments\"><span class=\"comment-author-link\"><a href=\"https:\/\/r3media.ro\/statul-roman-a-semnat-actul-propriei-disparitii\/\" class=\"url\" rel=\"ugc\">Stalin<\/a><\/span> la <a href=\"https:\/\/r3media.ro\/statul-roman-a-semnat-actul-propriei-disparitii\/#comment-40343\">Statul rom\u00e2n a semnat actul propriei dispari\u021bii?<\/a><\/li>\n<li class=\"recentcomments\"><span class=\"comment-author-link\">B<\/span> la <a href=\"https:\/\/r3media.ro\/dragostea-care-transcende-epoci-descult-in-parc-1967\/#comment-40342\">Dragostea care transcende epoci \u2014 Descul\u021b \u00een parc (1967)<\/a><\/li>\n<\/ul>\n<\/aside>\n<aside class=\"td_block_template_1 widget widget_search\">\n<h4 class=\"block-title\"><span>CAUT\u0102 \u0218I VEI G\u0102SI<\/span><\/h4>\n<\/aside>\n<\/div>\n<\/div>\n<\/div>\n<\/div>\n<\/div>\n<\/div>\n<\/div>\n<p><span class=\"td-page-meta\"><\/span><span class=\"td-page-meta\"><span class=\"td-page-meta\"><\/span><\/span><span class=\"td-page-meta\"><\/span><\/article>\n<\/p>\n<div class=\"td_block_wrap tdb_single_content tdi_18 td-pb-border-top td_block_template_1 td-post-content tagdiv-type\" data-td-block-uid=\"tdi_18\">\n<div class=\"tdb-block-inner td-fix-index\">\n<p><strong><a href=\"https:\/\/r3media.ro\/tag\/trotinete-electrice\/\" target=\"_blank\" rel=\"noopener\">Trotinetele electrice<\/a> au devenit o problem\u0103 \u0219i \u00een Republica Moldova. De la \u00eenceputul anului, aproape 1.700 de persoane au ajuns \u00een aten\u021bia Poli\u021biei. Dintre acestea, peste 300 de conduc\u0103tori de trotinete electrice au fost prin\u0219i \u00een stare de ebrietate, conform <a href=\"https:\/\/tvrmoldova.md\/article\/93d444002a9178b5\/pericol-pe-doua-roti-sute-de-conducatori-de-trotinete-prinsi-bauti-si-zeci-de-accidente-in-7-luni.html\" target=\"_blank\" rel=\"noopener\">TVR Moldova<\/a>.<\/strong><\/p>\n<p>Statisticile arat\u0103 \u0219i un num\u0103r \u00eengrijor\u0103tor de accidente. \u00cen primele \u0219apte luni au avut loc peste 70 de accidente rutiere cu implicarea conduc\u0103torilor de trotinete electrice. \u00cen urma acestora, dou\u0103 persoane \u0219i-au pierdut via\u021ba, iar 54 au fost traumatizate.<\/p>\n<p>Reprezentan\u0163ii Poli\u0163iei Na\u0163ionale spun c\u0103 trotinetele pot fi un pericol \u00een trafic. Statul nu are \u00eenc\u0103 un cadru legal clar privind folosirea lor. Oamenii legii \u00eendeamn\u0103 participan\u0163ii la trafic s\u0103 nu urce mai multe persoane pe o trotinet\u0103, s\u0103 adapteze viteza \u015fi s\u0103 fie echipa\u0163i corespunz\u0103tor.<\/p>\n<h2><strong>Ce se \u00eent\u00e2mpl\u0103 cu trotinetele electrice \u00een Rom\u00e2nia?<\/strong><\/h2>\n<p>\u00a0<\/p>\n<p>\u00cen Rom\u00e2nia Codul Rutier stabile\u0219te c\u0103 v\u00e2rsta minim\u0103 legal\u0103 pentru utilizarea trotinetei electrice pe domeniul public este de 14 ani. Exist\u0103 \u00eens\u0103 un proiect de lege (aprobat \u00een comisie \u0219i cu amendamente) care propune ridicarea acestei limite: conduc\u0103torul unei trotinete electrice ar urma s\u0103 aib\u0103 v\u00e2rsta de cel pu\u021bin 16 ani, iar pentru biciclete v\u00e2rsta minim\u0103 r\u0103m\u00e2ne 14 ani.<\/p>\n<p>\u00cen ultimii ani, \u021bara noastr\u0103 s-a confruntat cu nenum\u0103rate accidente \u00een care au fost implicate trotinete electrice. Multe dintre acestea s-au soldat cu r\u0103nirea grav\u0103 a celor implica\u021bi, iar \u00een cazuri nefericite, cu decese. De exemplu, la \u00eenceputul lunii trecute, un b\u0103rbat de 45 de ani din Istria, Constan\u021ba, <a href=\"https:\/\/r3media.ro\/barbat-45-ani-mort-cazut-trotineta-electrica-constanta\/\" target=\"_blank\" rel=\"noopener\"><strong>a murit<\/strong><\/a> dup\u0103 ce a c\u0103zut de pe trotineta electric\u0103. Accidentul a avut loc pe DJ226, \u00een zona Midia<\/p>\n<p>Totodat\u0103, multe trotinete electrice au luat foc din senin \u0219i au provocat pagube uria\u0219e. O\u00a0trotinet\u0103 electric\u0103 l\u0103sat\u0103 la \u00eenc\u0103rcat a provocat un incendiu cu pagube \u00eensemnate la o cas\u0103 din ora\u0219ul Curtici. Din fericire, nu au existat victime, pentru c\u0103 proprietarii locuin\u021bei s-au evacuat la timp<\/p>\n<h2><strong>Grecia a interzis trotinetele electrice pentru minori<\/strong><\/h2>\n<p>\u00a0<\/p>\n<p>Grecia a decis s\u0103 ia <a href=\"https:\/\/r3media.ro\/grecia-interzice-trotinete-electrice-pentru-minori\/\" target=\"_blank\" rel=\"noopener\"><strong>m\u0103suri dure<\/strong><\/a> \u00een ceea ce prive\u0219te utilizarea trotinetelor electrice de c\u0103tre minori. Din cauza num\u0103rului mare de accidente, utilizarea trotinetelor electrice este reglementat\u0103 prin reguli stricte care includ interzicerea acestora pentru persoanele sub 17 ani, limitarea vitezei maxime \u0219i amenzi mari pentru nerespectarea normelor.<\/p>\n<p>Regulile propuse includ, de asemenea, sanc\u021biuni mai aspre pentru conducerea periculoas\u0103 \u0219i obligativitatea unei asigur\u0103ri \u00een caz de accident. Datele Federa\u021biei Lucr\u0103torilor din Spitalele din Grecia arat\u0103 c\u0103 aproximativ 400 de copii \u0219i adolescen\u021bi au fost r\u0103ni\u021bi \u00een accidente cu trotinete electrice \u00een Grecia anul trecut.<\/p>\n<p>Unele dintre aceste incidente au avut consecin\u021be fatale, ceea ce a st\u00e2rnit \u00eengrijor\u0103ri legate de siguran\u021ba \u0219i a determinat autorit\u0103\u021bile s\u0103 ia m\u0103suri suplimentare.<\/p>\n<div class=\"crp_related     crp-masonry\">\n<h2>\u00ceN CONTEXT<\/h2>\n<ul>\n<li><a href=\"https:\/\/r3media.ro\/fara-tine-in-google-r3media-dispare-iata-ce-poti-face-in-10-secunde\/\" class=\"crp_link post-119031\"><span class=\"crp_title\">F\u0103r\u0103 tine \u00een Google, R3media dispare. Iat\u0103 ce po\u021bi face \u00een 10 secunde<\/span><\/a><\/li>\n<li><a href=\"https:\/\/r3media.ro\/procent-romani-unire-moldova-scadere-unionisti\/\" class=\"crp_link post-114910\"><span class=\"crp_title\">Procentul rom\u00e2nilor favorabili unirii cu Moldova, \u00een c\u0103dere liber\u0103: sunt cu 20% mai pu\u021bini\u2026<\/span><\/a><\/li>\n<li><a href=\"https:\/\/r3media.ro\/lege-sos-unirea-romaniei-cu-moldova-adoptat-disparitia-romaniei\/\" class=\"crp_link post-118965\"><span class=\"crp_title\">Un proiect de lege al SOS care prevede unirea Rom\u00e2niei cu Moldova, adoptat tacit de c\u0103tre\u2026<\/span><\/a><\/li>\n<li><a href=\"https:\/\/r3media.ro\/sondaj-curs-majoritate-romani-dreapta-prutului-vot-pentru-reunire-republica-moldova-romania\/\" class=\"crp_link post-114905\"><span class=\"crp_title\">Sondaj CURS | Majoritatea rom\u00e2nilor din dreapta Prutului ar vota pentru reunirea Republicii\u2026<\/span><\/a><\/li>\n<li><a href=\"https:\/\/r3media.ro\/republica-moldova-si-ucraina-aderare-ue\/\" class=\"crp_link post-118315\"><span class=\"crp_title\">Republica Moldova \u0219i Ucraina deschid primul capitol al negocierilor de aderare la UE<\/span><\/a><\/li>\n<li><a href=\"https:\/\/r3media.ro\/prof-dan-dungaciu-romania-ajutor-ucraina-republica-moldova\/\" class=\"crp_link post-120014\"><span class=\"crp_title\">Prof. Dan Dungaciu: Rom\u00e2nia s\u0103 nu mai ajute financiar Ucraina \u0219i Republica Moldova<\/span><\/a><\/li>\n<li><a href=\"https:\/\/r3media.ro\/blackout-masiv-republica-moldova-chisinau-regiuni-ramase-fara-curent-electric-salvare-romania\/\" class=\"crp_link post-114962\"><span class=\"crp_title\">Blackout masiv \u00een Republica Moldova: Chi\u0219in\u0103ul \u0219i mai multe regiuni au r\u0103mas f\u0103r\u0103 curent\u2026<\/span><\/a><\/li>\n<li><a href=\"https:\/\/r3media.ro\/maia-sandu-reunirea-republica-moldova-romania-organizare-referendum\/\" class=\"crp_link post-114747\"><span class=\"crp_title\">VIDEO | Maia Sandu: A\u0219 vota pentru reunirea cu Rom\u00e2nia, dac\u0103 s-ar organiza un referendum \u00een\u2026<\/span><\/a><\/li>\n<\/ul>\n<\/div>\n<\/div>\n<\/div>\n<p>[analyse_source url=&#8221;https:\/\/r3media.ro\/trotinetele-electrice-ravagii-republica-moldova-accidente-conducatori-bauti\/&#8221;]<\/p>\n","protected":false},"excerpt":{"rendered":"<p>[analyse_image type=&#8221;featured&#8221; src=&#8221;https:\/\/r3media.ro\/wp-content\/uploads\/2025\/09\/control-judiciar-trotinetist-e1756835479843.pnghttps:\/\/r3media.ro\/wp-content\/uploads\/2025\/09\/control-judiciar-trotinetist-e1756835479843.png&#8221;] FEATUREDTrotinetele electrice fac ravagii \u00een Republica Moldova: Peste 70 de accidente \u00een&#8230; FEATURED\u0218TIRI Trotinetele electrice fac ravagii \u00een Republica Moldova: Peste 70 de accidente \u00een 2026 \u0219i sute de conduc\u0103tori prin\u0219i b\u0103u\u021bi Oana Ivan 04\/08\/2026 Surs\u0103 &#8211; Unsplash Trotinetele electrice au devenit o problem\u0103 \u0219i \u00een Republica Moldova. De la \u00eenceputul anului, [&hellip;]<\/p>\n","protected":false},"author":1,"featured_media":0,"comment_status":"open","ping_status":"","sticky":false,"template":"","format":"standard","meta":{"footnotes":""},"categories":[89],"tags":[226,93],"class_list":["post-2077186","post","type-post","status-publish","format-standard","hentry","category-romania","tag-crawlmanager","tag-r3media-ro"],"_links":{"self":[{"href":"https:\/\/analyse.optim.biz\/index.php?rest_route=\/wp\/v2\/posts\/2077186","targetHints":{"allow":["GET"]}}],"collection":[{"href":"https:\/\/analyse.optim.biz\/index.php?rest_route=\/wp\/v2\/posts"}],"about":[{"href":"https:\/\/analyse.optim.biz\/index.php?rest_route=\/wp\/v2\/types\/post"}],"author":[{"embeddable":true,"href":"https:\/\/analyse.optim.biz\/index.php?rest_route=\/wp\/v2\/users\/1"}],"replies":[{"embeddable":true,"href":"https:\/\/analyse.optim.biz\/index.php?rest_route=%2Fwp%2Fv2%2Fcomments&post=2077186"}],"version-history":[{"count":0,"href":"https:\/\/analyse.optim.biz\/index.php?rest_route=\/wp\/v2\/posts\/2077186\/revisions"}],"wp:attachment":[{"href":"https:\/\/analyse.optim.biz\/index.php?rest_route=%2Fwp%2Fv2%2Fmedia&parent=2077186"}],"wp:term":[{"taxonomy":"category","embeddable":true,"href":"https:\/\/analyse.optim.biz\/index.php?rest_route=%2Fwp%2Fv2%2Fcategories&post=2077186"},{"taxonomy":"post_tag","embeddable":true,"href":"https:\/\/analyse.optim.biz\/index.php?rest_route=%2Fwp%2Fv2%2Ftags&post=2077186"}],"curies":[{"name":"wp","href":"https:\/\/api.w.org\/{rel}","templated":true}]}}