{"id":2077153,"date":"2026-08-04T15:14:27","date_gmt":"2026-08-04T12:14:27","guid":{"rendered":"https:\/\/analyse.optim.biz\/?p=2077153"},"modified":"2026-08-04T15:14:27","modified_gmt":"2026-08-04T12:14:27","slug":"parasutist-militar-ranit-la-buzau-dupa-un-incident-in-timpul-unui-salt-stiri-din-surse-buzau-a-solicitat-un-punct-de-vedere-mapn-stiri-din-surse-buzau","status":"publish","type":"post","link":"https:\/\/analyse.optim.biz\/?p=2077153","title":{"rendered":"Para\u0219utist militar r\u0103nit la Buz\u0103u, dup\u0103 un incident \u00een timpul unui salt. \u0218tiri din Surse Buz\u0103u a solicitat un punct de vedere MApN &#8211; Stiri Din Surse Buz\u0103u"},"content":{"rendered":"<p>[analyse_image type=&#8221;featured&#8221; src=&#8221;https:\/\/stiridinsursebuzau.ro\/wp-content\/uploads\/2026\/08\/AVION.jpg&#8221;]<\/p>\n<article class=\"page-content-single small single\">\n<div id=\"stiri-387896636\" class=\"stiri-inainte-de-continut-3 stiri-entity-placement\"><a href=\"https:\/\/buzau.21k.ro\/\" aria-label=\"900\u00d7200\"><img decoding=\"async\" loading=\"lazy\" src=\"https:\/\/stiridinsursebuzau.ro\/wp-content\/uploads\/2026\/07\/900x200.gif\" alt width=\"900\" height=\"200\"><\/a><\/div>\n<p><strong>Un para\u0219utist militar \u00een v\u00e2rst\u0103 de 33 de ani a ajuns, mar\u021bi diminea\u021b\u0103, la Unitatea de Primiri Urgen\u021be a Spitalului Jude\u021bean de Urgen\u021b\u0103 Buz\u0103u, dup\u0103 un incident produs \u00een timpul unui salt cu para\u0219uta. Militarul a suferit o fractur\u0103 f\u0103r\u0103 deplasare de coccis, \u00eens\u0103 este \u00een afara oric\u0103rui pericol, fiind externat dup\u0103 acordarea \u00eengrijirilor medicale, cu recomand\u0103ri de specialitate.<\/strong><\/p>\n<p>\u00cemprejur\u0103rile \u00een care s-a produs incidentul nu au fost, p\u00e2n\u0103 la aceast\u0103 or\u0103, clarificate oficial.<\/p>\n<p>Un buzoian care se afla \u00een Zona Industrial\u0103 a observat aeronava Antonov AN-2 zbur\u00e2nd deasupra Aerodromului Sp\u0103taru. Potrivit acestuia, dup\u0103 ce mai mul\u021bi para\u0219uti\u0219ti au s\u0103rit din aeronav\u0103, ultimul militar ar fi r\u0103mas ag\u0103\u021bat sub avion.<\/p>\n<p>Martorul afirm\u0103 c\u0103 aeronava \u0219i-ar fi continuat zborul timp de c\u00e2teva minute, \u00een timp ce para\u0219utistul era suspendat sub aceasta. Acesta spune c\u0103 nu cunoa\u0219te modul \u00een care militarul a fost ulterior eliberat sau recuperat.<\/p>\n<p>\u0218tiri din Surse Buz\u0103u a solicitat un punct de vedere oficial Ministerului Ap\u0103r\u0103rii Na\u021bionale cu privire la circumstan\u021bele producerii incidentului. Am solicitat institu\u021biei s\u0103 precizeze cum s-a produs accidentul, dac\u0103 para\u0219utistul a r\u0103mas ag\u0103\u021bat de aeronav\u0103 \u00een timpul zborului, dac\u0103 a fost necesar\u0103 deschiderea para\u0219utei de rezerv\u0103 \u0219i care este starea militarului. De asemenea, am cerut s\u0103 ni se comunice dac\u0103 a fost declan\u0219at\u0103 o anchet\u0103 pentru stabilirea cauzelor incidentului \u0219i dac\u0103 exist\u0103 m\u0103suri avute \u00een vedere pentru prevenirea unor situa\u021bii similare.<\/p>\n<p>P\u00e2n\u0103 la transmiterea acestui articol, Ministerul Ap\u0103r\u0103rii Na\u021bionale nu a comunicat un punct de vedere oficial.<\/p>\n<p>Redac\u021bia va publica pozi\u021bia oficial\u0103 a Ministerului Ap\u0103r\u0103rii Na\u021bionale imediat ce aceasta va fi transmis\u0103.<\/p>\n<div class=\"post-views content-post post-48320 entry-meta load-static\"><span class=\"post-views-label\">Vizualiz\u0103ri \u0219tire:<\/span><span class=\"post-views-count\">405<\/span><\/div>\n<div id=\"stiri-3308638288\" class=\"stiri-dupa-continut-2 stiri-entity-placement\"><a href=\"https:\/\/rapidservicebuzau.ro\/\" aria-label=\"RAPID SUPER SERVICE\"><img loading=\"lazy\" decoding=\"async\" src=\"https:\/\/stiridinsursebuzau.ro\/wp-content\/uploads\/2026\/02\/ChatGPT-Image-10-feb.-2026-22_24_01.png\" alt width=\"1536\" height=\"1024\"><\/a><\/div>\n<div id=\"stiri-4049717637\" class=\"stiri-dupa-continut_2 stiri-entity-placement\"><a href=\"https:\/\/www.facebook.com\/profile.php?id=61564932526740\" aria-label=\"Glamour Pizza &quot;la patrat&quot;\"><img decoding=\"async\" loading=\"lazy\" src=\"https:\/\/stiridinsursebuzau.ro\/wp-content\/uploads\/2026\/02\/ChatGPT-Image-10-feb.-2026-21_57_13.png\" alt=\"Glamour Pizza &quot;la patrat&quot;\" width=\"1536\" height=\"1024\"><\/a><\/div>\n<div id=\"stiri-231963181\" class=\"stiri-dupa-continut_3 stiri-entity-placement\"><a href=\"https:\/\/www.facebook.com\/profile.php?id=61573613380169&amp;locale=ro_RO\" aria-label=\"ChatGPT Image 10 feb. 2026, 22_10_50\"><img decoding=\"async\" loading=\"lazy\" src=\"https:\/\/stiridinsursebuzau.ro\/wp-content\/uploads\/2026\/02\/ChatGPT-Image-10-feb.-2026-22_10_50.png\" alt width=\"1536\" height=\"1024\"><\/a><\/div>\n<div id=\"stiri-1116251515\" class=\"stiri-dupa-continut_4 stiri-entity-placement\"><a href=\"https:\/\/www.facebook.com\/profile.php?id=100077377992379\" aria-label=\"1536 cu 1024 pixeli\"><img decoding=\"async\" loading=\"lazy\" src=\"https:\/\/stiridinsursebuzau.ro\/wp-content\/uploads\/2026\/02\/ChatGPT-Image-20-feb.-2026-14_05_15.png\" alt=\"1536 cu 1024 pixeli\" width=\"1536\" height=\"1024\"><\/a><\/div>\n<div id=\"stiri-2205772437\" class=\"stiri-dupa-continut_5 stiri-entity-placement\"><img decoding=\"async\" loading=\"lazy\" src=\"https:\/\/stiridinsursebuzau.ro\/wp-content\/uploads\/2026\/02\/ChatGPT-Image-10-feb.-2026-23_00_56.png\" alt=\"piese tractoare\" width=\"1536\" height=\"1024\"><\/div>\n<nav class=\"navigation post-navigation\" aria-label=\"Articole\">\n<h2 class=\"screen-reader-text\">Navigare \u00een articole<\/h2>\n<div class=\"nav-links\">\n<div class=\"nav-previous\"><a href=\"https:\/\/stiridinsursebuzau.ro\/cel-mai-mare-centru-de-colectare-cu-aport-voluntar-din-romania-receptionat-la-buzau\/\" rel=\"prev\">Cel mai mare centru de colectare cu aport voluntar din Rom\u00e2nia, recep\u021bionat la Buz\u0103u <\/a><\/div>\n<\/div>\n<\/nav>\n<\/article>\n<article class=\"page-content-single small single\">\n<div id=\"stiri-387896636\" class=\"stiri-inainte-de-continut-3 stiri-entity-placement\"><a href=\"https:\/\/buzau.21k.ro\/\" aria-label=\"900\u00d7200\"><img decoding=\"async\" loading=\"lazy\" src=\"https:\/\/stiridinsursebuzau.ro\/wp-content\/uploads\/2026\/07\/900x200.gif\" alt width=\"900\" height=\"200\"><\/a><\/div>\n<p><strong>Un para\u0219utist militar \u00een v\u00e2rst\u0103 de 33 de ani a ajuns, mar\u021bi diminea\u021b\u0103, la Unitatea de Primiri Urgen\u021be a Spitalului Jude\u021bean de Urgen\u021b\u0103 Buz\u0103u, dup\u0103 un incident produs \u00een timpul unui salt cu para\u0219uta. Militarul a suferit o fractur\u0103 f\u0103r\u0103 deplasare de coccis, \u00eens\u0103 este \u00een afara oric\u0103rui pericol, fiind externat dup\u0103 acordarea \u00eengrijirilor medicale, cu recomand\u0103ri de specialitate.<\/strong><\/p>\n<p>\u00cemprejur\u0103rile \u00een care s-a produs incidentul nu au fost, p\u00e2n\u0103 la aceast\u0103 or\u0103, clarificate oficial.<\/p>\n<p>Un buzoian care se afla \u00een Zona Industrial\u0103 a observat aeronava Antonov AN-2 zbur\u00e2nd deasupra Aerodromului Sp\u0103taru. Potrivit acestuia, dup\u0103 ce mai mul\u021bi para\u0219uti\u0219ti au s\u0103rit din aeronav\u0103, ultimul militar ar fi r\u0103mas ag\u0103\u021bat sub avion.<\/p>\n<p>Martorul afirm\u0103 c\u0103 aeronava \u0219i-ar fi continuat zborul timp de c\u00e2teva minute, \u00een timp ce para\u0219utistul era suspendat sub aceasta. Acesta spune c\u0103 nu cunoa\u0219te modul \u00een care militarul a fost ulterior eliberat sau recuperat.<\/p>\n<p>\u0218tiri din Surse Buz\u0103u a solicitat un punct de vedere oficial Ministerului Ap\u0103r\u0103rii Na\u021bionale cu privire la circumstan\u021bele producerii incidentului. Am solicitat institu\u021biei s\u0103 precizeze cum s-a produs accidentul, dac\u0103 para\u0219utistul a r\u0103mas ag\u0103\u021bat de aeronav\u0103 \u00een timpul zborului, dac\u0103 a fost necesar\u0103 deschiderea para\u0219utei de rezerv\u0103 \u0219i care este starea militarului. De asemenea, am cerut s\u0103 ni se comunice dac\u0103 a fost declan\u0219at\u0103 o anchet\u0103 pentru stabilirea cauzelor incidentului \u0219i dac\u0103 exist\u0103 m\u0103suri avute \u00een vedere pentru prevenirea unor situa\u021bii similare.<\/p>\n<p>P\u00e2n\u0103 la transmiterea acestui articol, Ministerul Ap\u0103r\u0103rii Na\u021bionale nu a comunicat un punct de vedere oficial.<\/p>\n<p>Redac\u021bia va publica pozi\u021bia oficial\u0103 a Ministerului Ap\u0103r\u0103rii Na\u021bionale imediat ce aceasta va fi transmis\u0103.<\/p>\n<div class=\"post-views content-post post-48320 entry-meta load-static\"><span class=\"post-views-label\">Vizualiz\u0103ri \u0219tire:<\/span><span class=\"post-views-count\">405<\/span><\/div>\n<div id=\"stiri-3308638288\" class=\"stiri-dupa-continut-2 stiri-entity-placement\"><a href=\"https:\/\/rapidservicebuzau.ro\/\" aria-label=\"RAPID SUPER SERVICE\"><img loading=\"lazy\" decoding=\"async\" src=\"https:\/\/stiridinsursebuzau.ro\/wp-content\/uploads\/2026\/02\/ChatGPT-Image-10-feb.-2026-22_24_01.png\" alt width=\"1536\" height=\"1024\"><\/a><\/div>\n<div id=\"stiri-4049717637\" class=\"stiri-dupa-continut_2 stiri-entity-placement\"><a href=\"https:\/\/www.facebook.com\/profile.php?id=61564932526740\" aria-label=\"Glamour Pizza &quot;la patrat&quot;\"><img decoding=\"async\" loading=\"lazy\" src=\"https:\/\/stiridinsursebuzau.ro\/wp-content\/uploads\/2026\/02\/ChatGPT-Image-10-feb.-2026-21_57_13.png\" alt=\"Glamour Pizza &quot;la patrat&quot;\" width=\"1536\" height=\"1024\"><\/a><\/div>\n<div id=\"stiri-231963181\" class=\"stiri-dupa-continut_3 stiri-entity-placement\"><a href=\"https:\/\/www.facebook.com\/profile.php?id=61573613380169&amp;locale=ro_RO\" aria-label=\"ChatGPT Image 10 feb. 2026, 22_10_50\"><img decoding=\"async\" loading=\"lazy\" src=\"https:\/\/stiridinsursebuzau.ro\/wp-content\/uploads\/2026\/02\/ChatGPT-Image-10-feb.-2026-22_10_50.png\" alt width=\"1536\" height=\"1024\"><\/a><\/div>\n<div id=\"stiri-1116251515\" class=\"stiri-dupa-continut_4 stiri-entity-placement\"><a href=\"https:\/\/www.facebook.com\/profile.php?id=100077377992379\" aria-label=\"1536 cu 1024 pixeli\"><img decoding=\"async\" loading=\"lazy\" src=\"https:\/\/stiridinsursebuzau.ro\/wp-content\/uploads\/2026\/02\/ChatGPT-Image-20-feb.-2026-14_05_15.png\" alt=\"1536 cu 1024 pixeli\" width=\"1536\" height=\"1024\"><\/a><\/div>\n<div id=\"stiri-2205772437\" class=\"stiri-dupa-continut_5 stiri-entity-placement\"><img decoding=\"async\" loading=\"lazy\" src=\"https:\/\/stiridinsursebuzau.ro\/wp-content\/uploads\/2026\/02\/ChatGPT-Image-10-feb.-2026-23_00_56.png\" alt=\"piese tractoare\" width=\"1536\" height=\"1024\"><\/div>\n<nav class=\"navigation post-navigation\" aria-label=\"Articole\">\n<h2 class=\"screen-reader-text\">Navigare \u00een articole<\/h2>\n<div class=\"nav-links\">\n<div class=\"nav-previous\"><a href=\"https:\/\/stiridinsursebuzau.ro\/cel-mai-mare-centru-de-colectare-cu-aport-voluntar-din-romania-receptionat-la-buzau\/\" rel=\"prev\">Cel mai mare centru de colectare cu aport voluntar din Rom\u00e2nia, recep\u021bionat la Buz\u0103u <\/a><\/div>\n<\/div>\n<\/nav>\n<\/article>\n<p>[analyse_source url=&#8221;https:\/\/stiridinsursebuzau.ro\/parasutist-militar-ranit-la-buzau-dupa-un-incident-in-timpul-unui-salt-stiri-din-surse-buzau-a-solicitat-un-punct-de-vedere-mapn\/&#8221;]<\/p>\n","protected":false},"excerpt":{"rendered":"<p>[analyse_image type=&#8221;featured&#8221; src=&#8221;https:\/\/stiridinsursebuzau.ro\/wp-content\/uploads\/2026\/08\/AVION.jpg&#8221;] Un para\u0219utist militar \u00een v\u00e2rst\u0103 de 33 de ani a ajuns, mar\u021bi diminea\u021b\u0103, la Unitatea de Primiri Urgen\u021be a Spitalului Jude\u021bean de Urgen\u021b\u0103 Buz\u0103u, dup\u0103 un incident produs \u00een timpul unui salt cu para\u0219uta. Militarul a suferit o fractur\u0103 f\u0103r\u0103 deplasare de coccis, \u00eens\u0103 este \u00een afara oric\u0103rui pericol, fiind externat dup\u0103 [&hellip;]<\/p>\n","protected":false},"author":1,"featured_media":0,"comment_status":"open","ping_status":"","sticky":false,"template":"","format":"standard","meta":{"footnotes":""},"categories":[2],"tags":[226,60],"class_list":["post-2077153","post","type-post","status-publish","format-standard","hentry","category-politics","tag-crawlmanager","tag-stiridinsursebuzau-ro"],"_links":{"self":[{"href":"https:\/\/analyse.optim.biz\/index.php?rest_route=\/wp\/v2\/posts\/2077153","targetHints":{"allow":["GET"]}}],"collection":[{"href":"https:\/\/analyse.optim.biz\/index.php?rest_route=\/wp\/v2\/posts"}],"about":[{"href":"https:\/\/analyse.optim.biz\/index.php?rest_route=\/wp\/v2\/types\/post"}],"author":[{"embeddable":true,"href":"https:\/\/analyse.optim.biz\/index.php?rest_route=\/wp\/v2\/users\/1"}],"replies":[{"embeddable":true,"href":"https:\/\/analyse.optim.biz\/index.php?rest_route=%2Fwp%2Fv2%2Fcomments&post=2077153"}],"version-history":[{"count":0,"href":"https:\/\/analyse.optim.biz\/index.php?rest_route=\/wp\/v2\/posts\/2077153\/revisions"}],"wp:attachment":[{"href":"https:\/\/analyse.optim.biz\/index.php?rest_route=%2Fwp%2Fv2%2Fmedia&parent=2077153"}],"wp:term":[{"taxonomy":"category","embeddable":true,"href":"https:\/\/analyse.optim.biz\/index.php?rest_route=%2Fwp%2Fv2%2Fcategories&post=2077153"},{"taxonomy":"post_tag","embeddable":true,"href":"https:\/\/analyse.optim.biz\/index.php?rest_route=%2Fwp%2Fv2%2Ftags&post=2077153"}],"curies":[{"name":"wp","href":"https:\/\/api.w.org\/{rel}","templated":true}]}}