{"id":2076911,"date":"2026-08-04T12:07:49","date_gmt":"2026-08-04T09:07:49","guid":{"rendered":"https:\/\/analyse.optim.biz\/?p=2076911"},"modified":"2026-08-04T12:07:49","modified_gmt":"2026-08-04T09:07:49","slug":"romania-are-cel-mai-mic-consum-de-energie-electrica-pe-cap-locuitor-din-uniunea-europeana-influencer-cum-sa-mai-economisim-din-ce","status":"publish","type":"post","link":"https:\/\/analyse.optim.biz\/?p=2076911","title":{"rendered":"Rom\u00e2nia are cel mai mic consum de energie electric\u0103 pe cap locuitor din Uniunea European\u0103. Influencer: Cum s\u0103 mai economisim, din ce?"},"content":{"rendered":"<p>[analyse_image type=&#8221;featured&#8221; src=&#8221;https:\/\/r3media.ro\/wp-content\/uploads\/2022\/09\/casa-cu-un-bec.jpghttps:\/\/r3media.ro\/wp-content\/uploads\/2022\/09\/casa-cu-un-bec.jpg&#8221;]<\/p>\n<article id=\"template-id-109\" class=\"post-109 tdb_templates type-tdb_templates status-publish post\">\n<div id=\"tdi_2\" class=\"tdc-zone\">\n<div class=\"tdc_zone tdi_3  wpb_row td-pb-row\">\n<div id=\"tdi_4\" class=\"tdc-row\">\n<div class=\"vc_row tdi_5  wpb_row td-pb-row\">\n<div class=\"vc_column tdi_7  wpb_column vc_column_container tdc-column td-pb-span8\">\n<div class=\"wpb_wrapper\">\n<div class=\"td_block_wrap tdb_breadcrumbs tdi_8 td-pb-border-top td_block_template_1 tdb-breadcrumbs \" data-td-block-uid=\"tdi_8\">\n<div class=\"tdb-block-inner td-fix-index\"><span><a title=\"Vede\u021bi toate articolele \u00een ENERGIE\" class=\"tdb-entry-crumb\" href=\"https:\/\/r3media.ro\/category\/energie\/\">ENERGIE<\/a><\/span><span class=\"tdb-bred-no-url-last\">Rom\u00e2nia are cel mai mic consum de energie electric\u0103 pe cap locuitor&#8230;<\/span><\/div>\n<\/div>\n<div class=\"td_block_wrap tdb_single_categories tdi_9 td-pb-border-top td_block_template_1 \" data-td-block-uid=\"tdi_9\">\n<div class=\"tdb-category td-fix-index\"><a class=\"tdb-entry-category\" href=\"https:\/\/r3media.ro\/category\/energie\/\">ENERGIE<\/a><a class=\"tdb-entry-category\" href=\"https:\/\/r3media.ro\/category\/featured\/\">FEATURED<\/a><a class=\"tdb-entry-category\" href=\"https:\/\/r3media.ro\/category\/stiri\/\">\u0218TIRI<\/a><\/div>\n<\/div>\n<div class=\"td_block_wrap tdb_title tdi_10 tdb-single-title td-pb-border-top td_block_template_1\" data-td-block-uid=\"tdi_10\">\n<div class=\"tdb-block-inner td-fix-index\">\n<h1 class=\"tdb-title-text\">Rom\u00e2nia are cel mai mic consum de energie electric\u0103 pe cap locuitor din Uniunea European\u0103. Influencer: Cum s\u0103 mai economisim, din ce?<\/h1>\n<\/div>\n<\/div>\n<div class=\"vc_row_inner tdi_12  vc_row vc_inner wpb_row td-pb-row\">\n<div class=\"vc_column_inner tdi_14  wpb_column vc_column_container tdc-inner-column td-pb-span12\">\n<div class=\"vc_column-inner\">\n<div class=\"wpb_wrapper\">\n<div class=\"td_block_wrap tdb_single_author tdi_15 td-pb-border-top td_block_template_1 tdb-post-meta\" data-td-block-uid=\"tdi_15\">\n<div class=\"tdb-block-inner td-fix-index\">\n<div class=\"tdb-author-name-wrap\"><a class=\"tdb-author-name\" href=\"https:\/\/r3media.ro\/author\/teodor_stan\/\">Teodor Stan<\/a><\/div>\n<\/div>\n<\/div>\n<div class=\"td_block_wrap tdb_single_date tdi_16 td-pb-border-top td_block_template_1 tdb-post-meta\" data-td-block-uid=\"tdi_16\">\n<div class=\"tdb-block-inner td-fix-index\"><time class=\"entry-date updated td-module-date\" datetime=\"2026-08-04T15:07:49+03:00\">04\/08\/2026<\/time><\/div>\n<\/div>\n<\/div>\n<\/div>\n<\/div>\n<\/div>\n<div class=\"td_block_wrap tdb_single_featured_image tdi_17 tdb-content-horiz-left td-pb-border-top td_block_template_1\" data-td-block-uid=\"tdi_17\">\n<div class=\"tdb-block-inner td-fix-index\">\n<figure><figcaption class=\"tdb-caption-text\">Sursa foto: swiftmoves.blog<\/figcaption><\/figure>\n<\/div>\n<\/div>\n<div class=\"td_block_wrap tdb_single_content tdi_18 td-pb-border-top td_block_template_1 td-post-content tagdiv-type\" data-td-block-uid=\"tdi_18\">\n<div class=\"tdb-block-inner td-fix-index\">\n<p><strong>Adriana Vitan Balint se \u00eentreab\u0103 \u201ecam cum s\u0103 mai economisim\u201d, \u00een contextul \u00een care \u201eavem cel mai mic consum de curent electric pe cap de locuitor din Europa\u201d.<\/strong><\/p>\n<p>\u00centr-o postare devenit\u0103 viral\u0103, influencerul conservator c\u0103 Rom\u00e2nia are ap\u0103, iar ideea conform c\u0103reia ar fi o penurie \u00een acest sens este o minciun\u0103.<\/p>\n<p>\u201eAvem cel mai mic consum de curent electric pe cap de locuitor din Europa. Cam cum s\u0103 mai economisim, din ce?<\/p>\n<p>Mai mult, resursa de ap\u0103 regenerabil\u0103 a Rom\u00e2niei este de 212 km cubi\/an, pe locul 2 in Europa, dup\u0103 Norvegia. Fran\u021ba e pe locul 3, dup\u0103 noi.<\/p>\n<p>\u0218ti\u021bi c\u00e2t consum\u0103m noi din rezerva regenerabil\u0103 de ap\u0103 de 212 km cubi?<\/p>\n<p>\u203c\ufe0f\u203c\ufe0f\u203c\ufe0f\u203c\ufe0f4% . Mai exact 8,15 km cubi pe an.<br \/>\n\u00cemp\u0103r\u021birea celor 8,15 km cubi\/an este aproximativ:<br \/>\n\u2022 Agricultur\u0103: 2,96 km cubi\/an<br \/>\n\u2022 Industrie: 3,94 km cubi\/an<br \/>\n\u2022 Alimentare popula\u021bie (municipal): 1,26 km cubi\/an<\/p>\n<p>Lipsa apei este O MINCIUN\u0102!!! Avem \u0219i de b\u0103ut \u0219i de sp\u0103lat \u0219i s\u0103 ne ud\u0103m gr\u0103dinile si s\u0103 cultivam legume si sa irig\u0103m culturile agricole.<\/p>\n<p>\u00cen Rom\u00e2nia, e plin de izvoare, apa curge liber\u0103 pe to\u021bi versan\u021bii, \u00een toate p\u0103durile. Iese din p\u0103m\u00e2nt peste tot, ca niciunde \u00een Europa.<\/p>\n<p>Avem \u0219i s\u0103 producem curent din c\u0103derea de ap\u0103 \u0219i s\u0103 r\u0103cim reactoarele de la Cernavod\u0103, anul \u0103sta a plouat cum nu a mai plouat de mai bine de 10 ani. NU e secet\u0103! T<\/p>\n<p>oate lacurile de acumulare ale barajelor sunt extra full. Da\u021bi drumul apei din baraje, s\u0103 se umple albia Dun\u0103rii, golanilor, sabotori nenoroci\u021bi!\u201d, a tunat Adriana Vitan Balint.<\/p>\n<h2>Cifrele confirm\u0103: Rom\u00e2nia consum\u0103 cel mai pu\u021bin din Uniunea European\u0103<\/h2>\n<p>Potrivit datelor datelor Ember (prelucrate de<a href=\"https:\/\/ourworldindata.org\/grapher\/per-capita-electricity-demand\" target=\"_blank\" rel=\"noopener\"> Our World in Data<\/a>, actualizate \u00een aprilie 2026), la nivelul anului 2025, Rom\u00e2nia se afl\u0103 pe ultimul loc \u00een Europa la capitolul consum de energie electric\u0103 pe cap de locuitor.<\/p>\n<p>\u021aara noastr\u0103 are un consum de 2,88 MWh\/locuitor, mult sub media UE, care este de 6,2 MWh.<\/p>\n<p>Un rom\u00e2n consum\u0103 aproape jum\u0103tate din c\u00e2t o face un leton, adic\u0103 un cet\u0103\u021bean al unei \u021b\u0103ri cu o popula\u021bie de aproximativ 1,8 milioane de locuitori.<\/p>\n<p>C\u00e2t Bucure\u0219tiul.<\/p>\n<p>Toate celelalte \u021b\u0103ri foste membre ale Tratatului de la Var\u0219ovia consum\u0103 mult mai mult, per cap de locuitor, dec\u00e2t Rom\u00e2nia.<\/p>\n<p>Reamintim, \u00een context, c\u0103 premierul interimar Ilie Bolojan<a href=\"https:\/\/r3media.ro\/criza-energetica-bolojan-romani-reducere-consum\/\" target=\"_blank\" rel=\"noopener\"> a f\u0103cut apel la reducerea consumului de energie electric\u0103<\/a> de c\u0103tre popula\u021bie \u0219i agen\u021bii economici.<\/p>\n<div class=\"crp_related     crp-masonry\">\n<h2>\u00ceN CONTEXT<\/h2>\n<ul>\n<li><a href=\"https:\/\/r3media.ro\/fara-tine-in-google-r3media-dispare-iata-ce-poti-face-in-10-secunde\/\" class=\"crp_link post-119031\"><span class=\"crp_title\">F\u0103r\u0103 tine \u00een Google, R3media dispare. Iat\u0103 ce po\u021bi face \u00een 10 secunde<\/span><\/a><\/li>\n<li><a href=\"https:\/\/r3media.ro\/ni-se-spune-ca-epoca-energiei-ieftine-pentru-romani-s-a-incheiat-dar-se-ocoleste-cu-grija-motivul-de-ce\/\" class=\"crp_link post-113596\"><span class=\"crp_title\">Ni se spune c\u0103 \u201eEpoca energiei ieftine pentru rom\u00e2ni s-a \u00eencheiat!\u201d dar se ocole\u0219te cu grij\u0103\u2026<\/span><\/a><\/li>\n<li><a href=\"https:\/\/r3media.ro\/romania-importa-energie-ucraina-ilie-bolojan-stare-de-alerta\/\" class=\"crp_link post-120674\"><span class=\"crp_title\">Rom\u00e2nia a ajuns s\u0103 importe energie de la Ucraina, stat aflat \u00een r\u0103zboi. Ilie Bolojan a\u2026<\/span><\/a><\/li>\n<li><a href=\"https:\/\/r3media.ro\/dacia-ford-suspendare-productie-19-august-criza-energetica\/\" class=\"crp_link post-120794\"><span class=\"crp_title\">Dacia \u0219i Ford au suspendat produc\u021bia p\u00e2n\u0103 pe 19 august din cauza crizei energetice<\/span><\/a><\/li>\n<li><a href=\"https:\/\/r3media.ro\/e-oficial-suntem-prostii-continentului-ministrul-energiei-recunoaste-ca-romanii-platesc-cea-mai-scumpa-energie-electrica-din-europa-solutia-lui-bogdan-ivan-care-demonstreaza-ca-romania-e-un-stat-c\/\" class=\"crp_link post-113618\"><span class=\"crp_title\">E oficial, suntem pro\u0219tii continentului: Ministrul Energiei recunoa\u0219te c\u0103 rom\u00e2nii pl\u0103tesc\u2026<\/span><\/a><\/li>\n<li><a href=\"https:\/\/r3media.ro\/de-ce-nu-ar-plati-si-marile-companii\/\" class=\"crp_link post-114713\"><span class=\"crp_title\">De ce nu ar pl\u0103ti \u0219i marile companii?<\/span><\/a><\/li>\n<li><a href=\"https:\/\/r3media.ro\/senatorul-petrisor-peiu-aur-a-explodat-importul-de-energie-electrica-iar-productia-interna-s-a-prabusit\/\" class=\"crp_link post-114492\"><span class=\"crp_title\">Senatorul Petri\u0219or Peiu (AUR): A explodat IMPORTUL de energie electric\u0103, iar produc\u021bia\u2026<\/span><\/a><\/li>\n<li><a href=\"https:\/\/r3media.ro\/pretul-gazelor-romania-razboi-ucraina\/\" class=\"crp_link post-120410\"><span class=\"crp_title\">Pre\u021bul gazelor a explodat \u00een Rom\u00e2nia, la cel mai \u00eenalt nivel de la declan\u0219area r\u0103zboiului\u2026<\/span><\/a><\/li>\n<\/ul>\n<\/div>\n<\/div>\n<\/div>\n<div class=\"td_block_wrap tdb_single_tags tdi_19 td-pb-border-top td_block_template_1\" data-td-block-uid=\"tdi_19\">\n<div class=\"tdb-block-inner td-fix-index\">\n<ul class=\"tdb-tags\">\n<li><span>SUBIECTE FIERBIN\u021aI<\/span><\/li>\n<li><a href=\"https:\/\/r3media.ro\/tag\/adriana-vitan-balint\/\">adriana vitan balint<\/a><\/li>\n<li><a href=\"https:\/\/r3media.ro\/tag\/criza-energetica\/\">criza energetica<\/a><\/li>\n<li><a href=\"https:\/\/r3media.ro\/tag\/energie-romania\/\">energie romania<\/a><\/li>\n<\/ul>\n<\/div>\n<\/div>\n<div class=\"td_block_wrap td_block_9 tdi_20 td_with_ajax_pagination td-pb-border-top td_block_template_1 td-column-2 td_block_padding td_block_bot_line\" data-td-block-uid=\"tdi_20\">\n<div class=\"td-block-title-wrap\">\n<h4 class=\"block-title td-block-title\"><span class=\"td-pulldown-size\">CITE\u0218TE MAI MULT<\/span><\/h4>\n<\/div>\n<div id=\"tdi_20\" class=\"td_block_inner\">\n<div class=\"td-block-row\">\n<div class=\"td-block-span6\">\n<div class=\"td_module_8 td_module_wrap\">\n<div class=\"item-details\">\n<h3 class=\"entry-title td-module-title\"><a href=\"https:\/\/r3media.ro\/tara-europa-norvegia-masini-electrice-inmatriculate-cota-ridicata\/\" rel=\"bookmark\" title=\"\u021aara din Europa unde aproape toate ma\u0219inile \u00eenmatriculate sune electrice. Cota a ajuns la 97,6% \u00een iulie\">\u021aara din Europa unde aproape toate ma\u0219inile \u00eenmatriculate sune electrice. Cota a ajuns la&#8230;<\/a><\/h3>\n<div class=\"td-module-meta-info\"><a href=\"https:\/\/r3media.ro\/category\/stiri-prim-plan\/\" class=\"td-post-category\">PRIM PLAN<\/a><span class=\"td-post-author-name\"><a href=\"https:\/\/r3media.ro\/author\/oana\/\">Oana Ivan<\/a><span>&#8211;<\/span><\/span><span class=\"td-post-date\"><time class=\"entry-date updated td-module-date\" datetime=\"2026-08-03T17:01:21+03:00\">03\/08\/2026<\/time><\/span><\/div>\n<\/div>\n<\/div>\n<\/div>\n<div class=\"td-block-span6\">\n<div class=\"td_module_8 td_module_wrap\">\n<div class=\"item-details\">\n<h3 class=\"entry-title td-module-title\"><a href=\"https:\/\/r3media.ro\/puterea-mitologica-instalata-a-romaniei\/\" rel=\"bookmark\" title=\"Puterea mitologic\u0103 instalat\u0103 a Rom\u00e2niei\">Puterea mitologic\u0103 instalat\u0103 a Rom\u00e2niei<\/a><\/h3>\n<div class=\"td-module-meta-info\"><a href=\"https:\/\/r3media.ro\/category\/opinii\/\" class=\"td-post-category\">OPINII<\/a><span class=\"td-post-author-name\"><a href=\"https:\/\/r3media.ro\/author\/tru\/\">TRU (Traian Ungureanu)<\/a><span>&#8211;<\/span><\/span><span class=\"td-post-date\"><time class=\"entry-date updated td-module-date\" datetime=\"2026-08-02T22:08:04+03:00\">02\/08\/2026<\/time><\/span><\/div>\n<\/div>\n<\/div>\n<\/div>\n<\/div>\n<div class=\"td-block-row\">\n<div class=\"td-block-span6\">\n<div class=\"td_module_8 td_module_wrap\">\n<div class=\"item-details\">\n<h3 class=\"entry-title td-module-title\"><a href=\"https:\/\/r3media.ro\/hyundai-recheama-service-masini-electrice-inster-risc-incendiu\/\" rel=\"bookmark\" title=\"Hyundai recheam\u0103 \u00een service zeci de mii de ma\u0219ini electrice din cauza riscului de incendiu\">Hyundai recheam\u0103 \u00een service zeci de mii de ma\u0219ini electrice din cauza riscului de&#8230;<\/a><\/h3>\n<div class=\"td-module-meta-info\"><a href=\"https:\/\/r3media.ro\/category\/actualitate\/\" class=\"td-post-category\">ACTUALITATE<\/a><span class=\"td-post-author-name\"><a href=\"https:\/\/r3media.ro\/author\/oana\/\">Oana Ivan<\/a><span>&#8211;<\/span><\/span><span class=\"td-post-date\"><time class=\"entry-date updated td-module-date\" datetime=\"2026-08-02T08:34:05+03:00\">02\/08\/2026<\/time><\/span><\/div>\n<\/div>\n<\/div>\n<\/div>\n<div class=\"td-block-span6\">\n<div class=\"td_module_8 td_module_wrap\">\n<div class=\"item-details\">\n<h3 class=\"entry-title td-module-title\"><a href=\"https:\/\/r3media.ro\/dragostea-care-transcende-epoci-descult-in-parc-1967\/\" rel=\"bookmark\" title=\"Dragostea care transcende epoci \u2014 Descul\u021b \u00een parc (1967)\">Dragostea care transcende epoci \u2014 Descul\u021b \u00een parc (1967)<\/a><\/h3>\n<div class=\"td-module-meta-info\"><a href=\"https:\/\/r3media.ro\/category\/opinii\/\" class=\"td-post-category\">OPINII<\/a><span class=\"td-post-author-name\"><a href=\"https:\/\/r3media.ro\/author\/costi_balasoiu\/\">Constantin B\u0103l\u0103\u0219oiu<\/a><span>&#8211;<\/span><\/span><span class=\"td-post-date\"><time class=\"entry-date updated td-module-date\" datetime=\"2026-08-01T13:45:14+03:00\">01\/08\/2026<\/time><\/span><\/div>\n<\/div>\n<\/div>\n<\/div>\n<\/div>\n<div class=\"td-block-row\">\n<div class=\"td-block-span6\">\n<div class=\"td_module_8 td_module_wrap\">\n<div class=\"item-details\">\n<h3 class=\"entry-title td-module-title\"><a href=\"https:\/\/r3media.ro\/masina-electrica-foc-turcia-incarcat-vehicul-explozie-pompieri-stingere-incendiu-video\/\" rel=\"bookmark\" title=\"VIDEO | O ma\u0219in\u0103 electric\u0103 a luat foc \u00een timp ce se afla la \u00eenc\u0103rcat. Vehiculul a explodat chiar c\u00e2nd pompierii \u00eencercau s\u0103 sting\u0103 incendiul folosind o p\u0103tur\u0103 ignifug\u0103\">VIDEO | O ma\u0219in\u0103 electric\u0103 a luat foc \u00een timp ce se afla la&#8230;<\/a><\/h3>\n<div class=\"td-module-meta-info\"><a href=\"https:\/\/r3media.ro\/category\/actualitate\/\" class=\"td-post-category\">ACTUALITATE<\/a><span class=\"td-post-author-name\"><a href=\"https:\/\/r3media.ro\/author\/oana\/\">Oana Ivan<\/a><span>&#8211;<\/span><\/span><span class=\"td-post-date\"><time class=\"entry-date updated td-module-date\" datetime=\"2026-07-31T13:33:48+03:00\">31\/07\/2026<\/time><\/span><\/div>\n<\/div>\n<\/div>\n<\/div>\n<div class=\"td-block-span6\">\n<div class=\"td_module_8 td_module_wrap\">\n<div class=\"item-details\">\n<h3 class=\"entry-title td-module-title\"><a href=\"https:\/\/r3media.ro\/spania-asediu-migranti-exclava-ceuta-africa-madrid-trupe-securitate-video\/\" rel=\"bookmark\" title=\"VIDEO | Spania se afl\u0103 sub asediu: Mii de migran\u021bi au luat cu asalt exclava Ceuta din Africa. Madridul a trimis trupe pentru a consolida securitatea\">VIDEO | Spania se afl\u0103 sub asediu: Mii de migran\u021bi au luat cu asalt&#8230;<\/a><\/h3>\n<div class=\"td-module-meta-info\"><a href=\"https:\/\/r3media.ro\/category\/actualitate\/\" class=\"td-post-category\">ACTUALITATE<\/a><span class=\"td-post-author-name\"><a href=\"https:\/\/r3media.ro\/author\/oana\/\">Oana Ivan<\/a><span>&#8211;<\/span><\/span><span class=\"td-post-date\"><time class=\"entry-date updated td-module-date\" datetime=\"2026-07-31T12:39:57+03:00\">31\/07\/2026<\/time><\/span><\/div>\n<\/div>\n<\/div>\n<\/div>\n<\/div>\n<div class=\"td-block-row\">\n<div class=\"td-block-span6\">\n<div class=\"td_module_8 td_module_wrap\">\n<div class=\"item-details\">\n<h3 class=\"entry-title td-module-title\"><a href=\"https:\/\/r3media.ro\/expert-ucraina-faliment-agricultura-romaneasca-tehnologii-ue\/\" rel=\"bookmark\" title=\"Un expert explic\u0103 felul \u00een care concuren\u021ba din Ucraina bag\u0103 \u00een faliment agricultura rom\u00e2neasc\u0103: Folosesc tehnologii interzise \u00een UE\">Un expert explic\u0103 felul \u00een care concuren\u021ba din Ucraina bag\u0103 \u00een faliment agricultura rom\u00e2neasc\u0103:&#8230;<\/a><\/h3>\n<div class=\"td-module-meta-info\"><a href=\"https:\/\/r3media.ro\/category\/actualitate\/\" class=\"td-post-category\">ACTUALITATE<\/a><span class=\"td-post-author-name\"><a href=\"https:\/\/r3media.ro\/author\/radu_ursan\/\">Radu Ursan<\/a><span>&#8211;<\/span><\/span><span class=\"td-post-date\"><time class=\"entry-date updated td-module-date\" datetime=\"2026-07-30T09:51:48+03:00\">30\/07\/2026<\/time><\/span><\/div>\n<\/div>\n<\/div>\n<\/div>\n<div class=\"td-block-span6\">\n<div class=\"td_module_8 td_module_wrap\">\n<div class=\"item-details\">\n<h3 class=\"entry-title td-module-title\"><a href=\"https:\/\/r3media.ro\/cornel-nistorescu-drone-razboi-ucraina\/\" rel=\"bookmark\" title=\"Cornel Nistorescu, dup\u0103 incidentele cu drone: Adie a aer de r\u0103zboi. De mirare c\u0103 dronele ucrainene nu au st\u00e2rnit at\u00e2ta t\u0103r\u0103boi\">Cornel Nistorescu, dup\u0103 incidentele cu drone: Adie a aer de r\u0103zboi. De mirare c\u0103&#8230;<\/a><\/h3>\n<div class=\"td-module-meta-info\"><a href=\"https:\/\/r3media.ro\/category\/actualitate\/\" class=\"td-post-category\">ACTUALITATE<\/a><span class=\"td-post-author-name\"><a href=\"https:\/\/r3media.ro\/author\/radu_ursan\/\">Radu Ursan<\/a><span>&#8211;<\/span><\/span><span class=\"td-post-date\"><time class=\"entry-date updated td-module-date\" datetime=\"2026-07-28T10:21:51+03:00\">28\/07\/2026<\/time><\/span><\/div>\n<\/div>\n<\/div>\n<\/div>\n<\/div>\n<div class=\"td-block-row\">\n<div class=\"td-block-span6\">\n<div class=\"td_module_8 td_module_wrap\">\n<div class=\"item-details\">\n<h3 class=\"entry-title td-module-title\"><a href=\"https:\/\/r3media.ro\/bnr-recomanda-romani-rezerve-de-cash-atacuri-cibernetice-numerar-relevant-criza\/\" rel=\"bookmark\" title=\"BNR le recomand\u0103 rom\u00e2nilor s\u0103 p\u0103streze rezerve de cash: Numerarul se poate dovedi relevant \u00een criz\u0103\">BNR le recomand\u0103 rom\u00e2nilor s\u0103 p\u0103streze rezerve de cash: Numerarul se poate dovedi relevant&#8230;<\/a><\/h3>\n<div class=\"td-module-meta-info\"><a href=\"https:\/\/r3media.ro\/category\/actualitate\/\" class=\"td-post-category\">ACTUALITATE<\/a><span class=\"td-post-author-name\"><a href=\"https:\/\/r3media.ro\/author\/oana\/\">Oana Ivan<\/a><span>&#8211;<\/span><\/span><span class=\"td-post-date\"><time class=\"entry-date updated td-module-date\" datetime=\"2026-07-27T13:11:47+03:00\">27\/07\/2026<\/time><\/span><\/div>\n<\/div>\n<\/div>\n<\/div>\n<div class=\"td-block-span6\">\n<div class=\"td_module_8 td_module_wrap\">\n<div class=\"item-details\">\n<h3 class=\"entry-title td-module-title\"><a href=\"https:\/\/r3media.ro\/statul-roman-a-semnat-actul-propriei-disparitii\/\" rel=\"bookmark\" title=\"Statul rom\u00e2n a semnat actul propriei dispari\u021bii?\">Statul rom\u00e2n a semnat actul propriei dispari\u021bii?<\/a><\/h3>\n<div class=\"td-module-meta-info\"><a href=\"https:\/\/r3media.ro\/category\/opinii\/\" class=\"td-post-category\">OPINII<\/a><span class=\"td-post-author-name\"><a href=\"https:\/\/r3media.ro\/author\/gabipopa\/\">Gabriel Popa<\/a><span>&#8211;<\/span><\/span><span class=\"td-post-date\"><time class=\"entry-date updated td-module-date\" datetime=\"2026-07-27T15:07:05+03:00\">27\/07\/2026<\/time><\/span><\/div>\n<\/div>\n<\/div>\n<\/div>\n<\/div>\n<div class=\"td-block-row\">\n<div class=\"td-block-span6\">\n<div class=\"td_module_8 td_module_wrap\">\n<div class=\"item-details\">\n<h3 class=\"entry-title td-module-title\"><a href=\"https:\/\/r3media.ro\/prima-oara-istorie-presedintia-document-primplan-patriotism-european\/\" rel=\"bookmark\" title=\"Pentru prima oar\u0103 \u00een istorie, Pre\u0219edin\u021bia Rom\u00e2niei emite un document care pune pe primul plan o alt\u0103 entitate dec\u00e2t \u021bara noastr\u0103: patriotismul european\">Pentru prima oar\u0103 \u00een istorie, Pre\u0219edin\u021bia Rom\u00e2niei emite un document care pune pe primul&#8230;<\/a><\/h3>\n<div class=\"td-module-meta-info\"><a href=\"https:\/\/r3media.ro\/category\/actualitate\/\" class=\"td-post-category\">ACTUALITATE<\/a><span class=\"td-post-author-name\"><a href=\"https:\/\/r3media.ro\/author\/teodor_stan\/\">Teodor Stan<\/a><span>&#8211;<\/span><\/span><span class=\"td-post-date\"><time class=\"entry-date updated td-module-date\" datetime=\"2026-07-26T11:44:31+03:00\">26\/07\/2026<\/time><\/span><\/div>\n<\/div>\n<\/div>\n<\/div>\n<div class=\"td-block-span6\">\n<div class=\"td_module_8 td_module_wrap\">\n<div class=\"item-details\">\n<h3 class=\"entry-title td-module-title\"><a href=\"https:\/\/r3media.ro\/film-nou-stapanul-inelelor-corect-politic-regizor-andy-serkis-diversitate-tolkien-mitologie-nordica\/\" rel=\"bookmark\" title=\"Noul film \u201eSt\u0103p\u00e2nul Inelelor\u201d nu va fi corect politic. Regizorul Andy Serkis: J.R.R. Tolkien a fost influen\u021bat de mitologia nordic\u0103. Nu vrem o distribu\u021bie de dragul de a bifa c\u0103su\u021be\">Noul film \u201eSt\u0103p\u00e2nul Inelelor\u201d nu va fi corect politic. Regizorul Andy Serkis: J.R.R. Tolkien&#8230;<\/a><\/h3>\n<div class=\"td-module-meta-info\"><a href=\"https:\/\/r3media.ro\/category\/actualitate\/\" class=\"td-post-category\">ACTUALITATE<\/a><span class=\"td-post-author-name\"><a href=\"https:\/\/r3media.ro\/author\/oana\/\">Oana Ivan<\/a><span>&#8211;<\/span><\/span><span class=\"td-post-date\"><time class=\"entry-date updated td-module-date\" datetime=\"2026-07-26T15:49:31+03:00\">26\/07\/2026<\/time><\/span><\/div>\n<\/div>\n<\/div>\n<\/div>\n<\/div>\n<\/div>\n<div class=\"td-load-more-wrap td-load-more-infinite-wrap\" id=\"infinite-lm-tdi_20\"><a href=\"https:\/\/r3media.ro\/romania-consum-energie-electrica-locuitor-ue\/\" class=\"td_ajax_load_more td_ajax_load_more_js\" aria-label=\"\u00cenc\u0103rca\u021bi mai multe\" id=\"next-page-tdi_20\" data-td_block_id=\"tdi_20\">\u00cenc\u0103rca\u021bi mai multe<\/a><\/div>\n<\/div>\n<div class=\"td_block_wrap tdb_single_comments tdi_21 tdb-comm-layout2 td-pb-border-top td_block_template_1\" data-td-block-uid=\"tdi_21\">\n<div class=\"tdb-block-inner td-fix-index\">\n<div class=\"comments\" id=\"comments\">\n<div id=\"respond\" class=\"comment-respond\">\n<h3 id=\"reply-title\" class=\"comment-reply-title\">AI CEVA DE SPUS? <small><a rel=\"nofollow\" id=\"cancel-comment-reply-link\" href=\"https:\/\/r3media.ro\/romania-consum-energie-electrica-locuitor-ue\/#respond\">Renun\u021ba\u021bi la r\u0103spuns<\/a><\/small><\/h3>\n<div class=\"comment-form-input-wrap td-form-comment\">\n<div class=\"td-warning-comment\">V\u0103 rug\u0103m s\u0103 introduce\u021bi comentariul dvs.!<\/div>\n<\/div>\n<div class=\"comment-form-input-wrap td-form-author\">\n<div class=\"td-warning-author\">Introduce\u021bi aici numele dvs.<\/div>\n<\/div>\n<div class=\"comment-form-input-wrap td-form-email\">\n<div class=\"td-warning-email-error\">A\u021bi introdus o adres\u0103 de e-mail incorect\u0103!<\/div>\n<div class=\"td-warning-email\">V\u0103 rug\u0103m s\u0103 introduce\u021bi adresa dvs. de e-mail aici<\/div>\n<\/div>\n<\/div>\n<\/div>\n<\/div>\n<\/div>\n<\/div>\n<\/div>\n<div class=\"vc_column tdi_23  wpb_column vc_column_container tdc-column td-pb-span4 td-is-sticky\">\n<div class=\"wpb_wrapper\" data-sticky-enabled-on=\"W3RydWUsdHJ1ZSx0cnVlLHRydWVd\" data-sticky-offset=\"20\" data-sticky-is-width-auto=\"W2ZhbHNlLGZhbHNlLGZhbHNlLGZhbHNlXQ==\">\n<div class=\"wpb_wrapper td_block_wrap vc_widget_sidebar tdi_25 \">\n<div class=\"td_block_wrap td_block_7 td_block_widget tdi_26 td-pb-border-top td_block_template_1 td-column-1 td_block_padding\" data-td-block-uid=\"tdi_26\">\n<div class=\"td-block-title-wrap\">\n<h4 class=\"block-title td-block-title\"><span class=\"td-pulldown-size\">Articole RELA\u021aIONATE<\/span><\/h4>\n<\/div>\n<div id=\"tdi_26\" class=\"td_block_inner\">\n<div class=\"td-block-span12\">\n<div class=\"td_module_6 td_module_wrap td-animation-stack\">\n<div class=\"td-module-thumb\"><a href=\"https:\/\/r3media.ro\/niculina-stelea-aur-green-deal-bruxelles-energie\/\" rel=\"bookmark\" class=\"td-image-wrap \" title=\"Niculina Stelea (AUR): \u201eDelirul verde\u201d, intitulat pompos Green Deal de c\u0103tre Bruxelles, este \u00een mare m\u0103sur\u0103 vinovat de prezumtiva apocalips\u0103 energetic\u0103\"><img loading=\"lazy\" decoding=\"async\" class=\"entry-thumb\" src=\"https:\/\/r3media.ro\/wp-content\/uploads\/2026\/08\/Niculina-Stelea-100x70.jpeg\" alt title=\"Niculina Stelea (AUR): \u201eDelirul verde\u201d, intitulat pompos Green Deal de c\u0103tre Bruxelles, este \u00een mare m\u0103sur\u0103 vinovat de prezumtiva apocalips\u0103 energetic\u0103\" width=\"100\" height=\"70\"><\/a><\/div>\n<div class=\"item-details\">\n<h3 class=\"entry-title td-module-title\"><a href=\"https:\/\/r3media.ro\/niculina-stelea-aur-green-deal-bruxelles-energie\/\" rel=\"bookmark\" title=\"Niculina Stelea (AUR): \u201eDelirul verde\u201d, intitulat pompos Green Deal de c\u0103tre Bruxelles, este \u00een mare m\u0103sur\u0103 vinovat de prezumtiva apocalips\u0103 energetic\u0103\">Niculina Stelea (AUR): \u201eDelirul verde\u201d, intitulat pompos Green Deal de c\u0103tre&#8230;<\/a><\/h3>\n<div class=\"td-module-meta-info\"><span class=\"td-post-date\"><time class=\"entry-date updated td-module-date\" datetime=\"2026-08-04T14:13:44+03:00\">04\/08\/2026<\/time><\/span><\/div>\n<\/div>\n<\/div>\n<\/div>\n<div class=\"td-block-span12\">\n<div class=\"td_module_6 td_module_wrap td-animation-stack\">\n<div class=\"td-module-thumb\"><a href=\"https:\/\/r3media.ro\/la-multi-ani-timisoara\/\" rel=\"bookmark\" class=\"td-image-wrap \" title=\"La mul\u021bi ani, Timi\u0219oara!\"><img loading=\"lazy\" decoding=\"async\" class=\"entry-thumb\" src=\"https:\/\/r3media.ro\/wp-content\/uploads\/2026\/08\/Timisoara-980x581-1-100x70.jpg\" alt title=\"La mul\u021bi ani, Timi\u0219oara!\" width=\"100\" height=\"70\"><\/a><\/div>\n<div class=\"item-details\">\n<h3 class=\"entry-title td-module-title\"><a href=\"https:\/\/r3media.ro\/la-multi-ani-timisoara\/\" rel=\"bookmark\" title=\"La mul\u021bi ani, Timi\u0219oara!\">La mul\u021bi ani, Timi\u0219oara!<\/a><\/h3>\n<div class=\"td-module-meta-info\"><span class=\"td-post-date\"><time class=\"entry-date updated td-module-date\" datetime=\"2026-08-04T11:33:09+03:00\">04\/08\/2026<\/time><\/span><\/div>\n<\/div>\n<\/div>\n<\/div>\n<div class=\"td-block-span12\">\n<div class=\"td_module_6 td_module_wrap td-animation-stack\">\n<div class=\"td-module-thumb\"><a href=\"https:\/\/r3media.ro\/control-modele-inteligenta-artificiala-auto-programeaza-imbunatatesc-pe-cont-propriu\/\" rel=\"bookmark\" class=\"td-image-wrap \" title=\"Vom mai putea controla modelele de Inteligen\u021b\u0103 Artificial\u0103 care se auto-programeaz\u0103 \u015fi se \u00eembun\u0103t\u0103\u0163esc pe cont propriu?\"><img loading=\"lazy\" decoding=\"async\" class=\"entry-thumb\" src=\"https:\/\/r3media.ro\/wp-content\/uploads\/2023\/10\/AI-inteligenta-artificiala-1536x866-1-100x70.webp\" alt title=\"Vom mai putea controla modelele de Inteligen\u021b\u0103 Artificial\u0103 care se auto-programeaz\u0103 \u015fi se \u00eembun\u0103t\u0103\u0163esc pe cont propriu?\" width=\"100\" height=\"70\"><\/a><\/div>\n<div class=\"item-details\">\n<h3 class=\"entry-title td-module-title\"><a href=\"https:\/\/r3media.ro\/control-modele-inteligenta-artificiala-auto-programeaza-imbunatatesc-pe-cont-propriu\/\" rel=\"bookmark\" title=\"Vom mai putea controla modelele de Inteligen\u021b\u0103 Artificial\u0103 care se auto-programeaz\u0103 \u015fi se \u00eembun\u0103t\u0103\u0163esc pe cont propriu?\">Vom mai putea controla modelele de Inteligen\u021b\u0103 Artificial\u0103 care se auto-programeaz\u0103&#8230;<\/a><\/h3>\n<div class=\"td-module-meta-info\"><span class=\"td-post-date\"><time class=\"entry-date updated td-module-date\" datetime=\"2026-08-04T11:27:10+03:00\">04\/08\/2026<\/time><\/span><\/div>\n<\/div>\n<\/div>\n<\/div>\n<div class=\"td-block-span12\">\n<div class=\"td_module_6 td_module_wrap td-animation-stack\">\n<div class=\"td-module-thumb\"><a href=\"https:\/\/r3media.ro\/ministrul-interimar-aparare-partenerii-ucraineni-drone-constanta\/\" rel=\"bookmark\" class=\"td-image-wrap \" title=\"Ministrul interimar al Ap\u0103r\u0103rii: Cu tot respectul pentru partenerii ucrainieni, cu care avem o rela\u0163ie bun\u0103, astfel de drone n-au ce c\u0103uta la Constan\u021ba\"><img loading=\"lazy\" decoding=\"async\" class=\"entry-thumb\" src=\"https:\/\/r3media.ro\/wp-content\/uploads\/2026\/06\/explozie-drona-marina-constanta-100x70.png\" alt title=\"Ministrul interimar al Ap\u0103r\u0103rii: Cu tot respectul pentru partenerii ucrainieni, cu care avem o rela\u0163ie bun\u0103, astfel de drone n-au ce c\u0103uta la Constan\u021ba\" width=\"100\" height=\"70\"><\/a><\/div>\n<div class=\"item-details\">\n<h3 class=\"entry-title td-module-title\"><a href=\"https:\/\/r3media.ro\/ministrul-interimar-aparare-partenerii-ucraineni-drone-constanta\/\" rel=\"bookmark\" title=\"Ministrul interimar al Ap\u0103r\u0103rii: Cu tot respectul pentru partenerii ucrainieni, cu care avem o rela\u0163ie bun\u0103, astfel de drone n-au ce c\u0103uta la Constan\u021ba\">Ministrul interimar al Ap\u0103r\u0103rii: Cu tot respectul pentru partenerii ucrainieni, cu&#8230;<\/a><\/h3>\n<div class=\"td-module-meta-info\"><span class=\"td-post-date\"><time class=\"entry-date updated td-module-date\" datetime=\"2026-08-04T08:49:29+03:00\">04\/08\/2026<\/time><\/span><\/div>\n<\/div>\n<\/div>\n<\/div>\n<div class=\"td-block-span12\">\n<div class=\"td_module_6 td_module_wrap td-animation-stack\">\n<div class=\"td-module-thumb\"><a href=\"https:\/\/r3media.ro\/4-august-1919-armata-romana-budapesta\/\" rel=\"bookmark\" class=\"td-image-wrap \" title=\"Calendarul zilei: 4 august 1919, cucerirea Budapestei de c\u0103tre Armata Rom\u00e2n\u0103\"><img loading=\"lazy\" decoding=\"async\" class=\"entry-thumb\" src=\"https:\/\/r3media.ro\/wp-content\/uploads\/2021\/08\/armata-romana-in-budapesta-6-100x70.jpg\" alt title=\"Calendarul zilei: 4 august 1919, cucerirea Budapestei de c\u0103tre Armata Rom\u00e2n\u0103\" width=\"100\" height=\"70\"><\/a><\/div>\n<div class=\"item-details\">\n<h3 class=\"entry-title td-module-title\"><a href=\"https:\/\/r3media.ro\/4-august-1919-armata-romana-budapesta\/\" rel=\"bookmark\" title=\"Calendarul zilei: 4 august 1919, cucerirea Budapestei de c\u0103tre Armata Rom\u00e2n\u0103\">Calendarul zilei: 4 august 1919, cucerirea Budapestei de c\u0103tre Armata Rom\u00e2n\u0103<\/a><\/h3>\n<div class=\"td-module-meta-info\"><span class=\"td-post-date\"><time class=\"entry-date updated td-module-date\" datetime=\"2026-08-03T23:40:09+03:00\">03\/08\/2026<\/time><\/span><\/div>\n<\/div>\n<\/div>\n<\/div>\n<div class=\"td-block-span12\">\n<div class=\"td_module_6 td_module_wrap td-animation-stack\">\n<div class=\"td-module-thumb\"><a href=\"https:\/\/r3media.ro\/4-august-cei-sapte-tineri-din-efes\/\" rel=\"bookmark\" class=\"td-image-wrap \" title=\"Calendarul zilei 4 august: Cei \u0219apte tineri din Efes\"><img loading=\"lazy\" decoding=\"async\" class=\"entry-thumb\" src=\"https:\/\/r3media.ro\/wp-content\/uploads\/2022\/08\/cei-7-tineri-efes-100x70.jpg\" alt title=\"Calendarul zilei 4 august: Cei \u0219apte tineri din Efes\" width=\"100\" height=\"70\"><\/a><\/div>\n<div class=\"item-details\">\n<h3 class=\"entry-title td-module-title\"><a href=\"https:\/\/r3media.ro\/4-august-cei-sapte-tineri-din-efes\/\" rel=\"bookmark\" title=\"Calendarul zilei 4 august: Cei \u0219apte tineri din Efes\">Calendarul zilei 4 august: Cei \u0219apte tineri din Efes<\/a><\/h3>\n<div class=\"td-module-meta-info\"><span class=\"td-post-date\"><time class=\"entry-date updated td-module-date\" datetime=\"2026-08-03T22:40:19+03:00\">03\/08\/2026<\/time><\/span><\/div>\n<\/div>\n<\/div>\n<\/div>\n<div class=\"td-block-span12\">\n<div class=\"td_module_6 td_module_wrap td-animation-stack\">\n<div class=\"td-module-thumb\"><a href=\"https:\/\/r3media.ro\/cand-incepe-scoala-in-2026-structura-an-nou-scolar\/\" rel=\"bookmark\" class=\"td-image-wrap \" title=\"C\u00e2nd \u00eencepe \u0219coala \u00een 2026: Structura noului an \u0219colar, vacan\u021bele \u0219i zilele libere\"><img loading=\"lazy\" decoding=\"async\" class=\"entry-thumb\" src=\"https:\/\/r3media.ro\/wp-content\/uploads\/2021\/08\/elevi-scoala-sondaj-100x70.jpg\" alt title=\"C\u00e2nd \u00eencepe \u0219coala \u00een 2026: Structura noului an \u0219colar, vacan\u021bele \u0219i zilele libere\" width=\"100\" height=\"70\"><\/a><\/div>\n<div class=\"item-details\">\n<h3 class=\"entry-title td-module-title\"><a href=\"https:\/\/r3media.ro\/cand-incepe-scoala-in-2026-structura-an-nou-scolar\/\" rel=\"bookmark\" title=\"C\u00e2nd \u00eencepe \u0219coala \u00een 2026: Structura noului an \u0219colar, vacan\u021bele \u0219i zilele libere\">C\u00e2nd \u00eencepe \u0219coala \u00een 2026: Structura noului an \u0219colar, vacan\u021bele \u0219i&#8230;<\/a><\/h3>\n<div class=\"td-module-meta-info\"><span class=\"td-post-date\"><time class=\"entry-date updated td-module-date\" datetime=\"2026-08-03T22:23:20+03:00\">03\/08\/2026<\/time><\/span><\/div>\n<\/div>\n<\/div>\n<\/div>\n<\/div>\n<\/div>\n<aside class=\"td_block_template_1 widget widget_recent_comments\">\n<h4 class=\"block-title\"><span>INTR\u0102 \u00ceN DISCU\u021aIE!<\/span><\/h4>\n<ul id=\"recentcomments\">\n<li class=\"recentcomments\"><span class=\"comment-author-link\">Nicu<\/span> la <a href=\"https:\/\/r3media.ro\/ministr-securitate-energetica-marea-britanie-subventii-net-zero-umfla-facturi-cetateni-energie\/#comment-40348\">Ministrul Securit\u0103\u021bii Energetice din Marea Britanie neag\u0103 faptul c\u0103 subven\u021biile Net Zero umfl\u0103 facturile cet\u0103\u021benilor la energie<\/a><\/li>\n<li class=\"recentcomments\"><span class=\"comment-author-link\">Nicu<\/span> la <a href=\"https:\/\/r3media.ro\/sursa-crizei-energetice-radu-miruta-romania-capacitati-carbune-seceta\/#comment-40347\">Sursa crizei energetice. Ministrul Radu Miru\u021b\u0103: Rom\u00e2nia a \u00eenchis capacit\u0103\u021bi de produc\u021bie pe carbune f\u0103r\u0103 s\u0103 pun\u0103 nimic \u00een loc. Nu te po\u021bi ascunde \u00een spatele secetei<\/a><\/li>\n<li class=\"recentcomments\"><span class=\"comment-author-link\">Gavril\u0103 Moldovan<\/span> la <a href=\"https:\/\/r3media.ro\/prima-oara-istorie-presedintia-document-primplan-patriotism-european\/#comment-40346\">Pentru prima oar\u0103 \u00een istorie, Pre\u0219edin\u021bia Rom\u00e2niei emite un document care pune pe primul plan o alt\u0103 entitate dec\u00e2t \u021bara noastr\u0103: patriotismul european<\/a><\/li>\n<li class=\"recentcomments\"><span class=\"comment-author-link\">Redac\u021bia<\/span> la <a href=\"https:\/\/r3media.ro\/statul-roman-a-semnat-actul-propriei-disparitii\/#comment-40345\">Statul rom\u00e2n a semnat actul propriei dispari\u021bii?<\/a><\/li>\n<li class=\"recentcomments\"><span class=\"comment-author-link\">Cet\u0103\u021bean<\/span> la <a href=\"https:\/\/r3media.ro\/sursa-crizei-energetice-radu-miruta-romania-capacitati-carbune-seceta\/#comment-40344\">Sursa crizei energetice. Ministrul Radu Miru\u021b\u0103: Rom\u00e2nia a \u00eenchis capacit\u0103\u021bi de produc\u021bie pe carbune f\u0103r\u0103 s\u0103 pun\u0103 nimic \u00een loc. Nu te po\u021bi ascunde \u00een spatele secetei<\/a><\/li>\n<li class=\"recentcomments\"><span class=\"comment-author-link\"><a href=\"https:\/\/r3media.ro\/statul-roman-a-semnat-actul-propriei-disparitii\/\" class=\"url\" rel=\"ugc\">Stalin<\/a><\/span> la <a href=\"https:\/\/r3media.ro\/statul-roman-a-semnat-actul-propriei-disparitii\/#comment-40343\">Statul rom\u00e2n a semnat actul propriei dispari\u021bii?<\/a><\/li>\n<li class=\"recentcomments\"><span class=\"comment-author-link\">B<\/span> la <a href=\"https:\/\/r3media.ro\/dragostea-care-transcende-epoci-descult-in-parc-1967\/#comment-40342\">Dragostea care transcende epoci \u2014 Descul\u021b \u00een parc (1967)<\/a><\/li>\n<\/ul>\n<\/aside>\n<aside class=\"td_block_template_1 widget widget_search\">\n<h4 class=\"block-title\"><span>CAUT\u0102 \u0218I VEI G\u0102SI<\/span><\/h4>\n<\/aside>\n<\/div>\n<\/div>\n<\/div>\n<\/div>\n<\/div>\n<\/div>\n<\/div>\n<p><span class=\"td-page-meta\"><\/span><span class=\"td-page-meta\"><span class=\"td-page-meta\"><\/span><\/span><span class=\"td-page-meta\"><\/span><\/article>\n<\/p>\n<div class=\"td_block_wrap tdb_single_content tdi_18 td-pb-border-top td_block_template_1 td-post-content tagdiv-type\" data-td-block-uid=\"tdi_18\">\n<div class=\"tdb-block-inner td-fix-index\">\n<p><strong>Adriana Vitan Balint se \u00eentreab\u0103 \u201ecam cum s\u0103 mai economisim\u201d, \u00een contextul \u00een care \u201eavem cel mai mic consum de curent electric pe cap de locuitor din Europa\u201d.<\/strong><\/p>\n<p>\u00centr-o postare devenit\u0103 viral\u0103, influencerul conservator c\u0103 Rom\u00e2nia are ap\u0103, iar ideea conform c\u0103reia ar fi o penurie \u00een acest sens este o minciun\u0103.<\/p>\n<p>\u201eAvem cel mai mic consum de curent electric pe cap de locuitor din Europa. Cam cum s\u0103 mai economisim, din ce?<\/p>\n<p>Mai mult, resursa de ap\u0103 regenerabil\u0103 a Rom\u00e2niei este de 212 km cubi\/an, pe locul 2 in Europa, dup\u0103 Norvegia. Fran\u021ba e pe locul 3, dup\u0103 noi.<\/p>\n<p>\u0218ti\u021bi c\u00e2t consum\u0103m noi din rezerva regenerabil\u0103 de ap\u0103 de 212 km cubi?<\/p>\n<p>\u203c\ufe0f\u203c\ufe0f\u203c\ufe0f\u203c\ufe0f4% . Mai exact 8,15 km cubi pe an.<br \/>\n\u00cemp\u0103r\u021birea celor 8,15 km cubi\/an este aproximativ:<br \/>\n\u2022 Agricultur\u0103: 2,96 km cubi\/an<br \/>\n\u2022 Industrie: 3,94 km cubi\/an<br \/>\n\u2022 Alimentare popula\u021bie (municipal): 1,26 km cubi\/an<\/p>\n<p>Lipsa apei este O MINCIUN\u0102!!! Avem \u0219i de b\u0103ut \u0219i de sp\u0103lat \u0219i s\u0103 ne ud\u0103m gr\u0103dinile si s\u0103 cultivam legume si sa irig\u0103m culturile agricole.<\/p>\n<p>\u00cen Rom\u00e2nia, e plin de izvoare, apa curge liber\u0103 pe to\u021bi versan\u021bii, \u00een toate p\u0103durile. Iese din p\u0103m\u00e2nt peste tot, ca niciunde \u00een Europa.<\/p>\n<p>Avem \u0219i s\u0103 producem curent din c\u0103derea de ap\u0103 \u0219i s\u0103 r\u0103cim reactoarele de la Cernavod\u0103, anul \u0103sta a plouat cum nu a mai plouat de mai bine de 10 ani. NU e secet\u0103! T<\/p>\n<p>oate lacurile de acumulare ale barajelor sunt extra full. Da\u021bi drumul apei din baraje, s\u0103 se umple albia Dun\u0103rii, golanilor, sabotori nenoroci\u021bi!\u201d, a tunat Adriana Vitan Balint.<\/p>\n<h2>Cifrele confirm\u0103: Rom\u00e2nia consum\u0103 cel mai pu\u021bin din Uniunea European\u0103<\/h2>\n<p>Potrivit datelor datelor Ember (prelucrate de<a href=\"https:\/\/ourworldindata.org\/grapher\/per-capita-electricity-demand\" target=\"_blank\" rel=\"noopener\"> Our World in Data<\/a>, actualizate \u00een aprilie 2026), la nivelul anului 2025, Rom\u00e2nia se afl\u0103 pe ultimul loc \u00een Europa la capitolul consum de energie electric\u0103 pe cap de locuitor.<\/p>\n<p>\u021aara noastr\u0103 are un consum de 2,88 MWh\/locuitor, mult sub media UE, care este de 6,2 MWh.<\/p>\n<p>Un rom\u00e2n consum\u0103 aproape jum\u0103tate din c\u00e2t o face un leton, adic\u0103 un cet\u0103\u021bean al unei \u021b\u0103ri cu o popula\u021bie de aproximativ 1,8 milioane de locuitori.<\/p>\n<p>C\u00e2t Bucure\u0219tiul.<\/p>\n<p>Toate celelalte \u021b\u0103ri foste membre ale Tratatului de la Var\u0219ovia consum\u0103 mult mai mult, per cap de locuitor, dec\u00e2t Rom\u00e2nia.<\/p>\n<p>Reamintim, \u00een context, c\u0103 premierul interimar Ilie Bolojan<a href=\"https:\/\/r3media.ro\/criza-energetica-bolojan-romani-reducere-consum\/\" target=\"_blank\" rel=\"noopener\"> a f\u0103cut apel la reducerea consumului de energie electric\u0103<\/a> de c\u0103tre popula\u021bie \u0219i agen\u021bii economici.<\/p>\n<div class=\"crp_related     crp-masonry\">\n<h2>\u00ceN CONTEXT<\/h2>\n<ul>\n<li><a href=\"https:\/\/r3media.ro\/fara-tine-in-google-r3media-dispare-iata-ce-poti-face-in-10-secunde\/\" class=\"crp_link post-119031\"><span class=\"crp_title\">F\u0103r\u0103 tine \u00een Google, R3media dispare. Iat\u0103 ce po\u021bi face \u00een 10 secunde<\/span><\/a><\/li>\n<li><a href=\"https:\/\/r3media.ro\/ni-se-spune-ca-epoca-energiei-ieftine-pentru-romani-s-a-incheiat-dar-se-ocoleste-cu-grija-motivul-de-ce\/\" class=\"crp_link post-113596\"><span class=\"crp_title\">Ni se spune c\u0103 \u201eEpoca energiei ieftine pentru rom\u00e2ni s-a \u00eencheiat!\u201d dar se ocole\u0219te cu grij\u0103\u2026<\/span><\/a><\/li>\n<li><a href=\"https:\/\/r3media.ro\/romania-importa-energie-ucraina-ilie-bolojan-stare-de-alerta\/\" class=\"crp_link post-120674\"><span class=\"crp_title\">Rom\u00e2nia a ajuns s\u0103 importe energie de la Ucraina, stat aflat \u00een r\u0103zboi. Ilie Bolojan a\u2026<\/span><\/a><\/li>\n<li><a href=\"https:\/\/r3media.ro\/dacia-ford-suspendare-productie-19-august-criza-energetica\/\" class=\"crp_link post-120794\"><span class=\"crp_title\">Dacia \u0219i Ford au suspendat produc\u021bia p\u00e2n\u0103 pe 19 august din cauza crizei energetice<\/span><\/a><\/li>\n<li><a href=\"https:\/\/r3media.ro\/e-oficial-suntem-prostii-continentului-ministrul-energiei-recunoaste-ca-romanii-platesc-cea-mai-scumpa-energie-electrica-din-europa-solutia-lui-bogdan-ivan-care-demonstreaza-ca-romania-e-un-stat-c\/\" class=\"crp_link post-113618\"><span class=\"crp_title\">E oficial, suntem pro\u0219tii continentului: Ministrul Energiei recunoa\u0219te c\u0103 rom\u00e2nii pl\u0103tesc\u2026<\/span><\/a><\/li>\n<li><a href=\"https:\/\/r3media.ro\/de-ce-nu-ar-plati-si-marile-companii\/\" class=\"crp_link post-114713\"><span class=\"crp_title\">De ce nu ar pl\u0103ti \u0219i marile companii?<\/span><\/a><\/li>\n<li><a href=\"https:\/\/r3media.ro\/senatorul-petrisor-peiu-aur-a-explodat-importul-de-energie-electrica-iar-productia-interna-s-a-prabusit\/\" class=\"crp_link post-114492\"><span class=\"crp_title\">Senatorul Petri\u0219or Peiu (AUR): A explodat IMPORTUL de energie electric\u0103, iar produc\u021bia\u2026<\/span><\/a><\/li>\n<li><a href=\"https:\/\/r3media.ro\/pretul-gazelor-romania-razboi-ucraina\/\" class=\"crp_link post-120410\"><span class=\"crp_title\">Pre\u021bul gazelor a explodat \u00een Rom\u00e2nia, la cel mai \u00eenalt nivel de la declan\u0219area r\u0103zboiului\u2026<\/span><\/a><\/li>\n<\/ul>\n<\/div>\n<\/div>\n<\/div>\n<p>[analyse_source url=&#8221;https:\/\/r3media.ro\/romania-consum-energie-electrica-locuitor-ue\/&#8221;]<\/p>\n","protected":false},"excerpt":{"rendered":"<p>[analyse_image type=&#8221;featured&#8221; src=&#8221;https:\/\/r3media.ro\/wp-content\/uploads\/2022\/09\/casa-cu-un-bec.jpghttps:\/\/r3media.ro\/wp-content\/uploads\/2022\/09\/casa-cu-un-bec.jpg&#8221;] ENERGIERom\u00e2nia are cel mai mic consum de energie electric\u0103 pe cap locuitor&#8230; ENERGIEFEATURED\u0218TIRI Rom\u00e2nia are cel mai mic consum de energie electric\u0103 pe cap locuitor din Uniunea European\u0103. Influencer: Cum s\u0103 mai economisim, din ce? Teodor Stan 04\/08\/2026 Sursa foto: swiftmoves.blog Adriana Vitan Balint se \u00eentreab\u0103 \u201ecam cum s\u0103 mai economisim\u201d, \u00een [&hellip;]<\/p>\n","protected":false},"author":1,"featured_media":0,"comment_status":"open","ping_status":"","sticky":false,"template":"","format":"standard","meta":{"footnotes":""},"categories":[89],"tags":[226,93],"class_list":["post-2076911","post","type-post","status-publish","format-standard","hentry","category-romania","tag-crawlmanager","tag-r3media-ro"],"_links":{"self":[{"href":"https:\/\/analyse.optim.biz\/index.php?rest_route=\/wp\/v2\/posts\/2076911","targetHints":{"allow":["GET"]}}],"collection":[{"href":"https:\/\/analyse.optim.biz\/index.php?rest_route=\/wp\/v2\/posts"}],"about":[{"href":"https:\/\/analyse.optim.biz\/index.php?rest_route=\/wp\/v2\/types\/post"}],"author":[{"embeddable":true,"href":"https:\/\/analyse.optim.biz\/index.php?rest_route=\/wp\/v2\/users\/1"}],"replies":[{"embeddable":true,"href":"https:\/\/analyse.optim.biz\/index.php?rest_route=%2Fwp%2Fv2%2Fcomments&post=2076911"}],"version-history":[{"count":0,"href":"https:\/\/analyse.optim.biz\/index.php?rest_route=\/wp\/v2\/posts\/2076911\/revisions"}],"wp:attachment":[{"href":"https:\/\/analyse.optim.biz\/index.php?rest_route=%2Fwp%2Fv2%2Fmedia&parent=2076911"}],"wp:term":[{"taxonomy":"category","embeddable":true,"href":"https:\/\/analyse.optim.biz\/index.php?rest_route=%2Fwp%2Fv2%2Fcategories&post=2076911"},{"taxonomy":"post_tag","embeddable":true,"href":"https:\/\/analyse.optim.biz\/index.php?rest_route=%2Fwp%2Fv2%2Ftags&post=2076911"}],"curies":[{"name":"wp","href":"https:\/\/api.w.org\/{rel}","templated":true}]}}