{"id":2076910,"date":"2026-08-04T11:13:44","date_gmt":"2026-08-04T08:13:44","guid":{"rendered":"https:\/\/analyse.optim.biz\/?p=2076910"},"modified":"2026-08-04T11:13:44","modified_gmt":"2026-08-04T08:13:44","slug":"niculina-stelea-aur-delirul-verde-intitulat-pompos-green-deal-de-catre-bruxelles-este-in-mare-masura-vinovat-de-prezumtiva-apocalipsa-energetica","status":"publish","type":"post","link":"https:\/\/analyse.optim.biz\/?p=2076910","title":{"rendered":"Niculina Stelea (AUR): \u201eDelirul verde\u201d, intitulat pompos Green Deal de c\u0103tre Bruxelles, este \u00een mare m\u0103sur\u0103 vinovat de prezumtiva apocalips\u0103 energetic\u0103"},"content":{"rendered":"<p>[analyse_image type=&#8221;featured&#8221; src=&#8221;https:\/\/r3media.ro\/wp-content\/uploads\/2026\/08\/Niculina-Stelea-e1785841994405.jpeghttps:\/\/r3media.ro\/wp-content\/uploads\/2026\/08\/Niculina-Stelea-e1785841994405.jpeg&#8221;]<\/p>\n<article id=\"template-id-109\" class=\"post-109 tdb_templates type-tdb_templates status-publish post\">\n<div id=\"tdi_2\" class=\"tdc-zone\">\n<div class=\"tdc_zone tdi_3  wpb_row td-pb-row\">\n<div id=\"tdi_4\" class=\"tdc-row\">\n<div class=\"vc_row tdi_5  wpb_row td-pb-row\">\n<div class=\"vc_column tdi_7  wpb_column vc_column_container tdc-column td-pb-span8\">\n<div class=\"wpb_wrapper\">\n<div class=\"td_block_wrap tdb_breadcrumbs tdi_8 td-pb-border-top td_block_template_1 tdb-breadcrumbs \" data-td-block-uid=\"tdi_8\">\n<div class=\"tdb-block-inner td-fix-index\"><span><a title=\"Vede\u021bi toate articolele \u00een ENERGIE\" class=\"tdb-entry-crumb\" href=\"https:\/\/r3media.ro\/category\/energie\/\">ENERGIE<\/a><\/span><span class=\"tdb-bred-no-url-last\">Niculina Stelea (AUR): \u201eDelirul verde\u201d, intitulat pompos Green Deal de c\u0103tre Bruxelles,&#8230;<\/span><\/div>\n<\/div>\n<div class=\"td_block_wrap tdb_single_categories tdi_9 td-pb-border-top td_block_template_1 \" data-td-block-uid=\"tdi_9\">\n<div class=\"tdb-category td-fix-index\"><a class=\"tdb-entry-category\" href=\"https:\/\/r3media.ro\/category\/energie\/\">ENERGIE<\/a><a class=\"tdb-entry-category\" href=\"https:\/\/r3media.ro\/category\/stiri-prim-plan\/\">PRIM PLAN<\/a><a class=\"tdb-entry-category\" href=\"https:\/\/r3media.ro\/category\/stiri\/\">\u0218TIRI<\/a><\/div>\n<\/div>\n<div class=\"td_block_wrap tdb_title tdi_10 tdb-single-title td-pb-border-top td_block_template_1\" data-td-block-uid=\"tdi_10\">\n<div class=\"tdb-block-inner td-fix-index\">\n<h1 class=\"tdb-title-text\">Niculina Stelea (AUR): \u201eDelirul verde\u201d, intitulat pompos Green Deal de c\u0103tre Bruxelles, este \u00een mare m\u0103sur\u0103 vinovat de prezumtiva apocalips\u0103 energetic\u0103<\/h1>\n<\/div>\n<\/div>\n<div class=\"vc_row_inner tdi_12  vc_row vc_inner wpb_row td-pb-row\">\n<div class=\"vc_column_inner tdi_14  wpb_column vc_column_container tdc-inner-column td-pb-span12\">\n<div class=\"vc_column-inner\">\n<div class=\"wpb_wrapper\">\n<div class=\"td_block_wrap tdb_single_author tdi_15 td-pb-border-top td_block_template_1 tdb-post-meta\" data-td-block-uid=\"tdi_15\">\n<div class=\"tdb-block-inner td-fix-index\">\n<div class=\"tdb-author-name-wrap\"><a class=\"tdb-author-name\" href=\"https:\/\/r3media.ro\/author\/redactia\/\">Redac\u021bia<\/a><\/div>\n<\/div>\n<\/div>\n<div class=\"td_block_wrap tdb_single_date tdi_16 td-pb-border-top td_block_template_1 tdb-post-meta\" data-td-block-uid=\"tdi_16\">\n<div class=\"tdb-block-inner td-fix-index\"><time class=\"entry-date updated td-module-date\" datetime=\"2026-08-04T14:13:44+03:00\">04\/08\/2026<\/time><\/div>\n<\/div>\n<\/div>\n<\/div>\n<\/div>\n<\/div>\n<div class=\"td_block_wrap tdb_single_featured_image tdi_17 tdb-content-horiz-left td-pb-border-top td_block_template_1\" data-td-block-uid=\"tdi_17\">\n<div class=\"tdb-block-inner td-fix-index\">\n<figure><figcaption class=\"tdb-caption-text\">Sursa foto: Partidul AUR<\/figcaption><\/figure>\n<\/div>\n<\/div>\n<div class=\"td_block_wrap tdb_single_content tdi_18 td-pb-border-top td_block_template_1 td-post-content tagdiv-type\" data-td-block-uid=\"tdi_18\">\n<div class=\"tdb-block-inner td-fix-index\">\n<p><strong>Niculina Stelea, senator AUR, a acuzat Green Deal-ul pentru reducerea produc\u021biei de energie din ultimii 15 ani din Rom\u00e2nia, informeaz\u0103 un <a href=\"https:\/\/partidulaur.ro\/niculina-stelea-senator-aur-delirul-verde-intitulat-pompos-green-deal-de-catre-bruxelles-este-in-mare-masura-vinovat-de-prezumtiva-apocalipsa-energetica\/\" target=\"_blank\" rel=\"noopener\">comunicat de pres\u0103<\/a>.<\/strong><\/p>\n<p>Ea a afirmat c\u0103 <a href=\"https:\/\/r3media.ro\/tag\/green-deal\/\" target=\"_blank\" rel=\"noopener\">Green Deal<\/a> este \u201edelirul verde\u201d, care a dus la \u00eenchiderea \u201ecapacit\u0103\u021bilor de produc\u021bie, a lipsei investi\u021biilor \u00een infrastructur\u0103 \u0219i a unor politici energetice pe care le consider\u0103 gre\u0219ite\u201d.<\/p>\n<p>\u201eConform Institutului Na\u021bional de Statistic\u0103, Rom\u00e2nia produce mai pu\u021bin\u0103 energie, la toate capitolele (electricitate, gaze, c\u0103rbune, \u021bi\u021bei), dec\u00e2t \u00een 2010. Asta s-a \u00eent\u00e2mplat \u0219i anul trecut, nu este doar o situa\u021bie izolat\u0103 \u00een aceast\u0103 var\u0103.<\/p>\n<p>Dar cum se poate acest lucru c\u00e2nd, \u00een tot acest interval, conform comunic\u0103rilor autorit\u0103\u021bilor, a existat un boom al regenerabilelor, \u00eendeosebi al fotovoltaicelor \u0219i eolienelor? Asta pe fondul politicilor europene care ne-au explicat c\u0103 viitorul este verde \u0219i, musai, electric.<\/p>\n<p>R\u0103spunsul este simplu \u0219i are \u0219ase factori \u00eensemna\u021bi:<\/p>\n<p>1. S-au \u00eenchis capacit\u0103\u021bile de produc\u021bie pe baz\u0103 de c\u0103rbune. Ni s-a spus c\u0103 este \u201eo tranzi\u021bie just\u0103\u201d (jargonul bruxellez), \u00eenchiderea minelor \u0219i a centralelor. Dezastrul a fost definitivat prin deja minunatul PNRR, care a pus pe butuci Complexul Energetic Oltenia.<\/p>\n<p>2. Dup\u0103 ce a privatizat distribu\u021bia, statul nu a mai investit \u00een infrastructur\u0103. Nici \u00een stocare, nici \u00een transport. Este exact problema produc\u021biei mari la hectar, pe care o vinzi \u00een pierdere pentru c\u0103 nu ai unde s\u0103 o depozitezi.<\/p>\n<p>3. Proiectele mari, cu studii serioase, din zona nuclear\u0103 (reactoarele 3 \u0219i 4 de la Cernavod\u0103) au fost puse pe pauz\u0103 pentru idei fanteziste, precum reactoarele modulare de mici dimensiuni (SMR) de la Doice\u0219ti.<\/p>\n<p>4. Pia\u021ba unic\u0103 de energie, impus\u0103 de Comisia European\u0103, a crescut pre\u021burile, dar infrastructura este g\u00e2tuit\u0103 \u0219i la nivel european. De aceea, noi acum nu lu\u0103m curent din Austria sau Italia, ci exclusiv din proximitate (Bulgaria, Ungaria, Serbia \u0219i, mai nou, Ucraina).<\/p>\n<p>5. Re\u021beaua noastr\u0103 este interconectat\u0103 cu cea din Republica Moldova. Adic\u0103 le d\u0103m \u0219i lor curent \u0219i gaze. Culmea este c\u0103 acolo nu am auzit de ra\u021bionaliz\u0103ri, a\u0219a cum, \u00eentr-o manier\u0103 comunist\u0103, ne cere nou\u0103 Bolojan s\u0103 facem.<\/p>\n<p>6. Mari proiecte hidroenergetice au fost blocate de ONG-uri de mediu finan\u021bate de Bruxelles. Salvau b\u0103ie\u021bii g\u00e2ndacul de p\u0103dure cu pete verzi\u201d, a afirmat Stelea.<\/p>\n<p>Senatorul AUR a mai ad\u0103ugat c\u0103 toate statele UE se confrunt\u0103 cu aceast\u0103 problem\u0103, a energiei, nu doar Rom\u00e2nia.<\/p>\n<p>\u201eEste important de \u00een\u021beles c\u0103 aceasta nu este o problem\u0103 doar a Rom\u00e2niei. Mai toate statele din Uniunea European\u0103 \u0219i-au sacrificat industria \u0219i bun\u0103starea cet\u0103\u021benilor pentru iluzia unui viitor utopic. Penele de curent din Spania \u0219i Portugalia de anul trecut au ar\u0103tat c\u0103 totul se poate bloca \u00eentr-o secund\u0103 dac\u0103 sistemele informatice integrate, dependente, evident, de electricitate, nu mai func\u021bioneaz\u0103.<\/p>\n<p>Raportul Draghi, publicat \u00een urm\u0103 cu doi ani, este fabulos \u00een acest sens: constat\u0103 toate aceste neajunsuri, le inventariaz\u0103 cu grij\u0103 \u0219i, la sf\u00e2r\u0219it, trage concluzia absolut ilogic\u0103 \u0219i aberant\u0103 c\u0103 procesul de electrificare trebuie accelerat. Asta de\u0219i, a\u0219a cum se poate vedea, curentul nu este nici ieftin \u0219i necesit\u0103 o transformare profund\u0103 a \u00eentregii infrastructuri.<\/p>\n<p>Aceste observa\u021bii nu sunt noi. Sunt chestiuni asupra c\u0103rora am mai atras aten\u021bia \u00een trecut. Ele au trecut \u00eens\u0103 neobservate pentru c\u0103, de bine, de r\u0103u, sistemul \u00eenc\u0103 func\u021biona. Acum ne afl\u0103m la \u00eenceputul colapsului, iar crizele se vor \u00eenmul\u021bi.<\/p>\n<p>Dezastrul poate fi \u00eenc\u0103 evitat, dar trebuie s\u0103 avem un guvern conservator care s\u0103 pun\u0103 stavil\u0103 derapajelor bruxelleze \u0219i care s\u0103 pun\u0103 pre\u021b pe independen\u021ba energetic\u0103 a Rom\u00e2niei ca pe o condi\u021bie esen\u021bial\u0103 a securit\u0103\u021bii na\u021bionale. F\u0103r\u0103 blocaje pentru proiecte energetice mature, f\u0103r\u0103 \u00eenchiderea definitiv\u0103 a unor unit\u0103\u021bi de produc\u021bie care pot fi folosite \u00een timp de criz\u0103, cu investi\u021bii \u00een infrastructura de transport \u0219i stocare a energiei. Poate c\u0103, cel mai important, este nevoie de conduc\u0103tori care s\u0103 nu le v\u00e2nd\u0103 iluzii propriilor cet\u0103\u021beni c\u0103 totul va fi verde, gratis \u0219i u\u0219or\u201d, arat\u0103 senatorul AUR, Niculina Stelea.<\/p>\n<p><a href=\"https:\/\/go.fliplink.me\/view\/C266928E-45E2-4B9A-B920-361B001CF18A\" target=\"_blank\" rel=\"noopener\">Notificare privind transparen\u021ba<\/a><\/p>\n<div class=\"crp_related     crp-masonry\">\n<h2>\u00ceN CONTEXT<\/h2>\n<ul>\n<li><a href=\"https:\/\/r3media.ro\/mihail-neamtu-neeuropeana-imperiu-birocrati-bruxelles-inarmarea-germaniei\/\" class=\"crp_link post-118770\"><span class=\"crp_title\">EXCLUSIVITATE Mihail Neam\u021bu: Exist\u0103 o tendin\u021b\u0103 neeuropean\u0103 de a se crea un imperiu condus de\u2026<\/span><\/a><\/li>\n<li><a href=\"https:\/\/r3media.ro\/de-partea-gresita-a-istoriei\/\" class=\"crp_link post-115199\"><span class=\"crp_title\">De partea gre\u0219it\u0103 a istoriei<\/span><\/a><\/li>\n<li><a href=\"https:\/\/r3media.ro\/cristian-sipos-aur-preturi-energie-specula-importuri-ong-uri\/\" class=\"crp_link post-119226\"><span class=\"crp_title\">Cristian \u0218ipo\u0219 (AUR): Pre\u021burile la energie cresc \u201edin cauza speculei, a importurilor \u0219i a\u2026<\/span><\/a><\/li>\n<li><a href=\"https:\/\/r3media.ro\/babis-aliatii-cehia-promit-refuz-pact-migratie-politici-verzi-ue-responsabil-alegatori-bruxelles-uniunea-europeana-conduce\/\" class=\"crp_link post-113776\"><span class=\"crp_title\">Babi\u0219 \u0219i alia\u021bii s\u0103i din Cehia promit s\u0103 resping\u0103 pactul privind migra\u021bia \u0219i politicile\u2026<\/span><\/a><\/li>\n<li><a href=\"https:\/\/r3media.ro\/mihail-neamtu-harababura-pro-europeana-romani\/\" class=\"crp_link post-118353\"><span class=\"crp_title\">Mihail Neam\u021bu: Cei care vor deconta \u00eentreaga harababur\u0103 \u201epro-european\u0103\u201d vor fi tot rom\u00e2nii<\/span><\/a><\/li>\n<li><a href=\"https:\/\/r3media.ro\/parlament-aurel-munteanu-martir-erou\/\" class=\"crp_link post-119281\"><span class=\"crp_title\">Ini\u021biativa AUR, adoptat\u0103: Parlamentul l-a declarat pe protopopul Aurel Munteanu drept martir\u2026<\/span><\/a><\/li>\n<li><a href=\"https:\/\/r3media.ro\/kelemen-hunor-aur-transformare-forta-capabila-guvernare\/\" class=\"crp_link post-118901\"><span class=\"crp_title\">Kelemen Hunor, \u00een presa maghiar\u0103: AUR a \u00eenceput s\u0103 se transforme \u00eentr-o for\u021b\u0103 capabil\u0103 de guvernare<\/span><\/a><\/li>\n<li><a href=\"https:\/\/r3media.ro\/petrisor-peiu-conditii-aur-vot-guvernul-vestea-nicusor-dan-solutii-bunastare-romani\/\" class=\"crp_link post-118481\"><span class=\"crp_title\">Condi\u021biile AUR pentru a vota Guvernul Ve\u0219tea. Petri\u0219or Peiu propune solu\u021bii clare pentru\u2026<\/span><\/a><\/li>\n<\/ul>\n<\/div>\n<\/div>\n<\/div>\n<div class=\"td_block_wrap tdb_single_tags tdi_19 td-pb-border-top td_block_template_1\" data-td-block-uid=\"tdi_19\">\n<div class=\"tdb-block-inner td-fix-index\">\n<ul class=\"tdb-tags\">\n<li><span>SUBIECTE FIERBIN\u021aI<\/span><\/li>\n<li><a href=\"https:\/\/r3media.ro\/tag\/green-deal\/\">green deal<\/a><\/li>\n<li><a href=\"https:\/\/r3media.ro\/tag\/niculina-stelea\/\">niculina stelea<\/a><\/li>\n<li><a href=\"https:\/\/r3media.ro\/tag\/partidul-aur\/\">partidul aur<\/a><\/li>\n<\/ul>\n<\/div>\n<\/div>\n<div class=\"td_block_wrap td_block_9 tdi_20 td_with_ajax_pagination td-pb-border-top td_block_template_1 td-column-2 td_block_padding td_block_bot_line\" data-td-block-uid=\"tdi_20\">\n<div class=\"td-block-title-wrap\">\n<h4 class=\"block-title td-block-title\"><span class=\"td-pulldown-size\">CITE\u0218TE MAI MULT<\/span><\/h4>\n<\/div>\n<div id=\"tdi_20\" class=\"td_block_inner\">\n<div class=\"td-block-row\">\n<div class=\"td-block-span6\">\n<div class=\"td_module_8 td_module_wrap\">\n<div class=\"item-details\">\n<h3 class=\"entry-title td-module-title\"><a href=\"https:\/\/r3media.ro\/tara-europa-norvegia-masini-electrice-inmatriculate-cota-ridicata\/\" rel=\"bookmark\" title=\"\u021aara din Europa unde aproape toate ma\u0219inile \u00eenmatriculate sune electrice. Cota a ajuns la 97,6% \u00een iulie\">\u021aara din Europa unde aproape toate ma\u0219inile \u00eenmatriculate sune electrice. Cota a ajuns la&#8230;<\/a><\/h3>\n<div class=\"td-module-meta-info\"><a href=\"https:\/\/r3media.ro\/category\/stiri-prim-plan\/\" class=\"td-post-category\">PRIM PLAN<\/a><span class=\"td-post-author-name\"><a href=\"https:\/\/r3media.ro\/author\/oana\/\">Oana Ivan<\/a><span>&#8211;<\/span><\/span><span class=\"td-post-date\"><time class=\"entry-date updated td-module-date\" datetime=\"2026-08-03T17:01:21+03:00\">03\/08\/2026<\/time><\/span><\/div>\n<\/div>\n<\/div>\n<\/div>\n<div class=\"td-block-span6\">\n<div class=\"td_module_8 td_module_wrap\">\n<div class=\"item-details\">\n<h3 class=\"entry-title td-module-title\"><a href=\"https:\/\/r3media.ro\/puterea-mitologica-instalata-a-romaniei\/\" rel=\"bookmark\" title=\"Puterea mitologic\u0103 instalat\u0103 a Rom\u00e2niei\">Puterea mitologic\u0103 instalat\u0103 a Rom\u00e2niei<\/a><\/h3>\n<div class=\"td-module-meta-info\"><a href=\"https:\/\/r3media.ro\/category\/opinii\/\" class=\"td-post-category\">OPINII<\/a><span class=\"td-post-author-name\"><a href=\"https:\/\/r3media.ro\/author\/tru\/\">TRU (Traian Ungureanu)<\/a><span>&#8211;<\/span><\/span><span class=\"td-post-date\"><time class=\"entry-date updated td-module-date\" datetime=\"2026-08-02T22:08:04+03:00\">02\/08\/2026<\/time><\/span><\/div>\n<\/div>\n<\/div>\n<\/div>\n<\/div>\n<div class=\"td-block-row\">\n<div class=\"td-block-span6\">\n<div class=\"td_module_8 td_module_wrap\">\n<div class=\"item-details\">\n<h3 class=\"entry-title td-module-title\"><a href=\"https:\/\/r3media.ro\/hyundai-recheama-service-masini-electrice-inster-risc-incendiu\/\" rel=\"bookmark\" title=\"Hyundai recheam\u0103 \u00een service zeci de mii de ma\u0219ini electrice din cauza riscului de incendiu\">Hyundai recheam\u0103 \u00een service zeci de mii de ma\u0219ini electrice din cauza riscului de&#8230;<\/a><\/h3>\n<div class=\"td-module-meta-info\"><a href=\"https:\/\/r3media.ro\/category\/actualitate\/\" class=\"td-post-category\">ACTUALITATE<\/a><span class=\"td-post-author-name\"><a href=\"https:\/\/r3media.ro\/author\/oana\/\">Oana Ivan<\/a><span>&#8211;<\/span><\/span><span class=\"td-post-date\"><time class=\"entry-date updated td-module-date\" datetime=\"2026-08-02T08:34:05+03:00\">02\/08\/2026<\/time><\/span><\/div>\n<\/div>\n<\/div>\n<\/div>\n<div class=\"td-block-span6\">\n<div class=\"td_module_8 td_module_wrap\">\n<div class=\"item-details\">\n<h3 class=\"entry-title td-module-title\"><a href=\"https:\/\/r3media.ro\/dragostea-care-transcende-epoci-descult-in-parc-1967\/\" rel=\"bookmark\" title=\"Dragostea care transcende epoci \u2014 Descul\u021b \u00een parc (1967)\">Dragostea care transcende epoci \u2014 Descul\u021b \u00een parc (1967)<\/a><\/h3>\n<div class=\"td-module-meta-info\"><a href=\"https:\/\/r3media.ro\/category\/opinii\/\" class=\"td-post-category\">OPINII<\/a><span class=\"td-post-author-name\"><a href=\"https:\/\/r3media.ro\/author\/costi_balasoiu\/\">Constantin B\u0103l\u0103\u0219oiu<\/a><span>&#8211;<\/span><\/span><span class=\"td-post-date\"><time class=\"entry-date updated td-module-date\" datetime=\"2026-08-01T13:45:14+03:00\">01\/08\/2026<\/time><\/span><\/div>\n<\/div>\n<\/div>\n<\/div>\n<\/div>\n<div class=\"td-block-row\">\n<div class=\"td-block-span6\">\n<div class=\"td_module_8 td_module_wrap\">\n<div class=\"item-details\">\n<h3 class=\"entry-title td-module-title\"><a href=\"https:\/\/r3media.ro\/masina-electrica-foc-turcia-incarcat-vehicul-explozie-pompieri-stingere-incendiu-video\/\" rel=\"bookmark\" title=\"VIDEO | O ma\u0219in\u0103 electric\u0103 a luat foc \u00een timp ce se afla la \u00eenc\u0103rcat. Vehiculul a explodat chiar c\u00e2nd pompierii \u00eencercau s\u0103 sting\u0103 incendiul folosind o p\u0103tur\u0103 ignifug\u0103\">VIDEO | O ma\u0219in\u0103 electric\u0103 a luat foc \u00een timp ce se afla la&#8230;<\/a><\/h3>\n<div class=\"td-module-meta-info\"><a href=\"https:\/\/r3media.ro\/category\/actualitate\/\" class=\"td-post-category\">ACTUALITATE<\/a><span class=\"td-post-author-name\"><a href=\"https:\/\/r3media.ro\/author\/oana\/\">Oana Ivan<\/a><span>&#8211;<\/span><\/span><span class=\"td-post-date\"><time class=\"entry-date updated td-module-date\" datetime=\"2026-07-31T13:33:48+03:00\">31\/07\/2026<\/time><\/span><\/div>\n<\/div>\n<\/div>\n<\/div>\n<div class=\"td-block-span6\">\n<div class=\"td_module_8 td_module_wrap\">\n<div class=\"item-details\">\n<h3 class=\"entry-title td-module-title\"><a href=\"https:\/\/r3media.ro\/spania-asediu-migranti-exclava-ceuta-africa-madrid-trupe-securitate-video\/\" rel=\"bookmark\" title=\"VIDEO | Spania se afl\u0103 sub asediu: Mii de migran\u021bi au luat cu asalt exclava Ceuta din Africa. Madridul a trimis trupe pentru a consolida securitatea\">VIDEO | Spania se afl\u0103 sub asediu: Mii de migran\u021bi au luat cu asalt&#8230;<\/a><\/h3>\n<div class=\"td-module-meta-info\"><a href=\"https:\/\/r3media.ro\/category\/actualitate\/\" class=\"td-post-category\">ACTUALITATE<\/a><span class=\"td-post-author-name\"><a href=\"https:\/\/r3media.ro\/author\/oana\/\">Oana Ivan<\/a><span>&#8211;<\/span><\/span><span class=\"td-post-date\"><time class=\"entry-date updated td-module-date\" datetime=\"2026-07-31T12:39:57+03:00\">31\/07\/2026<\/time><\/span><\/div>\n<\/div>\n<\/div>\n<\/div>\n<\/div>\n<div class=\"td-block-row\">\n<div class=\"td-block-span6\">\n<div class=\"td_module_8 td_module_wrap\">\n<div class=\"item-details\">\n<h3 class=\"entry-title td-module-title\"><a href=\"https:\/\/r3media.ro\/expert-ucraina-faliment-agricultura-romaneasca-tehnologii-ue\/\" rel=\"bookmark\" title=\"Un expert explic\u0103 felul \u00een care concuren\u021ba din Ucraina bag\u0103 \u00een faliment agricultura rom\u00e2neasc\u0103: Folosesc tehnologii interzise \u00een UE\">Un expert explic\u0103 felul \u00een care concuren\u021ba din Ucraina bag\u0103 \u00een faliment agricultura rom\u00e2neasc\u0103:&#8230;<\/a><\/h3>\n<div class=\"td-module-meta-info\"><a href=\"https:\/\/r3media.ro\/category\/actualitate\/\" class=\"td-post-category\">ACTUALITATE<\/a><span class=\"td-post-author-name\"><a href=\"https:\/\/r3media.ro\/author\/radu_ursan\/\">Radu Ursan<\/a><span>&#8211;<\/span><\/span><span class=\"td-post-date\"><time class=\"entry-date updated td-module-date\" datetime=\"2026-07-30T09:51:48+03:00\">30\/07\/2026<\/time><\/span><\/div>\n<\/div>\n<\/div>\n<\/div>\n<div class=\"td-block-span6\">\n<div class=\"td_module_8 td_module_wrap\">\n<div class=\"item-details\">\n<h3 class=\"entry-title td-module-title\"><a href=\"https:\/\/r3media.ro\/cornel-nistorescu-drone-razboi-ucraina\/\" rel=\"bookmark\" title=\"Cornel Nistorescu, dup\u0103 incidentele cu drone: Adie a aer de r\u0103zboi. De mirare c\u0103 dronele ucrainene nu au st\u00e2rnit at\u00e2ta t\u0103r\u0103boi\">Cornel Nistorescu, dup\u0103 incidentele cu drone: Adie a aer de r\u0103zboi. De mirare c\u0103&#8230;<\/a><\/h3>\n<div class=\"td-module-meta-info\"><a href=\"https:\/\/r3media.ro\/category\/actualitate\/\" class=\"td-post-category\">ACTUALITATE<\/a><span class=\"td-post-author-name\"><a href=\"https:\/\/r3media.ro\/author\/radu_ursan\/\">Radu Ursan<\/a><span>&#8211;<\/span><\/span><span class=\"td-post-date\"><time class=\"entry-date updated td-module-date\" datetime=\"2026-07-28T10:21:51+03:00\">28\/07\/2026<\/time><\/span><\/div>\n<\/div>\n<\/div>\n<\/div>\n<\/div>\n<div class=\"td-block-row\">\n<div class=\"td-block-span6\">\n<div class=\"td_module_8 td_module_wrap\">\n<div class=\"item-details\">\n<h3 class=\"entry-title td-module-title\"><a href=\"https:\/\/r3media.ro\/bnr-recomanda-romani-rezerve-de-cash-atacuri-cibernetice-numerar-relevant-criza\/\" rel=\"bookmark\" title=\"BNR le recomand\u0103 rom\u00e2nilor s\u0103 p\u0103streze rezerve de cash: Numerarul se poate dovedi relevant \u00een criz\u0103\">BNR le recomand\u0103 rom\u00e2nilor s\u0103 p\u0103streze rezerve de cash: Numerarul se poate dovedi relevant&#8230;<\/a><\/h3>\n<div class=\"td-module-meta-info\"><a href=\"https:\/\/r3media.ro\/category\/actualitate\/\" class=\"td-post-category\">ACTUALITATE<\/a><span class=\"td-post-author-name\"><a href=\"https:\/\/r3media.ro\/author\/oana\/\">Oana Ivan<\/a><span>&#8211;<\/span><\/span><span class=\"td-post-date\"><time class=\"entry-date updated td-module-date\" datetime=\"2026-07-27T13:11:47+03:00\">27\/07\/2026<\/time><\/span><\/div>\n<\/div>\n<\/div>\n<\/div>\n<div class=\"td-block-span6\">\n<div class=\"td_module_8 td_module_wrap\">\n<div class=\"item-details\">\n<h3 class=\"entry-title td-module-title\"><a href=\"https:\/\/r3media.ro\/statul-roman-a-semnat-actul-propriei-disparitii\/\" rel=\"bookmark\" title=\"Statul rom\u00e2n a semnat actul propriei dispari\u021bii?\">Statul rom\u00e2n a semnat actul propriei dispari\u021bii?<\/a><\/h3>\n<div class=\"td-module-meta-info\"><a href=\"https:\/\/r3media.ro\/category\/opinii\/\" class=\"td-post-category\">OPINII<\/a><span class=\"td-post-author-name\"><a href=\"https:\/\/r3media.ro\/author\/gabipopa\/\">Gabriel Popa<\/a><span>&#8211;<\/span><\/span><span class=\"td-post-date\"><time class=\"entry-date updated td-module-date\" datetime=\"2026-07-27T15:07:05+03:00\">27\/07\/2026<\/time><\/span><\/div>\n<\/div>\n<\/div>\n<\/div>\n<\/div>\n<div class=\"td-block-row\">\n<div class=\"td-block-span6\">\n<div class=\"td_module_8 td_module_wrap\">\n<div class=\"item-details\">\n<h3 class=\"entry-title td-module-title\"><a href=\"https:\/\/r3media.ro\/prima-oara-istorie-presedintia-document-primplan-patriotism-european\/\" rel=\"bookmark\" title=\"Pentru prima oar\u0103 \u00een istorie, Pre\u0219edin\u021bia Rom\u00e2niei emite un document care pune pe primul plan o alt\u0103 entitate dec\u00e2t \u021bara noastr\u0103: patriotismul european\">Pentru prima oar\u0103 \u00een istorie, Pre\u0219edin\u021bia Rom\u00e2niei emite un document care pune pe primul&#8230;<\/a><\/h3>\n<div class=\"td-module-meta-info\"><a href=\"https:\/\/r3media.ro\/category\/actualitate\/\" class=\"td-post-category\">ACTUALITATE<\/a><span class=\"td-post-author-name\"><a href=\"https:\/\/r3media.ro\/author\/teodor_stan\/\">Teodor Stan<\/a><span>&#8211;<\/span><\/span><span class=\"td-post-date\"><time class=\"entry-date updated td-module-date\" datetime=\"2026-07-26T11:44:31+03:00\">26\/07\/2026<\/time><\/span><\/div>\n<\/div>\n<\/div>\n<\/div>\n<div class=\"td-block-span6\">\n<div class=\"td_module_8 td_module_wrap\">\n<div class=\"item-details\">\n<h3 class=\"entry-title td-module-title\"><a href=\"https:\/\/r3media.ro\/film-nou-stapanul-inelelor-corect-politic-regizor-andy-serkis-diversitate-tolkien-mitologie-nordica\/\" rel=\"bookmark\" title=\"Noul film \u201eSt\u0103p\u00e2nul Inelelor\u201d nu va fi corect politic. Regizorul Andy Serkis: J.R.R. Tolkien a fost influen\u021bat de mitologia nordic\u0103. Nu vrem o distribu\u021bie de dragul de a bifa c\u0103su\u021be\">Noul film \u201eSt\u0103p\u00e2nul Inelelor\u201d nu va fi corect politic. Regizorul Andy Serkis: J.R.R. Tolkien&#8230;<\/a><\/h3>\n<div class=\"td-module-meta-info\"><a href=\"https:\/\/r3media.ro\/category\/actualitate\/\" class=\"td-post-category\">ACTUALITATE<\/a><span class=\"td-post-author-name\"><a href=\"https:\/\/r3media.ro\/author\/oana\/\">Oana Ivan<\/a><span>&#8211;<\/span><\/span><span class=\"td-post-date\"><time class=\"entry-date updated td-module-date\" datetime=\"2026-07-26T15:49:31+03:00\">26\/07\/2026<\/time><\/span><\/div>\n<\/div>\n<\/div>\n<\/div>\n<\/div>\n<\/div>\n<div class=\"td-load-more-wrap td-load-more-infinite-wrap\" id=\"infinite-lm-tdi_20\"><a href=\"https:\/\/r3media.ro\/niculina-stelea-aur-green-deal-bruxelles-energie\/\" class=\"td_ajax_load_more td_ajax_load_more_js\" aria-label=\"\u00cenc\u0103rca\u021bi mai multe\" id=\"next-page-tdi_20\" data-td_block_id=\"tdi_20\">\u00cenc\u0103rca\u021bi mai multe<\/a><\/div>\n<\/div>\n<div class=\"td_block_wrap tdb_single_comments tdi_21 tdb-comm-layout2 td-pb-border-top td_block_template_1\" data-td-block-uid=\"tdi_21\">\n<div class=\"tdb-block-inner td-fix-index\">\n<div class=\"comments\" id=\"comments\">\n<div id=\"respond\" class=\"comment-respond\">\n<h3 id=\"reply-title\" class=\"comment-reply-title\">AI CEVA DE SPUS? <small><a rel=\"nofollow\" id=\"cancel-comment-reply-link\" href=\"https:\/\/r3media.ro\/niculina-stelea-aur-green-deal-bruxelles-energie\/#respond\">Renun\u021ba\u021bi la r\u0103spuns<\/a><\/small><\/h3>\n<div class=\"comment-form-input-wrap td-form-comment\">\n<div class=\"td-warning-comment\">V\u0103 rug\u0103m s\u0103 introduce\u021bi comentariul dvs.!<\/div>\n<\/div>\n<div class=\"comment-form-input-wrap td-form-author\">\n<div class=\"td-warning-author\">Introduce\u021bi aici numele dvs.<\/div>\n<\/div>\n<div class=\"comment-form-input-wrap td-form-email\">\n<div class=\"td-warning-email-error\">A\u021bi introdus o adres\u0103 de e-mail incorect\u0103!<\/div>\n<div class=\"td-warning-email\">V\u0103 rug\u0103m s\u0103 introduce\u021bi adresa dvs. de e-mail aici<\/div>\n<\/div>\n<\/div>\n<\/div>\n<\/div>\n<\/div>\n<\/div>\n<\/div>\n<div class=\"vc_column tdi_23  wpb_column vc_column_container tdc-column td-pb-span4 td-is-sticky\">\n<div class=\"wpb_wrapper\" data-sticky-enabled-on=\"W3RydWUsdHJ1ZSx0cnVlLHRydWVd\" data-sticky-offset=\"20\" data-sticky-is-width-auto=\"W2ZhbHNlLGZhbHNlLGZhbHNlLGZhbHNlXQ==\">\n<div class=\"wpb_wrapper td_block_wrap vc_widget_sidebar tdi_25 \">\n<div class=\"td_block_wrap td_block_7 td_block_widget tdi_26 td-pb-border-top td_block_template_1 td-column-1 td_block_padding\" data-td-block-uid=\"tdi_26\">\n<div class=\"td-block-title-wrap\">\n<h4 class=\"block-title td-block-title\"><span class=\"td-pulldown-size\">Articole RELA\u021aIONATE<\/span><\/h4>\n<\/div>\n<div id=\"tdi_26\" class=\"td_block_inner\">\n<div class=\"td-block-span12\">\n<div class=\"td_module_6 td_module_wrap td-animation-stack\">\n<div class=\"td-module-thumb\"><a href=\"https:\/\/r3media.ro\/romania-consum-energie-electrica-locuitor-ue\/\" rel=\"bookmark\" class=\"td-image-wrap \" title=\"Rom\u00e2nia are cel mai mic consum de energie electric\u0103 pe cap locuitor din Uniunea European\u0103. Influencer: Cum s\u0103 mai economisim, din ce?\"><img loading=\"lazy\" decoding=\"async\" class=\"entry-thumb\" src=\"https:\/\/r3media.ro\/wp-content\/uploads\/2022\/09\/casa-cu-un-bec-100x70.jpg\" alt title=\"Rom\u00e2nia are cel mai mic consum de energie electric\u0103 pe cap locuitor din Uniunea European\u0103. Influencer: Cum s\u0103 mai economisim, din ce?\" width=\"100\" height=\"70\"><\/a><\/div>\n<div class=\"item-details\">\n<h3 class=\"entry-title td-module-title\"><a href=\"https:\/\/r3media.ro\/romania-consum-energie-electrica-locuitor-ue\/\" rel=\"bookmark\" title=\"Rom\u00e2nia are cel mai mic consum de energie electric\u0103 pe cap locuitor din Uniunea European\u0103. Influencer: Cum s\u0103 mai economisim, din ce?\">Rom\u00e2nia are cel mai mic consum de energie electric\u0103 pe cap&#8230;<\/a><\/h3>\n<div class=\"td-module-meta-info\"><span class=\"td-post-date\"><time class=\"entry-date updated td-module-date\" datetime=\"2026-08-04T15:07:49+03:00\">04\/08\/2026<\/time><\/span><\/div>\n<\/div>\n<\/div>\n<\/div>\n<div class=\"td-block-span12\">\n<div class=\"td_module_6 td_module_wrap td-animation-stack\">\n<div class=\"td-module-thumb\"><a href=\"https:\/\/r3media.ro\/la-multi-ani-timisoara\/\" rel=\"bookmark\" class=\"td-image-wrap \" title=\"La mul\u021bi ani, Timi\u0219oara!\"><img loading=\"lazy\" decoding=\"async\" class=\"entry-thumb\" src=\"https:\/\/r3media.ro\/wp-content\/uploads\/2026\/08\/Timisoara-980x581-1-100x70.jpg\" alt title=\"La mul\u021bi ani, Timi\u0219oara!\" width=\"100\" height=\"70\"><\/a><\/div>\n<div class=\"item-details\">\n<h3 class=\"entry-title td-module-title\"><a href=\"https:\/\/r3media.ro\/la-multi-ani-timisoara\/\" rel=\"bookmark\" title=\"La mul\u021bi ani, Timi\u0219oara!\">La mul\u021bi ani, Timi\u0219oara!<\/a><\/h3>\n<div class=\"td-module-meta-info\"><span class=\"td-post-date\"><time class=\"entry-date updated td-module-date\" datetime=\"2026-08-04T11:33:09+03:00\">04\/08\/2026<\/time><\/span><\/div>\n<\/div>\n<\/div>\n<\/div>\n<div class=\"td-block-span12\">\n<div class=\"td_module_6 td_module_wrap td-animation-stack\">\n<div class=\"td-module-thumb\"><a href=\"https:\/\/r3media.ro\/control-modele-inteligenta-artificiala-auto-programeaza-imbunatatesc-pe-cont-propriu\/\" rel=\"bookmark\" class=\"td-image-wrap \" title=\"Vom mai putea controla modelele de Inteligen\u021b\u0103 Artificial\u0103 care se auto-programeaz\u0103 \u015fi se \u00eembun\u0103t\u0103\u0163esc pe cont propriu?\"><img loading=\"lazy\" decoding=\"async\" class=\"entry-thumb\" src=\"https:\/\/r3media.ro\/wp-content\/uploads\/2023\/10\/AI-inteligenta-artificiala-1536x866-1-100x70.webp\" alt title=\"Vom mai putea controla modelele de Inteligen\u021b\u0103 Artificial\u0103 care se auto-programeaz\u0103 \u015fi se \u00eembun\u0103t\u0103\u0163esc pe cont propriu?\" width=\"100\" height=\"70\"><\/a><\/div>\n<div class=\"item-details\">\n<h3 class=\"entry-title td-module-title\"><a href=\"https:\/\/r3media.ro\/control-modele-inteligenta-artificiala-auto-programeaza-imbunatatesc-pe-cont-propriu\/\" rel=\"bookmark\" title=\"Vom mai putea controla modelele de Inteligen\u021b\u0103 Artificial\u0103 care se auto-programeaz\u0103 \u015fi se \u00eembun\u0103t\u0103\u0163esc pe cont propriu?\">Vom mai putea controla modelele de Inteligen\u021b\u0103 Artificial\u0103 care se auto-programeaz\u0103&#8230;<\/a><\/h3>\n<div class=\"td-module-meta-info\"><span class=\"td-post-date\"><time class=\"entry-date updated td-module-date\" datetime=\"2026-08-04T11:27:10+03:00\">04\/08\/2026<\/time><\/span><\/div>\n<\/div>\n<\/div>\n<\/div>\n<div class=\"td-block-span12\">\n<div class=\"td_module_6 td_module_wrap td-animation-stack\">\n<div class=\"td-module-thumb\"><a href=\"https:\/\/r3media.ro\/ministrul-interimar-aparare-partenerii-ucraineni-drone-constanta\/\" rel=\"bookmark\" class=\"td-image-wrap \" title=\"Ministrul interimar al Ap\u0103r\u0103rii: Cu tot respectul pentru partenerii ucrainieni, cu care avem o rela\u0163ie bun\u0103, astfel de drone n-au ce c\u0103uta la Constan\u021ba\"><img loading=\"lazy\" decoding=\"async\" class=\"entry-thumb\" src=\"https:\/\/r3media.ro\/wp-content\/uploads\/2026\/06\/explozie-drona-marina-constanta-100x70.png\" alt title=\"Ministrul interimar al Ap\u0103r\u0103rii: Cu tot respectul pentru partenerii ucrainieni, cu care avem o rela\u0163ie bun\u0103, astfel de drone n-au ce c\u0103uta la Constan\u021ba\" width=\"100\" height=\"70\"><\/a><\/div>\n<div class=\"item-details\">\n<h3 class=\"entry-title td-module-title\"><a href=\"https:\/\/r3media.ro\/ministrul-interimar-aparare-partenerii-ucraineni-drone-constanta\/\" rel=\"bookmark\" title=\"Ministrul interimar al Ap\u0103r\u0103rii: Cu tot respectul pentru partenerii ucrainieni, cu care avem o rela\u0163ie bun\u0103, astfel de drone n-au ce c\u0103uta la Constan\u021ba\">Ministrul interimar al Ap\u0103r\u0103rii: Cu tot respectul pentru partenerii ucrainieni, cu&#8230;<\/a><\/h3>\n<div class=\"td-module-meta-info\"><span class=\"td-post-date\"><time class=\"entry-date updated td-module-date\" datetime=\"2026-08-04T08:49:29+03:00\">04\/08\/2026<\/time><\/span><\/div>\n<\/div>\n<\/div>\n<\/div>\n<div class=\"td-block-span12\">\n<div class=\"td_module_6 td_module_wrap td-animation-stack\">\n<div class=\"td-module-thumb\"><a href=\"https:\/\/r3media.ro\/4-august-1919-armata-romana-budapesta\/\" rel=\"bookmark\" class=\"td-image-wrap \" title=\"Calendarul zilei: 4 august 1919, cucerirea Budapestei de c\u0103tre Armata Rom\u00e2n\u0103\"><img loading=\"lazy\" decoding=\"async\" class=\"entry-thumb\" src=\"https:\/\/r3media.ro\/wp-content\/uploads\/2021\/08\/armata-romana-in-budapesta-6-100x70.jpg\" alt title=\"Calendarul zilei: 4 august 1919, cucerirea Budapestei de c\u0103tre Armata Rom\u00e2n\u0103\" width=\"100\" height=\"70\"><\/a><\/div>\n<div class=\"item-details\">\n<h3 class=\"entry-title td-module-title\"><a href=\"https:\/\/r3media.ro\/4-august-1919-armata-romana-budapesta\/\" rel=\"bookmark\" title=\"Calendarul zilei: 4 august 1919, cucerirea Budapestei de c\u0103tre Armata Rom\u00e2n\u0103\">Calendarul zilei: 4 august 1919, cucerirea Budapestei de c\u0103tre Armata Rom\u00e2n\u0103<\/a><\/h3>\n<div class=\"td-module-meta-info\"><span class=\"td-post-date\"><time class=\"entry-date updated td-module-date\" datetime=\"2026-08-03T23:40:09+03:00\">03\/08\/2026<\/time><\/span><\/div>\n<\/div>\n<\/div>\n<\/div>\n<div class=\"td-block-span12\">\n<div class=\"td_module_6 td_module_wrap td-animation-stack\">\n<div class=\"td-module-thumb\"><a href=\"https:\/\/r3media.ro\/4-august-cei-sapte-tineri-din-efes\/\" rel=\"bookmark\" class=\"td-image-wrap \" title=\"Calendarul zilei 4 august: Cei \u0219apte tineri din Efes\"><img loading=\"lazy\" decoding=\"async\" class=\"entry-thumb\" src=\"https:\/\/r3media.ro\/wp-content\/uploads\/2022\/08\/cei-7-tineri-efes-100x70.jpg\" alt title=\"Calendarul zilei 4 august: Cei \u0219apte tineri din Efes\" width=\"100\" height=\"70\"><\/a><\/div>\n<div class=\"item-details\">\n<h3 class=\"entry-title td-module-title\"><a href=\"https:\/\/r3media.ro\/4-august-cei-sapte-tineri-din-efes\/\" rel=\"bookmark\" title=\"Calendarul zilei 4 august: Cei \u0219apte tineri din Efes\">Calendarul zilei 4 august: Cei \u0219apte tineri din Efes<\/a><\/h3>\n<div class=\"td-module-meta-info\"><span class=\"td-post-date\"><time class=\"entry-date updated td-module-date\" datetime=\"2026-08-03T22:40:19+03:00\">03\/08\/2026<\/time><\/span><\/div>\n<\/div>\n<\/div>\n<\/div>\n<div class=\"td-block-span12\">\n<div class=\"td_module_6 td_module_wrap td-animation-stack\">\n<div class=\"td-module-thumb\"><a href=\"https:\/\/r3media.ro\/cand-incepe-scoala-in-2026-structura-an-nou-scolar\/\" rel=\"bookmark\" class=\"td-image-wrap \" title=\"C\u00e2nd \u00eencepe \u0219coala \u00een 2026: Structura noului an \u0219colar, vacan\u021bele \u0219i zilele libere\"><img loading=\"lazy\" decoding=\"async\" class=\"entry-thumb\" src=\"https:\/\/r3media.ro\/wp-content\/uploads\/2021\/08\/elevi-scoala-sondaj-100x70.jpg\" alt title=\"C\u00e2nd \u00eencepe \u0219coala \u00een 2026: Structura noului an \u0219colar, vacan\u021bele \u0219i zilele libere\" width=\"100\" height=\"70\"><\/a><\/div>\n<div class=\"item-details\">\n<h3 class=\"entry-title td-module-title\"><a href=\"https:\/\/r3media.ro\/cand-incepe-scoala-in-2026-structura-an-nou-scolar\/\" rel=\"bookmark\" title=\"C\u00e2nd \u00eencepe \u0219coala \u00een 2026: Structura noului an \u0219colar, vacan\u021bele \u0219i zilele libere\">C\u00e2nd \u00eencepe \u0219coala \u00een 2026: Structura noului an \u0219colar, vacan\u021bele \u0219i&#8230;<\/a><\/h3>\n<div class=\"td-module-meta-info\"><span class=\"td-post-date\"><time class=\"entry-date updated td-module-date\" datetime=\"2026-08-03T22:23:20+03:00\">03\/08\/2026<\/time><\/span><\/div>\n<\/div>\n<\/div>\n<\/div>\n<\/div>\n<\/div>\n<aside class=\"td_block_template_1 widget widget_recent_comments\">\n<h4 class=\"block-title\"><span>INTR\u0102 \u00ceN DISCU\u021aIE!<\/span><\/h4>\n<ul id=\"recentcomments\">\n<li class=\"recentcomments\"><span class=\"comment-author-link\">Nicu<\/span> la <a href=\"https:\/\/r3media.ro\/ministr-securitate-energetica-marea-britanie-subventii-net-zero-umfla-facturi-cetateni-energie\/#comment-40348\">Ministrul Securit\u0103\u021bii Energetice din Marea Britanie neag\u0103 faptul c\u0103 subven\u021biile Net Zero umfl\u0103 facturile cet\u0103\u021benilor la energie<\/a><\/li>\n<li class=\"recentcomments\"><span class=\"comment-author-link\">Nicu<\/span> la <a href=\"https:\/\/r3media.ro\/sursa-crizei-energetice-radu-miruta-romania-capacitati-carbune-seceta\/#comment-40347\">Sursa crizei energetice. Ministrul Radu Miru\u021b\u0103: Rom\u00e2nia a \u00eenchis capacit\u0103\u021bi de produc\u021bie pe carbune f\u0103r\u0103 s\u0103 pun\u0103 nimic \u00een loc. Nu te po\u021bi ascunde \u00een spatele secetei<\/a><\/li>\n<li class=\"recentcomments\"><span class=\"comment-author-link\">Gavril\u0103 Moldovan<\/span> la <a href=\"https:\/\/r3media.ro\/prima-oara-istorie-presedintia-document-primplan-patriotism-european\/#comment-40346\">Pentru prima oar\u0103 \u00een istorie, Pre\u0219edin\u021bia Rom\u00e2niei emite un document care pune pe primul plan o alt\u0103 entitate dec\u00e2t \u021bara noastr\u0103: patriotismul european<\/a><\/li>\n<li class=\"recentcomments\"><span class=\"comment-author-link\">Redac\u021bia<\/span> la <a href=\"https:\/\/r3media.ro\/statul-roman-a-semnat-actul-propriei-disparitii\/#comment-40345\">Statul rom\u00e2n a semnat actul propriei dispari\u021bii?<\/a><\/li>\n<li class=\"recentcomments\"><span class=\"comment-author-link\">Cet\u0103\u021bean<\/span> la <a href=\"https:\/\/r3media.ro\/sursa-crizei-energetice-radu-miruta-romania-capacitati-carbune-seceta\/#comment-40344\">Sursa crizei energetice. Ministrul Radu Miru\u021b\u0103: Rom\u00e2nia a \u00eenchis capacit\u0103\u021bi de produc\u021bie pe carbune f\u0103r\u0103 s\u0103 pun\u0103 nimic \u00een loc. Nu te po\u021bi ascunde \u00een spatele secetei<\/a><\/li>\n<li class=\"recentcomments\"><span class=\"comment-author-link\"><a href=\"https:\/\/r3media.ro\/statul-roman-a-semnat-actul-propriei-disparitii\/\" class=\"url\" rel=\"ugc\">Stalin<\/a><\/span> la <a href=\"https:\/\/r3media.ro\/statul-roman-a-semnat-actul-propriei-disparitii\/#comment-40343\">Statul rom\u00e2n a semnat actul propriei dispari\u021bii?<\/a><\/li>\n<li class=\"recentcomments\"><span class=\"comment-author-link\">B<\/span> la <a href=\"https:\/\/r3media.ro\/dragostea-care-transcende-epoci-descult-in-parc-1967\/#comment-40342\">Dragostea care transcende epoci \u2014 Descul\u021b \u00een parc (1967)<\/a><\/li>\n<\/ul>\n<\/aside>\n<aside class=\"td_block_template_1 widget widget_search\">\n<h4 class=\"block-title\"><span>CAUT\u0102 \u0218I VEI G\u0102SI<\/span><\/h4>\n<\/aside>\n<\/div>\n<\/div>\n<\/div>\n<\/div>\n<\/div>\n<\/div>\n<\/div>\n<p><span class=\"td-page-meta\"><\/span><span class=\"td-page-meta\"><span class=\"td-page-meta\"><\/span><\/span><span class=\"td-page-meta\"><\/span><\/article>\n<\/p>\n<div class=\"td_block_wrap tdb_single_content tdi_18 td-pb-border-top td_block_template_1 td-post-content tagdiv-type\" data-td-block-uid=\"tdi_18\">\n<div class=\"tdb-block-inner td-fix-index\">\n<p><strong>Niculina Stelea, senator AUR, a acuzat Green Deal-ul pentru reducerea produc\u021biei de energie din ultimii 15 ani din Rom\u00e2nia, informeaz\u0103 un <a href=\"https:\/\/partidulaur.ro\/niculina-stelea-senator-aur-delirul-verde-intitulat-pompos-green-deal-de-catre-bruxelles-este-in-mare-masura-vinovat-de-prezumtiva-apocalipsa-energetica\/\" target=\"_blank\" rel=\"noopener\">comunicat de pres\u0103<\/a>.<\/strong><\/p>\n<p>Ea a afirmat c\u0103 <a href=\"https:\/\/r3media.ro\/tag\/green-deal\/\" target=\"_blank\" rel=\"noopener\">Green Deal<\/a> este \u201edelirul verde\u201d, care a dus la \u00eenchiderea \u201ecapacit\u0103\u021bilor de produc\u021bie, a lipsei investi\u021biilor \u00een infrastructur\u0103 \u0219i a unor politici energetice pe care le consider\u0103 gre\u0219ite\u201d.<\/p>\n<p>\u201eConform Institutului Na\u021bional de Statistic\u0103, Rom\u00e2nia produce mai pu\u021bin\u0103 energie, la toate capitolele (electricitate, gaze, c\u0103rbune, \u021bi\u021bei), dec\u00e2t \u00een 2010. Asta s-a \u00eent\u00e2mplat \u0219i anul trecut, nu este doar o situa\u021bie izolat\u0103 \u00een aceast\u0103 var\u0103.<\/p>\n<p>Dar cum se poate acest lucru c\u00e2nd, \u00een tot acest interval, conform comunic\u0103rilor autorit\u0103\u021bilor, a existat un boom al regenerabilelor, \u00eendeosebi al fotovoltaicelor \u0219i eolienelor? Asta pe fondul politicilor europene care ne-au explicat c\u0103 viitorul este verde \u0219i, musai, electric.<\/p>\n<p>R\u0103spunsul este simplu \u0219i are \u0219ase factori \u00eensemna\u021bi:<\/p>\n<p>1. S-au \u00eenchis capacit\u0103\u021bile de produc\u021bie pe baz\u0103 de c\u0103rbune. Ni s-a spus c\u0103 este \u201eo tranzi\u021bie just\u0103\u201d (jargonul bruxellez), \u00eenchiderea minelor \u0219i a centralelor. Dezastrul a fost definitivat prin deja minunatul PNRR, care a pus pe butuci Complexul Energetic Oltenia.<\/p>\n<p>2. Dup\u0103 ce a privatizat distribu\u021bia, statul nu a mai investit \u00een infrastructur\u0103. Nici \u00een stocare, nici \u00een transport. Este exact problema produc\u021biei mari la hectar, pe care o vinzi \u00een pierdere pentru c\u0103 nu ai unde s\u0103 o depozitezi.<\/p>\n<p>3. Proiectele mari, cu studii serioase, din zona nuclear\u0103 (reactoarele 3 \u0219i 4 de la Cernavod\u0103) au fost puse pe pauz\u0103 pentru idei fanteziste, precum reactoarele modulare de mici dimensiuni (SMR) de la Doice\u0219ti.<\/p>\n<p>4. Pia\u021ba unic\u0103 de energie, impus\u0103 de Comisia European\u0103, a crescut pre\u021burile, dar infrastructura este g\u00e2tuit\u0103 \u0219i la nivel european. De aceea, noi acum nu lu\u0103m curent din Austria sau Italia, ci exclusiv din proximitate (Bulgaria, Ungaria, Serbia \u0219i, mai nou, Ucraina).<\/p>\n<p>5. Re\u021beaua noastr\u0103 este interconectat\u0103 cu cea din Republica Moldova. Adic\u0103 le d\u0103m \u0219i lor curent \u0219i gaze. Culmea este c\u0103 acolo nu am auzit de ra\u021bionaliz\u0103ri, a\u0219a cum, \u00eentr-o manier\u0103 comunist\u0103, ne cere nou\u0103 Bolojan s\u0103 facem.<\/p>\n<p>6. Mari proiecte hidroenergetice au fost blocate de ONG-uri de mediu finan\u021bate de Bruxelles. Salvau b\u0103ie\u021bii g\u00e2ndacul de p\u0103dure cu pete verzi\u201d, a afirmat Stelea.<\/p>\n<p>Senatorul AUR a mai ad\u0103ugat c\u0103 toate statele UE se confrunt\u0103 cu aceast\u0103 problem\u0103, a energiei, nu doar Rom\u00e2nia.<\/p>\n<p>\u201eEste important de \u00een\u021beles c\u0103 aceasta nu este o problem\u0103 doar a Rom\u00e2niei. Mai toate statele din Uniunea European\u0103 \u0219i-au sacrificat industria \u0219i bun\u0103starea cet\u0103\u021benilor pentru iluzia unui viitor utopic. Penele de curent din Spania \u0219i Portugalia de anul trecut au ar\u0103tat c\u0103 totul se poate bloca \u00eentr-o secund\u0103 dac\u0103 sistemele informatice integrate, dependente, evident, de electricitate, nu mai func\u021bioneaz\u0103.<\/p>\n<p>Raportul Draghi, publicat \u00een urm\u0103 cu doi ani, este fabulos \u00een acest sens: constat\u0103 toate aceste neajunsuri, le inventariaz\u0103 cu grij\u0103 \u0219i, la sf\u00e2r\u0219it, trage concluzia absolut ilogic\u0103 \u0219i aberant\u0103 c\u0103 procesul de electrificare trebuie accelerat. Asta de\u0219i, a\u0219a cum se poate vedea, curentul nu este nici ieftin \u0219i necesit\u0103 o transformare profund\u0103 a \u00eentregii infrastructuri.<\/p>\n<p>Aceste observa\u021bii nu sunt noi. Sunt chestiuni asupra c\u0103rora am mai atras aten\u021bia \u00een trecut. Ele au trecut \u00eens\u0103 neobservate pentru c\u0103, de bine, de r\u0103u, sistemul \u00eenc\u0103 func\u021biona. Acum ne afl\u0103m la \u00eenceputul colapsului, iar crizele se vor \u00eenmul\u021bi.<\/p>\n<p>Dezastrul poate fi \u00eenc\u0103 evitat, dar trebuie s\u0103 avem un guvern conservator care s\u0103 pun\u0103 stavil\u0103 derapajelor bruxelleze \u0219i care s\u0103 pun\u0103 pre\u021b pe independen\u021ba energetic\u0103 a Rom\u00e2niei ca pe o condi\u021bie esen\u021bial\u0103 a securit\u0103\u021bii na\u021bionale. F\u0103r\u0103 blocaje pentru proiecte energetice mature, f\u0103r\u0103 \u00eenchiderea definitiv\u0103 a unor unit\u0103\u021bi de produc\u021bie care pot fi folosite \u00een timp de criz\u0103, cu investi\u021bii \u00een infrastructura de transport \u0219i stocare a energiei. Poate c\u0103, cel mai important, este nevoie de conduc\u0103tori care s\u0103 nu le v\u00e2nd\u0103 iluzii propriilor cet\u0103\u021beni c\u0103 totul va fi verde, gratis \u0219i u\u0219or\u201d, arat\u0103 senatorul AUR, Niculina Stelea.<\/p>\n<p><a href=\"https:\/\/go.fliplink.me\/view\/C266928E-45E2-4B9A-B920-361B001CF18A\" target=\"_blank\" rel=\"noopener\">Notificare privind transparen\u021ba<\/a><\/p>\n<div class=\"crp_related     crp-masonry\">\n<h2>\u00ceN CONTEXT<\/h2>\n<ul>\n<li><a href=\"https:\/\/r3media.ro\/mihail-neamtu-neeuropeana-imperiu-birocrati-bruxelles-inarmarea-germaniei\/\" class=\"crp_link post-118770\"><span class=\"crp_title\">EXCLUSIVITATE Mihail Neam\u021bu: Exist\u0103 o tendin\u021b\u0103 neeuropean\u0103 de a se crea un imperiu condus de\u2026<\/span><\/a><\/li>\n<li><a href=\"https:\/\/r3media.ro\/de-partea-gresita-a-istoriei\/\" class=\"crp_link post-115199\"><span class=\"crp_title\">De partea gre\u0219it\u0103 a istoriei<\/span><\/a><\/li>\n<li><a href=\"https:\/\/r3media.ro\/cristian-sipos-aur-preturi-energie-specula-importuri-ong-uri\/\" class=\"crp_link post-119226\"><span class=\"crp_title\">Cristian \u0218ipo\u0219 (AUR): Pre\u021burile la energie cresc \u201edin cauza speculei, a importurilor \u0219i a\u2026<\/span><\/a><\/li>\n<li><a href=\"https:\/\/r3media.ro\/babis-aliatii-cehia-promit-refuz-pact-migratie-politici-verzi-ue-responsabil-alegatori-bruxelles-uniunea-europeana-conduce\/\" class=\"crp_link post-113776\"><span class=\"crp_title\">Babi\u0219 \u0219i alia\u021bii s\u0103i din Cehia promit s\u0103 resping\u0103 pactul privind migra\u021bia \u0219i politicile\u2026<\/span><\/a><\/li>\n<li><a href=\"https:\/\/r3media.ro\/mihail-neamtu-harababura-pro-europeana-romani\/\" class=\"crp_link post-118353\"><span class=\"crp_title\">Mihail Neam\u021bu: Cei care vor deconta \u00eentreaga harababur\u0103 \u201epro-european\u0103\u201d vor fi tot rom\u00e2nii<\/span><\/a><\/li>\n<li><a href=\"https:\/\/r3media.ro\/parlament-aurel-munteanu-martir-erou\/\" class=\"crp_link post-119281\"><span class=\"crp_title\">Ini\u021biativa AUR, adoptat\u0103: Parlamentul l-a declarat pe protopopul Aurel Munteanu drept martir\u2026<\/span><\/a><\/li>\n<li><a href=\"https:\/\/r3media.ro\/kelemen-hunor-aur-transformare-forta-capabila-guvernare\/\" class=\"crp_link post-118901\"><span class=\"crp_title\">Kelemen Hunor, \u00een presa maghiar\u0103: AUR a \u00eenceput s\u0103 se transforme \u00eentr-o for\u021b\u0103 capabil\u0103 de guvernare<\/span><\/a><\/li>\n<li><a href=\"https:\/\/r3media.ro\/petrisor-peiu-conditii-aur-vot-guvernul-vestea-nicusor-dan-solutii-bunastare-romani\/\" class=\"crp_link post-118481\"><span class=\"crp_title\">Condi\u021biile AUR pentru a vota Guvernul Ve\u0219tea. Petri\u0219or Peiu propune solu\u021bii clare pentru\u2026<\/span><\/a><\/li>\n<\/ul>\n<\/div>\n<\/div>\n<\/div>\n<p>[analyse_source url=&#8221;https:\/\/r3media.ro\/niculina-stelea-aur-green-deal-bruxelles-energie\/&#8221;]<\/p>\n","protected":false},"excerpt":{"rendered":"<p>[analyse_image type=&#8221;featured&#8221; src=&#8221;https:\/\/r3media.ro\/wp-content\/uploads\/2026\/08\/Niculina-Stelea-e1785841994405.jpeghttps:\/\/r3media.ro\/wp-content\/uploads\/2026\/08\/Niculina-Stelea-e1785841994405.jpeg&#8221;] ENERGIENiculina Stelea (AUR): \u201eDelirul verde\u201d, intitulat pompos Green Deal de c\u0103tre Bruxelles,&#8230; ENERGIEPRIM PLAN\u0218TIRI Niculina Stelea (AUR): \u201eDelirul verde\u201d, intitulat pompos Green Deal de c\u0103tre Bruxelles, este \u00een mare m\u0103sur\u0103 vinovat de prezumtiva apocalips\u0103 energetic\u0103 Redac\u021bia 04\/08\/2026 Sursa foto: Partidul AUR Niculina Stelea, senator AUR, a acuzat Green Deal-ul pentru reducerea produc\u021biei [&hellip;]<\/p>\n","protected":false},"author":1,"featured_media":0,"comment_status":"open","ping_status":"","sticky":false,"template":"","format":"standard","meta":{"footnotes":""},"categories":[89],"tags":[226,93],"class_list":["post-2076910","post","type-post","status-publish","format-standard","hentry","category-romania","tag-crawlmanager","tag-r3media-ro"],"_links":{"self":[{"href":"https:\/\/analyse.optim.biz\/index.php?rest_route=\/wp\/v2\/posts\/2076910","targetHints":{"allow":["GET"]}}],"collection":[{"href":"https:\/\/analyse.optim.biz\/index.php?rest_route=\/wp\/v2\/posts"}],"about":[{"href":"https:\/\/analyse.optim.biz\/index.php?rest_route=\/wp\/v2\/types\/post"}],"author":[{"embeddable":true,"href":"https:\/\/analyse.optim.biz\/index.php?rest_route=\/wp\/v2\/users\/1"}],"replies":[{"embeddable":true,"href":"https:\/\/analyse.optim.biz\/index.php?rest_route=%2Fwp%2Fv2%2Fcomments&post=2076910"}],"version-history":[{"count":0,"href":"https:\/\/analyse.optim.biz\/index.php?rest_route=\/wp\/v2\/posts\/2076910\/revisions"}],"wp:attachment":[{"href":"https:\/\/analyse.optim.biz\/index.php?rest_route=%2Fwp%2Fv2%2Fmedia&parent=2076910"}],"wp:term":[{"taxonomy":"category","embeddable":true,"href":"https:\/\/analyse.optim.biz\/index.php?rest_route=%2Fwp%2Fv2%2Fcategories&post=2076910"},{"taxonomy":"post_tag","embeddable":true,"href":"https:\/\/analyse.optim.biz\/index.php?rest_route=%2Fwp%2Fv2%2Ftags&post=2076910"}],"curies":[{"name":"wp","href":"https:\/\/api.w.org\/{rel}","templated":true}]}}