{"id":2076904,"date":"2026-08-04T10:33:53","date_gmt":"2026-08-04T07:33:53","guid":{"rendered":"https:\/\/analyse.optim.biz\/?p=2076904"},"modified":"2026-08-04T10:33:53","modified_gmt":"2026-08-04T07:33:53","slug":"a-gresit-drumul-iar-cateva-secunde-mai-tarziu-s-a-produs-haosul-un-politist-a-ajuns-la-spital-foto","status":"publish","type":"post","link":"https:\/\/analyse.optim.biz\/?p=2076904","title":{"rendered":"A gre\u0219it drumul, iar c\u00e2teva secunde mai t\u00e2rziu s-a produs haosul. Un poli\u021bist a ajuns la spital (FOTO)"},"content":{"rendered":"<p>[analyse_image type=&#8221;featured&#8221; src=&#8221;https:\/\/gazetabuzoiana.ro\/wp-content\/uploads\/2026\/08\/ramnic.png&#8221;]<\/p>\n<div class=\"entry-content entry clearfix\">\n<p class=\"wp-block-paragraph\">Un accident rutier mai pu\u021bin obi\u0219nuit s-a produs mar\u021bi, 4 august, pe strada Mihai Eminescu din municipiul R\u00e2mnicu S\u0103rat. Un \u0219ofer \u00een v\u00e2rst\u0103 de 76 de ani ar fi intrat pe un sector cu acces interzis al unei str\u0103zi cu sens unic, dup\u0103 care a pierdut controlul ma\u0219inii \u0219i a lovit alte opt autoturisme. Printre vehiculele implicate se num\u0103r\u0103 \u0219i o autospecial\u0103 de Poli\u021bie aflat\u0103 \u00een serviciul de patrulare.<\/p>\n<p class=\"wp-block-paragraph\">Potrivit informa\u021biilor transmise de Biroul de Pres\u0103 al IPJ Buz\u0103u, poli\u021bi\u0219tii au fost sesiza\u021bi \u00een cursul zilei de mar\u021bi cu privire la producerea accidentului pe strada Mihai Eminescu.<\/p>\n<p class=\"wp-block-paragraph\">Din primele verific\u0103ri efectuate la fa\u021ba locului, autoturismul condus de un b\u0103rbat de 76 de ani, din Ploie\u0219ti, ar fi p\u0103truns pe calea prev\u0103zut\u0103 cu acces interzis a str\u0103zii cu sens unic.<\/p>\n<p class=\"wp-block-paragraph\">La un moment dat, \u0219oferul ar fi pierdut controlul asupra direc\u021biei de deplasare, iar ma\u0219ina sa a intrat \u00een coliziune cu alte opt autoturisme.<\/p>\n<p class=\"wp-block-paragraph\">Printre acestea se afla \u0219i o autospecial\u0103 de Poli\u021bie, care, la momentul producerii accidentului, era folosit\u0103 de un echipaj aflat \u00een serviciul de patrulare.<\/p>\n<p class=\"wp-block-paragraph\">\u00cen urma impactului, unul dintre poli\u021bi\u0219tii afla\u021bi \u00een autospecial\u0103 a fost r\u0103nit. Acesta a fost preluat de un echipaj medical \u0219i transportat la spital pentru evaluare \u0219i acordarea \u00eengrijirilor medicale necesare.<\/p>\n<p class=\"wp-block-paragraph\">Poli\u021bi\u0219tii urmeaz\u0103 s\u0103 stabileasc\u0103 exact succesiunea evenimentelor \u0219i cauzele care au dus la producerea accidentului.<\/p>\n<p class=\"wp-block-paragraph\">\u00cen cauz\u0103 va fi \u00eentocmit dosar penal, iar cercet\u0103rile continu\u0103 pentru stabilirea tuturor \u00eemprejur\u0103rilor \u00een care s-a produs evenimentul rutier.<\/p>\n<figure class=\"wp-block-gallery has-nested-images columns-default is-cropped wp-block-gallery-1 is-layout-flex wp-block-gallery-is-layout-flex\">\n<figure class=\"wp-block-image size-large\"><img loading=\"lazy\" decoding=\"async\" width=\"1024\" height=\"768\" data-id=\"21922\" src=\"https:\/\/gazetabuzoiana.ro\/wp-content\/uploads\/2026\/08\/1-1024x768.jpeg\" alt class=\"wp-image-21922\"><\/figure>\n<figure class=\"wp-block-image size-large\"><img decoding=\"async\" loading=\"lazy\" width=\"1024\" height=\"768\" data-id=\"21923\" src=\"https:\/\/gazetabuzoiana.ro\/wp-content\/uploads\/2026\/08\/2-1024x768.jpeg\" alt class=\"wp-image-21923\"><\/figure>\n<\/figure>\n<div class=\"post-bottom-meta post-bottom-tags post-tags-modern\">\n<div class=\"post-bottom-meta-title\"> Etichete<\/div>\n<p><span class=\"tagcloud\"><a href=\"https:\/\/gazetabuzoiana.ro\/tag\/accident-in-lant\/\" rel=\"tag\">accident \u00een lan\u021b<\/a><a href=\"https:\/\/gazetabuzoiana.ro\/tag\/accident-mihai-eminescu\/\" rel=\"tag\">accident Mihai Eminescu<\/a><a href=\"https:\/\/gazetabuzoiana.ro\/tag\/accident-ramnicu-sarat\/\" rel=\"tag\">accident R\u00e2mnicu S\u0103rat<\/a><a href=\"https:\/\/gazetabuzoiana.ro\/tag\/autospeciala-de-politie\/\" rel=\"tag\">autospecial\u0103 de poli\u021bie<\/a><a href=\"https:\/\/gazetabuzoiana.ro\/tag\/ipj-buzau-2\/\" rel=\"tag\">IPJ Buz\u0103u<\/a><a href=\"https:\/\/gazetabuzoiana.ro\/tag\/politia-buzau\/\" rel=\"tag\">poli\u021bia Buz\u0103u<\/a><a href=\"https:\/\/gazetabuzoiana.ro\/tag\/politist-ranit\/\" rel=\"tag\">poli\u021bist r\u0103nit<\/a><a href=\"https:\/\/gazetabuzoiana.ro\/tag\/ramnicu-sarat\/\" rel=\"tag\">r\u00e2mnicu s\u0103rat<\/a><a href=\"https:\/\/gazetabuzoiana.ro\/tag\/sofer-76-de-ani\/\" rel=\"tag\">\u0219ofer 76 de ani<\/a><\/span><\/div>\n<\/div>\n<p>[analyse_source url=&#8221;https:\/\/gazetabuzoiana.ro\/2026\/08\/04\/a-gresit-drumul-iar-cateva-secunde-mai-tarziu-s-a-produs-haosul-un-politist-a-ajuns-la-spital-foto\/&#8221;]<\/p>\n","protected":false},"excerpt":{"rendered":"<p>[analyse_image type=&#8221;featured&#8221; src=&#8221;https:\/\/gazetabuzoiana.ro\/wp-content\/uploads\/2026\/08\/ramnic.png&#8221;] Un accident rutier mai pu\u021bin obi\u0219nuit s-a produs mar\u021bi, 4 august, pe strada Mihai Eminescu din municipiul R\u00e2mnicu S\u0103rat. Un \u0219ofer \u00een v\u00e2rst\u0103 de 76 de ani ar fi intrat pe un sector cu acces interzis al unei str\u0103zi cu sens unic, dup\u0103 care a pierdut controlul ma\u0219inii \u0219i a lovit alte [&hellip;]<\/p>\n","protected":false},"author":1,"featured_media":0,"comment_status":"open","ping_status":"","sticky":false,"template":"","format":"standard","meta":{"footnotes":""},"categories":[2],"tags":[226,38],"class_list":["post-2076904","post","type-post","status-publish","format-standard","hentry","category-politics","tag-crawlmanager","tag-gazetabuzoiana-ro"],"_links":{"self":[{"href":"https:\/\/analyse.optim.biz\/index.php?rest_route=\/wp\/v2\/posts\/2076904","targetHints":{"allow":["GET"]}}],"collection":[{"href":"https:\/\/analyse.optim.biz\/index.php?rest_route=\/wp\/v2\/posts"}],"about":[{"href":"https:\/\/analyse.optim.biz\/index.php?rest_route=\/wp\/v2\/types\/post"}],"author":[{"embeddable":true,"href":"https:\/\/analyse.optim.biz\/index.php?rest_route=\/wp\/v2\/users\/1"}],"replies":[{"embeddable":true,"href":"https:\/\/analyse.optim.biz\/index.php?rest_route=%2Fwp%2Fv2%2Fcomments&post=2076904"}],"version-history":[{"count":0,"href":"https:\/\/analyse.optim.biz\/index.php?rest_route=\/wp\/v2\/posts\/2076904\/revisions"}],"wp:attachment":[{"href":"https:\/\/analyse.optim.biz\/index.php?rest_route=%2Fwp%2Fv2%2Fmedia&parent=2076904"}],"wp:term":[{"taxonomy":"category","embeddable":true,"href":"https:\/\/analyse.optim.biz\/index.php?rest_route=%2Fwp%2Fv2%2Fcategories&post=2076904"},{"taxonomy":"post_tag","embeddable":true,"href":"https:\/\/analyse.optim.biz\/index.php?rest_route=%2Fwp%2Fv2%2Ftags&post=2076904"}],"curies":[{"name":"wp","href":"https:\/\/api.w.org\/{rel}","templated":true}]}}