{"id":2076902,"date":"2026-08-03T19:47:35","date_gmt":"2026-08-03T16:47:35","guid":{"rendered":"https:\/\/analyse.optim.biz\/?p=2076902"},"modified":"2026-08-03T19:47:35","modified_gmt":"2026-08-03T16:47:35","slug":"peste-1-000-de-soiuri-de-vinete-la-banca-de-resurse-genetice-vegetale","status":"publish","type":"post","link":"https:\/\/analyse.optim.biz\/?p=2076902","title":{"rendered":"Peste 1.000 de soiuri de vinete la Banca de Resurse Genetice Vegetale"},"content":{"rendered":"<p>[analyse_image type=&#8221;featured&#8221; src=&#8221;https:\/\/www.tvbuzau.ro\/wp-content\/uploads\/2026\/08\/sddefault-1.jpghttps:\/\/www.tvbuzau.ro\/wp-content\/uploads\/2026\/08\/sddefault-1.jpg&#8221;]<\/p>\n<div class=\"td-ss-main-content\">\n<article id=\"post-119881\" class=\"post-119881 post type-post status-publish format-video has-post-thumbnail hentry category-actualitate post_format-post-format-video\">\n<div class=\"td-post-header\">\n<ul class=\"td-category\">\n<li class=\"entry-category\"><a href=\"https:\/\/www.tvbuzau.ro\/category\/actualitate\/\">Actualitate<\/a><\/li>\n<\/ul>\n<header class=\"td-post-title\">\n<h1 class=\"entry-title\">Peste 1.000 de soiuri de vinete la Banca de Resurse Genetice Vegetale<\/h1>\n<div class=\"td-module-meta-info\">\n<div class=\"td-post-author-name\">De c\u0103tre <a href=\"https:\/\/www.tvbuzau.ro\/author\/mihai-vasilescu\/\">TV Buz\u0103u<\/a> &#8211; <\/div>\n<p><span class=\"td-post-date\"><time class=\"entry-date updated td-module-date\" datetime=\"2026-08-03T19:47:35+00:00\">august 3, 2026<\/time><\/span><\/p>\n<div class=\"td-post-comments\"><a href=\"https:\/\/www.tvbuzau.ro\/peste-1-000-de-soiuri-de-vinete-la-banca-de-resurse-genetice-vegetale\/#respond\">0<\/a><\/div>\n<div class=\"td-post-views\"><span class=\"td-nr-views-119881\">13<\/span><\/div>\n<\/div>\n<\/header>\n<\/div>\n<div class=\"td-post-sharing td-post-sharing-top td-with-like\">\n<div class=\"td-default-sharing\"><a class=\"td-social-sharing-buttons td-social-facebook\" href=\"http:\/\/www.facebook.com\/sharer.php?u=https%3A%2F%2Fwww.tvbuzau.ro%2Fpeste-1-000-de-soiuri-de-vinete-la-banca-de-resurse-genetice-vegetale%2F\"><\/p>\n<div class=\"td-social-but-text\">Distribui\u021bi pe Facebook<\/div>\n<p><\/a><a class=\"td-social-sharing-buttons td-social-twitter\" href=\"https:\/\/twitter.com\/intent\/tweet?text=Peste+1.000+de+soiuri+de+vinete+la+Banca+de+Resurse+Genetice+Vegetale&amp;url=https%3A%2F%2Fwww.tvbuzau.ro%2Fpeste-1-000-de-soiuri-de-vinete-la-banca-de-resurse-genetice-vegetale%2F&amp;via=TV+Buz%C4%83u\"><\/p>\n<div class=\"td-social-but-text\">Distribui\u021bi pe Twitter<\/div>\n<p><\/a><\/div>\n<div class=\"td-classic-sharing\">\n<ul>\n<li class=\"td-classic-facebook\"><iframe frameborder src=\"https:\/\/www.facebook.com\/plugins\/like.php?href=https:\/\/www.tvbuzau.ro\/peste-1-000-de-soiuri-de-vinete-la-banca-de-resurse-genetice-vegetale\/&amp;layout=button_count&amp;show_faces=false&amp;width=105&amp;action=like&amp;colorscheme=light&amp;height=21\"><\/iframe><\/li>\n<li class=\"td-classic-twitter\"><a href=\"https:\/\/twitter.com\/share\" class=\"twitter-share-button\" data-url=\"https:\/\/www.tvbuzau.ro\/peste-1-000-de-soiuri-de-vinete-la-banca-de-resurse-genetice-vegetale\/\" data-text=\"Peste 1.000 de soiuri de vinete la Banca de Resurse Genetice Vegetale\" data-via data-lang=\"en\">tweet<\/a><\/li>\n<\/ul>\n<\/div>\n<\/div>\n<div class=\"td-post-content\">\n<div class=\"td-featured-image-rec\">\n<div class=\"wpb_video_wrapper\">\n                    <iframe loading=\"lazy\" id=\"td_youtube_player\" width=\"600\" height=\"560\" src=\"https:\/\/www.youtube.com\/embed\/5pSC8Oe9dO8?enablejsapi=1&amp;feature=oembed&amp;wmode=opaque&amp;vq=hd720\" frameborder allowfullscreen><\/iframe><\/p><\/div>\n<\/div>\n<p>De la albe, la tigrate, de la vinete de 20 de grame, la vinete de peste 1 kg.<br \/>\nBanca de Resurse Genetice Vegetale de\u0163ine o impresionnt\u0103 colec\u0163ie de p\u0103tl\u0103gele vinete. Potrivit cercet\u0103torilor institu\u0163iei, planta este originar\u0103 din sud-estul Asiei iar cultivarea lor a \u00eenceput spre sf\u00e2r\u0219itul secolului al XV-lea. Caravanele au adus vinetele p\u00e2n\u0103 \u00een Africa de Nord, de unde  au ajuns ulterior pe teritoriul Spaniei.<br \/>\nCercet\u0103torii vor omologa \u00een scurt timp un noi soi de vinete de culoare alb\u0103 care se remarc\u0103 prin m\u0103rime, greutate \u015fi gust.<br \/>\nBRGV arat\u0103 c\u0103 Ilie Morlova descrie la 1926 primele soiuri de p\u0103tl\u0103gele vinete din Rom\u00e2nia, cu precizarea c\u0103 existau dou\u0103 forme, \u201duna \u021buguiat\u0103 \u0219i alta rotund\u0103: p\u0103tl\u0103gele vinete de \u201dCairo\u201d, varietate cu fructe mari, \u015fi p\u0103tl\u0103gele vinete \u201dlungi \u0219i timpurii\u201d.<\/p>\n<div class=\"post-views post-119881 entry-meta\"><span class=\"post-views-label\">Post Views: <\/span><span class=\"post-views-count\">159<\/span><\/div>\n<\/div>\n<footer>\n<div class=\"td-post-sharing td-post-sharing-bottom td-with-like\"><span class=\"td-post-share-title\">DISTRIBUI\u021aI<\/span><\/p>\n<div class=\"td-default-sharing\"><a class=\"td-social-sharing-buttons td-social-facebook\" href=\"http:\/\/www.facebook.com\/sharer.php?u=https%3A%2F%2Fwww.tvbuzau.ro%2Fpeste-1-000-de-soiuri-de-vinete-la-banca-de-resurse-genetice-vegetale%2F\"><\/p>\n<div class=\"td-social-but-text\">Facebook<\/div>\n<p><\/a><a class=\"td-social-sharing-buttons td-social-twitter\" href=\"https:\/\/twitter.com\/intent\/tweet?text=Peste+1.000+de+soiuri+de+vinete+la+Banca+de+Resurse+Genetice+Vegetale&amp;url=https%3A%2F%2Fwww.tvbuzau.ro%2Fpeste-1-000-de-soiuri-de-vinete-la-banca-de-resurse-genetice-vegetale%2F&amp;via=TV+Buz%C4%83u\"><\/p>\n<div class=\"td-social-but-text\">Twitter<\/div>\n<p><\/a><\/div>\n<div class=\"td-classic-sharing\">\n<ul>\n<li class=\"td-classic-facebook\"><iframe frameborder src=\"https:\/\/www.facebook.com\/plugins\/like.php?href=https:\/\/www.tvbuzau.ro\/peste-1-000-de-soiuri-de-vinete-la-banca-de-resurse-genetice-vegetale\/&amp;layout=button_count&amp;show_faces=false&amp;width=105&amp;action=like&amp;colorscheme=light&amp;height=21\"><\/iframe><\/li>\n<li class=\"td-classic-twitter\"><a href=\"https:\/\/twitter.com\/share\" class=\"twitter-share-button\" data-url=\"https:\/\/www.tvbuzau.ro\/peste-1-000-de-soiuri-de-vinete-la-banca-de-resurse-genetice-vegetale\/\" data-text=\"Peste 1.000 de soiuri de vinete la Banca de Resurse Genetice Vegetale\" data-via data-lang=\"en\">tweet<\/a><\/li>\n<\/ul>\n<\/div>\n<\/div>\n<div class=\"td-author-name vcard author\"><span class=\"fn\"><a href=\"https:\/\/www.tvbuzau.ro\/author\/mihai-vasilescu\/\">TV Buz\u0103u<\/a><\/span><\/div>\n<p><span><\/span><span><span><\/span><\/span><span><\/span><\/footer>\n<\/article>\n<div class=\"td_block_wrap td_block_related_posts td_uid_1_6a71e2abd0866_rand td_with_ajax_pagination td-pb-border-top\" data-td-block-uid=\"td_uid_1_6a71e2abd0866\">\n<h4 class=\"td-related-title\"><a id=\"td_uid_2_6a71e2abd63ce\" class=\"td-related-left td-cur-simple-item\" data-td_filter_value data-td_block_id=\"td_uid_1_6a71e2abd0866\" href=\"https:\/\/www.tvbuzau.ro\/peste-1-000-de-soiuri-de-vinete-la-banca-de-resurse-genetice-vegetale\/\">ARTICOLE SIMILARE<\/a><a id=\"td_uid_3_6a71e2abd640b\" class=\"td-related-right\" data-td_filter_value=\"td_related_more_from_author\" data-td_block_id=\"td_uid_1_6a71e2abd0866\" href=\"https:\/\/www.tvbuzau.ro\/peste-1-000-de-soiuri-de-vinete-la-banca-de-resurse-genetice-vegetale\/\">DE LA ACELA\u0218I AUTOR<\/a><\/h4>\n<div id=\"td_uid_1_6a71e2abd0866\" class=\"td_block_inner\">\n<div class=\"td-related-row\">\n<div class=\"td-related-span4\">\n<div class=\"td_module_related_posts td-animation-stack td_mod_related_posts\">\n<div class=\"td-module-image\">\n<div class=\"td-module-thumb\"><a href=\"https:\/\/www.tvbuzau.ro\/vaslim-la-caiace-si-zambim-fara-limite-la-a-vi-a-editie\/\" rel=\"bookmark\" title=\",,V\u00e2slim la caiace \u0219i z\u00e2mbim f\u0103r\u0103 limite\u201d la a VI-a edi\u0163ie\"><img loading=\"lazy\" decoding=\"async\" width=\"218\" height=\"150\" class=\"entry-thumb\" src=\"https:\/\/www.tvbuzau.ro\/wp-content\/uploads\/2026\/08\/sddefault-3-218x150.jpg\" alt title=\",,V\u00e2slim la caiace \u0219i z\u00e2mbim f\u0103r\u0103 limite\u201d la a VI-a edi\u0163ie\"><span class=\"td-video-play-ico\"><img loading=\"lazy\" decoding=\"async\" width=\"40\" height=\"40\" class=\"td-retina\" src=\"https:\/\/www.tvbuzau.ro\/wp-content\/themes\/Newspaper\/images\/icons\/ico-video-large.png\" alt=\"video\"><\/span><\/a><\/div>\n<p><a href=\"https:\/\/www.tvbuzau.ro\/category\/actualitate\/\" class=\"td-post-category\">Actualitate<\/a><\/div>\n<div class=\"item-details\">\n<h3 class=\"entry-title td-module-title\"><a href=\"https:\/\/www.tvbuzau.ro\/vaslim-la-caiace-si-zambim-fara-limite-la-a-vi-a-editie\/\" rel=\"bookmark\" title=\",,V\u00e2slim la caiace \u0219i z\u00e2mbim f\u0103r\u0103 limite\u201d la a VI-a edi\u0163ie\">,,V\u00e2slim la caiace \u0219i z\u00e2mbim f\u0103r\u0103 limite\u201d la a VI-a edi\u0163ie<\/a><\/h3>\n<\/div>\n<\/div>\n<\/div>\n<div class=\"td-related-span4\">\n<div class=\"td_module_related_posts td-animation-stack td_mod_related_posts\">\n<div class=\"td-module-image\">\n<div class=\"td-module-thumb\"><a href=\"https:\/\/www.tvbuzau.ro\/a-plouat-mult-in-iulie-cat-va-consta-apa-meteorica-din-factura\/\" rel=\"bookmark\" title=\"A plouat mult \u00een iulie, c\u00e2t va consta apa meteoric\u0103 din factur\u0103?\"><img loading=\"lazy\" decoding=\"async\" width=\"218\" height=\"150\" class=\"entry-thumb\" src=\"https:\/\/www.tvbuzau.ro\/wp-content\/uploads\/2026\/08\/sddefault-2-218x150.jpg\" alt title=\"A plouat mult \u00een iulie, c\u00e2t va consta apa meteoric\u0103 din factur\u0103?\"><span class=\"td-video-play-ico\"><img loading=\"lazy\" decoding=\"async\" width=\"40\" height=\"40\" class=\"td-retina\" src=\"https:\/\/www.tvbuzau.ro\/wp-content\/themes\/Newspaper\/images\/icons\/ico-video-large.png\" alt=\"video\"><\/span><\/a><\/div>\n<p><a href=\"https:\/\/www.tvbuzau.ro\/category\/actualitate\/\" class=\"td-post-category\">Actualitate<\/a><\/div>\n<div class=\"item-details\">\n<h3 class=\"entry-title td-module-title\"><a href=\"https:\/\/www.tvbuzau.ro\/a-plouat-mult-in-iulie-cat-va-consta-apa-meteorica-din-factura\/\" rel=\"bookmark\" title=\"A plouat mult \u00een iulie, c\u00e2t va consta apa meteoric\u0103 din factur\u0103?\">A plouat mult \u00een iulie, c\u00e2t va consta apa meteoric\u0103 din factur\u0103?<\/a><\/h3>\n<\/div>\n<\/div>\n<\/div>\n<div class=\"td-related-span4\">\n<div class=\"td_module_related_posts td-animation-stack td_mod_related_posts\">\n<div class=\"td-module-image\">\n<div class=\"td-module-thumb\"><a href=\"https:\/\/www.tvbuzau.ro\/consiliul-judetean-se-alatura-companiei-de-apa-pentru-apeductul-siriu\/\" rel=\"bookmark\" title=\"Consiliul Jude\u0163ean se al\u0103tur\u0103 Companiei de Ap\u0103 pentru apeductul Siriu\"><img loading=\"lazy\" decoding=\"async\" width=\"218\" height=\"150\" class=\"entry-thumb\" src=\"https:\/\/www.tvbuzau.ro\/wp-content\/uploads\/2026\/08\/hqdefault-1-218x150.jpg\" alt title=\"Consiliul Jude\u0163ean se al\u0103tur\u0103 Companiei de Ap\u0103 pentru apeductul Siriu\"><span class=\"td-video-play-ico\"><img loading=\"lazy\" decoding=\"async\" width=\"40\" height=\"40\" class=\"td-retina\" src=\"https:\/\/www.tvbuzau.ro\/wp-content\/themes\/Newspaper\/images\/icons\/ico-video-large.png\" alt=\"video\"><\/span><\/a><\/div>\n<p><a href=\"https:\/\/www.tvbuzau.ro\/category\/actualitate\/\" class=\"td-post-category\">Actualitate<\/a><\/div>\n<div class=\"item-details\">\n<h3 class=\"entry-title td-module-title\"><a href=\"https:\/\/www.tvbuzau.ro\/consiliul-judetean-se-alatura-companiei-de-apa-pentru-apeductul-siriu\/\" rel=\"bookmark\" title=\"Consiliul Jude\u0163ean se al\u0103tur\u0103 Companiei de Ap\u0103 pentru apeductul Siriu\">Consiliul Jude\u0163ean se al\u0103tur\u0103 Companiei de Ap\u0103 pentru apeductul Siriu<\/a><\/h3>\n<\/div>\n<\/div>\n<\/div>\n<\/div>\n<div class=\"td-related-row\">\n<div class=\"td-related-span4\">\n<div class=\"td_module_related_posts td-animation-stack td_mod_related_posts\">\n<div class=\"td-module-image\">\n<div class=\"td-module-thumb\"><a href=\"https:\/\/www.tvbuzau.ro\/surpriza-lui-marcel-ciolacu-cand-a-ajuns-a-cj-buzau\/\" rel=\"bookmark\" title=\"Surpriza lui Marcel Ciolacu c\u00e2nd a ajuns a CJ Buz\u0103u\"><img loading=\"lazy\" decoding=\"async\" width=\"218\" height=\"150\" class=\"entry-thumb\" src=\"https:\/\/www.tvbuzau.ro\/wp-content\/uploads\/2026\/08\/hqdefault-218x150.jpg\" alt title=\"Surpriza lui Marcel Ciolacu c\u00e2nd a ajuns a CJ Buz\u0103u\"><span class=\"td-video-play-ico\"><img loading=\"lazy\" decoding=\"async\" width=\"40\" height=\"40\" class=\"td-retina\" src=\"https:\/\/www.tvbuzau.ro\/wp-content\/themes\/Newspaper\/images\/icons\/ico-video-large.png\" alt=\"video\"><\/span><\/a><\/div>\n<p><a href=\"https:\/\/www.tvbuzau.ro\/category\/actualitate\/\" class=\"td-post-category\">Actualitate<\/a><\/div>\n<div class=\"item-details\">\n<h3 class=\"entry-title td-module-title\"><a href=\"https:\/\/www.tvbuzau.ro\/surpriza-lui-marcel-ciolacu-cand-a-ajuns-a-cj-buzau\/\" rel=\"bookmark\" title=\"Surpriza lui Marcel Ciolacu c\u00e2nd a ajuns a CJ Buz\u0103u\">Surpriza lui Marcel Ciolacu c\u00e2nd a ajuns a CJ Buz\u0103u<\/a><\/h3>\n<\/div>\n<\/div>\n<\/div>\n<div class=\"td-related-span4\">\n<div class=\"td_module_related_posts td-animation-stack td_mod_related_posts\">\n<div class=\"td-module-image\">\n<div class=\"td-module-thumb\"><a href=\"https:\/\/www.tvbuzau.ro\/doua-persoane-decedate-si-doua-ranite-intr-un-accident-cumplit-la-merei\/\" rel=\"bookmark\" title=\"Dou\u0103 persoane decedate \u015fi dou\u0103 r\u0103nite \u00eentr-un accident cumplit la Merei\"><img loading=\"lazy\" decoding=\"async\" width=\"218\" height=\"150\" class=\"entry-thumb\" src=\"https:\/\/www.tvbuzau.ro\/wp-content\/uploads\/2026\/08\/sddefault-218x150.jpg\" alt title=\"Dou\u0103 persoane decedate \u015fi dou\u0103 r\u0103nite \u00eentr-un accident cumplit la Merei\"><span class=\"td-video-play-ico\"><img loading=\"lazy\" decoding=\"async\" width=\"40\" height=\"40\" class=\"td-retina\" src=\"https:\/\/www.tvbuzau.ro\/wp-content\/themes\/Newspaper\/images\/icons\/ico-video-large.png\" alt=\"video\"><\/span><\/a><\/div>\n<p><a href=\"https:\/\/www.tvbuzau.ro\/category\/actualitate\/\" class=\"td-post-category\">Actualitate<\/a><\/div>\n<div class=\"item-details\">\n<h3 class=\"entry-title td-module-title\"><a href=\"https:\/\/www.tvbuzau.ro\/doua-persoane-decedate-si-doua-ranite-intr-un-accident-cumplit-la-merei\/\" rel=\"bookmark\" title=\"Dou\u0103 persoane decedate \u015fi dou\u0103 r\u0103nite \u00eentr-un accident cumplit la Merei\">Dou\u0103 persoane decedate \u015fi dou\u0103 r\u0103nite \u00eentr-un accident cumplit la Merei<\/a><\/h3>\n<\/div>\n<\/div>\n<\/div>\n<div class=\"td-related-span4\">\n<div class=\"td_module_related_posts td-animation-stack td_mod_related_posts\">\n<div class=\"td-module-image\">\n<div class=\"td-module-thumb\"><a href=\"https:\/\/www.tvbuzau.ro\/soiuri-de-rosii-negre-obtinute-in-romania\/\" rel=\"bookmark\" title=\"Soiuri de ro\u0219ii negre ob\u021binute \u00een Rom\u00e2nia\"><img loading=\"lazy\" decoding=\"async\" width=\"218\" height=\"150\" class=\"entry-thumb\" src=\"https:\/\/www.tvbuzau.ro\/wp-content\/uploads\/2026\/07\/hqdefault-62-218x150.jpg\" alt title=\"Soiuri de ro\u0219ii negre ob\u021binute \u00een Rom\u00e2nia\"><span class=\"td-video-play-ico\"><img loading=\"lazy\" decoding=\"async\" width=\"40\" height=\"40\" class=\"td-retina\" src=\"https:\/\/www.tvbuzau.ro\/wp-content\/themes\/Newspaper\/images\/icons\/ico-video-large.png\" alt=\"video\"><\/span><\/a><\/div>\n<p><a href=\"https:\/\/www.tvbuzau.ro\/category\/actualitate\/\" class=\"td-post-category\">Actualitate<\/a><\/div>\n<div class=\"item-details\">\n<h3 class=\"entry-title td-module-title\"><a href=\"https:\/\/www.tvbuzau.ro\/soiuri-de-rosii-negre-obtinute-in-romania\/\" rel=\"bookmark\" title=\"Soiuri de ro\u0219ii negre ob\u021binute \u00een Rom\u00e2nia\">Soiuri de ro\u0219ii negre ob\u021binute \u00een Rom\u00e2nia<\/a><\/h3>\n<\/div>\n<\/div>\n<\/div>\n<\/div>\n<\/div>\n<\/div>\n<div class=\"comments\" id=\"comments\">\n<div id=\"respond\" class=\"comment-respond\">\n<h3 id=\"reply-title\" class=\"comment-reply-title\">L\u0102SA\u021aI UN MESAJ <small><a rel=\"nofollow\" id=\"cancel-comment-reply-link\" href=\"https:\/\/www.tvbuzau.ro\/peste-1-000-de-soiuri-de-vinete-la-banca-de-resurse-genetice-vegetale\/#respond\">Renun\u021ba\u021bi la r\u0103spuns<\/a><\/small><\/h3>\n<\/div>\n<\/div>\n<\/div>\n<div class=\"td-post-content\">\n<div class=\"td-featured-image-rec\">\n<div class=\"wpb_video_wrapper\">\n                    <iframe loading=\"lazy\" id=\"td_youtube_player\" width=\"600\" height=\"560\" src=\"https:\/\/www.youtube.com\/embed\/5pSC8Oe9dO8?enablejsapi=1&amp;feature=oembed&amp;wmode=opaque&amp;vq=hd720\" frameborder allowfullscreen><\/iframe><\/p><\/div>\n<\/div>\n<p>De la albe, la tigrate, de la vinete de 20 de grame, la vinete de peste 1 kg.<br \/>\nBanca de Resurse Genetice Vegetale de\u0163ine o impresionnt\u0103 colec\u0163ie de p\u0103tl\u0103gele vinete. Potrivit cercet\u0103torilor institu\u0163iei, planta este originar\u0103 din sud-estul Asiei iar cultivarea lor a \u00eenceput spre sf\u00e2r\u0219itul secolului al XV-lea. Caravanele au adus vinetele p\u00e2n\u0103 \u00een Africa de Nord, de unde  au ajuns ulterior pe teritoriul Spaniei.<br \/>\nCercet\u0103torii vor omologa \u00een scurt timp un noi soi de vinete de culoare alb\u0103 care se remarc\u0103 prin m\u0103rime, greutate \u015fi gust.<br \/>\nBRGV arat\u0103 c\u0103 Ilie Morlova descrie la 1926 primele soiuri de p\u0103tl\u0103gele vinete din Rom\u00e2nia, cu precizarea c\u0103 existau dou\u0103 forme, \u201duna \u021buguiat\u0103 \u0219i alta rotund\u0103: p\u0103tl\u0103gele vinete de \u201dCairo\u201d, varietate cu fructe mari, \u015fi p\u0103tl\u0103gele vinete \u201dlungi \u0219i timpurii\u201d.<\/p>\n<div class=\"post-views post-119881 entry-meta\"><span class=\"post-views-label\">Post Views: <\/span><span class=\"post-views-count\">159<\/span><\/div>\n<\/div>\n<p>[analyse_source url=&#8221;https:\/\/www.tvbuzau.ro\/peste-1-000-de-soiuri-de-vinete-la-banca-de-resurse-genetice-vegetale\/&#8221;]<\/p>\n","protected":false},"excerpt":{"rendered":"<p>[analyse_image type=&#8221;featured&#8221; src=&#8221;https:\/\/www.tvbuzau.ro\/wp-content\/uploads\/2026\/08\/sddefault-1.jpghttps:\/\/www.tvbuzau.ro\/wp-content\/uploads\/2026\/08\/sddefault-1.jpg&#8221;] Actualitate Peste 1.000 de soiuri de vinete la Banca de Resurse Genetice Vegetale De c\u0103tre TV Buz\u0103u &#8211; august 3, 2026 0 13 Distribui\u021bi pe Facebook Distribui\u021bi pe Twitter tweet De la albe, la tigrate, de la vinete de 20 de grame, la vinete de peste 1 kg. Banca de Resurse Genetice [&hellip;]<\/p>\n","protected":false},"author":1,"featured_media":0,"comment_status":"open","ping_status":"","sticky":false,"template":"","format":"standard","meta":{"footnotes":""},"categories":[2],"tags":[226,116],"class_list":["post-2076902","post","type-post","status-publish","format-standard","hentry","category-politics","tag-crawlmanager","tag-tvbuzau-ro"],"_links":{"self":[{"href":"https:\/\/analyse.optim.biz\/index.php?rest_route=\/wp\/v2\/posts\/2076902","targetHints":{"allow":["GET"]}}],"collection":[{"href":"https:\/\/analyse.optim.biz\/index.php?rest_route=\/wp\/v2\/posts"}],"about":[{"href":"https:\/\/analyse.optim.biz\/index.php?rest_route=\/wp\/v2\/types\/post"}],"author":[{"embeddable":true,"href":"https:\/\/analyse.optim.biz\/index.php?rest_route=\/wp\/v2\/users\/1"}],"replies":[{"embeddable":true,"href":"https:\/\/analyse.optim.biz\/index.php?rest_route=%2Fwp%2Fv2%2Fcomments&post=2076902"}],"version-history":[{"count":0,"href":"https:\/\/analyse.optim.biz\/index.php?rest_route=\/wp\/v2\/posts\/2076902\/revisions"}],"wp:attachment":[{"href":"https:\/\/analyse.optim.biz\/index.php?rest_route=%2Fwp%2Fv2%2Fmedia&parent=2076902"}],"wp:term":[{"taxonomy":"category","embeddable":true,"href":"https:\/\/analyse.optim.biz\/index.php?rest_route=%2Fwp%2Fv2%2Fcategories&post=2076902"},{"taxonomy":"post_tag","embeddable":true,"href":"https:\/\/analyse.optim.biz\/index.php?rest_route=%2Fwp%2Fv2%2Ftags&post=2076902"}],"curies":[{"name":"wp","href":"https:\/\/api.w.org\/{rel}","templated":true}]}}