{"id":2076900,"date":"2026-08-03T19:46:38","date_gmt":"2026-08-03T16:46:38","guid":{"rendered":"https:\/\/analyse.optim.biz\/?p=2076900"},"modified":"2026-08-03T19:46:38","modified_gmt":"2026-08-03T16:46:38","slug":"doua-persoane-decedate-si-doua-ranite-intr-un-accident-cumplit-la-merei","status":"publish","type":"post","link":"https:\/\/analyse.optim.biz\/?p=2076900","title":{"rendered":"Dou\u0103 persoane decedate \u015fi dou\u0103 r\u0103nite \u00eentr-un accident cumplit la Merei"},"content":{"rendered":"<p>[analyse_image type=&#8221;featured&#8221; src=&#8221;https:\/\/www.tvbuzau.ro\/wp-content\/uploads\/2026\/08\/sddefault.jpghttps:\/\/www.tvbuzau.ro\/wp-content\/uploads\/2026\/08\/sddefault.jpg&#8221;]<\/p>\n<div class=\"td-ss-main-content\">\n<article id=\"post-119878\" class=\"post-119878 post type-post status-publish format-video has-post-thumbnail hentry category-actualitate post_format-post-format-video\">\n<div class=\"td-post-header\">\n<ul class=\"td-category\">\n<li class=\"entry-category\"><a href=\"https:\/\/www.tvbuzau.ro\/category\/actualitate\/\">Actualitate<\/a><\/li>\n<\/ul>\n<header class=\"td-post-title\">\n<h1 class=\"entry-title\">Dou\u0103 persoane decedate \u015fi dou\u0103 r\u0103nite \u00eentr-un accident cumplit la Merei<\/h1>\n<div class=\"td-module-meta-info\">\n<div class=\"td-post-author-name\">De c\u0103tre <a href=\"https:\/\/www.tvbuzau.ro\/author\/mihai-vasilescu\/\">TV Buz\u0103u<\/a> &#8211; <\/div>\n<p><span class=\"td-post-date\"><time class=\"entry-date updated td-module-date\" datetime=\"2026-08-03T19:46:38+00:00\">august 3, 2026<\/time><\/span><\/p>\n<div class=\"td-post-comments\"><a href=\"https:\/\/www.tvbuzau.ro\/doua-persoane-decedate-si-doua-ranite-intr-un-accident-cumplit-la-merei\/#respond\">0<\/a><\/div>\n<div class=\"td-post-views\"><span class=\"td-nr-views-119878\">19<\/span><\/div>\n<\/div>\n<\/header>\n<\/div>\n<div class=\"td-post-sharing td-post-sharing-top td-with-like\">\n<div class=\"td-default-sharing\"><a class=\"td-social-sharing-buttons td-social-facebook\" href=\"http:\/\/www.facebook.com\/sharer.php?u=https%3A%2F%2Fwww.tvbuzau.ro%2Fdoua-persoane-decedate-si-doua-ranite-intr-un-accident-cumplit-la-merei%2F\"><\/p>\n<div class=\"td-social-but-text\">Distribui\u021bi pe Facebook<\/div>\n<p><\/a><a class=\"td-social-sharing-buttons td-social-twitter\" href=\"https:\/\/twitter.com\/intent\/tweet?text=Dou%C4%83+persoane+decedate+%C5%9Fi+dou%C4%83+r%C4%83nite+%C3%AEntr-un+accident+cumplit+la+Merei&amp;url=https%3A%2F%2Fwww.tvbuzau.ro%2Fdoua-persoane-decedate-si-doua-ranite-intr-un-accident-cumplit-la-merei%2F&amp;via=TV+Buz%C4%83u\"><\/p>\n<div class=\"td-social-but-text\">Distribui\u021bi pe Twitter<\/div>\n<p><\/a><\/div>\n<div class=\"td-classic-sharing\">\n<ul>\n<li class=\"td-classic-facebook\"><iframe frameborder src=\"https:\/\/www.facebook.com\/plugins\/like.php?href=https:\/\/www.tvbuzau.ro\/doua-persoane-decedate-si-doua-ranite-intr-un-accident-cumplit-la-merei\/&amp;layout=button_count&amp;show_faces=false&amp;width=105&amp;action=like&amp;colorscheme=light&amp;height=21\"><\/iframe><\/li>\n<li class=\"td-classic-twitter\"><a href=\"https:\/\/twitter.com\/share\" class=\"twitter-share-button\" data-url=\"https:\/\/www.tvbuzau.ro\/doua-persoane-decedate-si-doua-ranite-intr-un-accident-cumplit-la-merei\/\" data-text=\"Dou\u0103 persoane decedate \u015fi dou\u0103 r\u0103nite \u00eentr-un accident cumplit la Merei\" data-via data-lang=\"en\">tweet<\/a><\/li>\n<\/ul>\n<\/div>\n<\/div>\n<div class=\"td-post-content\">\n<div class=\"td-featured-image-rec\">\n<div class=\"wpb_video_wrapper\">\n                    <iframe loading=\"lazy\" id=\"td_youtube_player\" width=\"600\" height=\"560\" src=\"https:\/\/www.youtube.com\/embed\/bqqnLcUkM3g?enablejsapi=1&amp;feature=oembed&amp;wmode=opaque&amp;vq=hd720\" frameborder allowfullscreen><\/iframe><\/p><\/div>\n<\/div>\n<p>Impact fatal cu un copac<br \/>\nUn grav accident de circula\u0163ie a avut loc s\u00e2mb\u0103t\u0103 pe DJ 203G, \u00een localitatea Merei. \u00cen evenimentul rutier a fost implicat un autoturism, rezult\u00e2nd mai multe victime, persoane decedate \u015fi r\u0103nite.<br \/>\n\u201cDin primele date de la fa\u021ba locului a reie\u0219it c\u0103 autoturismul condus dinspre S\u0103rata Monteoru c\u0103tre intersec\u021bia cu DN1B, de c\u0103tre un \u0219ofer de 37 de ani, din Buz\u0103u, ar fi pierdut controlul asupra direc\u021biei, ar fi ie\u0219it \u00een afara p\u0103r\u021bii carosabile, \u00eemprejurare \u00een care a intrat \u00een coliziune cu un copac\u201d, a anun\u0163at Inspectortul de Poli\u0163ie Buz\u0103u.<br \/>\nImpactul autoturismului cu arborele a fost at\u00e2t de puternic \u00eenc\u00e2t dou\u0103 persoane \u015fi-au pierdut via\u0163a.<br \/>\n\u201c\u00cen urma impactului, \u0219oferul \u0219i unul dintre pasageri au decedat. De asemenea, accidentul s-a soldat cu r\u0103nirea altor doi pasageri, o femeie \u0219i un b\u0103rbat, de 33 de ani, ambii din Buz\u0103u, ace\u0219tia fiind prelua\u021bi de ambulan\u021b\u0103 \u0219i transporta\u021bi la spital pentru \u00eengrijiri medicale\u201d, a anun\u0163at IPJ Buz\u0103u<br \/>\n\u00cen cauz\u0103 s-a \u00eentocmit dosar penal iar poli\u021bi\u0219tii continu\u0103 cercet\u0103rile pentru stabilirea tuturor \u00eemprejur\u0103rilor \u00een care s-a produs accidentul.<\/p>\n<div class=\"post-views post-119878 entry-meta\"><span class=\"post-views-label\">Post Views: <\/span><span class=\"post-views-count\">146<\/span><\/div>\n<\/div>\n<footer>\n<div class=\"td-post-sharing td-post-sharing-bottom td-with-like\"><span class=\"td-post-share-title\">DISTRIBUI\u021aI<\/span><\/p>\n<div class=\"td-default-sharing\"><a class=\"td-social-sharing-buttons td-social-facebook\" href=\"http:\/\/www.facebook.com\/sharer.php?u=https%3A%2F%2Fwww.tvbuzau.ro%2Fdoua-persoane-decedate-si-doua-ranite-intr-un-accident-cumplit-la-merei%2F\"><\/p>\n<div class=\"td-social-but-text\">Facebook<\/div>\n<p><\/a><a class=\"td-social-sharing-buttons td-social-twitter\" href=\"https:\/\/twitter.com\/intent\/tweet?text=Dou%C4%83+persoane+decedate+%C5%9Fi+dou%C4%83+r%C4%83nite+%C3%AEntr-un+accident+cumplit+la+Merei&amp;url=https%3A%2F%2Fwww.tvbuzau.ro%2Fdoua-persoane-decedate-si-doua-ranite-intr-un-accident-cumplit-la-merei%2F&amp;via=TV+Buz%C4%83u\"><\/p>\n<div class=\"td-social-but-text\">Twitter<\/div>\n<p><\/a><\/div>\n<div class=\"td-classic-sharing\">\n<ul>\n<li class=\"td-classic-facebook\"><iframe frameborder src=\"https:\/\/www.facebook.com\/plugins\/like.php?href=https:\/\/www.tvbuzau.ro\/doua-persoane-decedate-si-doua-ranite-intr-un-accident-cumplit-la-merei\/&amp;layout=button_count&amp;show_faces=false&amp;width=105&amp;action=like&amp;colorscheme=light&amp;height=21\"><\/iframe><\/li>\n<li class=\"td-classic-twitter\"><a href=\"https:\/\/twitter.com\/share\" class=\"twitter-share-button\" data-url=\"https:\/\/www.tvbuzau.ro\/doua-persoane-decedate-si-doua-ranite-intr-un-accident-cumplit-la-merei\/\" data-text=\"Dou\u0103 persoane decedate \u015fi dou\u0103 r\u0103nite \u00eentr-un accident cumplit la Merei\" data-via data-lang=\"en\">tweet<\/a><\/li>\n<\/ul>\n<\/div>\n<\/div>\n<div class=\"td-author-name vcard author\"><span class=\"fn\"><a href=\"https:\/\/www.tvbuzau.ro\/author\/mihai-vasilescu\/\">TV Buz\u0103u<\/a><\/span><\/div>\n<p><span><\/span><span><span><\/span><\/span><span><\/span><\/footer>\n<\/article>\n<div class=\"td_block_wrap td_block_related_posts td_uid_1_6a71e2673a9d1_rand td_with_ajax_pagination td-pb-border-top\" data-td-block-uid=\"td_uid_1_6a71e2673a9d1\">\n<h4 class=\"td-related-title\"><a id=\"td_uid_2_6a71e26740c22\" class=\"td-related-left td-cur-simple-item\" data-td_filter_value data-td_block_id=\"td_uid_1_6a71e2673a9d1\" href=\"https:\/\/www.tvbuzau.ro\/doua-persoane-decedate-si-doua-ranite-intr-un-accident-cumplit-la-merei\/\">ARTICOLE SIMILARE<\/a><a id=\"td_uid_3_6a71e26740c5d\" class=\"td-related-right\" data-td_filter_value=\"td_related_more_from_author\" data-td_block_id=\"td_uid_1_6a71e2673a9d1\" href=\"https:\/\/www.tvbuzau.ro\/doua-persoane-decedate-si-doua-ranite-intr-un-accident-cumplit-la-merei\/\">DE LA ACELA\u0218I AUTOR<\/a><\/h4>\n<div id=\"td_uid_1_6a71e2673a9d1\" class=\"td_block_inner\">\n<div class=\"td-related-row\">\n<div class=\"td-related-span4\">\n<div class=\"td_module_related_posts td-animation-stack td_mod_related_posts\">\n<div class=\"td-module-image\">\n<div class=\"td-module-thumb\"><a href=\"https:\/\/www.tvbuzau.ro\/vaslim-la-caiace-si-zambim-fara-limite-la-a-vi-a-editie\/\" rel=\"bookmark\" title=\",,V\u00e2slim la caiace \u0219i z\u00e2mbim f\u0103r\u0103 limite\u201d la a VI-a edi\u0163ie\"><img loading=\"lazy\" decoding=\"async\" width=\"218\" height=\"150\" class=\"entry-thumb\" src=\"https:\/\/www.tvbuzau.ro\/wp-content\/uploads\/2026\/08\/sddefault-3-218x150.jpg\" alt title=\",,V\u00e2slim la caiace \u0219i z\u00e2mbim f\u0103r\u0103 limite\u201d la a VI-a edi\u0163ie\"><span class=\"td-video-play-ico\"><img loading=\"lazy\" decoding=\"async\" width=\"40\" height=\"40\" class=\"td-retina\" src=\"https:\/\/www.tvbuzau.ro\/wp-content\/themes\/Newspaper\/images\/icons\/ico-video-large.png\" alt=\"video\"><\/span><\/a><\/div>\n<p><a href=\"https:\/\/www.tvbuzau.ro\/category\/actualitate\/\" class=\"td-post-category\">Actualitate<\/a><\/div>\n<div class=\"item-details\">\n<h3 class=\"entry-title td-module-title\"><a href=\"https:\/\/www.tvbuzau.ro\/vaslim-la-caiace-si-zambim-fara-limite-la-a-vi-a-editie\/\" rel=\"bookmark\" title=\",,V\u00e2slim la caiace \u0219i z\u00e2mbim f\u0103r\u0103 limite\u201d la a VI-a edi\u0163ie\">,,V\u00e2slim la caiace \u0219i z\u00e2mbim f\u0103r\u0103 limite\u201d la a VI-a edi\u0163ie<\/a><\/h3>\n<\/div>\n<\/div>\n<\/div>\n<div class=\"td-related-span4\">\n<div class=\"td_module_related_posts td-animation-stack td_mod_related_posts\">\n<div class=\"td-module-image\">\n<div class=\"td-module-thumb\"><a href=\"https:\/\/www.tvbuzau.ro\/a-plouat-mult-in-iulie-cat-va-consta-apa-meteorica-din-factura\/\" rel=\"bookmark\" title=\"A plouat mult \u00een iulie, c\u00e2t va consta apa meteoric\u0103 din factur\u0103?\"><img loading=\"lazy\" decoding=\"async\" width=\"218\" height=\"150\" class=\"entry-thumb\" src=\"https:\/\/www.tvbuzau.ro\/wp-content\/uploads\/2026\/08\/sddefault-2-218x150.jpg\" alt title=\"A plouat mult \u00een iulie, c\u00e2t va consta apa meteoric\u0103 din factur\u0103?\"><span class=\"td-video-play-ico\"><img loading=\"lazy\" decoding=\"async\" width=\"40\" height=\"40\" class=\"td-retina\" src=\"https:\/\/www.tvbuzau.ro\/wp-content\/themes\/Newspaper\/images\/icons\/ico-video-large.png\" alt=\"video\"><\/span><\/a><\/div>\n<p><a href=\"https:\/\/www.tvbuzau.ro\/category\/actualitate\/\" class=\"td-post-category\">Actualitate<\/a><\/div>\n<div class=\"item-details\">\n<h3 class=\"entry-title td-module-title\"><a href=\"https:\/\/www.tvbuzau.ro\/a-plouat-mult-in-iulie-cat-va-consta-apa-meteorica-din-factura\/\" rel=\"bookmark\" title=\"A plouat mult \u00een iulie, c\u00e2t va consta apa meteoric\u0103 din factur\u0103?\">A plouat mult \u00een iulie, c\u00e2t va consta apa meteoric\u0103 din factur\u0103?<\/a><\/h3>\n<\/div>\n<\/div>\n<\/div>\n<div class=\"td-related-span4\">\n<div class=\"td_module_related_posts td-animation-stack td_mod_related_posts\">\n<div class=\"td-module-image\">\n<div class=\"td-module-thumb\"><a href=\"https:\/\/www.tvbuzau.ro\/consiliul-judetean-se-alatura-companiei-de-apa-pentru-apeductul-siriu\/\" rel=\"bookmark\" title=\"Consiliul Jude\u0163ean se al\u0103tur\u0103 Companiei de Ap\u0103 pentru apeductul Siriu\"><img loading=\"lazy\" decoding=\"async\" width=\"218\" height=\"150\" class=\"entry-thumb\" src=\"https:\/\/www.tvbuzau.ro\/wp-content\/uploads\/2026\/08\/hqdefault-1-218x150.jpg\" alt title=\"Consiliul Jude\u0163ean se al\u0103tur\u0103 Companiei de Ap\u0103 pentru apeductul Siriu\"><span class=\"td-video-play-ico\"><img loading=\"lazy\" decoding=\"async\" width=\"40\" height=\"40\" class=\"td-retina\" src=\"https:\/\/www.tvbuzau.ro\/wp-content\/themes\/Newspaper\/images\/icons\/ico-video-large.png\" alt=\"video\"><\/span><\/a><\/div>\n<p><a href=\"https:\/\/www.tvbuzau.ro\/category\/actualitate\/\" class=\"td-post-category\">Actualitate<\/a><\/div>\n<div class=\"item-details\">\n<h3 class=\"entry-title td-module-title\"><a href=\"https:\/\/www.tvbuzau.ro\/consiliul-judetean-se-alatura-companiei-de-apa-pentru-apeductul-siriu\/\" rel=\"bookmark\" title=\"Consiliul Jude\u0163ean se al\u0103tur\u0103 Companiei de Ap\u0103 pentru apeductul Siriu\">Consiliul Jude\u0163ean se al\u0103tur\u0103 Companiei de Ap\u0103 pentru apeductul Siriu<\/a><\/h3>\n<\/div>\n<\/div>\n<\/div>\n<\/div>\n<div class=\"td-related-row\">\n<div class=\"td-related-span4\">\n<div class=\"td_module_related_posts td-animation-stack td_mod_related_posts\">\n<div class=\"td-module-image\">\n<div class=\"td-module-thumb\"><a href=\"https:\/\/www.tvbuzau.ro\/surpriza-lui-marcel-ciolacu-cand-a-ajuns-a-cj-buzau\/\" rel=\"bookmark\" title=\"Surpriza lui Marcel Ciolacu c\u00e2nd a ajuns a CJ Buz\u0103u\"><img loading=\"lazy\" decoding=\"async\" width=\"218\" height=\"150\" class=\"entry-thumb\" src=\"https:\/\/www.tvbuzau.ro\/wp-content\/uploads\/2026\/08\/hqdefault-218x150.jpg\" alt title=\"Surpriza lui Marcel Ciolacu c\u00e2nd a ajuns a CJ Buz\u0103u\"><span class=\"td-video-play-ico\"><img loading=\"lazy\" decoding=\"async\" width=\"40\" height=\"40\" class=\"td-retina\" src=\"https:\/\/www.tvbuzau.ro\/wp-content\/themes\/Newspaper\/images\/icons\/ico-video-large.png\" alt=\"video\"><\/span><\/a><\/div>\n<p><a href=\"https:\/\/www.tvbuzau.ro\/category\/actualitate\/\" class=\"td-post-category\">Actualitate<\/a><\/div>\n<div class=\"item-details\">\n<h3 class=\"entry-title td-module-title\"><a href=\"https:\/\/www.tvbuzau.ro\/surpriza-lui-marcel-ciolacu-cand-a-ajuns-a-cj-buzau\/\" rel=\"bookmark\" title=\"Surpriza lui Marcel Ciolacu c\u00e2nd a ajuns a CJ Buz\u0103u\">Surpriza lui Marcel Ciolacu c\u00e2nd a ajuns a CJ Buz\u0103u<\/a><\/h3>\n<\/div>\n<\/div>\n<\/div>\n<div class=\"td-related-span4\">\n<div class=\"td_module_related_posts td-animation-stack td_mod_related_posts\">\n<div class=\"td-module-image\">\n<div class=\"td-module-thumb\"><a href=\"https:\/\/www.tvbuzau.ro\/peste-1-000-de-soiuri-de-vinete-la-banca-de-resurse-genetice-vegetale\/\" rel=\"bookmark\" title=\"Peste 1.000 de soiuri de vinete la Banca de Resurse Genetice Vegetale\"><img loading=\"lazy\" decoding=\"async\" width=\"218\" height=\"150\" class=\"entry-thumb\" src=\"https:\/\/www.tvbuzau.ro\/wp-content\/uploads\/2026\/08\/sddefault-1-218x150.jpg\" alt title=\"Peste 1.000 de soiuri de vinete la Banca de Resurse Genetice Vegetale\"><span class=\"td-video-play-ico\"><img loading=\"lazy\" decoding=\"async\" width=\"40\" height=\"40\" class=\"td-retina\" src=\"https:\/\/www.tvbuzau.ro\/wp-content\/themes\/Newspaper\/images\/icons\/ico-video-large.png\" alt=\"video\"><\/span><\/a><\/div>\n<p><a href=\"https:\/\/www.tvbuzau.ro\/category\/actualitate\/\" class=\"td-post-category\">Actualitate<\/a><\/div>\n<div class=\"item-details\">\n<h3 class=\"entry-title td-module-title\"><a href=\"https:\/\/www.tvbuzau.ro\/peste-1-000-de-soiuri-de-vinete-la-banca-de-resurse-genetice-vegetale\/\" rel=\"bookmark\" title=\"Peste 1.000 de soiuri de vinete la Banca de Resurse Genetice Vegetale\">Peste 1.000 de soiuri de vinete la Banca de Resurse Genetice Vegetale<\/a><\/h3>\n<\/div>\n<\/div>\n<\/div>\n<div class=\"td-related-span4\">\n<div class=\"td_module_related_posts td-animation-stack td_mod_related_posts\">\n<div class=\"td-module-image\">\n<div class=\"td-module-thumb\"><a href=\"https:\/\/www.tvbuzau.ro\/soiuri-de-rosii-negre-obtinute-in-romania\/\" rel=\"bookmark\" title=\"Soiuri de ro\u0219ii negre ob\u021binute \u00een Rom\u00e2nia\"><img loading=\"lazy\" decoding=\"async\" width=\"218\" height=\"150\" class=\"entry-thumb\" src=\"https:\/\/www.tvbuzau.ro\/wp-content\/uploads\/2026\/07\/hqdefault-62-218x150.jpg\" alt title=\"Soiuri de ro\u0219ii negre ob\u021binute \u00een Rom\u00e2nia\"><span class=\"td-video-play-ico\"><img loading=\"lazy\" decoding=\"async\" width=\"40\" height=\"40\" class=\"td-retina\" src=\"https:\/\/www.tvbuzau.ro\/wp-content\/themes\/Newspaper\/images\/icons\/ico-video-large.png\" alt=\"video\"><\/span><\/a><\/div>\n<p><a href=\"https:\/\/www.tvbuzau.ro\/category\/actualitate\/\" class=\"td-post-category\">Actualitate<\/a><\/div>\n<div class=\"item-details\">\n<h3 class=\"entry-title td-module-title\"><a href=\"https:\/\/www.tvbuzau.ro\/soiuri-de-rosii-negre-obtinute-in-romania\/\" rel=\"bookmark\" title=\"Soiuri de ro\u0219ii negre ob\u021binute \u00een Rom\u00e2nia\">Soiuri de ro\u0219ii negre ob\u021binute \u00een Rom\u00e2nia<\/a><\/h3>\n<\/div>\n<\/div>\n<\/div>\n<\/div>\n<\/div>\n<\/div>\n<div class=\"comments\" id=\"comments\">\n<div id=\"respond\" class=\"comment-respond\">\n<h3 id=\"reply-title\" class=\"comment-reply-title\">L\u0102SA\u021aI UN MESAJ <small><a rel=\"nofollow\" id=\"cancel-comment-reply-link\" href=\"https:\/\/www.tvbuzau.ro\/doua-persoane-decedate-si-doua-ranite-intr-un-accident-cumplit-la-merei\/#respond\">Renun\u021ba\u021bi la r\u0103spuns<\/a><\/small><\/h3>\n<\/div>\n<\/div>\n<\/div>\n<div class=\"td-post-content\">\n<div class=\"td-featured-image-rec\">\n<div class=\"wpb_video_wrapper\">\n                    <iframe loading=\"lazy\" id=\"td_youtube_player\" width=\"600\" height=\"560\" src=\"https:\/\/www.youtube.com\/embed\/bqqnLcUkM3g?enablejsapi=1&amp;feature=oembed&amp;wmode=opaque&amp;vq=hd720\" frameborder allowfullscreen><\/iframe><\/p><\/div>\n<\/div>\n<p>Impact fatal cu un copac<br \/>\nUn grav accident de circula\u0163ie a avut loc s\u00e2mb\u0103t\u0103 pe DJ 203G, \u00een localitatea Merei. \u00cen evenimentul rutier a fost implicat un autoturism, rezult\u00e2nd mai multe victime, persoane decedate \u015fi r\u0103nite.<br \/>\n\u201cDin primele date de la fa\u021ba locului a reie\u0219it c\u0103 autoturismul condus dinspre S\u0103rata Monteoru c\u0103tre intersec\u021bia cu DN1B, de c\u0103tre un \u0219ofer de 37 de ani, din Buz\u0103u, ar fi pierdut controlul asupra direc\u021biei, ar fi ie\u0219it \u00een afara p\u0103r\u021bii carosabile, \u00eemprejurare \u00een care a intrat \u00een coliziune cu un copac\u201d, a anun\u0163at Inspectortul de Poli\u0163ie Buz\u0103u.<br \/>\nImpactul autoturismului cu arborele a fost at\u00e2t de puternic \u00eenc\u00e2t dou\u0103 persoane \u015fi-au pierdut via\u0163a.<br \/>\n\u201c\u00cen urma impactului, \u0219oferul \u0219i unul dintre pasageri au decedat. De asemenea, accidentul s-a soldat cu r\u0103nirea altor doi pasageri, o femeie \u0219i un b\u0103rbat, de 33 de ani, ambii din Buz\u0103u, ace\u0219tia fiind prelua\u021bi de ambulan\u021b\u0103 \u0219i transporta\u021bi la spital pentru \u00eengrijiri medicale\u201d, a anun\u0163at IPJ Buz\u0103u<br \/>\n\u00cen cauz\u0103 s-a \u00eentocmit dosar penal iar poli\u021bi\u0219tii continu\u0103 cercet\u0103rile pentru stabilirea tuturor \u00eemprejur\u0103rilor \u00een care s-a produs accidentul.<\/p>\n<div class=\"post-views post-119878 entry-meta\"><span class=\"post-views-label\">Post Views: <\/span><span class=\"post-views-count\">146<\/span><\/div>\n<\/div>\n<p>[analyse_source url=&#8221;https:\/\/www.tvbuzau.ro\/doua-persoane-decedate-si-doua-ranite-intr-un-accident-cumplit-la-merei\/&#8221;]<\/p>\n","protected":false},"excerpt":{"rendered":"<p>[analyse_image type=&#8221;featured&#8221; src=&#8221;https:\/\/www.tvbuzau.ro\/wp-content\/uploads\/2026\/08\/sddefault.jpghttps:\/\/www.tvbuzau.ro\/wp-content\/uploads\/2026\/08\/sddefault.jpg&#8221;] Actualitate Dou\u0103 persoane decedate \u015fi dou\u0103 r\u0103nite \u00eentr-un accident cumplit la Merei De c\u0103tre TV Buz\u0103u &#8211; august 3, 2026 0 19 Distribui\u021bi pe Facebook Distribui\u021bi pe Twitter tweet Impact fatal cu un copac Un grav accident de circula\u0163ie a avut loc s\u00e2mb\u0103t\u0103 pe DJ 203G, \u00een localitatea Merei. \u00cen evenimentul rutier [&hellip;]<\/p>\n","protected":false},"author":1,"featured_media":0,"comment_status":"open","ping_status":"","sticky":false,"template":"","format":"standard","meta":{"footnotes":""},"categories":[2],"tags":[226,116],"class_list":["post-2076900","post","type-post","status-publish","format-standard","hentry","category-politics","tag-crawlmanager","tag-tvbuzau-ro"],"_links":{"self":[{"href":"https:\/\/analyse.optim.biz\/index.php?rest_route=\/wp\/v2\/posts\/2076900","targetHints":{"allow":["GET"]}}],"collection":[{"href":"https:\/\/analyse.optim.biz\/index.php?rest_route=\/wp\/v2\/posts"}],"about":[{"href":"https:\/\/analyse.optim.biz\/index.php?rest_route=\/wp\/v2\/types\/post"}],"author":[{"embeddable":true,"href":"https:\/\/analyse.optim.biz\/index.php?rest_route=\/wp\/v2\/users\/1"}],"replies":[{"embeddable":true,"href":"https:\/\/analyse.optim.biz\/index.php?rest_route=%2Fwp%2Fv2%2Fcomments&post=2076900"}],"version-history":[{"count":0,"href":"https:\/\/analyse.optim.biz\/index.php?rest_route=\/wp\/v2\/posts\/2076900\/revisions"}],"wp:attachment":[{"href":"https:\/\/analyse.optim.biz\/index.php?rest_route=%2Fwp%2Fv2%2Fmedia&parent=2076900"}],"wp:term":[{"taxonomy":"category","embeddable":true,"href":"https:\/\/analyse.optim.biz\/index.php?rest_route=%2Fwp%2Fv2%2Fcategories&post=2076900"},{"taxonomy":"post_tag","embeddable":true,"href":"https:\/\/analyse.optim.biz\/index.php?rest_route=%2Fwp%2Fv2%2Ftags&post=2076900"}],"curies":[{"name":"wp","href":"https:\/\/api.w.org\/{rel}","templated":true}]}}