{"id":2076739,"date":"2026-08-03T00:00:00","date_gmt":"2026-08-02T21:00:00","guid":{"rendered":"https:\/\/analyse.optim.biz\/?p=2076739"},"modified":"2026-08-03T00:00:00","modified_gmt":"2026-08-02T21:00:00","slug":"psihologia-din-spatele-somnului-cum-transformi-teama-de-culcare-in-primul-pas-spre-independenta-copilului-tau","status":"publish","type":"post","link":"https:\/\/analyse.optim.biz\/?p=2076739","title":{"rendered":"Psihologia din spatele somnului: Cum transformi teama de culcare \u00een primul pas spre independen\u021ba copilului t\u0103u"},"content":{"rendered":"<p>[analyse_image type=&#8221;featured&#8221; src=&#8221;https:\/\/zdvi.cname.ro\/_\/psihologia-din-spatele-somnului-cum-transformi-teama-de-culcare-in-primul-pas-spre-independenta-copilului-tau\/mediaPool\/ujFkUvt.jpg&#8221;]<\/p>\n<div class=\"main-content detaliu-articol\"><a class=\"titlu-cat-list\" href=\"https:\/\/ziaruldevrancea.ro\/promo\/brand-voice\">Brand voice<\/a><\/p>\n<h1>Psihologia din spatele somnului: Cum transformi teama de culcare \u00een primul pas spre independen\u021ba copilului t\u0103u<\/h1>\n<div class=\"date-articol clearfix\">\n<div class=\"distribuie-articol dropdown\">\n    Distribuie: \u00a0<br \/>\n    <em>|<\/em><\/div>\n<div class=\"autor-articol\"><a href=\"https:\/\/ziaruldevrancea.ro\/autor\/eduard-popescu\/\"><img decoding=\"async\" class=\"img-circle\" src=\"https:\/\/zdvi.cname.ro\/50_50\/articleAuthor\/eduard-popescu\/articleAuthor\/uSipCNh.jpg\" alt><\/a><\/p>\n<h5><a href=\"https:\/\/ziaruldevrancea.ro\/autor\/eduard-popescu\/\">Eduard Popescu<\/a><\/h5>\n<div class=\"grup-spatiere\"><span class=\"cu-spatiere\"> 3 aug 2026<\/span><span class=\"cu-spatiere\">200 vizualiz\u0103ri<\/span><\/div>\n<\/div>\n<\/div>\n<div class=\"poza-mare\"><a href class=\"openGallery\"><img decoding=\"async\" class=\"img-responsive\" src=\"https:\/\/zdvi.cname.ro\/850_530\/psihologia-din-spatele-somnului-cum-transformi-teama-de-culcare-in-primul-pas-spre-independenta-copilului-tau\/article\/mediaPool\/ujFkUvt.jpg\" alt><\/a><\/div>\n<p><strong>Ora culc\u0103rii se transform\u0103, \u00een foarte multe familii, \u00eentr-un moment de tensiune ascuns\u0103. Cuno\u0219ti, probabil, scenariul negocierilor nesf\u00e2r\u0219ite, al am\u00e2n\u0103rilor \u0219i al trezirilor nocturne dictate de o anxietate subtil\u0103. Ceea ce mul\u021bi p\u0103rin\u021bi trec cu vederea este c\u0103 designul spa\u021biului \u00een care doarme cel mic \u00eei influen\u021beaz\u0103 direct comportamentul \u0219i starea emo\u021bional\u0103. P\u0103tu\u021burile tradi\u021bionale, cu gratii \u00eenalte, de\u0219i percepute ca fiind sigure, func\u021bioneaz\u0103 de multe ori ca o barier\u0103 psihologic\u0103. Ele \u00eel plaseaz\u0103 pe copil \u00eentr-o pozi\u021bie de total\u0103 dependen\u021b\u0103: are nevoie de tine pentru a urca, pentru a cobor\u00ee \u0219i pentru a explora lumea din jur.<\/strong><\/p>\n<p>Psihologia modern\u0103 a educa\u021biei timpurii demonstreaz\u0103 c\u0103 autonomia se cultiv\u0103 prin detalii aparent simple. C\u00e2nd un copil este for\u021bat s\u0103 a\u0219tepte ajutorul unui adult pentru a p\u0103r\u0103si spa\u021biul de odihn\u0103, \u00een subcon\u0219tientul s\u0103u se instaleaz\u0103 o u\u0219oar\u0103 stare de neputin\u021b\u0103. Schimbarea acestei paradigme \u00eencepe prin redefinirea mediului nocturn, transform\u00e2nd patul dintr-un loc de izolare \u00eentr-un spa\u021biu sigur al independen\u021bei.<\/p>\n<p><strong>Filosofia de la nivelul solului: De ce func\u021bioneaz\u0103 conceptul Montessori<\/strong><\/p>\n<p>Spre deosebire de mobilierul clasic, un <a href=\"https:\/\/www.lilu-lilu.ro\/catalog\/pat-montessori-tip-casuta-38?srsltid=AfmBOorEHp1zQ72c-Z3xQCqGTBNSBhOf43rNlYsA3vhgfJ9RbrRrMHkH\" target=\"_blank\"><strong>pat Montessori<\/strong><\/a> este proiectat la nivelul podelei sau la o \u00een\u0103l\u021bime foarte mic\u0103, adesea sub form\u0103 de c\u0103su\u021b\u0103 sau cu un cadru minimalist. Aceast\u0103 abordare elimin\u0103 din start dou\u0103 mari probleme: frica p\u0103rintelui c\u0103 cel mic s-ar putea accidenta prin c\u0103dere \u0219i senza\u021bia de captivitate a copilului.<\/p>\n<p>Trecerea la acest concept aduce beneficii profunde \u00een dinamica familiei:<\/p>\n<ul>\n<li><strong>Gestionarea bl\u00e2nd\u0103 a tranzi\u021biei:<\/strong> Copilul nu mai asociaz\u0103 mersul la culcare cu o pedeaps\u0103 sau cu o separare brutal\u0103. Patul devine propriul s\u0103u teritoriu, un cuib primitor \u00een care intr\u0103 de bun\u0103voie pentru a se odihni sau pentru a r\u0103sfoi o carte.<\/li>\n<li><strong>Dimine\u021bi calme, f\u0103r\u0103 strig\u0103te de ajutor:<\/strong> La trezire, micu\u021bul nu mai este blocat \u00een spatele unor gratii. El poate cobor\u00ee singur, se poate \u00eendrepta spre juc\u0103rii sau poate veni \u00een camera ta \u00een lini\u0219te, dezvolt\u00e2ndu-\u0219i \u00eencrederea \u00een propriile for\u021be \u00eenc\u0103 de la primele ore ale zilei.<\/li>\n<li><strong>O leg\u0103tur\u0103 fireasc\u0103 cu spa\u021biul din jur:<\/strong> Atunci c\u00e2nd camera \u00eei permite libertate total\u0103 de mi\u0219care, copilul \u00eenva\u021b\u0103 s\u0103 \u00ee\u0219i coordoneze corpul mult mai bine \u0219i s\u0103 exploreze f\u0103r\u0103 teama de a se lovi de obstacole pe care nu le poate controla.<\/li>\n<\/ul>\n<p><strong>Calitatea materialelor \u0219i microclimatul din dormitor<\/strong><\/p>\n<p>Autonomia trebuie \u00eens\u0103 sus\u021binut\u0103 de o siguran\u021b\u0103 structural\u0103 absolut\u0103. Dormitorul unui copil aflat \u00een plin\u0103 dezvoltare are nevoie de materiale organice, capabile s\u0103 respire \u0219i s\u0103 nu emane compu\u0219i chimici nocivi. \u00centr-o pia\u021b\u0103 dominat\u0103 de mobilier din PAL fabricat cu substan\u021be chimice, lemnul masiv reprezint\u0103 garan\u021bia unui dormitor curat \u0219i a unei atmosfere calde, autentice.<\/p>\n<p>Atunci c\u00e2nd cau\u021bi o astfel de solu\u021bie durabil\u0103, reperele esen\u021biale pentru p\u0103rin\u021bii care nu fac compromisuri sunt piesele create de <strong><a href=\"http:\/\/lilu-lilu.ro\/\" target=\"_blank\">Lilu-lilu.ro<\/a><\/strong>, care respect\u0103 cu stricte\u021be principiile pedagogiei Montessori.<\/p>\n<p>Modelele premium ofer\u0103 structuri robuste din lemn de calitate superioar\u0103, col\u021buri rotunjite organic pentru prevenirea oric\u0103ror lovituri \u0219i finisaje realizate exclusiv cu vopsele non-toxice, pe baz\u0103 de ap\u0103. Fiecare piese este conceput\u0103 nu doar ca un pat, ci ca un element de design interior capabil s\u0103 aduc\u0103 armonie vizual\u0103 \u0219i s\u0103 reziste testului timpului.<\/p>\n<p><strong>Un nou standard pentru lini\u0219tea casei tale<\/strong><\/p>\n<p>Modul \u00een care cel mic \u00ee\u0219i \u00eencepe \u0219i \u00ee\u0219i \u00eencheie ziua \u00eei modeleaz\u0103 profund stima de sine \u0219i sentimentul de siguran\u021b\u0103 \u00een lume. Dincolo de estetica curat\u0103 \u0219i cald\u0103 a acestui design, trecerea la un astfel de concept reprezint\u0103 o strategie excelent\u0103 de parenting bl\u00e2nd, capabil\u0103 s\u0103 elimine definitiv stresul asociat cu ora culc\u0103rii.<\/p>\n<p>Prin intermediul acestor solu\u021bii inteligente de amenajare, nu rezolvi doar o simpl\u0103 problem\u0103 de reconfigurare a spa\u021biului, ci pui cap\u0103t st\u0103rii de alert\u0103 din timpul nop\u021bii pentru \u00eentreaga familie. \u00cei permi\u021bi copilului t\u0103u s\u0103 \u00ee\u0219i gestioneze singur ritmul de somn \u0219i veghe, oferindu-i un mediu stabil care \u00eei valideaz\u0103 capacit\u0103\u021bile \u0219i \u00eei transform\u0103 dormitorul \u00een primul s\u0103u teritoriu cucerit cu succes \u0219i independen\u021b\u0103.<\/p>\n<hr>\n<div class=\"bloc-widget widget-rosu\">\n<p>\u00cen lipsa unui acord scris din partea Ziarului de Vrancea, pute\u0163i prelua maxim 500 de caractere din acest articol dac\u0103 preciza\u0163i sursa \u015fi insera\u0163i vizibil link-ul articolului:\u00a0<span>#insertcurrentlinkhere<\/span><\/p>\n<\/div>\n<div class=\"extra-articol listing-anunturi\">\n<h6>Anun\u021buri <span class=\"text-primary\">ZdV<\/span> Premium<\/h6>\n<div class=\"row\">\n<div class=\"col-lg-4 col-md-6 bloc-egal\"><a class=\"card-anunt\" href=\"https:\/\/ziaruldevrancea.ro\/anunturi\/altele\/servicii\/caut-o-persoana-sau-o-familie-pentru-ingrijirea-unei-batrane\"><strong class=\"titlu\">Servicii<\/strong><span class=\"text-anunt\">Caut o persoan\u0103\u00a0sau o familie serioas\u0103&#8230;<\/span><span class=\"data-anunt\">04.08.2026  <\/span><\/a><\/div>\n<div class=\"col-lg-4 col-md-6 bloc-egal\"><a class=\"card-anunt\" href=\"https:\/\/ziaruldevrancea.ro\/anunturi\/imobiliare\/vanzari-ap-2-camere\/vand-apartament-2-camere-in-focsani-anunt-72825\"><strong class=\"titlu\">V\u00e2nz\u0103ri ap 2 camere<\/strong><span class=\"text-anunt\">V\u00e2nd apartament 2 camere, hol p\u0103trat,&#8230;<\/span><span class=\"data-anunt\">04.08.2026  <\/span><\/a><\/div>\n<div class=\"col-lg-4 col-md-6 bloc-egal\"><a class=\"card-anunt\" href=\"https:\/\/ziaruldevrancea.ro\/anunturi\/angajari\/oferte-angajari\/angajam-asistente-medicale\"><strong class=\"titlu\">Oferte<\/strong><span class=\"text-anunt\">Crucea Ro\u0219ie Vrancea angajeaz\u0103 asistente\u00a0&#8230;<\/span><span class=\"data-anunt\">04.08.2026  <\/span><\/a><\/div>\n<\/div>\n<\/div>\n<div class=\"extra-articol alte-articole\">\n<div class=\"row\">\n<div class=\"col-lg-6 bloc-egal\">\n<div class=\"card articol-listing\">\n<h6>\u00cen categoria <a href=\"https:\/\/ziaruldevrancea.ro\/promo\/brand-voice\">Brand voice<\/a><\/h6>\n<div class=\"grup-articol-listing\">\n<div class=\"cont-pils\"><a href=\"https:\/\/ziaruldevrancea.ro\/promo\/brand-voice\/video-agenda-saptamanii-3-9-august-2026-in-vrancea\"><img decoding=\"async\" src=\"https:\/\/zdvi.cname.ro\/180_135\/promo\/brand-voice\/video-agenda-saptamanii-3-9-august-2026-in-vrancea\/mediaPool\/ukNuNqV.jpg\" class=\"img-responsive img-180\" alt><\/a><\/div>\n<h2><a class=\"link-titlu\" href=\"https:\/\/ziaruldevrancea.ro\/promo\/brand-voice\/video-agenda-saptamanii-3-9-august-2026-in-vrancea\">VIDEO | Agenda s\u0103pt\u0103m\u00e2nii 3\u20139 august 2026 \u00een Vrancea<\/a><\/h2>\n<div class=\"date-post\"><a href=\"https:\/\/ziaruldevrancea.ro\/autor\/radu-tomescu\">Radu Tomescu<\/a>,  4 aug 2026  <\/div>\n<\/div>\n<div class=\"grup-articol-listing\">\n<div class=\"cont-pils\"><a href=\"https:\/\/ziaruldevrancea.ro\/promo\/brand-voice\/20-de-tineri-din-vrancea-descopera-europa-cu-trenul-prin-erasmus\"><img decoding=\"async\" src=\"https:\/\/zdvi.cname.ro\/180_135\/promo\/brand-voice\/20-de-tineri-din-vrancea-descopera-europa-cu-trenul-prin-erasmus\/mediaPool\/uVsSv09.jpg\" class=\"img-responsive img-180\" alt><\/a><\/div>\n<h2><a class=\"link-titlu\" href=\"https:\/\/ziaruldevrancea.ro\/promo\/brand-voice\/20-de-tineri-din-vrancea-descopera-europa-cu-trenul-prin-erasmus\">20 de tineri din Vrancea descoper\u0103 Europa cu trenul prin Erasmus+<\/a><\/h2>\n<div class=\"date-post\"><a href=\"https:\/\/ziaruldevrancea.ro\/autor\/maria-bratu\">Maria BRATU<\/a>,  4 aug 2026  <\/div>\n<\/div>\n<div class=\"grup-articol-listing\">\n<div class=\"cont-pils\"><a href=\"https:\/\/ziaruldevrancea.ro\/promo\/brand-voice\/investigatii-complete-pentru-sanatatea-femeii-disponibile-in-vrancea-la-acelasi-medic-specialist\"><img decoding=\"async\" src=\"https:\/\/zdvi.cname.ro\/180_135\/promo\/brand-voice\/investigatii-complete-pentru-sanatatea-femeii-disponibile-in-vrancea-la-acelasi-medic-specialist\/mediaPool\/ui2xC62.PNG\" class=\"img-responsive img-180\" alt><\/a><\/div>\n<h2><a class=\"link-titlu\" href=\"https:\/\/ziaruldevrancea.ro\/promo\/brand-voice\/investigatii-complete-pentru-sanatatea-femeii-disponibile-in-vrancea-la-acelasi-medic-specialist\">Investiga\u021bii complete pentru s\u0103n\u0103tatea femeii, disponibile \u00een Vrancea la acela\u0219i medic specialist<\/a><\/h2>\n<div class=\"date-post\"><a href=\"https:\/\/ziaruldevrancea.ro\/autor\/camelia-marin\">Camelia Marin<\/a>,  4 aug 2026  <\/div>\n<\/div>\n<\/div>\n<\/div>\n<div class=\"col-lg-6 bloc-egal\">\n<div class=\"card articol-listing\">\n<h6>De acela\u0219i <a href=\"https:\/\/ziaruldevrancea.ro\/autor\/eduard-popescu\/\">autor<\/a><\/h6>\n<div class=\"grup-articol-listing\">\n<div class=\"cont-pils\"><a href=\"https:\/\/ziaruldevrancea.ro\/promo\/brand-voice\/video-laboratorul-de-recuperare-al-spitalului-municipal-adjud-complet-renovat\"><img decoding=\"async\" src=\"https:\/\/zdvi.cname.ro\/180_135\/promo\/brand-voice\/video-laboratorul-de-recuperare-al-spitalului-municipal-adjud-complet-renovat\/mediaPool\/uAxvm3R.jpg\" class=\"img-responsive img-180\" alt><\/a><\/div>\n<h2><a class=\"link-titlu\" href=\"https:\/\/ziaruldevrancea.ro\/promo\/brand-voice\/video-laboratorul-de-recuperare-al-spitalului-municipal-adjud-complet-renovat\">VIDEO | Laboratorul de Recuperare al Spitalului Municipal Adjud, complet renovat<\/a><\/h2>\n<div class=\"date-post\"><a href=\"https:\/\/ziaruldevrancea.ro\/autor\/eduard-popescu\">Eduard Popescu<\/a>,  2 aug 2026  <\/div>\n<\/div>\n<div class=\"grup-articol-listing\">\n<div class=\"cont-pils\"><a href=\"https:\/\/ziaruldevrancea.ro\/promo\/brand-voice\/restaurantul-intim-din-focsani-unul-dintre-simbolurile-gastronomiei-vrancei-a-fost-scos-la-vanzare-pentru-25-milioane-de-euro\"><img decoding=\"async\" src=\"https:\/\/zdvi.cname.ro\/180_135\/promo\/brand-voice\/restaurantul-intim-din-focsani-unul-dintre-simbolurile-gastronomiei-vrancei-a-fost-scos-la-vanzare-pentru-25-milioane-de-euro\/mediaPool\/u4UBDfP.jpg\" class=\"img-responsive img-180\" alt><\/a><\/div>\n<h2><a class=\"link-titlu\" href=\"https:\/\/ziaruldevrancea.ro\/promo\/brand-voice\/restaurantul-intim-din-focsani-unul-dintre-simbolurile-gastronomiei-vrancei-a-fost-scos-la-vanzare-pentru-25-milioane-de-euro\">Restaurantul \u201eIntim\u201d din Foc\u0219ani, unul dintre simbolurile gastronomiei Vrancei, a fost scos la v\u00e2nzare pentru 2,5 milioane de euro<\/a><\/h2>\n<div class=\"date-post\"><a href=\"https:\/\/ziaruldevrancea.ro\/autor\/eduard-popescu\">Eduard Popescu<\/a>, 29 iul 2026  <\/div>\n<\/div>\n<div class=\"grup-articol-listing\">\n<div class=\"cont-pils\"><a href=\"https:\/\/ziaruldevrancea.ro\/promo\/brand-voice\/constatare-in-urma-prezentei-in-santier-a-presedintelui-cj-nicusor-halici-dj-204e-din-vrancea-modernizat-in-proportie-de-aproape-70\"><img decoding=\"async\" src=\"https:\/\/zdvi.cname.ro\/180_135\/promo\/brand-voice\/constatare-in-urma-prezentei-in-santier-a-presedintelui-cj-nicusor-halici-dj-204e-din-vrancea-modernizat-in-proportie-de-aproape-70\/mediaPool\/uEQXypl.jpg\" class=\"img-responsive img-180\" alt><\/a><\/div>\n<h2><a class=\"link-titlu\" href=\"https:\/\/ziaruldevrancea.ro\/promo\/brand-voice\/constatare-in-urma-prezentei-in-santier-a-presedintelui-cj-nicusor-halici-dj-204e-din-vrancea-modernizat-in-proportie-de-aproape-70\">Constatare \u00een urma prezen\u021bei \u00een \u0219antier a pre\u0219edintelui CJ Nicu\u0219or Halici: DJ 204E din Vrancea, modernizat \u00een propor\u021bie de aproape 70%<\/a><\/h2>\n<div class=\"date-post\"><a href=\"https:\/\/ziaruldevrancea.ro\/autor\/eduard-popescu\">Eduard Popescu<\/a>, 28 iul 2026  <\/div>\n<\/div>\n<\/div>\n<\/div>\n<\/div>\n<\/div>\n<div class=\"extra-articol listing-anunturi\">\n<h6>Anun\u021buri <span class=\"text-primary\">ZdV<\/span> Premium<\/h6>\n<div class=\"row\">\n<div class=\"col-lg-4 col-md-6 bloc-egal\"><a class=\"card-anunt\" href=\"https:\/\/ziaruldevrancea.ro\/anunturi\/inchirieri\/locuinte-oferte\/Inchiriez-camera-anunt-72823\"><strong class=\"titlu\">Locuin\u021be oferte<\/strong><span class=\"text-anunt\">\u00cenchiriez camer\u0103 la apartament. Rog&#8230;<\/span><span class=\"data-anunt\">03.08.2026  <\/span><\/a><\/div>\n<div class=\"col-lg-4 col-md-6 bloc-egal\"><a class=\"card-anunt\" href=\"https:\/\/ziaruldevrancea.ro\/anunturi\/imobiliare\/vanzari-terenuri\/vand-teren-in-panciu\"><strong class=\"titlu\">V\u00e2nz\u0103ri terenuri<\/strong><span class=\"text-anunt\">Teren Panciu 1170 mp, cu num\u0103r cas\u0103, ap\u0103&#8230;<\/span><span class=\"data-anunt\">29.07.2026  <\/span><\/a><\/div>\n<div class=\"col-lg-4 col-md-6 bloc-egal\"><a class=\"card-anunt\" href=\"https:\/\/ziaruldevrancea.ro\/anunturi\/altele\/anulare-acte\/vand-scrumbii-afumate-capturi-dunare\"><strong class=\"titlu\">Vanzari diverse<\/strong><span class=\"text-anunt\">Pret : 117 lei \/ kg . \u00a0 Este&#8230;<\/span><span class=\"data-anunt\">29.07.2026 , Gala\u021bi , Gala\u021bi<\/span><\/a><\/div>\n<\/div>\n<\/div>\n<div class=\"bloc-widget widget-albastru\">\n    Ziarul de Vrancea \u00a0nu este responsabil juridic pentru con\u0163inutul textelor din comentariile de mai jos. Responsabilitatea pentru mesajele dumneavoastra v\u0103 revine \u00een exclusivitate.\n<\/div>\n<div class=\"comentarii-articol\" id=\"comentarii\">\n<h3>Comentarii: <span class=\"text-primary\">0<\/span><\/h3>\n<p><a href=\"https:\/\/ziaruldevrancea.ro\/promo\/brand-voice\/psihologia-din-spatele-somnului-cum-transformi-teama-de-culcare-in-primul-pas-spre-independenta-copilului-tau\" class=\"btn btn-success btn-adauga-com\" data-toggle=\"modal\" data-parent=\"0\" data-target=\"#commentModal\">Adaug\u0103 comentariu<\/a><\/p>\n<div class=\"loadMask comments-mask\"><img decoding=\"async\" src=\"https:\/\/zdvs.cname.ro\/images\/loader_40.gif\"><\/div>\n<div class=\"comenteaza-jos\">Trebuie s\u0103 fii <a href=\"https:\/\/ziaruldevrancea.ro\/account\">autentificat<\/a> pentru a putea <a href=\"https:\/\/ziaruldevrancea.ro\/promo\/brand-voice\/psihologia-din-spatele-somnului-cum-transformi-teama-de-culcare-in-primul-pas-spre-independenta-copilului-tau\" class data-toggle=\"modal\" data-parent=\"0\" data-target=\"#commentModal\">posta un comentariu<\/a>.<\/div>\n<\/div>\n<div class=\"modal fade\" id=\"commentModal\" role=\"dialog\" aria-labelledby=\"commentModalLabel\">\n<div class=\"modal-dialog modal-lg\" role=\"document\">\n<div class=\"modal-content\">\n<div class=\"modal-header\">\n<h3 class=\"modal-title\" id=\"commentModalLabel\">Comenteaz\u0103<\/h3>\n<\/div>\n<div class=\"modal-body\">\n<div class=\"tabel tabel-full\">\n<div class=\"celula\">\n              Trebuie s\u0103 fii <a href=\"https:\/\/ziaruldevrancea.ro\/account\">autentificat<\/a> pentru a putea posta un comentariu.\n            <\/div>\n<\/div>\n<\/div>\n<div class=\"modal-footer\">\n<div id=\"commentPending\" class=\"formPending pull-left\"><img decoding=\"async\" src=\"https:\/\/zdvs.cname.ro\/images\/loader_40.gif\"> In curs de procesare&#8230;<\/div>\n<p><a href=\"https:\/\/ziaruldevrancea.ro\/promo\/brand-voice\/psihologia-din-spatele-somnului-cum-transformi-teama-de-culcare-in-primul-pas-spre-independenta-copilului-tau\" class=\"btn btn-default\" data-dismiss=\"modal\">Anuleaz\u0103<\/a><\/div>\n<\/div>\n<\/div>\n<\/div>\n<div class=\"modal fade\" id=\"commentReportModal\" role=\"dialog\" aria-labelledby=\"commentReportModalLabel\">\n<div class=\"modal-dialog modal-lg\" role=\"document\">\n<div class=\"modal-content\">\n<div class=\"modal-header\">\n<h3 class=\"modal-title\" id=\"commentReportModalLabel\">Raporteaza comentariu<\/h3>\n<\/div>\n<div class=\"modal-body\">\n<div class=\"tabel tabel-full\">\n<div class=\"celula\">\n              Trebuie s\u0103 fii <a href=\"https:\/\/ziaruldevrancea.ro\/account\">autentificat<\/a> pentru a putea raporta un comentariu.\n            <\/div>\n<\/div>\n<\/div>\n<div class=\"modal-footer\">\n<div id=\"commentReportPending\" class=\"formPending pull-left\"><img decoding=\"async\" src=\"https:\/\/zdvs.cname.ro\/images\/loader_40.gif\"> In curs de procesare&#8230;<\/div>\n<p><a href=\"https:\/\/ziaruldevrancea.ro\/promo\/brand-voice\/psihologia-din-spatele-somnului-cum-transformi-teama-de-culcare-in-primul-pas-spre-independenta-copilului-tau\" class=\"btn btn-default\" data-dismiss=\"modal\">Anuleaz\u0103<\/a><\/div>\n<\/div>\n<\/div>\n<\/div>\n<div class=\"modal fade\" id=\"commentLikeModal\" role=\"dialog\" aria-labelledby=\"commentLikeModalLabel\">\n<div class=\"modal-dialog modal-lg\" role=\"document\">\n<div class=\"modal-content\">\n<div class=\"modal-header\">\n<h3 class=\"modal-title\" id=\"commentReportModalLabel\">Apreciaza comentariu<\/h3>\n<\/div>\n<div class=\"modal-body\">\n<div class=\"tabel tabel-full\">\n<div class=\"celula\">\n            Trebuie s\u0103 fii <a href=\"https:\/\/ziaruldevrancea.ro\/account\">autentificat<\/a> pentru a putea aprecia un comentariu.\n          <\/div>\n<\/div>\n<\/div>\n<div class=\"modal-footer\"><a href=\"https:\/\/ziaruldevrancea.ro\/promo\/brand-voice\/psihologia-din-spatele-somnului-cum-transformi-teama-de-culcare-in-primul-pas-spre-independenta-copilului-tau\" class=\"btn btn-default\" data-dismiss=\"modal\">Anuleaz\u0103<\/a><\/div>\n<\/div>\n<\/div>\n<\/div>\n<div class=\"bloc-widget widget-rosu\"><span><small>Ziarul de Vrancea doreste ca acest site sa fie un spatiu al discutiilor civilizate, al comentariilor de bun simt. Din acest motiv, cei care posteaza comentarii la articole trebuie sa respecte urmatoarele reguli:<br \/>\n1. Sa se refere doar la articolul la care posteaza comentarii.<br \/>\n2. Sa foloseasca un limbaj civilizat, fara injurii, calomnii, comentarii antisemite, xenofobe sau rasiste.<br \/>\n3. Sunt interzise atacurile la adresa autorilor, daca acestea nu au legatura cu textul.<br \/>\n4. Username-ul sa nu fie nume de personalitati ale vietii publice sau parodieri ale acestora.<br \/>\nAutorul unui articol poate fi criticat pentru eventuale greseli, incoerenta, lipsa de documentare etc.<br \/>\nNerespectarea regulilor mentionate mai sus va duce la stergerea comentariilor, fara avertisment si fara explicatii.<br \/>\nAbaterile repetate vor avea drept consecinta interdictia accesului la aceasta facilitate a site-ului.<\/small><\/span><\/div>\n<\/div>\n<p>[analyse_source url=&#8221;https:\/\/ziaruldevrancea.ro\/promo\/brand-voice\/psihologia-din-spatele-somnului-cum-transformi-teama-de-culcare-in-primul-pas-spre-independenta-copilului-tau&#8221;]<\/p>\n","protected":false},"excerpt":{"rendered":"<p>[analyse_image type=&#8221;featured&#8221; src=&#8221;https:\/\/zdvi.cname.ro\/_\/psihologia-din-spatele-somnului-cum-transformi-teama-de-culcare-in-primul-pas-spre-independenta-copilului-tau\/mediaPool\/ujFkUvt.jpg&#8221;] Brand voice Psihologia din spatele somnului: Cum transformi teama de culcare \u00een primul pas spre independen\u021ba copilului t\u0103u Distribuie: \u00a0 | Eduard Popescu 3 aug 2026200 vizualiz\u0103ri Ora culc\u0103rii se transform\u0103, \u00een foarte multe familii, \u00eentr-un moment de tensiune ascuns\u0103. Cuno\u0219ti, probabil, scenariul negocierilor nesf\u00e2r\u0219ite, al am\u00e2n\u0103rilor \u0219i al trezirilor nocturne dictate [&hellip;]<\/p>\n","protected":false},"author":1,"featured_media":0,"comment_status":"open","ping_status":"","sticky":false,"template":"","format":"standard","meta":{"footnotes":""},"categories":[89],"tags":[226,208],"class_list":["post-2076739","post","type-post","status-publish","format-standard","hentry","category-romania","tag-crawlmanager","tag-ziaruldevrancea-ro"],"_links":{"self":[{"href":"https:\/\/analyse.optim.biz\/index.php?rest_route=\/wp\/v2\/posts\/2076739","targetHints":{"allow":["GET"]}}],"collection":[{"href":"https:\/\/analyse.optim.biz\/index.php?rest_route=\/wp\/v2\/posts"}],"about":[{"href":"https:\/\/analyse.optim.biz\/index.php?rest_route=\/wp\/v2\/types\/post"}],"author":[{"embeddable":true,"href":"https:\/\/analyse.optim.biz\/index.php?rest_route=\/wp\/v2\/users\/1"}],"replies":[{"embeddable":true,"href":"https:\/\/analyse.optim.biz\/index.php?rest_route=%2Fwp%2Fv2%2Fcomments&post=2076739"}],"version-history":[{"count":0,"href":"https:\/\/analyse.optim.biz\/index.php?rest_route=\/wp\/v2\/posts\/2076739\/revisions"}],"wp:attachment":[{"href":"https:\/\/analyse.optim.biz\/index.php?rest_route=%2Fwp%2Fv2%2Fmedia&parent=2076739"}],"wp:term":[{"taxonomy":"category","embeddable":true,"href":"https:\/\/analyse.optim.biz\/index.php?rest_route=%2Fwp%2Fv2%2Fcategories&post=2076739"},{"taxonomy":"post_tag","embeddable":true,"href":"https:\/\/analyse.optim.biz\/index.php?rest_route=%2Fwp%2Fv2%2Ftags&post=2076739"}],"curies":[{"name":"wp","href":"https:\/\/api.w.org\/{rel}","templated":true}]}}