{"id":2076738,"date":"2026-08-02T00:00:00","date_gmt":"2026-08-01T21:00:00","guid":{"rendered":"https:\/\/analyse.optim.biz\/?p=2076738"},"modified":"2026-08-02T00:00:00","modified_gmt":"2026-08-01T21:00:00","slug":"video-laboratorul-de-recuperare-al-spitalului-municipal-adjud-complet-renovat","status":"publish","type":"post","link":"https:\/\/analyse.optim.biz\/?p=2076738","title":{"rendered":"VIDEO | Laboratorul de Recuperare al Spitalului Municipal Adjud, complet renovat"},"content":{"rendered":"<p>[analyse_image type=&#8221;featured&#8221; src=&#8221;https:\/\/zdvi.cname.ro\/_\/video-laboratorul-de-recuperare-al-spitalului-municipal-adjud-complet-renovat\/mediaPool\/uAxvm3R.jpg&#8221;]<\/p>\n<div class=\"main-content detaliu-articol\"><a class=\"titlu-cat-list\" href=\"https:\/\/ziaruldevrancea.ro\/promo\/brand-voice\">Brand voice<\/a><\/p>\n<h1>VIDEO | Laboratorul de Recuperare al Spitalului Municipal Adjud, complet renovat<\/h1>\n<div class=\"date-articol clearfix\">\n<div class=\"distribuie-articol dropdown\">\n    Distribuie: \u00a0<br \/>\n    <em>|<\/em><\/div>\n<div class=\"autor-articol\"><a href=\"https:\/\/ziaruldevrancea.ro\/autor\/eduard-popescu\/\"><img decoding=\"async\" class=\"img-circle\" src=\"https:\/\/zdvi.cname.ro\/50_50\/articleAuthor\/eduard-popescu\/articleAuthor\/uSipCNh.jpg\" alt><\/a><\/p>\n<h5><a href=\"https:\/\/ziaruldevrancea.ro\/autor\/eduard-popescu\/\">Eduard Popescu<\/a><\/h5>\n<div class=\"grup-spatiere\"><span class=\"cu-spatiere\"> 2 aug 2026<\/span><span class=\"cu-spatiere\">371 vizualiz\u0103ri<\/span><\/div>\n<\/div>\n<\/div>\n<div class=\"poza-mare\"><a href class=\"openGallery\"><img decoding=\"async\" class=\"img-responsive\" src=\"https:\/\/zdvi.cname.ro\/850_530\/video-laboratorul-de-recuperare-al-spitalului-municipal-adjud-complet-renovat\/article\/mediaPool\/uAxvm3R.jpg\" alt><\/a><\/div>\n<p><strong>Pacien\u021bii din Vrancea vor beneficia de spa\u021bii modernizate \u0219i echipamente noi.<\/strong><\/p>\n<p><strong>Unitatea medical\u0103 din Adjud anun\u021b\u0103 finalizarea lucr\u0103rilor de renovare a Laboratorului de Recuperare, Medicin\u0103 Fizic\u0103 \u0219i Balneologie, investi\u021bie care vizeaz\u0103 \u00eembun\u0103t\u0103\u021birea condi\u021biilor de tratament \u0219i recuperare pentru pacien\u021bi \u0219i optimizarea activit\u0103\u021bii personalului medical.<\/strong><\/p>\n<div class=\"video-embed\"><iframe loading=\"lazy\" frameborder height=\"750\" scrolling=\"no\" src=\"https:\/\/www.youtube.com\/embed\/gVQNmGX3W9w\" width=\"100%\"><\/iframe><\/div>\n<hr>\n<p>Spitalul Municipal Adjud a anun\u021bat finalizarea lucr\u0103rilor de renovare a <strong>Laboratorului de Recuperare, Medicin\u0103 Fizic\u0103 \u0219i Balneologie<\/strong>, una dintre structurile importante ale unit\u0103\u021bii sanitare, unde sunt trata\u021bi pacien\u021bi care necesit\u0103 recuperare medical\u0103 dup\u0103 afec\u021biuni neurologice, ortopedice, traumatologice sau reumatologice.<\/p>\n<p>Potrivit informa\u021biilor f\u0103cute publice de reprezentan\u021bii spitalului, spa\u021biile destinate activit\u0103\u021bii medicale au fost complet modernizate, iar laboratorul a fost dotat cu echipamente noi, menite s\u0103 contribuie la desf\u0103\u0219urarea actului medical \u00een condi\u021bii mai bune \u0219i mai eficiente.<\/p>\n<p>Conducerea Spitalului Municipal Adjud precizeaz\u0103 c\u0103 investi\u021bia urm\u0103re\u0219te at\u00e2t cre\u0219terea confortului \u0219i siguran\u021bei pacien\u021bilor, c\u00e2t \u0219i \u00eembun\u0103t\u0103\u021birea condi\u021biilor de lucru pentru personalul medical.<\/p>\n<blockquote>\n<p><strong>\u201ePacien\u021bii beneficiaz\u0103 astfel de un mediu mai sigur, mai confortabil \u0219i mai bine adaptat nevoilor actuale de tratament \u0219i recuperare, iar echipa medical\u0103 \u00ee\u0219i desf\u0103\u0219oar\u0103 activitatea \u00eentr-un spa\u021biu optimizat pentru furnizarea unor servicii medicale de calitate<\/strong>\u201d, se arat\u0103 \u00een <strong>mesajul transmis de Spitalul Municipal Adjud.<\/strong><\/p>\n<\/blockquote>\n<h3>Investi\u021bie pentru modernizarea serviciilor medicale din Adjud<\/h3>\n<p>Reprezentan\u021bii unit\u0103\u021bii sanitare subliniaz\u0103 c\u0103 renovarea Laboratorului de Recuperare, Medicin\u0103 Fizic\u0103 \u0219i Balneologie face parte din procesul de modernizare a infrastructurii medicale \u0219i din eforturile de \u00eembun\u0103t\u0103\u021bire a serviciilor oferite comunit\u0103\u021bii.<\/p>\n<p>\u00cen contextul cre\u0219terii num\u0103rului de pacien\u021bi care au nevoie de recuperare medical\u0103 dup\u0103 interven\u021bii chirurgicale, accidente sau diverse afec\u021biuni cronice, existen\u021ba unor spa\u021bii moderne \u0219i a unor echipamente performante poate contribui la desf\u0103\u0219urarea tratamentelor \u00een condi\u021bii optime.<\/p>\n<p>Laboratorul deserve\u0219te at\u00e2t locuitorii municipiului Adjud, c\u00e2t \u0219i pacien\u021bi din localit\u0103\u021bile \u00eenvecinate din nordul jude\u021bului Vrancea.<\/p>\n<p>Spitalul Municipal Adjud \u00ee\u0219i desf\u0103\u0219oar\u0103 activitatea \u00een municipiul Adjud, pe strada Republicii nr. 1H, iar informa\u021bii suplimentare despre serviciile medicale oferite sunt disponibile pe site-ul oficial al unit\u0103\u021bii.<\/p>\n<p><strong>Eduard Popescu<\/strong><\/p>\n<hr>\n<div class=\"bloc-widget widget-rosu\">\n<p>\u00cen lipsa unui acord scris din partea Ziarului de Vrancea, pute\u0163i prelua maxim 500 de caractere din acest articol dac\u0103 preciza\u0163i sursa \u015fi insera\u0163i vizibil link-ul articolului:\u00a0<span>#insertcurrentlinkhere<\/span><\/p>\n<\/div>\n<div class=\"extra-articol listing-anunturi\">\n<h6>Anun\u021buri <span class=\"text-primary\">ZdV<\/span> Premium<\/h6>\n<div class=\"row\">\n<div class=\"col-lg-4 col-md-6 bloc-egal\"><a class=\"card-anunt\" href=\"https:\/\/ziaruldevrancea.ro\/anunturi\/altele\/servicii\/caut-o-persoana-sau-o-familie-pentru-ingrijirea-unei-batrane\"><strong class=\"titlu\">Servicii<\/strong><span class=\"text-anunt\">Caut o persoan\u0103\u00a0sau o familie serioas\u0103&#8230;<\/span><span class=\"data-anunt\">04.08.2026  <\/span><\/a><\/div>\n<div class=\"col-lg-4 col-md-6 bloc-egal\"><a class=\"card-anunt\" href=\"https:\/\/ziaruldevrancea.ro\/anunturi\/imobiliare\/vanzari-ap-2-camere\/vand-apartament-2-camere-in-focsani-anunt-72825\"><strong class=\"titlu\">V\u00e2nz\u0103ri ap 2 camere<\/strong><span class=\"text-anunt\">V\u00e2nd apartament 2 camere, hol p\u0103trat,&#8230;<\/span><span class=\"data-anunt\">04.08.2026  <\/span><\/a><\/div>\n<div class=\"col-lg-4 col-md-6 bloc-egal\"><a class=\"card-anunt\" href=\"https:\/\/ziaruldevrancea.ro\/anunturi\/angajari\/oferte-angajari\/angajam-asistente-medicale\"><strong class=\"titlu\">Oferte<\/strong><span class=\"text-anunt\">Crucea Ro\u0219ie Vrancea angajeaz\u0103 asistente\u00a0&#8230;<\/span><span class=\"data-anunt\">04.08.2026  <\/span><\/a><\/div>\n<\/div>\n<\/div>\n<div class=\"extra-articol alte-articole\">\n<div class=\"row\">\n<div class=\"col-lg-6 bloc-egal\">\n<div class=\"card articol-listing\">\n<h6>\u00cen categoria <a href=\"https:\/\/ziaruldevrancea.ro\/promo\/brand-voice\">Brand voice<\/a><\/h6>\n<div class=\"grup-articol-listing\">\n<div class=\"cont-pils\"><a href=\"https:\/\/ziaruldevrancea.ro\/promo\/brand-voice\/video-agenda-saptamanii-3-9-august-2026-in-vrancea\"><img decoding=\"async\" src=\"https:\/\/zdvi.cname.ro\/180_135\/promo\/brand-voice\/video-agenda-saptamanii-3-9-august-2026-in-vrancea\/mediaPool\/ukNuNqV.jpg\" class=\"img-responsive img-180\" alt><\/a><\/div>\n<h2><a class=\"link-titlu\" href=\"https:\/\/ziaruldevrancea.ro\/promo\/brand-voice\/video-agenda-saptamanii-3-9-august-2026-in-vrancea\">VIDEO | Agenda s\u0103pt\u0103m\u00e2nii 3\u20139 august 2026 \u00een Vrancea<\/a><\/h2>\n<div class=\"date-post\"><a href=\"https:\/\/ziaruldevrancea.ro\/autor\/radu-tomescu\">Radu Tomescu<\/a>,  4 aug 2026  <\/div>\n<\/div>\n<div class=\"grup-articol-listing\">\n<div class=\"cont-pils\"><a href=\"https:\/\/ziaruldevrancea.ro\/promo\/brand-voice\/20-de-tineri-din-vrancea-descopera-europa-cu-trenul-prin-erasmus\"><img decoding=\"async\" src=\"https:\/\/zdvi.cname.ro\/180_135\/promo\/brand-voice\/20-de-tineri-din-vrancea-descopera-europa-cu-trenul-prin-erasmus\/mediaPool\/uVsSv09.jpg\" class=\"img-responsive img-180\" alt><\/a><\/div>\n<h2><a class=\"link-titlu\" href=\"https:\/\/ziaruldevrancea.ro\/promo\/brand-voice\/20-de-tineri-din-vrancea-descopera-europa-cu-trenul-prin-erasmus\">20 de tineri din Vrancea descoper\u0103 Europa cu trenul prin Erasmus+<\/a><\/h2>\n<div class=\"date-post\"><a href=\"https:\/\/ziaruldevrancea.ro\/autor\/maria-bratu\">Maria BRATU<\/a>,  4 aug 2026  <\/div>\n<\/div>\n<div class=\"grup-articol-listing\">\n<div class=\"cont-pils\"><a href=\"https:\/\/ziaruldevrancea.ro\/promo\/brand-voice\/investigatii-complete-pentru-sanatatea-femeii-disponibile-in-vrancea-la-acelasi-medic-specialist\"><img decoding=\"async\" src=\"https:\/\/zdvi.cname.ro\/180_135\/promo\/brand-voice\/investigatii-complete-pentru-sanatatea-femeii-disponibile-in-vrancea-la-acelasi-medic-specialist\/mediaPool\/ui2xC62.PNG\" class=\"img-responsive img-180\" alt><\/a><\/div>\n<h2><a class=\"link-titlu\" href=\"https:\/\/ziaruldevrancea.ro\/promo\/brand-voice\/investigatii-complete-pentru-sanatatea-femeii-disponibile-in-vrancea-la-acelasi-medic-specialist\">Investiga\u021bii complete pentru s\u0103n\u0103tatea femeii, disponibile \u00een Vrancea la acela\u0219i medic specialist<\/a><\/h2>\n<div class=\"date-post\"><a href=\"https:\/\/ziaruldevrancea.ro\/autor\/camelia-marin\">Camelia Marin<\/a>,  4 aug 2026  <\/div>\n<\/div>\n<\/div>\n<\/div>\n<div class=\"col-lg-6 bloc-egal\">\n<div class=\"card articol-listing\">\n<h6>De acela\u0219i <a href=\"https:\/\/ziaruldevrancea.ro\/autor\/eduard-popescu\/\">autor<\/a><\/h6>\n<div class=\"grup-articol-listing\">\n<div class=\"cont-pils\"><a href=\"https:\/\/ziaruldevrancea.ro\/promo\/brand-voice\/psihologia-din-spatele-somnului-cum-transformi-teama-de-culcare-in-primul-pas-spre-independenta-copilului-tau\"><img decoding=\"async\" src=\"https:\/\/zdvi.cname.ro\/180_135\/promo\/brand-voice\/psihologia-din-spatele-somnului-cum-transformi-teama-de-culcare-in-primul-pas-spre-independenta-copilului-tau\/mediaPool\/ujFkUvt.jpg\" class=\"img-responsive img-180\" alt><\/a><\/div>\n<h2><a class=\"link-titlu\" href=\"https:\/\/ziaruldevrancea.ro\/promo\/brand-voice\/psihologia-din-spatele-somnului-cum-transformi-teama-de-culcare-in-primul-pas-spre-independenta-copilului-tau\">Psihologia din spatele somnului: Cum transformi teama de culcare \u00een primul pas spre independen\u021ba copilului t\u0103u<\/a><\/h2>\n<div class=\"date-post\"><a href=\"https:\/\/ziaruldevrancea.ro\/autor\/eduard-popescu\">Eduard Popescu<\/a>,  3 aug 2026  <\/div>\n<\/div>\n<div class=\"grup-articol-listing\">\n<div class=\"cont-pils\"><a href=\"https:\/\/ziaruldevrancea.ro\/promo\/brand-voice\/restaurantul-intim-din-focsani-unul-dintre-simbolurile-gastronomiei-vrancei-a-fost-scos-la-vanzare-pentru-25-milioane-de-euro\"><img decoding=\"async\" src=\"https:\/\/zdvi.cname.ro\/180_135\/promo\/brand-voice\/restaurantul-intim-din-focsani-unul-dintre-simbolurile-gastronomiei-vrancei-a-fost-scos-la-vanzare-pentru-25-milioane-de-euro\/mediaPool\/u4UBDfP.jpg\" class=\"img-responsive img-180\" alt><\/a><\/div>\n<h2><a class=\"link-titlu\" href=\"https:\/\/ziaruldevrancea.ro\/promo\/brand-voice\/restaurantul-intim-din-focsani-unul-dintre-simbolurile-gastronomiei-vrancei-a-fost-scos-la-vanzare-pentru-25-milioane-de-euro\">Restaurantul \u201eIntim\u201d din Foc\u0219ani, unul dintre simbolurile gastronomiei Vrancei, a fost scos la v\u00e2nzare pentru 2,5 milioane de euro<\/a><\/h2>\n<div class=\"date-post\"><a href=\"https:\/\/ziaruldevrancea.ro\/autor\/eduard-popescu\">Eduard Popescu<\/a>, 29 iul 2026  <\/div>\n<\/div>\n<div class=\"grup-articol-listing\">\n<div class=\"cont-pils\"><a href=\"https:\/\/ziaruldevrancea.ro\/promo\/brand-voice\/constatare-in-urma-prezentei-in-santier-a-presedintelui-cj-nicusor-halici-dj-204e-din-vrancea-modernizat-in-proportie-de-aproape-70\"><img decoding=\"async\" src=\"https:\/\/zdvi.cname.ro\/180_135\/promo\/brand-voice\/constatare-in-urma-prezentei-in-santier-a-presedintelui-cj-nicusor-halici-dj-204e-din-vrancea-modernizat-in-proportie-de-aproape-70\/mediaPool\/uEQXypl.jpg\" class=\"img-responsive img-180\" alt><\/a><\/div>\n<h2><a class=\"link-titlu\" href=\"https:\/\/ziaruldevrancea.ro\/promo\/brand-voice\/constatare-in-urma-prezentei-in-santier-a-presedintelui-cj-nicusor-halici-dj-204e-din-vrancea-modernizat-in-proportie-de-aproape-70\">Constatare \u00een urma prezen\u021bei \u00een \u0219antier a pre\u0219edintelui CJ Nicu\u0219or Halici: DJ 204E din Vrancea, modernizat \u00een propor\u021bie de aproape 70%<\/a><\/h2>\n<div class=\"date-post\"><a href=\"https:\/\/ziaruldevrancea.ro\/autor\/eduard-popescu\">Eduard Popescu<\/a>, 28 iul 2026  <\/div>\n<\/div>\n<\/div>\n<\/div>\n<\/div>\n<\/div>\n<div class=\"extra-articol listing-anunturi\">\n<h6>Anun\u021buri <span class=\"text-primary\">ZdV<\/span> Premium<\/h6>\n<div class=\"row\">\n<div class=\"col-lg-4 col-md-6 bloc-egal\"><a class=\"card-anunt\" href=\"https:\/\/ziaruldevrancea.ro\/anunturi\/inchirieri\/locuinte-oferte\/Inchiriez-camera-anunt-72823\"><strong class=\"titlu\">Locuin\u021be oferte<\/strong><span class=\"text-anunt\">\u00cenchiriez camer\u0103 la apartament. Rog&#8230;<\/span><span class=\"data-anunt\">03.08.2026  <\/span><\/a><\/div>\n<div class=\"col-lg-4 col-md-6 bloc-egal\"><a class=\"card-anunt\" href=\"https:\/\/ziaruldevrancea.ro\/anunturi\/imobiliare\/vanzari-terenuri\/vand-teren-in-panciu\"><strong class=\"titlu\">V\u00e2nz\u0103ri terenuri<\/strong><span class=\"text-anunt\">Teren Panciu 1170 mp, cu num\u0103r cas\u0103, ap\u0103&#8230;<\/span><span class=\"data-anunt\">29.07.2026  <\/span><\/a><\/div>\n<div class=\"col-lg-4 col-md-6 bloc-egal\"><a class=\"card-anunt\" href=\"https:\/\/ziaruldevrancea.ro\/anunturi\/altele\/anulare-acte\/vand-scrumbii-afumate-capturi-dunare\"><strong class=\"titlu\">Vanzari diverse<\/strong><span class=\"text-anunt\">Pret : 117 lei \/ kg . \u00a0 Este&#8230;<\/span><span class=\"data-anunt\">29.07.2026 , Gala\u021bi , Gala\u021bi<\/span><\/a><\/div>\n<\/div>\n<\/div>\n<div class=\"bloc-widget widget-albastru\">\n    Ziarul de Vrancea \u00a0nu este responsabil juridic pentru con\u0163inutul textelor din comentariile de mai jos. Responsabilitatea pentru mesajele dumneavoastra v\u0103 revine \u00een exclusivitate.\n<\/div>\n<div class=\"comentarii-articol\" id=\"comentarii\">\n<h3>Comentarii: <span class=\"text-primary\">0<\/span><\/h3>\n<p><a href=\"https:\/\/ziaruldevrancea.ro\/promo\/brand-voice\/video-laboratorul-de-recuperare-al-spitalului-municipal-adjud-complet-renovat\" class=\"btn btn-success btn-adauga-com\" data-toggle=\"modal\" data-parent=\"0\" data-target=\"#commentModal\">Adaug\u0103 comentariu<\/a><\/p>\n<div class=\"loadMask comments-mask\"><img decoding=\"async\" src=\"https:\/\/zdvs.cname.ro\/images\/loader_40.gif\"><\/div>\n<div class=\"comenteaza-jos\">Trebuie s\u0103 fii <a href=\"https:\/\/ziaruldevrancea.ro\/account\">autentificat<\/a> pentru a putea <a href=\"https:\/\/ziaruldevrancea.ro\/promo\/brand-voice\/video-laboratorul-de-recuperare-al-spitalului-municipal-adjud-complet-renovat\" class data-toggle=\"modal\" data-parent=\"0\" data-target=\"#commentModal\">posta un comentariu<\/a>.<\/div>\n<\/div>\n<div class=\"modal fade\" id=\"commentModal\" role=\"dialog\" aria-labelledby=\"commentModalLabel\">\n<div class=\"modal-dialog modal-lg\" role=\"document\">\n<div class=\"modal-content\">\n<div class=\"modal-header\">\n<h3 class=\"modal-title\" id=\"commentModalLabel\">Comenteaz\u0103<\/h3>\n<\/div>\n<div class=\"modal-body\">\n<div class=\"tabel tabel-full\">\n<div class=\"celula\">\n              Trebuie s\u0103 fii <a href=\"https:\/\/ziaruldevrancea.ro\/account\">autentificat<\/a> pentru a putea posta un comentariu.\n            <\/div>\n<\/div>\n<\/div>\n<div class=\"modal-footer\">\n<div id=\"commentPending\" class=\"formPending pull-left\"><img decoding=\"async\" src=\"https:\/\/zdvs.cname.ro\/images\/loader_40.gif\"> In curs de procesare&#8230;<\/div>\n<p><a href=\"https:\/\/ziaruldevrancea.ro\/promo\/brand-voice\/video-laboratorul-de-recuperare-al-spitalului-municipal-adjud-complet-renovat\" class=\"btn btn-default\" data-dismiss=\"modal\">Anuleaz\u0103<\/a><\/div>\n<\/div>\n<\/div>\n<\/div>\n<div class=\"modal fade\" id=\"commentReportModal\" role=\"dialog\" aria-labelledby=\"commentReportModalLabel\">\n<div class=\"modal-dialog modal-lg\" role=\"document\">\n<div class=\"modal-content\">\n<div class=\"modal-header\">\n<h3 class=\"modal-title\" id=\"commentReportModalLabel\">Raporteaza comentariu<\/h3>\n<\/div>\n<div class=\"modal-body\">\n<div class=\"tabel tabel-full\">\n<div class=\"celula\">\n              Trebuie s\u0103 fii <a href=\"https:\/\/ziaruldevrancea.ro\/account\">autentificat<\/a> pentru a putea raporta un comentariu.\n            <\/div>\n<\/div>\n<\/div>\n<div class=\"modal-footer\">\n<div id=\"commentReportPending\" class=\"formPending pull-left\"><img decoding=\"async\" src=\"https:\/\/zdvs.cname.ro\/images\/loader_40.gif\"> In curs de procesare&#8230;<\/div>\n<p><a href=\"https:\/\/ziaruldevrancea.ro\/promo\/brand-voice\/video-laboratorul-de-recuperare-al-spitalului-municipal-adjud-complet-renovat\" class=\"btn btn-default\" data-dismiss=\"modal\">Anuleaz\u0103<\/a><\/div>\n<\/div>\n<\/div>\n<\/div>\n<div class=\"modal fade\" id=\"commentLikeModal\" role=\"dialog\" aria-labelledby=\"commentLikeModalLabel\">\n<div class=\"modal-dialog modal-lg\" role=\"document\">\n<div class=\"modal-content\">\n<div class=\"modal-header\">\n<h3 class=\"modal-title\" id=\"commentReportModalLabel\">Apreciaza comentariu<\/h3>\n<\/div>\n<div class=\"modal-body\">\n<div class=\"tabel tabel-full\">\n<div class=\"celula\">\n            Trebuie s\u0103 fii <a href=\"https:\/\/ziaruldevrancea.ro\/account\">autentificat<\/a> pentru a putea aprecia un comentariu.\n          <\/div>\n<\/div>\n<\/div>\n<div class=\"modal-footer\"><a href=\"https:\/\/ziaruldevrancea.ro\/promo\/brand-voice\/video-laboratorul-de-recuperare-al-spitalului-municipal-adjud-complet-renovat\" class=\"btn btn-default\" data-dismiss=\"modal\">Anuleaz\u0103<\/a><\/div>\n<\/div>\n<\/div>\n<\/div>\n<div class=\"bloc-widget widget-rosu\"><span><small>Ziarul de Vrancea doreste ca acest site sa fie un spatiu al discutiilor civilizate, al comentariilor de bun simt. Din acest motiv, cei care posteaza comentarii la articole trebuie sa respecte urmatoarele reguli:<br \/>\n1. Sa se refere doar la articolul la care posteaza comentarii.<br \/>\n2. Sa foloseasca un limbaj civilizat, fara injurii, calomnii, comentarii antisemite, xenofobe sau rasiste.<br \/>\n3. Sunt interzise atacurile la adresa autorilor, daca acestea nu au legatura cu textul.<br \/>\n4. Username-ul sa nu fie nume de personalitati ale vietii publice sau parodieri ale acestora.<br \/>\nAutorul unui articol poate fi criticat pentru eventuale greseli, incoerenta, lipsa de documentare etc.<br \/>\nNerespectarea regulilor mentionate mai sus va duce la stergerea comentariilor, fara avertisment si fara explicatii.<br \/>\nAbaterile repetate vor avea drept consecinta interdictia accesului la aceasta facilitate a site-ului.<\/small><\/span><\/div>\n<\/div>\n<p>[analyse_source url=&#8221;https:\/\/ziaruldevrancea.ro\/promo\/brand-voice\/video-laboratorul-de-recuperare-al-spitalului-municipal-adjud-complet-renovat&#8221;]<\/p>\n","protected":false},"excerpt":{"rendered":"<p>[analyse_image type=&#8221;featured&#8221; src=&#8221;https:\/\/zdvi.cname.ro\/_\/video-laboratorul-de-recuperare-al-spitalului-municipal-adjud-complet-renovat\/mediaPool\/uAxvm3R.jpg&#8221;] Brand voice VIDEO | Laboratorul de Recuperare al Spitalului Municipal Adjud, complet renovat Distribuie: \u00a0 | Eduard Popescu 2 aug 2026371 vizualiz\u0103ri Pacien\u021bii din Vrancea vor beneficia de spa\u021bii modernizate \u0219i echipamente noi. Unitatea medical\u0103 din Adjud anun\u021b\u0103 finalizarea lucr\u0103rilor de renovare a Laboratorului de Recuperare, Medicin\u0103 Fizic\u0103 \u0219i Balneologie, investi\u021bie care [&hellip;]<\/p>\n","protected":false},"author":1,"featured_media":0,"comment_status":"open","ping_status":"","sticky":false,"template":"","format":"standard","meta":{"footnotes":""},"categories":[89],"tags":[226,208],"class_list":["post-2076738","post","type-post","status-publish","format-standard","hentry","category-romania","tag-crawlmanager","tag-ziaruldevrancea-ro"],"_links":{"self":[{"href":"https:\/\/analyse.optim.biz\/index.php?rest_route=\/wp\/v2\/posts\/2076738","targetHints":{"allow":["GET"]}}],"collection":[{"href":"https:\/\/analyse.optim.biz\/index.php?rest_route=\/wp\/v2\/posts"}],"about":[{"href":"https:\/\/analyse.optim.biz\/index.php?rest_route=\/wp\/v2\/types\/post"}],"author":[{"embeddable":true,"href":"https:\/\/analyse.optim.biz\/index.php?rest_route=\/wp\/v2\/users\/1"}],"replies":[{"embeddable":true,"href":"https:\/\/analyse.optim.biz\/index.php?rest_route=%2Fwp%2Fv2%2Fcomments&post=2076738"}],"version-history":[{"count":0,"href":"https:\/\/analyse.optim.biz\/index.php?rest_route=\/wp\/v2\/posts\/2076738\/revisions"}],"wp:attachment":[{"href":"https:\/\/analyse.optim.biz\/index.php?rest_route=%2Fwp%2Fv2%2Fmedia&parent=2076738"}],"wp:term":[{"taxonomy":"category","embeddable":true,"href":"https:\/\/analyse.optim.biz\/index.php?rest_route=%2Fwp%2Fv2%2Fcategories&post=2076738"},{"taxonomy":"post_tag","embeddable":true,"href":"https:\/\/analyse.optim.biz\/index.php?rest_route=%2Fwp%2Fv2%2Ftags&post=2076738"}],"curies":[{"name":"wp","href":"https:\/\/api.w.org\/{rel}","templated":true}]}}