{"id":2076733,"date":"2026-07-30T00:00:00","date_gmt":"2026-07-29T21:00:00","guid":{"rendered":"https:\/\/analyse.optim.biz\/?p=2076733"},"modified":"2026-07-30T00:00:00","modified_gmt":"2026-07-29T21:00:00","slug":"controale-itm-vrancea-pe-santiere-amenzi-de-46-000-de-lei-si-un-caz-de-munca-nedeclarata-descoperit-in-judet","status":"publish","type":"post","link":"https:\/\/analyse.optim.biz\/?p=2076733","title":{"rendered":"Controale ITM Vrancea pe \u0219antiere: amenzi de 46.000 de lei \u0219i un caz de munc\u0103 nedeclarat\u0103 descoperit \u00een jude\u021b"},"content":{"rendered":"<p>[analyse_image type=&#8221;featured&#8221; src=&#8221;https:\/\/zdvi.cname.ro\/_\/controale-itm-vrancea-pe-santiere-amenzi-de-46.000-de-lei-si-un-caz-de-munca-nedeclarata-descoperit-in-judet\/mediaPool\/uwPwt2m.jpg&#8221;]<\/p>\n<div class=\"main-content detaliu-articol\"><a class=\"titlu-cat-list\" href=\"https:\/\/ziaruldevrancea.ro\/promo\/brand-voice\">Brand voice<\/a><\/p>\n<h1>Controale ITM Vrancea pe \u0219antiere: amenzi de 46.000 de lei \u0219i un caz de munc\u0103 nedeclarat\u0103 descoperit \u00een jude\u021b<\/h1>\n<div class=\"date-articol clearfix\">\n<div class=\"distribuie-articol dropdown\">\n    Distribuie: \u00a0<br \/>\n    <em>|<\/em><\/div>\n<div class=\"autor-articol\"><a href=\"https:\/\/ziaruldevrancea.ro\/autor\/mircea-pavel\/\"><img decoding=\"async\" class=\"img-circle\" src=\"https:\/\/zdvi.cname.ro\/50_50\/articleAuthor\/mircea-pavel\/articleAuthor\/uqcCx6q.jpg\" alt><\/a><\/p>\n<h5><a href=\"https:\/\/ziaruldevrancea.ro\/autor\/mircea-pavel\/\">Mircea Pavel<\/a><\/h5>\n<div class=\"grup-spatiere\"><span class=\"cu-spatiere\">30 iul 2026<\/span><span class=\"cu-spatiere\">547 vizualiz\u0103ri<\/span><\/div>\n<\/div>\n<\/div>\n<div class=\"poza-mare\"><a href class=\"openGallery\"><img decoding=\"async\" class=\"img-responsive\" src=\"https:\/\/zdvi.cname.ro\/850_530\/controale-itm-vrancea-pe-santiere-amenzi-de-46.000-de-lei-si-un-caz-de-munca-nedeclarata-descoperit-in-judet\/article\/mediaPool\/uwPwt2m.jpg\" alt=\"Foto:arhiva ZdV.Credit foto:focuspress.ro\"><\/a><\/p>\n<div class=\"caption-poza\">Foto:arhiva ZdV.Credit foto:focuspress.ro<\/div>\n<\/div>\n<p><strong>Inspectorii de munc\u0103 din Vrancea au verificat, \u00een perioada aprilie\u2013iunie 2026, firme din domeniul construc\u021biilor. \u00cen urma controalelor au fost constatate zeci de neconformit\u0103\u021bi, au fost aplicate sanc\u021biuni \u0219i a fost identificat\u0103 o persoan\u0103 care lucra f\u0103r\u0103 forme legale.<\/strong><\/p>\n<p>\u00a0Inspectoratul Teritorial de Munc\u0103 (ITM) Vrancea a \u00eencheiat campania na\u021bional\u0103 de control desf\u0103\u0219urat\u0103 \u00een perioada aprilie\u2013iunie 2026 \u00een domeniul construc\u021biilor, ac\u021biune care a urm\u0103rit verificarea respect\u0103rii legisla\u021biei privind rela\u021biile de munc\u0103 \u0219i securitatea \u0219i s\u0103n\u0103tatea \u00een munc\u0103. Rezultatele controalelor indic\u0103 at\u00e2t aplicarea unor sanc\u021biuni financiare importante, c\u00e2t \u0219i identificarea unui caz de munc\u0103 nedeclarat\u0103.<\/p>\n<p>Potrivit unui comunicat transmis redac\u021biei <strong>Ziarului de Vrancea<\/strong>, inspectorii de munc\u0103 au desf\u0103\u0219urat verific\u0103ri la angajatori care activeaz\u0103 \u00een domeniile construc\u021biilor de cl\u0103diri, lucr\u0103rilor de geniu civil \u0219i lucr\u0103rilor speciale de construc\u021bii.<\/p>\n<p>Obiectivul principal al campaniei a fost identificarea angajatorilor care utilizeaz\u0103 personal f\u0103r\u0103 forme legale de angajare \u0219i determinarea acestora s\u0103 respecte obliga\u021biile prev\u0103zute de legisla\u021bia muncii. Totodat\u0103, ac\u021biunea a urm\u0103rit reducerea fenomenului muncii nedeclarate, eliminarea neconformit\u0103\u021bilor constatate \u0219i cre\u0219terea gradului de con\u0219tientizare privind respectarea drepturilor salaria\u021bilor \u0219i obliga\u021biilor angajatorilor.<\/p>\n<p><strong>19 controale \u0219i sanc\u021biuni de 46.000 de lei<\/strong><\/p>\n<p>\u00cen cadrul campaniei, inspectorii Serviciului Control Rela\u021bii de Munc\u0103 din cadrul ITM Vrancea au efectuat <strong>19 ac\u021biuni de control<\/strong>, \u00een urma c\u0103rora au fost identificate <strong>28 de neconformit\u0103\u021bi<\/strong> fa\u021b\u0103 de prevederile legale.<\/p>\n<p>Pentru abaterile constatate au fost dispuse m\u0103suri obligatorii de intrare \u00een legalitate, cu termene clare de remediere, iar inspectorii au aplicat <strong>patru sanc\u021biuni contraven\u021bionale<\/strong>, valoarea total\u0103 a amenzilor ridic\u00e2ndu-se la <strong>46.000 de lei<\/strong>.<\/p>\n<p><strong>Un caz de munc\u0103 nedeclarat\u0103<\/strong><\/p>\n<p>\u00cen timpul verific\u0103rilor, inspectorii au identificat <strong>o persoan\u0103 care desf\u0103\u0219ura activitate f\u0103r\u0103 forme legale de angajare<\/strong>.<\/p>\n<p>\u00cen acest caz, angajatorului i-a fost impus\u0103 m\u0103sura \u00eentocmirii \u0219i \u00eenregistr\u0103rii contractului individual de munc\u0103, precum \u0219i achitarea contribu\u021biilor aferente raportului de munc\u0103, \u00een conformitate cu prevederile legale.<\/p>\n<p><strong>Cele mai frecvente abateri constatate<\/strong><\/p>\n<p>Conform ITM Vrancea, printre principalele nereguli descoperite \u00een timpul controalelor s-au num\u0103rat:<\/p>\n<ul>\n<li>primirea la munc\u0103 a unei persoane f\u0103r\u0103 transmiterea contractului individual de munc\u0103 \u00een Registrul General de Eviden\u021b\u0103 a Salaria\u021bilor \u00eenainte de \u00eenceperea activit\u0103\u021bii;<\/li>\n<li>ne\u00eenregistrarea \u00een mod real a tuturor orelor lucrate \u00een foile colective de prezen\u021b\u0103;<\/li>\n<li>necompensarea muncii suplimentare prin acordarea de ore libere pl\u0103tite sau prin plata sporului salarial prev\u0103zut de lege.<\/li>\n<\/ul>\n<p>Reprezentan\u021bii institu\u021biei precizeaz\u0103 c\u0103 o mare parte dintre neconformit\u0103\u021bi au fost remediate chiar \u00een timpul controalelor, iar pentru celelalte au fost stabilite termene stricte de conformare. Inspectorii de munc\u0103 vor reveni \u00een perioada urm\u0103toare pentru a verifica dac\u0103 m\u0103surile dispuse au fost puse \u00een aplicare.<\/p>\n<p><strong>Recomand\u0103rile ITM Vrancea pentru angajatori<\/strong><\/p>\n<p>Inspectoratul Teritorial de Munc\u0103 Vrancea reaminte\u0219te angajatorilor obliga\u021bia de a p\u0103stra la locul de munc\u0103 o copie a contractului individual de munc\u0103 pentru fiecare salariat care \u00ee\u0219i desf\u0103\u0219oar\u0103 activitatea \u00een acel loc, precum \u0219i eviden\u021ba zilnic\u0103 a orelor de munc\u0103, cu men\u021bionarea orei de \u00eencepere \u0219i a orei de finalizare a programului de lucru.<\/p>\n<p>Aceste documente trebuie prezentate inspectorilor de munc\u0103 ori de c\u00e2te ori sunt solicitate \u00een cadrul ac\u021biunilor de control.<\/p>\n<p>Campania face parte din programul na\u021bional de ac\u021biuni al Inspec\u021biei Muncii \u0219i are ca scop reducerea muncii nedeclarate \u0219i cre\u0219terea respect\u0103rii legisla\u021biei muncii \u00een unul dintre domeniile economice cu risc ridicat de \u00eenc\u0103lcare a normelor privind rela\u021biile de munc\u0103.<\/p>\n<p><strong>Mircea Pavel\u00a0<\/strong><\/p>\n<p><strong>Citi\u021bi \u00een documentul ata\u0219at \u0219i con\u021binutul integral al comunicatului de pres\u0103 transmmis redac\u021biei cotidianului nostru conducerea\u00a0 de ITM Vrancea \u00een leg\u0103tur\u0103 cu acest articol\u00a0<\/strong><\/p>\n<hr>\n<p> Fisiere atasate<\/p>\n<ul class=\"list-group\">\n<li><a target=\"_blank\" href=\"https:\/\/zdvi.cname.ro\/static\/data\/mediaPool\/uRsCRAI.doc\">text comunicat.doc<\/a><\/li>\n<\/ul>\n<div class=\"bloc-widget widget-rosu\">\n<p>\u00cen lipsa unui acord scris din partea Ziarului de Vrancea, pute\u0163i prelua maxim 500 de caractere din acest articol dac\u0103 preciza\u0163i sursa \u015fi insera\u0163i vizibil link-ul articolului:\u00a0<span>#insertcurrentlinkhere<\/span><\/p>\n<\/div>\n<div class=\"extra-articol listing-anunturi\">\n<h6>Anun\u021buri <span class=\"text-primary\">ZdV<\/span> Premium<\/h6>\n<div class=\"row\">\n<div class=\"col-lg-4 col-md-6 bloc-egal\"><a class=\"card-anunt\" href=\"https:\/\/ziaruldevrancea.ro\/anunturi\/altele\/servicii\/caut-o-persoana-sau-o-familie-pentru-ingrijirea-unei-batrane\"><strong class=\"titlu\">Servicii<\/strong><span class=\"text-anunt\">Caut o persoan\u0103\u00a0sau o familie serioas\u0103&#8230;<\/span><span class=\"data-anunt\">04.08.2026  <\/span><\/a><\/div>\n<div class=\"col-lg-4 col-md-6 bloc-egal\"><a class=\"card-anunt\" href=\"https:\/\/ziaruldevrancea.ro\/anunturi\/imobiliare\/vanzari-ap-2-camere\/vand-apartament-2-camere-in-focsani-anunt-72825\"><strong class=\"titlu\">V\u00e2nz\u0103ri ap 2 camere<\/strong><span class=\"text-anunt\">V\u00e2nd apartament 2 camere, hol p\u0103trat,&#8230;<\/span><span class=\"data-anunt\">04.08.2026  <\/span><\/a><\/div>\n<div class=\"col-lg-4 col-md-6 bloc-egal\"><a class=\"card-anunt\" href=\"https:\/\/ziaruldevrancea.ro\/anunturi\/angajari\/oferte-angajari\/angajam-asistente-medicale\"><strong class=\"titlu\">Oferte<\/strong><span class=\"text-anunt\">Crucea Ro\u0219ie Vrancea angajeaz\u0103 asistente\u00a0&#8230;<\/span><span class=\"data-anunt\">04.08.2026  <\/span><\/a><\/div>\n<\/div>\n<\/div>\n<div class=\"extra-articol alte-articole\">\n<div class=\"row\">\n<div class=\"col-lg-6 bloc-egal\">\n<div class=\"card articol-listing\">\n<h6>\u00cen categoria <a href=\"https:\/\/ziaruldevrancea.ro\/promo\/brand-voice\">Brand voice<\/a><\/h6>\n<div class=\"grup-articol-listing\">\n<div class=\"cont-pils\"><a href=\"https:\/\/ziaruldevrancea.ro\/promo\/brand-voice\/video-agenda-saptamanii-3-9-august-2026-in-vrancea\"><img decoding=\"async\" src=\"https:\/\/zdvi.cname.ro\/180_135\/promo\/brand-voice\/video-agenda-saptamanii-3-9-august-2026-in-vrancea\/mediaPool\/ukNuNqV.jpg\" class=\"img-responsive img-180\" alt><\/a><\/div>\n<h2><a class=\"link-titlu\" href=\"https:\/\/ziaruldevrancea.ro\/promo\/brand-voice\/video-agenda-saptamanii-3-9-august-2026-in-vrancea\">VIDEO | Agenda s\u0103pt\u0103m\u00e2nii 3\u20139 august 2026 \u00een Vrancea<\/a><\/h2>\n<div class=\"date-post\"><a href=\"https:\/\/ziaruldevrancea.ro\/autor\/radu-tomescu\">Radu Tomescu<\/a>,  4 aug 2026  <\/div>\n<\/div>\n<div class=\"grup-articol-listing\">\n<div class=\"cont-pils\"><a href=\"https:\/\/ziaruldevrancea.ro\/promo\/brand-voice\/20-de-tineri-din-vrancea-descopera-europa-cu-trenul-prin-erasmus\"><img decoding=\"async\" src=\"https:\/\/zdvi.cname.ro\/180_135\/promo\/brand-voice\/20-de-tineri-din-vrancea-descopera-europa-cu-trenul-prin-erasmus\/mediaPool\/uVsSv09.jpg\" class=\"img-responsive img-180\" alt><\/a><\/div>\n<h2><a class=\"link-titlu\" href=\"https:\/\/ziaruldevrancea.ro\/promo\/brand-voice\/20-de-tineri-din-vrancea-descopera-europa-cu-trenul-prin-erasmus\">20 de tineri din Vrancea descoper\u0103 Europa cu trenul prin Erasmus+<\/a><\/h2>\n<div class=\"date-post\"><a href=\"https:\/\/ziaruldevrancea.ro\/autor\/maria-bratu\">Maria BRATU<\/a>,  4 aug 2026  <\/div>\n<\/div>\n<div class=\"grup-articol-listing\">\n<div class=\"cont-pils\"><a href=\"https:\/\/ziaruldevrancea.ro\/promo\/brand-voice\/investigatii-complete-pentru-sanatatea-femeii-disponibile-in-vrancea-la-acelasi-medic-specialist\"><img decoding=\"async\" src=\"https:\/\/zdvi.cname.ro\/180_135\/promo\/brand-voice\/investigatii-complete-pentru-sanatatea-femeii-disponibile-in-vrancea-la-acelasi-medic-specialist\/mediaPool\/ui2xC62.PNG\" class=\"img-responsive img-180\" alt><\/a><\/div>\n<h2><a class=\"link-titlu\" href=\"https:\/\/ziaruldevrancea.ro\/promo\/brand-voice\/investigatii-complete-pentru-sanatatea-femeii-disponibile-in-vrancea-la-acelasi-medic-specialist\">Investiga\u021bii complete pentru s\u0103n\u0103tatea femeii, disponibile \u00een Vrancea la acela\u0219i medic specialist<\/a><\/h2>\n<div class=\"date-post\"><a href=\"https:\/\/ziaruldevrancea.ro\/autor\/camelia-marin\">Camelia Marin<\/a>,  4 aug 2026  <\/div>\n<\/div>\n<\/div>\n<\/div>\n<div class=\"col-lg-6 bloc-egal\">\n<div class=\"card articol-listing\">\n<h6>De acela\u0219i <a href=\"https:\/\/ziaruldevrancea.ro\/autor\/mircea-pavel\/\">autor<\/a><\/h6>\n<div class=\"grup-articol-listing\">\n<div class=\"cont-pils\"><a href=\"https:\/\/ziaruldevrancea.ro\/actualitatea\/stiri-locale\/canicula-se-intensifica-in-romania-vrancea-sub-cod-galben-de-caldura\"><img decoding=\"async\" src=\"https:\/\/zdvi.cname.ro\/180_135\/actualitatea\/stiri-locale\/canicula-se-intensifica-in-romania-vrancea-sub-cod-galben-de-caldura\/mediaPool\/uucGrcd.jpg\" class=\"img-responsive img-180\" alt><\/a><\/div>\n<h2><a class=\"link-titlu\" href=\"https:\/\/ziaruldevrancea.ro\/actualitatea\/stiri-locale\/canicula-se-intensifica-in-romania-vrancea-sub-cod-galben-de-caldura\">Canicula se intensific\u0103 \u00een Rom\u00e2nia: Vrancea, sub Cod galben de c\u0103ldur\u0103 <\/a><\/h2>\n<div class=\"date-post\"><a href=\"https:\/\/ziaruldevrancea.ro\/autor\/mircea-pavel\">Mircea Pavel<\/a>,  2 aug 2026  <\/div>\n<\/div>\n<div class=\"grup-articol-listing\">\n<div class=\"cont-pils\"><a href=\"https:\/\/ziaruldevrancea.ro\/special\/politica\/prefectul-vrancei-liviu-macovei-despre-reorganizarea-teatrului-maior-gheorghe-pastia-institutia-prefectului-va-analiza-hotararea-exclusiv-in-limitele-legii\"><img decoding=\"async\" src=\"https:\/\/zdvi.cname.ro\/180_135\/special\/politica\/prefectul-vrancei-liviu-macovei-despre-reorganizarea-teatrului-maior-gheorghe-pastia-institutia-prefectului-va-analiza-hotararea-exclusiv-in-limitele-legii\/mediaPool\/uN8hOaH.jpg\" class=\"img-responsive img-180\" alt><\/a><\/div>\n<h2><a class=\"link-titlu\" href=\"https:\/\/ziaruldevrancea.ro\/special\/politica\/prefectul-vrancei-liviu-macovei-despre-reorganizarea-teatrului-maior-gheorghe-pastia-institutia-prefectului-va-analiza-hotararea-exclusiv-in-limitele-legii\">Prefectul Vrancei, Liviu Macovei, despre reorganizarea Teatrului \u201eMaior Gheorghe Pastia\u201d: \u201eInstitu\u021bia Prefectului va analiza hot\u0103r\u00e2rea exclusiv \u00een limitele legii\u201d<\/a><\/h2>\n<div class=\"date-post\"><a href=\"https:\/\/ziaruldevrancea.ro\/autor\/mircea-pavel\">Mircea Pavel<\/a>,  2 aug 2026  <\/div>\n<\/div>\n<div class=\"grup-articol-listing\">\n<div class=\"cont-pils\"><a href=\"https:\/\/ziaruldevrancea.ro\/actualitatea\/stiri-locale\/nunta-de-amploare-de-la-homocea-a-intrat-si-in-atentia-presei-nationale\"><img decoding=\"async\" src=\"https:\/\/zdvi.cname.ro\/180_135\/actualitatea\/stiri-locale\/nunta-de-amploare-de-la-homocea-a-intrat-si-in-atentia-presei-nationale\/mediaPool\/u470lZ0.jpg\" class=\"img-responsive img-180\" alt><\/a><\/div>\n<h2><a class=\"link-titlu\" href=\"https:\/\/ziaruldevrancea.ro\/actualitatea\/stiri-locale\/nunta-de-amploare-de-la-homocea-a-intrat-si-in-atentia-presei-nationale\">Nunta de amploare de la Homocea a intrat \u0219i \u00een aten\u021bia presei na\u021bionale<\/a><\/h2>\n<div class=\"date-post\"><a href=\"https:\/\/ziaruldevrancea.ro\/autor\/mircea-pavel\">Mircea Pavel<\/a>,  2 aug 2026  <\/div>\n<\/div>\n<\/div>\n<\/div>\n<\/div>\n<\/div>\n<div class=\"extra-articol listing-anunturi\">\n<h6>Anun\u021buri <span class=\"text-primary\">ZdV<\/span> Premium<\/h6>\n<div class=\"row\">\n<div class=\"col-lg-4 col-md-6 bloc-egal\"><a class=\"card-anunt\" href=\"https:\/\/ziaruldevrancea.ro\/anunturi\/inchirieri\/locuinte-oferte\/Inchiriez-camera-anunt-72823\"><strong class=\"titlu\">Locuin\u021be oferte<\/strong><span class=\"text-anunt\">\u00cenchiriez camer\u0103 la apartament. Rog&#8230;<\/span><span class=\"data-anunt\">03.08.2026  <\/span><\/a><\/div>\n<div class=\"col-lg-4 col-md-6 bloc-egal\"><a class=\"card-anunt\" href=\"https:\/\/ziaruldevrancea.ro\/anunturi\/imobiliare\/vanzari-terenuri\/vand-teren-in-panciu\"><strong class=\"titlu\">V\u00e2nz\u0103ri terenuri<\/strong><span class=\"text-anunt\">Teren Panciu 1170 mp, cu num\u0103r cas\u0103, ap\u0103&#8230;<\/span><span class=\"data-anunt\">29.07.2026  <\/span><\/a><\/div>\n<div class=\"col-lg-4 col-md-6 bloc-egal\"><a class=\"card-anunt\" href=\"https:\/\/ziaruldevrancea.ro\/anunturi\/altele\/anulare-acte\/vand-scrumbii-afumate-capturi-dunare\"><strong class=\"titlu\">Vanzari diverse<\/strong><span class=\"text-anunt\">Pret : 117 lei \/ kg . \u00a0 Este&#8230;<\/span><span class=\"data-anunt\">29.07.2026 , Gala\u021bi , Gala\u021bi<\/span><\/a><\/div>\n<\/div>\n<\/div>\n<div class=\"bloc-widget widget-albastru\">\n    Ziarul de Vrancea \u00a0nu este responsabil juridic pentru con\u0163inutul textelor din comentariile de mai jos. Responsabilitatea pentru mesajele dumneavoastra v\u0103 revine \u00een exclusivitate.\n<\/div>\n<div class=\"comentarii-articol\" id=\"comentarii\">\n<h3>Comentarii: <span class=\"text-primary\">0<\/span><\/h3>\n<p><a href=\"https:\/\/ziaruldevrancea.ro\/promo\/brand-voice\/controale-itm-vrancea-pe-santiere-amenzi-de-46.000-de-lei-si-un-caz-de-munca-nedeclarata-descoperit-in-judet\" class=\"btn btn-success btn-adauga-com\" data-toggle=\"modal\" data-parent=\"0\" data-target=\"#commentModal\">Adaug\u0103 comentariu<\/a><\/p>\n<div class=\"loadMask comments-mask\"><img decoding=\"async\" src=\"https:\/\/zdvs.cname.ro\/images\/loader_40.gif\"><\/div>\n<div class=\"comenteaza-jos\">Trebuie s\u0103 fii <a href=\"https:\/\/ziaruldevrancea.ro\/account\">autentificat<\/a> pentru a putea <a href=\"https:\/\/ziaruldevrancea.ro\/promo\/brand-voice\/controale-itm-vrancea-pe-santiere-amenzi-de-46.000-de-lei-si-un-caz-de-munca-nedeclarata-descoperit-in-judet\" class data-toggle=\"modal\" data-parent=\"0\" data-target=\"#commentModal\">posta un comentariu<\/a>.<\/div>\n<\/div>\n<div class=\"modal fade\" id=\"commentModal\" role=\"dialog\" aria-labelledby=\"commentModalLabel\">\n<div class=\"modal-dialog modal-lg\" role=\"document\">\n<div class=\"modal-content\">\n<div class=\"modal-header\">\n<h3 class=\"modal-title\" id=\"commentModalLabel\">Comenteaz\u0103<\/h3>\n<\/div>\n<div class=\"modal-body\">\n<div class=\"tabel tabel-full\">\n<div class=\"celula\">\n              Trebuie s\u0103 fii <a href=\"https:\/\/ziaruldevrancea.ro\/account\">autentificat<\/a> pentru a putea posta un comentariu.\n            <\/div>\n<\/div>\n<\/div>\n<div class=\"modal-footer\">\n<div id=\"commentPending\" class=\"formPending pull-left\"><img decoding=\"async\" src=\"https:\/\/zdvs.cname.ro\/images\/loader_40.gif\"> In curs de procesare&#8230;<\/div>\n<p><a href=\"https:\/\/ziaruldevrancea.ro\/promo\/brand-voice\/controale-itm-vrancea-pe-santiere-amenzi-de-46.000-de-lei-si-un-caz-de-munca-nedeclarata-descoperit-in-judet\" class=\"btn btn-default\" data-dismiss=\"modal\">Anuleaz\u0103<\/a><\/div>\n<\/div>\n<\/div>\n<\/div>\n<div class=\"modal fade\" id=\"commentReportModal\" role=\"dialog\" aria-labelledby=\"commentReportModalLabel\">\n<div class=\"modal-dialog modal-lg\" role=\"document\">\n<div class=\"modal-content\">\n<div class=\"modal-header\">\n<h3 class=\"modal-title\" id=\"commentReportModalLabel\">Raporteaza comentariu<\/h3>\n<\/div>\n<div class=\"modal-body\">\n<div class=\"tabel tabel-full\">\n<div class=\"celula\">\n              Trebuie s\u0103 fii <a href=\"https:\/\/ziaruldevrancea.ro\/account\">autentificat<\/a> pentru a putea raporta un comentariu.\n            <\/div>\n<\/div>\n<\/div>\n<div class=\"modal-footer\">\n<div id=\"commentReportPending\" class=\"formPending pull-left\"><img decoding=\"async\" src=\"https:\/\/zdvs.cname.ro\/images\/loader_40.gif\"> In curs de procesare&#8230;<\/div>\n<p><a href=\"https:\/\/ziaruldevrancea.ro\/promo\/brand-voice\/controale-itm-vrancea-pe-santiere-amenzi-de-46.000-de-lei-si-un-caz-de-munca-nedeclarata-descoperit-in-judet\" class=\"btn btn-default\" data-dismiss=\"modal\">Anuleaz\u0103<\/a><\/div>\n<\/div>\n<\/div>\n<\/div>\n<div class=\"modal fade\" id=\"commentLikeModal\" role=\"dialog\" aria-labelledby=\"commentLikeModalLabel\">\n<div class=\"modal-dialog modal-lg\" role=\"document\">\n<div class=\"modal-content\">\n<div class=\"modal-header\">\n<h3 class=\"modal-title\" id=\"commentReportModalLabel\">Apreciaza comentariu<\/h3>\n<\/div>\n<div class=\"modal-body\">\n<div class=\"tabel tabel-full\">\n<div class=\"celula\">\n            Trebuie s\u0103 fii <a href=\"https:\/\/ziaruldevrancea.ro\/account\">autentificat<\/a> pentru a putea aprecia un comentariu.\n          <\/div>\n<\/div>\n<\/div>\n<div class=\"modal-footer\"><a href=\"https:\/\/ziaruldevrancea.ro\/promo\/brand-voice\/controale-itm-vrancea-pe-santiere-amenzi-de-46.000-de-lei-si-un-caz-de-munca-nedeclarata-descoperit-in-judet\" class=\"btn btn-default\" data-dismiss=\"modal\">Anuleaz\u0103<\/a><\/div>\n<\/div>\n<\/div>\n<\/div>\n<div class=\"bloc-widget widget-rosu\"><span><small>Ziarul de Vrancea doreste ca acest site sa fie un spatiu al discutiilor civilizate, al comentariilor de bun simt. Din acest motiv, cei care posteaza comentarii la articole trebuie sa respecte urmatoarele reguli:<br \/>\n1. Sa se refere doar la articolul la care posteaza comentarii.<br \/>\n2. Sa foloseasca un limbaj civilizat, fara injurii, calomnii, comentarii antisemite, xenofobe sau rasiste.<br \/>\n3. Sunt interzise atacurile la adresa autorilor, daca acestea nu au legatura cu textul.<br \/>\n4. Username-ul sa nu fie nume de personalitati ale vietii publice sau parodieri ale acestora.<br \/>\nAutorul unui articol poate fi criticat pentru eventuale greseli, incoerenta, lipsa de documentare etc.<br \/>\nNerespectarea regulilor mentionate mai sus va duce la stergerea comentariilor, fara avertisment si fara explicatii.<br \/>\nAbaterile repetate vor avea drept consecinta interdictia accesului la aceasta facilitate a site-ului.<\/small><\/span><\/div>\n<\/div>\n<p>[analyse_source url=&#8221;https:\/\/ziaruldevrancea.ro\/promo\/brand-voice\/controale-itm-vrancea-pe-santiere-amenzi-de-46.000-de-lei-si-un-caz-de-munca-nedeclarata-descoperit-in-judet&#8221;]<\/p>\n","protected":false},"excerpt":{"rendered":"<p>[analyse_image type=&#8221;featured&#8221; src=&#8221;https:\/\/zdvi.cname.ro\/_\/controale-itm-vrancea-pe-santiere-amenzi-de-46.000-de-lei-si-un-caz-de-munca-nedeclarata-descoperit-in-judet\/mediaPool\/uwPwt2m.jpg&#8221;] Brand voice Controale ITM Vrancea pe \u0219antiere: amenzi de 46.000 de lei \u0219i un caz de munc\u0103 nedeclarat\u0103 descoperit \u00een jude\u021b Distribuie: \u00a0 | Mircea Pavel 30 iul 2026547 vizualiz\u0103ri Foto:arhiva ZdV.Credit foto:focuspress.ro Inspectorii de munc\u0103 din Vrancea au verificat, \u00een perioada aprilie\u2013iunie 2026, firme din domeniul construc\u021biilor. \u00cen urma controalelor au [&hellip;]<\/p>\n","protected":false},"author":1,"featured_media":0,"comment_status":"open","ping_status":"","sticky":false,"template":"","format":"standard","meta":{"footnotes":""},"categories":[89],"tags":[226,208],"class_list":["post-2076733","post","type-post","status-publish","format-standard","hentry","category-romania","tag-crawlmanager","tag-ziaruldevrancea-ro"],"_links":{"self":[{"href":"https:\/\/analyse.optim.biz\/index.php?rest_route=\/wp\/v2\/posts\/2076733","targetHints":{"allow":["GET"]}}],"collection":[{"href":"https:\/\/analyse.optim.biz\/index.php?rest_route=\/wp\/v2\/posts"}],"about":[{"href":"https:\/\/analyse.optim.biz\/index.php?rest_route=\/wp\/v2\/types\/post"}],"author":[{"embeddable":true,"href":"https:\/\/analyse.optim.biz\/index.php?rest_route=\/wp\/v2\/users\/1"}],"replies":[{"embeddable":true,"href":"https:\/\/analyse.optim.biz\/index.php?rest_route=%2Fwp%2Fv2%2Fcomments&post=2076733"}],"version-history":[{"count":0,"href":"https:\/\/analyse.optim.biz\/index.php?rest_route=\/wp\/v2\/posts\/2076733\/revisions"}],"wp:attachment":[{"href":"https:\/\/analyse.optim.biz\/index.php?rest_route=%2Fwp%2Fv2%2Fmedia&parent=2076733"}],"wp:term":[{"taxonomy":"category","embeddable":true,"href":"https:\/\/analyse.optim.biz\/index.php?rest_route=%2Fwp%2Fv2%2Fcategories&post=2076733"},{"taxonomy":"post_tag","embeddable":true,"href":"https:\/\/analyse.optim.biz\/index.php?rest_route=%2Fwp%2Fv2%2Ftags&post=2076733"}],"curies":[{"name":"wp","href":"https:\/\/api.w.org\/{rel}","templated":true}]}}